
{"id":21506,"date":"2013-04-01T01:05:33","date_gmt":"2013-04-01T04:05:33","guid":{"rendered":"http:\/\/www.oarcanjo.net\/site\/?p=21506"},"modified":"2013-04-29T15:20:28","modified_gmt":"2013-04-29T18:20:28","slug":"domingo-de-pascoa-e-batizados-de-marco-de-2013","status":"publish","type":"post","link":"https:\/\/www.oarcanjo.net\/site\/domingo-de-pascoa-e-batizados-de-marco-de-2013\/","title":{"rendered":"Domingo de P\u00e1scoa e batizados de mar\u00e7o de 2013"},"content":{"rendered":"<p>Domingo de P\u00e1scoa. \u00a0\u201c<em>Como diz o salmo 117(118), este \u00e9 o dia que o Senhor fez para n\u00f3s; alegremo-nos, pois, e nele exultemos. A vida venceu a mor\u00adte! O Cristo ressuscitou! Celebre\u00admos, ent\u00e3o, o Domingo da P\u00e1scoa como a Eucaristia mais jubilosa da liturgia crist\u00e3\u201d (O Povo de Deus). <\/em>Nessa celebra\u00e7\u00e3o das 10h, foram batizados na Capela S\u00e3o Judas Tadeu 19 crian\u00e7as e, na Igreja S\u00e3o Miguel Arcanjo, \u00e0s 18h \u00a0mais uma, a Gabriella Scarparo Norini Estevam.<\/p>\n<p>Assim, registramos aqui\u00a0 os nomes das 19 crian\u00e7as a saber: Alice Mour\u00e3o Huan, Carolina Marchetti, Cau\u00ea Maiellaro de Almeida, Felipe Concei\u00e7\u00e3o Leite, Felipe Lopes Sanmtos Del\u00a0 Debbio, Gabriel Geraldo da Silva, Giovana Lemos Martins, Guilherme Mota Rodrigues, Henry Ryuki\u00a0 Matsunae Zago, Isabella Yymi Nakasone Paschoal, Ivy Garcia Rosselli, Jo\u00e3o Vitor Pereira Marinho, Julia Nogueira Cirillo, Let\u00edcia Ayumi Nakasone Leme, Luca Pierette Carvalho, Marcelo Branco de Almeida, Miguel Akira Godoy Watanabe, Rafaella Machado Marini Vieira e Sofia da Silva Castelhano.<\/p>\n<p>As leituras desse domingo t\u00e3o especial, primeiro nos colocam com a narrativa dos Atos dos Ap\u00f3stolos e nos colocam diante da caminhada de Jesus. No Evangelho, a certeza da ressurrei\u00e7\u00e3o de Cristo, tendo as mulheres visto o sepulcro vazio.<\/p>\n<p>Vejam as fotos do Batizado ngg_shortcode_0_placeholder<\/p>\n<div id=\"themify_builder_content-21506\" data-postid=\"21506\" class=\"themify_builder_content themify_builder_content-21506 themify_builder themify_builder_front\">\n\t<\/div>\n<!-- \/themify_builder_content -->","protected":false},"excerpt":{"rendered":"<p>Domingo de P\u00e1scoa. \u00a0\u201cComo diz o salmo 117(118), este \u00e9 o dia que o Senhor fez para n\u00f3s; alegremo-nos, pois, e nele exultemos. A vida venceu a mor\u00adte! O Cristo ressuscitou! Celebre\u00admos, ent\u00e3o, o Domingo da P\u00e1scoa como a Eucaristia mais jubilosa da liturgia crist\u00e3\u201d (O Povo de Deus). Nessa celebra\u00e7\u00e3o das 10h, foram batizados [&hellip;]<\/p>\n","protected":false},"author":10,"featured_media":0,"comment_status":"open","ping_status":"open","sticky":false,"template":"","format":"standard","meta":{"ngg_post_thumbnail":0,"footnotes":""},"categories":[8,7],"tags":[],"yoast_head":"<!-- This site is optimized with the Yoast SEO plugin v23.5 - https:\/\/yoast.com\/wordpress\/plugins\/seo\/ -->\n<title>Domingo de P\u00e1scoa e batizados de mar\u00e7o de 2013 - O Arcanjo no ar<\/title>\n<meta name=\"robots\" content=\"index, follow, max-snippet:-1, max-image-preview:large, max-video-preview:-1\" \/>\n<link rel=\"canonical\" href=\"https:\/\/www.oarcanjo.net\/site\/domingo-de-pascoa-e-batizados-de-marco-de-2013\/\" \/>\n<meta property=\"og:locale\" content=\"pt_BR\" \/>\n<meta property=\"og:type\" content=\"article\" \/>\n<meta property=\"og:title\" content=\"Domingo de P\u00e1scoa e batizados de mar\u00e7o de 2013 - O Arcanjo no ar\" \/>\n<meta property=\"og:description\" content=\"Domingo de P\u00e1scoa. \u00a0\u201cComo diz o salmo 117(118), este \u00e9 o dia que o Senhor fez para n\u00f3s; alegremo-nos, pois, e nele exultemos. A vida venceu a mor\u00adte! O Cristo ressuscitou! Celebre\u00admos, ent\u00e3o, o Domingo da P\u00e1scoa como a Eucaristia mais jubilosa da liturgia crist\u00e3\u201d (O Povo de Deus). Nessa celebra\u00e7\u00e3o das 10h, foram batizados [&hellip;]\" \/>\n<meta property=\"og:url\" content=\"https:\/\/www.oarcanjo.net\/site\/domingo-de-pascoa-e-batizados-de-marco-de-2013\/\" \/>\n<meta property=\"og:site_name\" content=\"O Arcanjo no ar\" \/>\n<meta property=\"article:publisher\" content=\"https:\/\/www.facebook.com\/OArcanjoNoAr\/\" \/>\n<meta property=\"article:published_time\" content=\"2013-04-01T04:05:33+00:00\" \/>\n<meta property=\"article:modified_time\" content=\"2013-04-29T18:20:28+00:00\" \/>\n<meta property=\"og:image\" content=\"https:\/\/www.oarcanjo.net\/site\/wp-content\/uploads\/logo-o-arcanjo-no-ar-facebook.png\" \/>\n\t<meta property=\"og:image:width\" content=\"300\" \/>\n\t<meta property=\"og:image:height\" content=\"300\" \/>\n\t<meta property=\"og:image:type\" content=\"image\/png\" \/>\n<meta name=\"author\" content=\"carlos\" \/>\n<meta name=\"twitter:card\" content=\"summary_large_image\" \/>\n<meta name=\"twitter:label1\" content=\"Escrito por\" \/>\n\t<meta name=\"twitter:data1\" content=\"carlos\" \/>\n\t<meta name=\"twitter:label2\" content=\"Est. tempo de leitura\" \/>\n\t<meta name=\"twitter:data2\" content=\"1 minuto\" \/>\n<script type=\"application\/ld+json\" class=\"yoast-schema-graph\">{\"@context\":\"https:\/\/schema.org\",\"@graph\":[{\"@type\":\"Article\",\"@id\":\"https:\/\/www.oarcanjo.net\/site\/domingo-de-pascoa-e-batizados-de-marco-de-2013\/#article\",\"isPartOf\":{\"@id\":\"https:\/\/www.oarcanjo.net\/site\/domingo-de-pascoa-e-batizados-de-marco-de-2013\/\"},\"author\":{\"name\":\"carlos\",\"@id\":\"https:\/\/www.oarcanjo.net\/site\/#\/schema\/person\/f7870e710d8c8c30673de3a0ac2e451d\"},\"headline\":\"Domingo de P\u00e1scoa e batizados de mar\u00e7o de 2013\",\"datePublished\":\"2013-04-01T04:05:33+00:00\",\"dateModified\":\"2013-04-29T18:20:28+00:00\",\"mainEntityOfPage\":{\"@id\":\"https:\/\/www.oarcanjo.net\/site\/domingo-de-pascoa-e-batizados-de-marco-de-2013\/\"},\"wordCount\":226,\"commentCount\":2,\"publisher\":{\"@id\":\"https:\/\/www.oarcanjo.net\/site\/#organization\"},\"articleSection\":[\"Not\u00edcias\",\"Rosto da comunidade\"],\"inLanguage\":\"pt-BR\",\"potentialAction\":[{\"@type\":\"CommentAction\",\"name\":\"Comment\",\"target\":[\"https:\/\/www.oarcanjo.net\/site\/domingo-de-pascoa-e-batizados-de-marco-de-2013\/#respond\"]}]},{\"@type\":\"WebPage\",\"@id\":\"https:\/\/www.oarcanjo.net\/site\/domingo-de-pascoa-e-batizados-de-marco-de-2013\/\",\"url\":\"https:\/\/www.oarcanjo.net\/site\/domingo-de-pascoa-e-batizados-de-marco-de-2013\/\",\"name\":\"Domingo de P\u00e1scoa e batizados de mar\u00e7o de 2013 - O Arcanjo no ar\",\"isPartOf\":{\"@id\":\"https:\/\/www.oarcanjo.net\/site\/#website\"},\"datePublished\":\"2013-04-01T04:05:33+00:00\",\"dateModified\":\"2013-04-29T18:20:28+00:00\",\"breadcrumb\":{\"@id\":\"https:\/\/www.oarcanjo.net\/site\/domingo-de-pascoa-e-batizados-de-marco-de-2013\/#breadcrumb\"},\"inLanguage\":\"pt-BR\",\"potentialAction\":[{\"@type\":\"ReadAction\",\"target\":[\"https:\/\/www.oarcanjo.net\/site\/domingo-de-pascoa-e-batizados-de-marco-de-2013\/\"]}]},{\"@type\":\"BreadcrumbList\",\"@id\":\"https:\/\/www.oarcanjo.net\/site\/domingo-de-pascoa-e-batizados-de-marco-de-2013\/#breadcrumb\",\"itemListElement\":[{\"@type\":\"ListItem\",\"position\":1,\"name\":\"In\u00edcio\",\"item\":\"https:\/\/www.oarcanjo.net\/site\/\"},{\"@type\":\"ListItem\",\"position\":2,\"name\":\"Domingo de P\u00e1scoa e batizados de mar\u00e7o de 2013\"}]},{\"@type\":\"WebSite\",\"@id\":\"https:\/\/www.oarcanjo.net\/site\/#website\",\"url\":\"https:\/\/www.oarcanjo.net\/site\/\",\"name\":\"O Arcanjo no ar\",\"description\":\"Site da Par\u00f3quia S\u00e3o Miguel Arcanjo (Arquidiocese de SP)\",\"publisher\":{\"@id\":\"https:\/\/www.oarcanjo.net\/site\/#organization\"},\"potentialAction\":[{\"@type\":\"SearchAction\",\"target\":{\"@type\":\"EntryPoint\",\"urlTemplate\":\"https:\/\/www.oarcanjo.net\/site\/?s={search_term_string}\"},\"query-input\":{\"@type\":\"PropertyValueSpecification\",\"valueRequired\":true,\"valueName\":\"search_term_string\"}}],\"inLanguage\":\"pt-BR\"},{\"@type\":\"Organization\",\"@id\":\"https:\/\/www.oarcanjo.net\/site\/#organization\",\"name\":\"Par\u00f3quia S\u00e3o Miguel Arcanjo\",\"url\":\"https:\/\/www.oarcanjo.net\/site\/\",\"logo\":{\"@type\":\"ImageObject\",\"inLanguage\":\"pt-BR\",\"@id\":\"https:\/\/www.oarcanjo.net\/site\/#\/schema\/logo\/image\/\",\"url\":\"https:\/\/www.oarcanjo.net\/site\/wp-content\/uploads\/LogoOArcanjo.png\",\"contentUrl\":\"https:\/\/www.oarcanjo.net\/site\/wp-content\/uploads\/LogoOArcanjo.png\",\"width\":319,\"height\":99,\"caption\":\"Par\u00f3quia S\u00e3o Miguel Arcanjo\"},\"image\":{\"@id\":\"https:\/\/www.oarcanjo.net\/site\/#\/schema\/logo\/image\/\"},\"sameAs\":[\"https:\/\/www.facebook.com\/OArcanjoNoAr\/\"]},{\"@type\":\"Person\",\"@id\":\"https:\/\/www.oarcanjo.net\/site\/#\/schema\/person\/f7870e710d8c8c30673de3a0ac2e451d\",\"name\":\"carlos\"}]}<\/script>\n<!-- \/ Yoast SEO plugin. -->","yoast_head_json":{"title":"Domingo de P\u00e1scoa e batizados de mar\u00e7o de 2013 - O Arcanjo no ar","robots":{"index":"index","follow":"follow","max-snippet":"max-snippet:-1","max-image-preview":"max-image-preview:large","max-video-preview":"max-video-preview:-1"},"canonical":"https:\/\/www.oarcanjo.net\/site\/domingo-de-pascoa-e-batizados-de-marco-de-2013\/","og_locale":"pt_BR","og_type":"article","og_title":"Domingo de P\u00e1scoa e batizados de mar\u00e7o de 2013 - O Arcanjo no ar","og_description":"Domingo de P\u00e1scoa. \u00a0\u201cComo diz o salmo 117(118), este \u00e9 o dia que o Senhor fez para n\u00f3s; alegremo-nos, pois, e nele exultemos. A vida venceu a mor\u00adte! O Cristo ressuscitou! Celebre\u00admos, ent\u00e3o, o Domingo da P\u00e1scoa como a Eucaristia mais jubilosa da liturgia crist\u00e3\u201d (O Povo de Deus). Nessa celebra\u00e7\u00e3o das 10h, foram batizados [&hellip;]","og_url":"https:\/\/www.oarcanjo.net\/site\/domingo-de-pascoa-e-batizados-de-marco-de-2013\/","og_site_name":"O Arcanjo no ar","article_publisher":"https:\/\/www.facebook.com\/OArcanjoNoAr\/","article_published_time":"2013-04-01T04:05:33+00:00","article_modified_time":"2013-04-29T18:20:28+00:00","og_image":[{"width":300,"height":300,"url":"https:\/\/www.oarcanjo.net\/site\/wp-content\/uploads\/logo-o-arcanjo-no-ar-facebook.png","type":"image\/png"}],"author":"carlos","twitter_card":"summary_large_image","twitter_misc":{"Escrito por":"carlos","Est. tempo de leitura":"1 minuto"},"schema":{"@context":"https:\/\/schema.org","@graph":[{"@type":"Article","@id":"https:\/\/www.oarcanjo.net\/site\/domingo-de-pascoa-e-batizados-de-marco-de-2013\/#article","isPartOf":{"@id":"https:\/\/www.oarcanjo.net\/site\/domingo-de-pascoa-e-batizados-de-marco-de-2013\/"},"author":{"name":"carlos","@id":"https:\/\/www.oarcanjo.net\/site\/#\/schema\/person\/f7870e710d8c8c30673de3a0ac2e451d"},"headline":"Domingo de P\u00e1scoa e batizados de mar\u00e7o de 2013","datePublished":"2013-04-01T04:05:33+00:00","dateModified":"2013-04-29T18:20:28+00:00","mainEntityOfPage":{"@id":"https:\/\/www.oarcanjo.net\/site\/domingo-de-pascoa-e-batizados-de-marco-de-2013\/"},"wordCount":226,"commentCount":2,"publisher":{"@id":"https:\/\/www.oarcanjo.net\/site\/#organization"},"articleSection":["Not\u00edcias","Rosto da comunidade"],"inLanguage":"pt-BR","potentialAction":[{"@type":"CommentAction","name":"Comment","target":["https:\/\/www.oarcanjo.net\/site\/domingo-de-pascoa-e-batizados-de-marco-de-2013\/#respond"]}]},{"@type":"WebPage","@id":"https:\/\/www.oarcanjo.net\/site\/domingo-de-pascoa-e-batizados-de-marco-de-2013\/","url":"https:\/\/www.oarcanjo.net\/site\/domingo-de-pascoa-e-batizados-de-marco-de-2013\/","name":"Domingo de P\u00e1scoa e batizados de mar\u00e7o de 2013 - O Arcanjo no ar","isPartOf":{"@id":"https:\/\/www.oarcanjo.net\/site\/#website"},"datePublished":"2013-04-01T04:05:33+00:00","dateModified":"2013-04-29T18:20:28+00:00","breadcrumb":{"@id":"https:\/\/www.oarcanjo.net\/site\/domingo-de-pascoa-e-batizados-de-marco-de-2013\/#breadcrumb"},"inLanguage":"pt-BR","potentialAction":[{"@type":"ReadAction","target":["https:\/\/www.oarcanjo.net\/site\/domingo-de-pascoa-e-batizados-de-marco-de-2013\/"]}]},{"@type":"BreadcrumbList","@id":"https:\/\/www.oarcanjo.net\/site\/domingo-de-pascoa-e-batizados-de-marco-de-2013\/#breadcrumb","itemListElement":[{"@type":"ListItem","position":1,"name":"In\u00edcio","item":"https:\/\/www.oarcanjo.net\/site\/"},{"@type":"ListItem","position":2,"name":"Domingo de P\u00e1scoa e batizados de mar\u00e7o de 2013"}]},{"@type":"WebSite","@id":"https:\/\/www.oarcanjo.net\/site\/#website","url":"https:\/\/www.oarcanjo.net\/site\/","name":"O Arcanjo no ar","description":"Site da Par\u00f3quia S\u00e3o Miguel Arcanjo (Arquidiocese de SP)","publisher":{"@id":"https:\/\/www.oarcanjo.net\/site\/#organization"},"potentialAction":[{"@type":"SearchAction","target":{"@type":"EntryPoint","urlTemplate":"https:\/\/www.oarcanjo.net\/site\/?s={search_term_string}"},"query-input":{"@type":"PropertyValueSpecification","valueRequired":true,"valueName":"search_term_string"}}],"inLanguage":"pt-BR"},{"@type":"Organization","@id":"https:\/\/www.oarcanjo.net\/site\/#organization","name":"Par\u00f3quia S\u00e3o Miguel Arcanjo","url":"https:\/\/www.oarcanjo.net\/site\/","logo":{"@type":"ImageObject","inLanguage":"pt-BR","@id":"https:\/\/www.oarcanjo.net\/site\/#\/schema\/logo\/image\/","url":"https:\/\/www.oarcanjo.net\/site\/wp-content\/uploads\/LogoOArcanjo.png","contentUrl":"https:\/\/www.oarcanjo.net\/site\/wp-content\/uploads\/LogoOArcanjo.png","width":319,"height":99,"caption":"Par\u00f3quia S\u00e3o Miguel Arcanjo"},"image":{"@id":"https:\/\/www.oarcanjo.net\/site\/#\/schema\/logo\/image\/"},"sameAs":["https:\/\/www.facebook.com\/OArcanjoNoAr\/"]},{"@type":"Person","@id":"https:\/\/www.oarcanjo.net\/site\/#\/schema\/person\/f7870e710d8c8c30673de3a0ac2e451d","name":"carlos"}]}},"publishpress_future_action":{"enabled":false,"date":"2026-05-07 13:04:00","action":"category","newStatus":"draft","terms":[],"taxonomy":"category"},"publishpress_future_workflow_manual_trigger":{"enabledWorkflows":[]},"_links":{"self":[{"href":"https:\/\/www.oarcanjo.net\/site\/wp-json\/wp\/v2\/posts\/21506"}],"collection":[{"href":"https:\/\/www.oarcanjo.net\/site\/wp-json\/wp\/v2\/posts"}],"about":[{"href":"https:\/\/www.oarcanjo.net\/site\/wp-json\/wp\/v2\/types\/post"}],"author":[{"embeddable":true,"href":"https:\/\/www.oarcanjo.net\/site\/wp-json\/wp\/v2\/users\/10"}],"replies":[{"embeddable":true,"href":"https:\/\/www.oarcanjo.net\/site\/wp-json\/wp\/v2\/comments?post=21506"}],"version-history":[{"count":0,"href":"https:\/\/www.oarcanjo.net\/site\/wp-json\/wp\/v2\/posts\/21506\/revisions"}],"wp:attachment":[{"href":"https:\/\/www.oarcanjo.net\/site\/wp-json\/wp\/v2\/media?parent=21506"}],"wp:term":[{"taxonomy":"category","embeddable":true,"href":"https:\/\/www.oarcanjo.net\/site\/wp-json\/wp\/v2\/categories?post=21506"},{"taxonomy":"post_tag","embeddable":true,"href":"https:\/\/www.oarcanjo.net\/site\/wp-json\/wp\/v2\/tags?post=21506"}],"curies":[{"name":"wp","href":"https:\/\/api.w.org\/{rel}","templated":true}]}}