
{"id":21554,"date":"2013-04-14T13:22:27","date_gmt":"2013-04-14T16:22:27","guid":{"rendered":"http:\/\/www.oarcanjo.net\/site\/?p=21554"},"modified":"2013-04-14T13:24:29","modified_gmt":"2013-04-14T16:24:29","slug":"jornada-mundial-da-juventude-reuniao-setorial","status":"publish","type":"post","link":"https:\/\/www.oarcanjo.net\/site\/jornada-mundial-da-juventude-reuniao-setorial\/","title":{"rendered":"Jornada Mundial da Juventude Reuni\u00e3o Setorial"},"content":{"rendered":"<p style=\"text-align: justify;\"><span style=\"font-family: Calibri; font-size: small;\">Na Reuni\u00e3o do Setor, ocorrida no dia 09\/04\/13, na Par\u00f3quia S\u00e3o Miguel Arcanjo, que re\u00fane tamb\u00e9m as Par\u00f3quias S\u00e3o Paulo Ap\u00f3stolo, Nossa Senhora do Bom Conselho, Nossa Senhora de Lourdes, S\u00e3o Rafael, Santa Rita, S\u00e3o Jo\u00e3o Batista, S\u00e3o Jos\u00e9 do Bel\u00e9m e S\u00e3o Carlos Borromeu, o tema central foi a Jornada Mundial da Juventude. <\/span><\/p>\n<p style=\"text-align: justify;\"><span style=\"font-family: Calibri; font-size: small;\">Luciano e a Kamila da Coordena\u00e7\u00e3o de Juventude da Arquidiocese de S\u00e3o Paulo vieram para esclarecer as d\u00favidas que as Par\u00f3quias do setor tivessem sobre a Jornada Mundial da Juventude e, especialmente, a Semana Mission\u00e1ria, que ocorrer\u00e1 em S\u00e3o Paulo, com a vinda de jovens de v\u00e1rias partes do Mundo.<\/span><\/p>\n<p style=\"text-align: justify;\"><span style=\"font-family: Calibri; font-size: small;\">O Luciano esclareceu sobre a vinda de grupos de pa\u00edses at\u00e9 inesperados, como do Iraque, dos Emirados \u00c1rabes. Falou sobre as provid\u00eancias e estrutura que est\u00e3o sendo preparadas no Rio de Janeiro e animou as Comunidades a participarem de todos os momentos da Jornada, sejam aqueles da Semana Mission\u00e1ria, sejam os dos momentos no Rio de Janeiro, com muita alegria. Rememorou as outras Jornadas havidas anteriormente e o despojamento e simplicidade daquelas, mesmo com o grande volume de pessoas. <\/span><\/p>\n<p style=\"text-align: justify;\"><span style=\"font-family: Calibri; font-size: small;\">A Kamila tamb\u00e9m trouxe esclarecimentos\u00a0 e\u00a0 igualmente respondeu a todas as d\u00favidas dos padres e envolvidos na Jornada. Destacou que os elementos de informa\u00e7\u00e3o de maior peso somente estar\u00e3o dispon\u00edveis em momentos mais pr\u00f3ximos da Jornada, pois \u00e9 pr\u00f3prio dos jovens deixar tudo para a chamada \u00faltima hora. Acentuou que os Jovens que vir\u00e3o para S\u00e3o Paulo ter\u00e3o contato com a realidade vivida, portanto, utilizar\u00e3o o Metr\u00f4 at\u00e9 no hor\u00e1rio de pico, com Esta\u00e7\u00e3o S\u00e9 inclu\u00edda, far\u00e3o visitas aos trabalhos sociais, ver\u00e3o os moradores de rua, \u00a0\u00e0s fragilidades da cidade, enfim,\u00a0 ver\u00e3o a Cidade como ela \u00e9. <\/span><\/p>\n<p style=\"text-align: justify;\"><span style=\"font-family: Calibri; font-size: small;\">O entusiasmo pela Jornada Mundial da Juventude, como foi destacado, coloca-nos delega\u00e7\u00f5es de pa\u00edses menos esperados, como do Iraque, dos Emirados \u00c1rabes e tantos outros.\u00a0 Por isso, todo o incentivo para o envio de Jovens ao Rio de Janeiro, que ter\u00e1 toda a infraestrutura necess\u00e1ria. <\/span><\/p>\n<p style=\"text-align: justify;\"><span style=\"font-size: small;\"><span style=\"font-family: Calibri;\"> O Padre J\u00falio esclareceu sobre a prepara\u00e7\u00e3o na Par\u00f3quia S\u00e3o Miguel Arcanjo, que contar\u00e1 tamb\u00e9m com a estrutura da Universidade S\u00e3o Judas Tadeu. Salientou a import\u00e2ncia do envolvimento dos Jovens e suas escolhas e interesses.\u00a0 No final a confraterniza\u00e7\u00e3o. ngg_shortcode_0_placeholder<\/span><\/span><\/p>\n<div id=\"themify_builder_content-21554\" data-postid=\"21554\" class=\"themify_builder_content themify_builder_content-21554 themify_builder themify_builder_front\">\n\t<\/div>\n<!-- \/themify_builder_content -->","protected":false},"excerpt":{"rendered":"<p>Na Reuni\u00e3o do Setor, ocorrida no dia 09\/04\/13, na Par\u00f3quia S\u00e3o Miguel Arcanjo, que re\u00fane tamb\u00e9m as Par\u00f3quias S\u00e3o Paulo Ap\u00f3stolo, Nossa Senhora do Bom Conselho, Nossa Senhora de Lourdes, S\u00e3o Rafael, Santa Rita, S\u00e3o Jo\u00e3o Batista, S\u00e3o Jos\u00e9 do Bel\u00e9m e S\u00e3o Carlos Borromeu, o tema central foi a Jornada Mundial da Juventude. Luciano [&hellip;]<\/p>\n","protected":false},"author":10,"featured_media":0,"comment_status":"open","ping_status":"open","sticky":false,"template":"","format":"standard","meta":{"ngg_post_thumbnail":0,"footnotes":""},"categories":[395,8],"tags":[],"yoast_head":"<!-- This site is optimized with the Yoast SEO plugin v23.5 - https:\/\/yoast.com\/wordpress\/plugins\/seo\/ -->\n<title>Jornada Mundial da Juventude Reuni\u00e3o Setorial - O Arcanjo no ar<\/title>\n<meta name=\"robots\" content=\"index, follow, max-snippet:-1, max-image-preview:large, max-video-preview:-1\" \/>\n<link rel=\"canonical\" href=\"https:\/\/www.oarcanjo.net\/site\/jornada-mundial-da-juventude-reuniao-setorial\/\" \/>\n<meta property=\"og:locale\" content=\"pt_BR\" \/>\n<meta property=\"og:type\" content=\"article\" \/>\n<meta property=\"og:title\" content=\"Jornada Mundial da Juventude Reuni\u00e3o Setorial - O Arcanjo no ar\" \/>\n<meta property=\"og:description\" content=\"Na Reuni\u00e3o do Setor, ocorrida no dia 09\/04\/13, na Par\u00f3quia S\u00e3o Miguel Arcanjo, que re\u00fane tamb\u00e9m as Par\u00f3quias S\u00e3o Paulo Ap\u00f3stolo, Nossa Senhora do Bom Conselho, Nossa Senhora de Lourdes, S\u00e3o Rafael, Santa Rita, S\u00e3o Jo\u00e3o Batista, S\u00e3o Jos\u00e9 do Bel\u00e9m e S\u00e3o Carlos Borromeu, o tema central foi a Jornada Mundial da Juventude. Luciano [&hellip;]\" \/>\n<meta property=\"og:url\" content=\"https:\/\/www.oarcanjo.net\/site\/jornada-mundial-da-juventude-reuniao-setorial\/\" \/>\n<meta property=\"og:site_name\" content=\"O Arcanjo no ar\" \/>\n<meta property=\"article:publisher\" content=\"https:\/\/www.facebook.com\/OArcanjoNoAr\/\" \/>\n<meta property=\"article:published_time\" content=\"2013-04-14T16:22:27+00:00\" \/>\n<meta property=\"article:modified_time\" content=\"2013-04-14T16:24:29+00:00\" \/>\n<meta property=\"og:image\" content=\"https:\/\/www.oarcanjo.net\/site\/wp-content\/uploads\/logo-o-arcanjo-no-ar-facebook.png\" \/>\n\t<meta property=\"og:image:width\" content=\"300\" \/>\n\t<meta property=\"og:image:height\" content=\"300\" \/>\n\t<meta property=\"og:image:type\" content=\"image\/png\" \/>\n<meta name=\"author\" content=\"carlos\" \/>\n<meta name=\"twitter:card\" content=\"summary_large_image\" \/>\n<meta name=\"twitter:label1\" content=\"Escrito por\" \/>\n\t<meta name=\"twitter:data1\" content=\"carlos\" \/>\n\t<meta name=\"twitter:label2\" content=\"Est. tempo de leitura\" \/>\n\t<meta name=\"twitter:data2\" content=\"2 minutos\" \/>\n<script type=\"application\/ld+json\" class=\"yoast-schema-graph\">{\"@context\":\"https:\/\/schema.org\",\"@graph\":[{\"@type\":\"Article\",\"@id\":\"https:\/\/www.oarcanjo.net\/site\/jornada-mundial-da-juventude-reuniao-setorial\/#article\",\"isPartOf\":{\"@id\":\"https:\/\/www.oarcanjo.net\/site\/jornada-mundial-da-juventude-reuniao-setorial\/\"},\"author\":{\"name\":\"carlos\",\"@id\":\"https:\/\/www.oarcanjo.net\/site\/#\/schema\/person\/f7870e710d8c8c30673de3a0ac2e451d\"},\"headline\":\"Jornada Mundial da Juventude Reuni\u00e3o Setorial\",\"datePublished\":\"2013-04-14T16:22:27+00:00\",\"dateModified\":\"2013-04-14T16:24:29+00:00\",\"mainEntityOfPage\":{\"@id\":\"https:\/\/www.oarcanjo.net\/site\/jornada-mundial-da-juventude-reuniao-setorial\/\"},\"wordCount\":423,\"commentCount\":0,\"publisher\":{\"@id\":\"https:\/\/www.oarcanjo.net\/site\/#organization\"},\"articleSection\":[\"Jovens\",\"Not\u00edcias\"],\"inLanguage\":\"pt-BR\",\"potentialAction\":[{\"@type\":\"CommentAction\",\"name\":\"Comment\",\"target\":[\"https:\/\/www.oarcanjo.net\/site\/jornada-mundial-da-juventude-reuniao-setorial\/#respond\"]}]},{\"@type\":\"WebPage\",\"@id\":\"https:\/\/www.oarcanjo.net\/site\/jornada-mundial-da-juventude-reuniao-setorial\/\",\"url\":\"https:\/\/www.oarcanjo.net\/site\/jornada-mundial-da-juventude-reuniao-setorial\/\",\"name\":\"Jornada Mundial da Juventude Reuni\u00e3o Setorial - O Arcanjo no ar\",\"isPartOf\":{\"@id\":\"https:\/\/www.oarcanjo.net\/site\/#website\"},\"datePublished\":\"2013-04-14T16:22:27+00:00\",\"dateModified\":\"2013-04-14T16:24:29+00:00\",\"breadcrumb\":{\"@id\":\"https:\/\/www.oarcanjo.net\/site\/jornada-mundial-da-juventude-reuniao-setorial\/#breadcrumb\"},\"inLanguage\":\"pt-BR\",\"potentialAction\":[{\"@type\":\"ReadAction\",\"target\":[\"https:\/\/www.oarcanjo.net\/site\/jornada-mundial-da-juventude-reuniao-setorial\/\"]}]},{\"@type\":\"BreadcrumbList\",\"@id\":\"https:\/\/www.oarcanjo.net\/site\/jornada-mundial-da-juventude-reuniao-setorial\/#breadcrumb\",\"itemListElement\":[{\"@type\":\"ListItem\",\"position\":1,\"name\":\"In\u00edcio\",\"item\":\"https:\/\/www.oarcanjo.net\/site\/\"},{\"@type\":\"ListItem\",\"position\":2,\"name\":\"Jornada Mundial da Juventude Reuni\u00e3o Setorial\"}]},{\"@type\":\"WebSite\",\"@id\":\"https:\/\/www.oarcanjo.net\/site\/#website\",\"url\":\"https:\/\/www.oarcanjo.net\/site\/\",\"name\":\"O Arcanjo no ar\",\"description\":\"Site da Par\u00f3quia S\u00e3o Miguel Arcanjo (Arquidiocese de SP)\",\"publisher\":{\"@id\":\"https:\/\/www.oarcanjo.net\/site\/#organization\"},\"potentialAction\":[{\"@type\":\"SearchAction\",\"target\":{\"@type\":\"EntryPoint\",\"urlTemplate\":\"https:\/\/www.oarcanjo.net\/site\/?s={search_term_string}\"},\"query-input\":{\"@type\":\"PropertyValueSpecification\",\"valueRequired\":true,\"valueName\":\"search_term_string\"}}],\"inLanguage\":\"pt-BR\"},{\"@type\":\"Organization\",\"@id\":\"https:\/\/www.oarcanjo.net\/site\/#organization\",\"name\":\"Par\u00f3quia S\u00e3o Miguel Arcanjo\",\"url\":\"https:\/\/www.oarcanjo.net\/site\/\",\"logo\":{\"@type\":\"ImageObject\",\"inLanguage\":\"pt-BR\",\"@id\":\"https:\/\/www.oarcanjo.net\/site\/#\/schema\/logo\/image\/\",\"url\":\"https:\/\/www.oarcanjo.net\/site\/wp-content\/uploads\/LogoOArcanjo.png\",\"contentUrl\":\"https:\/\/www.oarcanjo.net\/site\/wp-content\/uploads\/LogoOArcanjo.png\",\"width\":319,\"height\":99,\"caption\":\"Par\u00f3quia S\u00e3o Miguel Arcanjo\"},\"image\":{\"@id\":\"https:\/\/www.oarcanjo.net\/site\/#\/schema\/logo\/image\/\"},\"sameAs\":[\"https:\/\/www.facebook.com\/OArcanjoNoAr\/\"]},{\"@type\":\"Person\",\"@id\":\"https:\/\/www.oarcanjo.net\/site\/#\/schema\/person\/f7870e710d8c8c30673de3a0ac2e451d\",\"name\":\"carlos\"}]}<\/script>\n<!-- \/ Yoast SEO plugin. -->","yoast_head_json":{"title":"Jornada Mundial da Juventude Reuni\u00e3o Setorial - O Arcanjo no ar","robots":{"index":"index","follow":"follow","max-snippet":"max-snippet:-1","max-image-preview":"max-image-preview:large","max-video-preview":"max-video-preview:-1"},"canonical":"https:\/\/www.oarcanjo.net\/site\/jornada-mundial-da-juventude-reuniao-setorial\/","og_locale":"pt_BR","og_type":"article","og_title":"Jornada Mundial da Juventude Reuni\u00e3o Setorial - O Arcanjo no ar","og_description":"Na Reuni\u00e3o do Setor, ocorrida no dia 09\/04\/13, na Par\u00f3quia S\u00e3o Miguel Arcanjo, que re\u00fane tamb\u00e9m as Par\u00f3quias S\u00e3o Paulo Ap\u00f3stolo, Nossa Senhora do Bom Conselho, Nossa Senhora de Lourdes, S\u00e3o Rafael, Santa Rita, S\u00e3o Jo\u00e3o Batista, S\u00e3o Jos\u00e9 do Bel\u00e9m e S\u00e3o Carlos Borromeu, o tema central foi a Jornada Mundial da Juventude. Luciano [&hellip;]","og_url":"https:\/\/www.oarcanjo.net\/site\/jornada-mundial-da-juventude-reuniao-setorial\/","og_site_name":"O Arcanjo no ar","article_publisher":"https:\/\/www.facebook.com\/OArcanjoNoAr\/","article_published_time":"2013-04-14T16:22:27+00:00","article_modified_time":"2013-04-14T16:24:29+00:00","og_image":[{"width":300,"height":300,"url":"https:\/\/www.oarcanjo.net\/site\/wp-content\/uploads\/logo-o-arcanjo-no-ar-facebook.png","type":"image\/png"}],"author":"carlos","twitter_card":"summary_large_image","twitter_misc":{"Escrito por":"carlos","Est. tempo de leitura":"2 minutos"},"schema":{"@context":"https:\/\/schema.org","@graph":[{"@type":"Article","@id":"https:\/\/www.oarcanjo.net\/site\/jornada-mundial-da-juventude-reuniao-setorial\/#article","isPartOf":{"@id":"https:\/\/www.oarcanjo.net\/site\/jornada-mundial-da-juventude-reuniao-setorial\/"},"author":{"name":"carlos","@id":"https:\/\/www.oarcanjo.net\/site\/#\/schema\/person\/f7870e710d8c8c30673de3a0ac2e451d"},"headline":"Jornada Mundial da Juventude Reuni\u00e3o Setorial","datePublished":"2013-04-14T16:22:27+00:00","dateModified":"2013-04-14T16:24:29+00:00","mainEntityOfPage":{"@id":"https:\/\/www.oarcanjo.net\/site\/jornada-mundial-da-juventude-reuniao-setorial\/"},"wordCount":423,"commentCount":0,"publisher":{"@id":"https:\/\/www.oarcanjo.net\/site\/#organization"},"articleSection":["Jovens","Not\u00edcias"],"inLanguage":"pt-BR","potentialAction":[{"@type":"CommentAction","name":"Comment","target":["https:\/\/www.oarcanjo.net\/site\/jornada-mundial-da-juventude-reuniao-setorial\/#respond"]}]},{"@type":"WebPage","@id":"https:\/\/www.oarcanjo.net\/site\/jornada-mundial-da-juventude-reuniao-setorial\/","url":"https:\/\/www.oarcanjo.net\/site\/jornada-mundial-da-juventude-reuniao-setorial\/","name":"Jornada Mundial da Juventude Reuni\u00e3o Setorial - O Arcanjo no ar","isPartOf":{"@id":"https:\/\/www.oarcanjo.net\/site\/#website"},"datePublished":"2013-04-14T16:22:27+00:00","dateModified":"2013-04-14T16:24:29+00:00","breadcrumb":{"@id":"https:\/\/www.oarcanjo.net\/site\/jornada-mundial-da-juventude-reuniao-setorial\/#breadcrumb"},"inLanguage":"pt-BR","potentialAction":[{"@type":"ReadAction","target":["https:\/\/www.oarcanjo.net\/site\/jornada-mundial-da-juventude-reuniao-setorial\/"]}]},{"@type":"BreadcrumbList","@id":"https:\/\/www.oarcanjo.net\/site\/jornada-mundial-da-juventude-reuniao-setorial\/#breadcrumb","itemListElement":[{"@type":"ListItem","position":1,"name":"In\u00edcio","item":"https:\/\/www.oarcanjo.net\/site\/"},{"@type":"ListItem","position":2,"name":"Jornada Mundial da Juventude Reuni\u00e3o Setorial"}]},{"@type":"WebSite","@id":"https:\/\/www.oarcanjo.net\/site\/#website","url":"https:\/\/www.oarcanjo.net\/site\/","name":"O Arcanjo no ar","description":"Site da Par\u00f3quia S\u00e3o Miguel Arcanjo (Arquidiocese de SP)","publisher":{"@id":"https:\/\/www.oarcanjo.net\/site\/#organization"},"potentialAction":[{"@type":"SearchAction","target":{"@type":"EntryPoint","urlTemplate":"https:\/\/www.oarcanjo.net\/site\/?s={search_term_string}"},"query-input":{"@type":"PropertyValueSpecification","valueRequired":true,"valueName":"search_term_string"}}],"inLanguage":"pt-BR"},{"@type":"Organization","@id":"https:\/\/www.oarcanjo.net\/site\/#organization","name":"Par\u00f3quia S\u00e3o Miguel Arcanjo","url":"https:\/\/www.oarcanjo.net\/site\/","logo":{"@type":"ImageObject","inLanguage":"pt-BR","@id":"https:\/\/www.oarcanjo.net\/site\/#\/schema\/logo\/image\/","url":"https:\/\/www.oarcanjo.net\/site\/wp-content\/uploads\/LogoOArcanjo.png","contentUrl":"https:\/\/www.oarcanjo.net\/site\/wp-content\/uploads\/LogoOArcanjo.png","width":319,"height":99,"caption":"Par\u00f3quia S\u00e3o Miguel Arcanjo"},"image":{"@id":"https:\/\/www.oarcanjo.net\/site\/#\/schema\/logo\/image\/"},"sameAs":["https:\/\/www.facebook.com\/OArcanjoNoAr\/"]},{"@type":"Person","@id":"https:\/\/www.oarcanjo.net\/site\/#\/schema\/person\/f7870e710d8c8c30673de3a0ac2e451d","name":"carlos"}]}},"publishpress_future_action":{"enabled":false,"date":"2026-05-07 06:30:33","action":"category","newStatus":"draft","terms":[],"taxonomy":"category"},"publishpress_future_workflow_manual_trigger":{"enabledWorkflows":[]},"_links":{"self":[{"href":"https:\/\/www.oarcanjo.net\/site\/wp-json\/wp\/v2\/posts\/21554"}],"collection":[{"href":"https:\/\/www.oarcanjo.net\/site\/wp-json\/wp\/v2\/posts"}],"about":[{"href":"https:\/\/www.oarcanjo.net\/site\/wp-json\/wp\/v2\/types\/post"}],"author":[{"embeddable":true,"href":"https:\/\/www.oarcanjo.net\/site\/wp-json\/wp\/v2\/users\/10"}],"replies":[{"embeddable":true,"href":"https:\/\/www.oarcanjo.net\/site\/wp-json\/wp\/v2\/comments?post=21554"}],"version-history":[{"count":0,"href":"https:\/\/www.oarcanjo.net\/site\/wp-json\/wp\/v2\/posts\/21554\/revisions"}],"wp:attachment":[{"href":"https:\/\/www.oarcanjo.net\/site\/wp-json\/wp\/v2\/media?parent=21554"}],"wp:term":[{"taxonomy":"category","embeddable":true,"href":"https:\/\/www.oarcanjo.net\/site\/wp-json\/wp\/v2\/categories?post=21554"},{"taxonomy":"post_tag","embeddable":true,"href":"https:\/\/www.oarcanjo.net\/site\/wp-json\/wp\/v2\/tags?post=21554"}],"curies":[{"name":"wp","href":"https:\/\/api.w.org\/{rel}","templated":true}]}}