
{"id":21565,"date":"2013-04-15T15:10:14","date_gmt":"2013-04-15T18:10:14","guid":{"rendered":"http:\/\/www.oarcanjo.net\/site\/?p=21565"},"modified":"2013-04-15T21:10:35","modified_gmt":"2013-04-16T00:10:35","slug":"marta-e-maria-o-presente-e-o-futuro","status":"publish","type":"post","link":"https:\/\/www.oarcanjo.net\/site\/marta-e-maria-o-presente-e-o-futuro\/","title":{"rendered":"Marta e Maria, o presente e o futuro"},"content":{"rendered":"<p>Padre Geovane Saraiva*<\/p>\n<p>Marta e Maria viviam em Bet\u00e2nia, um povoado pr\u00f3ximo de Jerusal\u00e9m e Jesus costumava ir l\u00e1 visit\u00e1-las.  Numa dessas visitas, Maria aproveita para sentar ao lado de Jesus e passa a escut\u00e1-lo. Marta muita atarefada com o seu trabalho dom\u00e9stico,  a certa altura come\u00e7a a reclamar de Jesus, pelo fato de n\u00e3o se sensibilizar com seu trabalho pesado, confrontando-o com Maria.  Mais que reclamar, Marta pede que Jesus mande Maria ajud\u00e1-la no servi\u00e7o di\u00e1rio.  Mas Jesus lhe responde com firmeza: \u201cMarta, Marta! Tu te preocupas e andas agitada por muitas coisas. Por\u00e9m, uma s\u00f3 coisa \u00e9 necess\u00e1ria. Maria escolheu a melhor parte e esta n\u00e3o lhe ser\u00e1 tirada\u201d (cf. 10, 38-42).<\/p>\n<p>Jesus nos fala da vida eterna como uma promessa, como um presente do Pai para todas as pessoas que nele acreditam e por ele s\u00e3o capazes de oferecer a pr\u00f3pria vida. Ela \u00e9 um dom, uma gra\u00e7a maravilhosa! Mas que precisa a todo custo ser buscada e ser conquistada. Precisamos ter consci\u00eancia dos nossos dons e talentos, que Deus nos concedeu, nos confiou.<\/p>\n<p>Deus, na sua bondade sem limites, nos prop\u00f5e uma norma: \u201cO Senhor retribui a cada um segundo as suas obras\u201d (Mt 16, 27). Ele nos reserva um pr\u00eamio, isto \u00e9, a coroa da justi\u00e7a que o Senhor, o justo juiz nos dar\u00e1 naquele dia&#8230; (cf. 2Tm 3, 8). Cabe a n\u00f3s descruzar os bra\u00e7os e procurar fazer a nossa parte. O Ap\u00f3stolo Paulo nos lembra da import\u00e2ncia do trabalho como uma regra de ouro: \u201cQuem n\u00e3o quiser trabalhar tamb\u00e9m n\u00e3o deve comer\u201d (2Ts 3, 10).<\/p>\n<p>Como viver a nossa f\u00e9? Como realizar a nossa miss\u00e3o? \u00c9 importante olhar para o Evangelho de S\u00e3o Lucas, l\u00e1 no epis\u00f3dio das duas irm\u00e3s de Bet\u00e2nia. Marta, com a vida dura e cheia de afazeres; Maria, com a vida voltada para o sil\u00eancio e para a contempla\u00e7\u00e3o, merecendo do Mestre uma aten\u00e7\u00e3o especial. Maria, segundo a palavra do pr\u00f3prio Jesus, escolheu a melhor parte, que jamais lhe ser\u00e1 tirada. Marta fica zangada por causa da aus\u00eancia da irm\u00e3 nas atividades da casa, como j\u00e1 deixamos claro.<\/p>\n<p>Para n\u00f3s que somos batizados e participamos da vida divina, que ao mesmo tempo lutamos, sofremos e nos angustiamos, em meio ao ativismo, nas exig\u00eancias da vida, \u00e9 indispens\u00e1vel uma consci\u00eancia bem clara de que nossa vida deveria sempre e cada vez mais se transformar em ora\u00e7\u00e3o. A vida ativa e a vida contemplativa, entrela\u00e7adas, caminhando juntas, de m\u00e3os dadas, que beleza, que maravilha!<\/p>\n<p>\u00c9 o projeto de Deus que se realiza em plenitude. Santo Agostinho, na sua incomensur\u00e1vel sabedoria, nos assegura: \u201cMarta e Maria simbolizam as duas vidas, a presente e a futura\u201d. Marta e Maria simbolizam a diversidade de dons, carismas e talentos, seja na a\u00e7\u00e3o, seja na contempla\u00e7\u00e3o, escuta e interioriza\u00e7\u00e3o. Que a realidade misteriosa do projeto de Deus, atrav\u00e9s dessas duas santas mulheres, esteja diante dos nossos olhos, na nossa mente e no nosso cora\u00e7\u00e3o. Assim seja!<\/p>\n<p>*Padre da Arquidiocese de Fortaleza, Escritor, Membro da Academia de Letras dos Munic\u00edpios do Estado Cear\u00e1 (ALMECE), da Academia Metropolitana de Letras de Fortaleza e vice-presidente da Previd\u00eancia Sacerdotal.<br \/>\nP\u00e1roco de Santo Afonso<br \/>\ngeovanesaraiva@gmail.com<\/p>\n<div id=\"themify_builder_content-21565\" data-postid=\"21565\" class=\"themify_builder_content themify_builder_content-21565 themify_builder themify_builder_front\">\n\t<\/div>\n<!-- \/themify_builder_content -->","protected":false},"excerpt":{"rendered":"<p>Padre Geovane Saraiva* Marta e Maria viviam em Bet\u00e2nia, um povoado pr\u00f3ximo de Jerusal\u00e9m e Jesus costumava ir l\u00e1 visit\u00e1-las. Numa dessas visitas, Maria aproveita para sentar ao lado de Jesus e passa a escut\u00e1-lo. Marta muita atarefada com o seu trabalho dom\u00e9stico, a certa altura come\u00e7a a reclamar de Jesus, pelo fato de n\u00e3o [&hellip;]<\/p>\n","protected":false},"author":17,"featured_media":0,"comment_status":"open","ping_status":"open","sticky":false,"template":"","format":"standard","meta":{"ngg_post_thumbnail":0,"footnotes":""},"categories":[9],"tags":[],"yoast_head":"<!-- This site is optimized with the Yoast SEO plugin v23.5 - https:\/\/yoast.com\/wordpress\/plugins\/seo\/ -->\n<title>Marta e Maria, o presente e o futuro  - O Arcanjo no ar<\/title>\n<meta name=\"robots\" content=\"index, follow, max-snippet:-1, max-image-preview:large, max-video-preview:-1\" \/>\n<link rel=\"canonical\" href=\"https:\/\/www.oarcanjo.net\/site\/marta-e-maria-o-presente-e-o-futuro\/\" \/>\n<meta property=\"og:locale\" content=\"pt_BR\" \/>\n<meta property=\"og:type\" content=\"article\" \/>\n<meta property=\"og:title\" content=\"Marta e Maria, o presente e o futuro  - O Arcanjo no ar\" \/>\n<meta property=\"og:description\" content=\"Padre Geovane Saraiva* Marta e Maria viviam em Bet\u00e2nia, um povoado pr\u00f3ximo de Jerusal\u00e9m e Jesus costumava ir l\u00e1 visit\u00e1-las. Numa dessas visitas, Maria aproveita para sentar ao lado de Jesus e passa a escut\u00e1-lo. Marta muita atarefada com o seu trabalho dom\u00e9stico, a certa altura come\u00e7a a reclamar de Jesus, pelo fato de n\u00e3o [&hellip;]\" \/>\n<meta property=\"og:url\" content=\"https:\/\/www.oarcanjo.net\/site\/marta-e-maria-o-presente-e-o-futuro\/\" \/>\n<meta property=\"og:site_name\" content=\"O Arcanjo no ar\" \/>\n<meta property=\"article:publisher\" content=\"https:\/\/www.facebook.com\/OArcanjoNoAr\/\" \/>\n<meta property=\"article:published_time\" content=\"2013-04-15T18:10:14+00:00\" \/>\n<meta property=\"article:modified_time\" content=\"2013-04-16T00:10:35+00:00\" \/>\n<meta property=\"og:image\" content=\"https:\/\/www.oarcanjo.net\/site\/wp-content\/uploads\/logo-o-arcanjo-no-ar-facebook.png\" \/>\n\t<meta property=\"og:image:width\" content=\"300\" \/>\n\t<meta property=\"og:image:height\" content=\"300\" \/>\n\t<meta property=\"og:image:type\" content=\"image\/png\" \/>\n<meta name=\"author\" content=\"pe.geovane\" \/>\n<meta name=\"twitter:card\" content=\"summary_large_image\" \/>\n<meta name=\"twitter:label1\" content=\"Escrito por\" \/>\n\t<meta name=\"twitter:data1\" content=\"pe.geovane\" \/>\n\t<meta name=\"twitter:label2\" content=\"Est. tempo de leitura\" \/>\n\t<meta name=\"twitter:data2\" content=\"3 minutos\" \/>\n<script type=\"application\/ld+json\" class=\"yoast-schema-graph\">{\"@context\":\"https:\/\/schema.org\",\"@graph\":[{\"@type\":\"Article\",\"@id\":\"https:\/\/www.oarcanjo.net\/site\/marta-e-maria-o-presente-e-o-futuro\/#article\",\"isPartOf\":{\"@id\":\"https:\/\/www.oarcanjo.net\/site\/marta-e-maria-o-presente-e-o-futuro\/\"},\"author\":{\"name\":\"pe.geovane\",\"@id\":\"https:\/\/www.oarcanjo.net\/site\/#\/schema\/person\/58d7f78850a973b8e467c7ae4a7eb4ad\"},\"headline\":\"Marta e Maria, o presente e o futuro\",\"datePublished\":\"2013-04-15T18:10:14+00:00\",\"dateModified\":\"2013-04-16T00:10:35+00:00\",\"mainEntityOfPage\":{\"@id\":\"https:\/\/www.oarcanjo.net\/site\/marta-e-maria-o-presente-e-o-futuro\/\"},\"wordCount\":575,\"commentCount\":0,\"publisher\":{\"@id\":\"https:\/\/www.oarcanjo.net\/site\/#organization\"},\"articleSection\":[\"Reflex\u00f5es\"],\"inLanguage\":\"pt-BR\",\"potentialAction\":[{\"@type\":\"CommentAction\",\"name\":\"Comment\",\"target\":[\"https:\/\/www.oarcanjo.net\/site\/marta-e-maria-o-presente-e-o-futuro\/#respond\"]}]},{\"@type\":\"WebPage\",\"@id\":\"https:\/\/www.oarcanjo.net\/site\/marta-e-maria-o-presente-e-o-futuro\/\",\"url\":\"https:\/\/www.oarcanjo.net\/site\/marta-e-maria-o-presente-e-o-futuro\/\",\"name\":\"Marta e Maria, o presente e o futuro - O Arcanjo no ar\",\"isPartOf\":{\"@id\":\"https:\/\/www.oarcanjo.net\/site\/#website\"},\"datePublished\":\"2013-04-15T18:10:14+00:00\",\"dateModified\":\"2013-04-16T00:10:35+00:00\",\"breadcrumb\":{\"@id\":\"https:\/\/www.oarcanjo.net\/site\/marta-e-maria-o-presente-e-o-futuro\/#breadcrumb\"},\"inLanguage\":\"pt-BR\",\"potentialAction\":[{\"@type\":\"ReadAction\",\"target\":[\"https:\/\/www.oarcanjo.net\/site\/marta-e-maria-o-presente-e-o-futuro\/\"]}]},{\"@type\":\"BreadcrumbList\",\"@id\":\"https:\/\/www.oarcanjo.net\/site\/marta-e-maria-o-presente-e-o-futuro\/#breadcrumb\",\"itemListElement\":[{\"@type\":\"ListItem\",\"position\":1,\"name\":\"In\u00edcio\",\"item\":\"https:\/\/www.oarcanjo.net\/site\/\"},{\"@type\":\"ListItem\",\"position\":2,\"name\":\"Marta e Maria, o presente e o futuro\"}]},{\"@type\":\"WebSite\",\"@id\":\"https:\/\/www.oarcanjo.net\/site\/#website\",\"url\":\"https:\/\/www.oarcanjo.net\/site\/\",\"name\":\"O Arcanjo no ar\",\"description\":\"Site da Par\u00f3quia S\u00e3o Miguel Arcanjo (Arquidiocese de SP)\",\"publisher\":{\"@id\":\"https:\/\/www.oarcanjo.net\/site\/#organization\"},\"potentialAction\":[{\"@type\":\"SearchAction\",\"target\":{\"@type\":\"EntryPoint\",\"urlTemplate\":\"https:\/\/www.oarcanjo.net\/site\/?s={search_term_string}\"},\"query-input\":{\"@type\":\"PropertyValueSpecification\",\"valueRequired\":true,\"valueName\":\"search_term_string\"}}],\"inLanguage\":\"pt-BR\"},{\"@type\":\"Organization\",\"@id\":\"https:\/\/www.oarcanjo.net\/site\/#organization\",\"name\":\"Par\u00f3quia S\u00e3o Miguel Arcanjo\",\"url\":\"https:\/\/www.oarcanjo.net\/site\/\",\"logo\":{\"@type\":\"ImageObject\",\"inLanguage\":\"pt-BR\",\"@id\":\"https:\/\/www.oarcanjo.net\/site\/#\/schema\/logo\/image\/\",\"url\":\"https:\/\/www.oarcanjo.net\/site\/wp-content\/uploads\/LogoOArcanjo.png\",\"contentUrl\":\"https:\/\/www.oarcanjo.net\/site\/wp-content\/uploads\/LogoOArcanjo.png\",\"width\":319,\"height\":99,\"caption\":\"Par\u00f3quia S\u00e3o Miguel Arcanjo\"},\"image\":{\"@id\":\"https:\/\/www.oarcanjo.net\/site\/#\/schema\/logo\/image\/\"},\"sameAs\":[\"https:\/\/www.facebook.com\/OArcanjoNoAr\/\"]},{\"@type\":\"Person\",\"@id\":\"https:\/\/www.oarcanjo.net\/site\/#\/schema\/person\/58d7f78850a973b8e467c7ae4a7eb4ad\",\"name\":\"pe.geovane\"}]}<\/script>\n<!-- \/ Yoast SEO plugin. -->","yoast_head_json":{"title":"Marta e Maria, o presente e o futuro  - O Arcanjo no ar","robots":{"index":"index","follow":"follow","max-snippet":"max-snippet:-1","max-image-preview":"max-image-preview:large","max-video-preview":"max-video-preview:-1"},"canonical":"https:\/\/www.oarcanjo.net\/site\/marta-e-maria-o-presente-e-o-futuro\/","og_locale":"pt_BR","og_type":"article","og_title":"Marta e Maria, o presente e o futuro  - O Arcanjo no ar","og_description":"Padre Geovane Saraiva* Marta e Maria viviam em Bet\u00e2nia, um povoado pr\u00f3ximo de Jerusal\u00e9m e Jesus costumava ir l\u00e1 visit\u00e1-las. Numa dessas visitas, Maria aproveita para sentar ao lado de Jesus e passa a escut\u00e1-lo. Marta muita atarefada com o seu trabalho dom\u00e9stico, a certa altura come\u00e7a a reclamar de Jesus, pelo fato de n\u00e3o [&hellip;]","og_url":"https:\/\/www.oarcanjo.net\/site\/marta-e-maria-o-presente-e-o-futuro\/","og_site_name":"O Arcanjo no ar","article_publisher":"https:\/\/www.facebook.com\/OArcanjoNoAr\/","article_published_time":"2013-04-15T18:10:14+00:00","article_modified_time":"2013-04-16T00:10:35+00:00","og_image":[{"width":300,"height":300,"url":"https:\/\/www.oarcanjo.net\/site\/wp-content\/uploads\/logo-o-arcanjo-no-ar-facebook.png","type":"image\/png"}],"author":"pe.geovane","twitter_card":"summary_large_image","twitter_misc":{"Escrito por":"pe.geovane","Est. tempo de leitura":"3 minutos"},"schema":{"@context":"https:\/\/schema.org","@graph":[{"@type":"Article","@id":"https:\/\/www.oarcanjo.net\/site\/marta-e-maria-o-presente-e-o-futuro\/#article","isPartOf":{"@id":"https:\/\/www.oarcanjo.net\/site\/marta-e-maria-o-presente-e-o-futuro\/"},"author":{"name":"pe.geovane","@id":"https:\/\/www.oarcanjo.net\/site\/#\/schema\/person\/58d7f78850a973b8e467c7ae4a7eb4ad"},"headline":"Marta e Maria, o presente e o futuro","datePublished":"2013-04-15T18:10:14+00:00","dateModified":"2013-04-16T00:10:35+00:00","mainEntityOfPage":{"@id":"https:\/\/www.oarcanjo.net\/site\/marta-e-maria-o-presente-e-o-futuro\/"},"wordCount":575,"commentCount":0,"publisher":{"@id":"https:\/\/www.oarcanjo.net\/site\/#organization"},"articleSection":["Reflex\u00f5es"],"inLanguage":"pt-BR","potentialAction":[{"@type":"CommentAction","name":"Comment","target":["https:\/\/www.oarcanjo.net\/site\/marta-e-maria-o-presente-e-o-futuro\/#respond"]}]},{"@type":"WebPage","@id":"https:\/\/www.oarcanjo.net\/site\/marta-e-maria-o-presente-e-o-futuro\/","url":"https:\/\/www.oarcanjo.net\/site\/marta-e-maria-o-presente-e-o-futuro\/","name":"Marta e Maria, o presente e o futuro - O Arcanjo no ar","isPartOf":{"@id":"https:\/\/www.oarcanjo.net\/site\/#website"},"datePublished":"2013-04-15T18:10:14+00:00","dateModified":"2013-04-16T00:10:35+00:00","breadcrumb":{"@id":"https:\/\/www.oarcanjo.net\/site\/marta-e-maria-o-presente-e-o-futuro\/#breadcrumb"},"inLanguage":"pt-BR","potentialAction":[{"@type":"ReadAction","target":["https:\/\/www.oarcanjo.net\/site\/marta-e-maria-o-presente-e-o-futuro\/"]}]},{"@type":"BreadcrumbList","@id":"https:\/\/www.oarcanjo.net\/site\/marta-e-maria-o-presente-e-o-futuro\/#breadcrumb","itemListElement":[{"@type":"ListItem","position":1,"name":"In\u00edcio","item":"https:\/\/www.oarcanjo.net\/site\/"},{"@type":"ListItem","position":2,"name":"Marta e Maria, o presente e o futuro"}]},{"@type":"WebSite","@id":"https:\/\/www.oarcanjo.net\/site\/#website","url":"https:\/\/www.oarcanjo.net\/site\/","name":"O Arcanjo no ar","description":"Site da Par\u00f3quia S\u00e3o Miguel Arcanjo (Arquidiocese de SP)","publisher":{"@id":"https:\/\/www.oarcanjo.net\/site\/#organization"},"potentialAction":[{"@type":"SearchAction","target":{"@type":"EntryPoint","urlTemplate":"https:\/\/www.oarcanjo.net\/site\/?s={search_term_string}"},"query-input":{"@type":"PropertyValueSpecification","valueRequired":true,"valueName":"search_term_string"}}],"inLanguage":"pt-BR"},{"@type":"Organization","@id":"https:\/\/www.oarcanjo.net\/site\/#organization","name":"Par\u00f3quia S\u00e3o Miguel Arcanjo","url":"https:\/\/www.oarcanjo.net\/site\/","logo":{"@type":"ImageObject","inLanguage":"pt-BR","@id":"https:\/\/www.oarcanjo.net\/site\/#\/schema\/logo\/image\/","url":"https:\/\/www.oarcanjo.net\/site\/wp-content\/uploads\/LogoOArcanjo.png","contentUrl":"https:\/\/www.oarcanjo.net\/site\/wp-content\/uploads\/LogoOArcanjo.png","width":319,"height":99,"caption":"Par\u00f3quia S\u00e3o Miguel Arcanjo"},"image":{"@id":"https:\/\/www.oarcanjo.net\/site\/#\/schema\/logo\/image\/"},"sameAs":["https:\/\/www.facebook.com\/OArcanjoNoAr\/"]},{"@type":"Person","@id":"https:\/\/www.oarcanjo.net\/site\/#\/schema\/person\/58d7f78850a973b8e467c7ae4a7eb4ad","name":"pe.geovane"}]}},"publishpress_future_action":{"enabled":false,"date":"2026-05-09 04:49:32","action":"category","newStatus":"draft","terms":[],"taxonomy":"category"},"publishpress_future_workflow_manual_trigger":{"enabledWorkflows":[]},"_links":{"self":[{"href":"https:\/\/www.oarcanjo.net\/site\/wp-json\/wp\/v2\/posts\/21565"}],"collection":[{"href":"https:\/\/www.oarcanjo.net\/site\/wp-json\/wp\/v2\/posts"}],"about":[{"href":"https:\/\/www.oarcanjo.net\/site\/wp-json\/wp\/v2\/types\/post"}],"author":[{"embeddable":true,"href":"https:\/\/www.oarcanjo.net\/site\/wp-json\/wp\/v2\/users\/17"}],"replies":[{"embeddable":true,"href":"https:\/\/www.oarcanjo.net\/site\/wp-json\/wp\/v2\/comments?post=21565"}],"version-history":[{"count":0,"href":"https:\/\/www.oarcanjo.net\/site\/wp-json\/wp\/v2\/posts\/21565\/revisions"}],"wp:attachment":[{"href":"https:\/\/www.oarcanjo.net\/site\/wp-json\/wp\/v2\/media?parent=21565"}],"wp:term":[{"taxonomy":"category","embeddable":true,"href":"https:\/\/www.oarcanjo.net\/site\/wp-json\/wp\/v2\/categories?post=21565"},{"taxonomy":"post_tag","embeddable":true,"href":"https:\/\/www.oarcanjo.net\/site\/wp-json\/wp\/v2\/tags?post=21565"}],"curies":[{"name":"wp","href":"https:\/\/api.w.org\/{rel}","templated":true}]}}