
{"id":21570,"date":"2013-04-15T15:32:29","date_gmt":"2013-04-15T18:32:29","guid":{"rendered":"http:\/\/www.oarcanjo.net\/site\/?p=21570"},"modified":"2013-04-15T15:38:42","modified_gmt":"2013-04-15T18:38:42","slug":"reforma-da-curia-romana","status":"publish","type":"post","link":"https:\/\/www.oarcanjo.net\/site\/reforma-da-curia-romana\/","title":{"rendered":"Reforma da C\u00faria Romana"},"content":{"rendered":"<\/p>\n<p><img loading=\"lazy\" decoding=\"async\" style=\"margin-left: 8px; margin-right: 8px;\" align=\"left\" title=\"Cardeal Oscar Andr\u00e9s Rodr\u00edguez Maradiaga S.D.B., Arcebispo de Tegucigalpa (Honduras)\" src=\"http:\/\/www.oarcanjo.net\/site\/wp-content\/uploads\/cardeal-oscar-andres-rodriguez-maradiaga-tegucigalpa-honduras-200x300.jpg\" alt=\"Cardeal Oscar Andr\u00e9s Rodr\u00edguez Maradiaga S.D.B., Arcebispo de Tegucigalpa (Honduras)\" width=\"140\" height=\"210\" \/>Cardeal Oscar Andr\u00e9s Rodr\u00edguez Maradiaga S.D.B., Arcebispo de Tegucigalpa (Honduras), tem a fun\u00e7\u00e3o de Coordenador no grupo de cardeais composto para aconselhar o governo da Igreja para estudar um projeto de revis\u00e3o da Constitui\u00e7\u00e3o Apost\u00f3lica Pastor Bonus, do Papa Jo\u00e3o Paulo II, sobre a C\u00faria Romana, refere um comunicado da Secretaria de Estado.O Papa Francisco, formou o grupo atendendo a uma sugest\u00e3o advinda no decorrer das Congrega\u00e7\u00f5es Gerais antes do Conclave.<\/p>\n<p>O grupo \u00e9 formado pelos cardeais:<\/p>\n<p>&#8211; Giuseppe Bertello, Presidente do Governatorato do Estado da Cidade do Vaticano<br \/>\n&#8211; Francisco Javier Errazuriz Ossa, Arcebispo em\u00e9rito de Santiago do Chile<br \/>\n&#8211; Oswald Gracias, Arcebispo de Mumbai (\u00cdndia)<br \/>\n&#8211; Reinhard Marx, Arcebispo de Munique e Fresinga (Alemanha);<br \/>\n&#8211; Laurent Monsengwo Pasinya, Arcebispo de Kinshasa (Rep\u00fablica Democr\u00e1tica do Congo)<br \/>\n&#8211; Sean Patrick O\u2019Malley. O.F.M. Cap., Arcebispo de Boston (EUA);<br \/>\n&#8211; George Pell, Arcebispo de Sidney (Austr\u00e1lia)<br \/>\n&#8211; Oscar Andr\u00e9s Rodr\u00edguez Maradiaga S.D.B., Arcebispo de Tegucigalpa (Honduras), com a fun\u00e7\u00e3o de Coordenador<\/p>\n<p>Faz parte tamb\u00e9m do grupo o Bispo de Albano (It\u00e1lia), Dom Marcello Semeraro, com a fun\u00e7\u00e3o de secret\u00e1rio.<\/p>\n<p>A primeira reuni\u00e3o coletiva do grupo foi fixada para os dias 1\u00ba, 2 e 3 de outubro de 2013. Todavia, desde j\u00e1, Sua Santidade est\u00e1 em contato com os integrantes do mencionado grupo.<\/p>\n<p>O Diretor da Sala de Imprensa da Santa S\u00e9, Pe. Federico Lombardi, disse na coletiva realizada neste s\u00e1bado que o Papa mostrou ter recebido as sugest\u00f5es que o Col\u00e9gio Cardinal\u00edcio manifestou durante as Congrega\u00e7\u00f5es Gerais em prepara\u00e7\u00e3o do Conclave.<\/p>\n<p>&#8220;Este \u00e9 um grupo convocado para aconselhar. Quem realmente ajuda o Papa a governar a Igreja todos os dias com suas diferentes compet\u00eancias \u00e9 a C\u00faria Romana, ou seja, os colaboradores est\u00e1veis e permanentes no governo da Igreja que acompanham o Papa. Parece-me importante ressaltar isso a fim de evitar discursos n\u00e3o pertinentes de colocar em segundo plano o servi\u00e7o da C\u00faria ou a diminui\u00e7\u00e3o de suas responsabilidades. A C\u00faria permanece com todas as suas compet\u00eancias e com todas as suas responsabilidades&#8221;, destacou Pe. Lombardi.<\/p>\n<p>&#8220;Fala-se da primeira reuni\u00e3o em outubro, ent\u00e3o n\u00e3o \u00e9 um grupo que deve se reunir de maneira acelerada, com a sensa\u00e7\u00e3o de emerg\u00eancia. Faltam ainda muitos meses para a primeira reuni\u00e3o. Provavelmente passar\u00e3o meses entre uma reuni\u00e3o e outra. No entanto, isso deve ser decidido pelo Papa no primeiro encontro&#8221;, frisou ainda o jesu\u00edta.<\/p>\n<p>Pe. Lombardi disse que o Papa, neste momento, est\u00e1 fazendo seu trabalho de conhecimento da C\u00faria Romama, de seus colaboradores. Est\u00e3o previstas audi\u00eancias com os prefeitos das Congrega\u00e7\u00f5es e v\u00e1rios organismos vaticanos.<\/p>\n<p><em>Fonte: CNBB<\/em><\/p>\n<div id=\"themify_builder_content-21570\" data-postid=\"21570\" class=\"themify_builder_content themify_builder_content-21570 themify_builder themify_builder_front\">\n\t<\/div>\n<!-- \/themify_builder_content -->","protected":false},"excerpt":{"rendered":"<p>Cardeal Oscar Andr\u00e9s Rodr\u00edguez Maradiaga S.D.B., Arcebispo de Tegucigalpa (Honduras), tem a fun\u00e7\u00e3o de Coordenador no grupo de cardeais composto para aconselhar o governo da Igreja para estudar um projeto de revis\u00e3o da Constitui\u00e7\u00e3o Apost\u00f3lica Pastor Bonus, do Papa Jo\u00e3o Paulo II, sobre a C\u00faria Romana, refere um comunicado da Secretaria de Estado.O Papa Francisco, [&hellip;]<\/p>\n","protected":false},"author":5,"featured_media":0,"comment_status":"open","ping_status":"open","sticky":false,"template":"","format":"standard","meta":{"ngg_post_thumbnail":0,"footnotes":""},"categories":[8],"tags":[2462,2433,2463,2464],"yoast_head":"<!-- This site is optimized with the Yoast SEO plugin v23.5 - https:\/\/yoast.com\/wordpress\/plugins\/seo\/ -->\n<title>Reforma da C\u00faria Romana - O Arcanjo no ar<\/title>\n<meta name=\"robots\" content=\"index, follow, max-snippet:-1, max-image-preview:large, max-video-preview:-1\" \/>\n<link rel=\"canonical\" href=\"https:\/\/www.oarcanjo.net\/site\/reforma-da-curia-romana\/\" \/>\n<meta property=\"og:locale\" content=\"pt_BR\" \/>\n<meta property=\"og:type\" content=\"article\" \/>\n<meta property=\"og:title\" content=\"Reforma da C\u00faria Romana - O Arcanjo no ar\" \/>\n<meta property=\"og:description\" content=\"Cardeal Oscar Andr\u00e9s Rodr\u00edguez Maradiaga S.D.B., Arcebispo de Tegucigalpa (Honduras), tem a fun\u00e7\u00e3o de Coordenador no grupo de cardeais composto para aconselhar o governo da Igreja para estudar um projeto de revis\u00e3o da Constitui\u00e7\u00e3o Apost\u00f3lica Pastor Bonus, do Papa Jo\u00e3o Paulo II, sobre a C\u00faria Romana, refere um comunicado da Secretaria de Estado.O Papa Francisco, [&hellip;]\" \/>\n<meta property=\"og:url\" content=\"https:\/\/www.oarcanjo.net\/site\/reforma-da-curia-romana\/\" \/>\n<meta property=\"og:site_name\" content=\"O Arcanjo no ar\" \/>\n<meta property=\"article:publisher\" content=\"https:\/\/www.facebook.com\/OArcanjoNoAr\/\" \/>\n<meta property=\"article:published_time\" content=\"2013-04-15T18:32:29+00:00\" \/>\n<meta property=\"article:modified_time\" content=\"2013-04-15T18:38:42+00:00\" \/>\n<meta property=\"og:image\" content=\"http:\/\/www.oarcanjo.net\/site\/wp-content\/uploads\/cardeal-oscar-andres-rodriguez-maradiaga-tegucigalpa-honduras-200x300.jpg\" \/>\n<meta name=\"author\" content=\"editor\" \/>\n<meta name=\"twitter:card\" content=\"summary_large_image\" \/>\n<meta name=\"twitter:label1\" content=\"Escrito por\" \/>\n\t<meta name=\"twitter:data1\" content=\"editor\" \/>\n\t<meta name=\"twitter:label2\" content=\"Est. tempo de leitura\" \/>\n\t<meta name=\"twitter:data2\" content=\"2 minutos\" \/>\n<script type=\"application\/ld+json\" class=\"yoast-schema-graph\">{\"@context\":\"https:\/\/schema.org\",\"@graph\":[{\"@type\":\"Article\",\"@id\":\"https:\/\/www.oarcanjo.net\/site\/reforma-da-curia-romana\/#article\",\"isPartOf\":{\"@id\":\"https:\/\/www.oarcanjo.net\/site\/reforma-da-curia-romana\/\"},\"author\":{\"name\":\"editor\",\"@id\":\"https:\/\/www.oarcanjo.net\/site\/#\/schema\/person\/f7024d007863202483a31326673a0838\"},\"headline\":\"Reforma da C\u00faria Romana\",\"datePublished\":\"2013-04-15T18:32:29+00:00\",\"dateModified\":\"2013-04-15T18:38:42+00:00\",\"mainEntityOfPage\":{\"@id\":\"https:\/\/www.oarcanjo.net\/site\/reforma-da-curia-romana\/\"},\"wordCount\":478,\"commentCount\":0,\"publisher\":{\"@id\":\"https:\/\/www.oarcanjo.net\/site\/#organization\"},\"image\":{\"@id\":\"https:\/\/www.oarcanjo.net\/site\/reforma-da-curia-romana\/#primaryimage\"},\"thumbnailUrl\":\"http:\/\/www.oarcanjo.net\/site\/wp-content\/uploads\/cardeal-oscar-andres-rodriguez-maradiaga-tegucigalpa-honduras-200x300.jpg\",\"keywords\":[\"C\u00faria Romana\",\"Papa Francisco\",\"Reforma\",\"Roma\"],\"articleSection\":[\"Not\u00edcias\"],\"inLanguage\":\"pt-BR\",\"potentialAction\":[{\"@type\":\"CommentAction\",\"name\":\"Comment\",\"target\":[\"https:\/\/www.oarcanjo.net\/site\/reforma-da-curia-romana\/#respond\"]}]},{\"@type\":\"WebPage\",\"@id\":\"https:\/\/www.oarcanjo.net\/site\/reforma-da-curia-romana\/\",\"url\":\"https:\/\/www.oarcanjo.net\/site\/reforma-da-curia-romana\/\",\"name\":\"Reforma da C\u00faria Romana - O Arcanjo no ar\",\"isPartOf\":{\"@id\":\"https:\/\/www.oarcanjo.net\/site\/#website\"},\"primaryImageOfPage\":{\"@id\":\"https:\/\/www.oarcanjo.net\/site\/reforma-da-curia-romana\/#primaryimage\"},\"image\":{\"@id\":\"https:\/\/www.oarcanjo.net\/site\/reforma-da-curia-romana\/#primaryimage\"},\"thumbnailUrl\":\"http:\/\/www.oarcanjo.net\/site\/wp-content\/uploads\/cardeal-oscar-andres-rodriguez-maradiaga-tegucigalpa-honduras-200x300.jpg\",\"datePublished\":\"2013-04-15T18:32:29+00:00\",\"dateModified\":\"2013-04-15T18:38:42+00:00\",\"breadcrumb\":{\"@id\":\"https:\/\/www.oarcanjo.net\/site\/reforma-da-curia-romana\/#breadcrumb\"},\"inLanguage\":\"pt-BR\",\"potentialAction\":[{\"@type\":\"ReadAction\",\"target\":[\"https:\/\/www.oarcanjo.net\/site\/reforma-da-curia-romana\/\"]}]},{\"@type\":\"ImageObject\",\"inLanguage\":\"pt-BR\",\"@id\":\"https:\/\/www.oarcanjo.net\/site\/reforma-da-curia-romana\/#primaryimage\",\"url\":\"https:\/\/www.oarcanjo.net\/site\/wp-content\/uploads\/cardeal-oscar-andres-rodriguez-maradiaga-tegucigalpa-honduras.jpg\",\"contentUrl\":\"https:\/\/www.oarcanjo.net\/site\/wp-content\/uploads\/cardeal-oscar-andres-rodriguez-maradiaga-tegucigalpa-honduras.jpg\",\"width\":\"270\",\"height\":\"405\",\"caption\":\"Cardeal Oscar Andr\u00e9s Rodr\u00edguez Maradiaga S.D.B., Arcebispo de Tegucigalpa (Honduras)\"},{\"@type\":\"BreadcrumbList\",\"@id\":\"https:\/\/www.oarcanjo.net\/site\/reforma-da-curia-romana\/#breadcrumb\",\"itemListElement\":[{\"@type\":\"ListItem\",\"position\":1,\"name\":\"In\u00edcio\",\"item\":\"https:\/\/www.oarcanjo.net\/site\/\"},{\"@type\":\"ListItem\",\"position\":2,\"name\":\"Reforma da C\u00faria Romana\"}]},{\"@type\":\"WebSite\",\"@id\":\"https:\/\/www.oarcanjo.net\/site\/#website\",\"url\":\"https:\/\/www.oarcanjo.net\/site\/\",\"name\":\"O Arcanjo no ar\",\"description\":\"Site da Par\u00f3quia S\u00e3o Miguel Arcanjo (Arquidiocese de SP)\",\"publisher\":{\"@id\":\"https:\/\/www.oarcanjo.net\/site\/#organization\"},\"potentialAction\":[{\"@type\":\"SearchAction\",\"target\":{\"@type\":\"EntryPoint\",\"urlTemplate\":\"https:\/\/www.oarcanjo.net\/site\/?s={search_term_string}\"},\"query-input\":{\"@type\":\"PropertyValueSpecification\",\"valueRequired\":true,\"valueName\":\"search_term_string\"}}],\"inLanguage\":\"pt-BR\"},{\"@type\":\"Organization\",\"@id\":\"https:\/\/www.oarcanjo.net\/site\/#organization\",\"name\":\"Par\u00f3quia S\u00e3o Miguel Arcanjo\",\"url\":\"https:\/\/www.oarcanjo.net\/site\/\",\"logo\":{\"@type\":\"ImageObject\",\"inLanguage\":\"pt-BR\",\"@id\":\"https:\/\/www.oarcanjo.net\/site\/#\/schema\/logo\/image\/\",\"url\":\"https:\/\/www.oarcanjo.net\/site\/wp-content\/uploads\/LogoOArcanjo.png\",\"contentUrl\":\"https:\/\/www.oarcanjo.net\/site\/wp-content\/uploads\/LogoOArcanjo.png\",\"width\":319,\"height\":99,\"caption\":\"Par\u00f3quia S\u00e3o Miguel Arcanjo\"},\"image\":{\"@id\":\"https:\/\/www.oarcanjo.net\/site\/#\/schema\/logo\/image\/\"},\"sameAs\":[\"https:\/\/www.facebook.com\/OArcanjoNoAr\/\"]},{\"@type\":\"Person\",\"@id\":\"https:\/\/www.oarcanjo.net\/site\/#\/schema\/person\/f7024d007863202483a31326673a0838\",\"name\":\"editor\",\"sameAs\":[\"http:\/\/www.oarcanjo.net\"]}]}<\/script>\n<!-- \/ Yoast SEO plugin. -->","yoast_head_json":{"title":"Reforma da C\u00faria Romana - O Arcanjo no ar","robots":{"index":"index","follow":"follow","max-snippet":"max-snippet:-1","max-image-preview":"max-image-preview:large","max-video-preview":"max-video-preview:-1"},"canonical":"https:\/\/www.oarcanjo.net\/site\/reforma-da-curia-romana\/","og_locale":"pt_BR","og_type":"article","og_title":"Reforma da C\u00faria Romana - O Arcanjo no ar","og_description":"Cardeal Oscar Andr\u00e9s Rodr\u00edguez Maradiaga S.D.B., Arcebispo de Tegucigalpa (Honduras), tem a fun\u00e7\u00e3o de Coordenador no grupo de cardeais composto para aconselhar o governo da Igreja para estudar um projeto de revis\u00e3o da Constitui\u00e7\u00e3o Apost\u00f3lica Pastor Bonus, do Papa Jo\u00e3o Paulo II, sobre a C\u00faria Romana, refere um comunicado da Secretaria de Estado.O Papa Francisco, [&hellip;]","og_url":"https:\/\/www.oarcanjo.net\/site\/reforma-da-curia-romana\/","og_site_name":"O Arcanjo no ar","article_publisher":"https:\/\/www.facebook.com\/OArcanjoNoAr\/","article_published_time":"2013-04-15T18:32:29+00:00","article_modified_time":"2013-04-15T18:38:42+00:00","og_image":[{"url":"http:\/\/www.oarcanjo.net\/site\/wp-content\/uploads\/cardeal-oscar-andres-rodriguez-maradiaga-tegucigalpa-honduras-200x300.jpg"}],"author":"editor","twitter_card":"summary_large_image","twitter_misc":{"Escrito por":"editor","Est. tempo de leitura":"2 minutos"},"schema":{"@context":"https:\/\/schema.org","@graph":[{"@type":"Article","@id":"https:\/\/www.oarcanjo.net\/site\/reforma-da-curia-romana\/#article","isPartOf":{"@id":"https:\/\/www.oarcanjo.net\/site\/reforma-da-curia-romana\/"},"author":{"name":"editor","@id":"https:\/\/www.oarcanjo.net\/site\/#\/schema\/person\/f7024d007863202483a31326673a0838"},"headline":"Reforma da C\u00faria Romana","datePublished":"2013-04-15T18:32:29+00:00","dateModified":"2013-04-15T18:38:42+00:00","mainEntityOfPage":{"@id":"https:\/\/www.oarcanjo.net\/site\/reforma-da-curia-romana\/"},"wordCount":478,"commentCount":0,"publisher":{"@id":"https:\/\/www.oarcanjo.net\/site\/#organization"},"image":{"@id":"https:\/\/www.oarcanjo.net\/site\/reforma-da-curia-romana\/#primaryimage"},"thumbnailUrl":"http:\/\/www.oarcanjo.net\/site\/wp-content\/uploads\/cardeal-oscar-andres-rodriguez-maradiaga-tegucigalpa-honduras-200x300.jpg","keywords":["C\u00faria Romana","Papa Francisco","Reforma","Roma"],"articleSection":["Not\u00edcias"],"inLanguage":"pt-BR","potentialAction":[{"@type":"CommentAction","name":"Comment","target":["https:\/\/www.oarcanjo.net\/site\/reforma-da-curia-romana\/#respond"]}]},{"@type":"WebPage","@id":"https:\/\/www.oarcanjo.net\/site\/reforma-da-curia-romana\/","url":"https:\/\/www.oarcanjo.net\/site\/reforma-da-curia-romana\/","name":"Reforma da C\u00faria Romana - O Arcanjo no ar","isPartOf":{"@id":"https:\/\/www.oarcanjo.net\/site\/#website"},"primaryImageOfPage":{"@id":"https:\/\/www.oarcanjo.net\/site\/reforma-da-curia-romana\/#primaryimage"},"image":{"@id":"https:\/\/www.oarcanjo.net\/site\/reforma-da-curia-romana\/#primaryimage"},"thumbnailUrl":"http:\/\/www.oarcanjo.net\/site\/wp-content\/uploads\/cardeal-oscar-andres-rodriguez-maradiaga-tegucigalpa-honduras-200x300.jpg","datePublished":"2013-04-15T18:32:29+00:00","dateModified":"2013-04-15T18:38:42+00:00","breadcrumb":{"@id":"https:\/\/www.oarcanjo.net\/site\/reforma-da-curia-romana\/#breadcrumb"},"inLanguage":"pt-BR","potentialAction":[{"@type":"ReadAction","target":["https:\/\/www.oarcanjo.net\/site\/reforma-da-curia-romana\/"]}]},{"@type":"ImageObject","inLanguage":"pt-BR","@id":"https:\/\/www.oarcanjo.net\/site\/reforma-da-curia-romana\/#primaryimage","url":"https:\/\/www.oarcanjo.net\/site\/wp-content\/uploads\/cardeal-oscar-andres-rodriguez-maradiaga-tegucigalpa-honduras.jpg","contentUrl":"https:\/\/www.oarcanjo.net\/site\/wp-content\/uploads\/cardeal-oscar-andres-rodriguez-maradiaga-tegucigalpa-honduras.jpg","width":"270","height":"405","caption":"Cardeal Oscar Andr\u00e9s Rodr\u00edguez Maradiaga S.D.B., Arcebispo de Tegucigalpa (Honduras)"},{"@type":"BreadcrumbList","@id":"https:\/\/www.oarcanjo.net\/site\/reforma-da-curia-romana\/#breadcrumb","itemListElement":[{"@type":"ListItem","position":1,"name":"In\u00edcio","item":"https:\/\/www.oarcanjo.net\/site\/"},{"@type":"ListItem","position":2,"name":"Reforma da C\u00faria Romana"}]},{"@type":"WebSite","@id":"https:\/\/www.oarcanjo.net\/site\/#website","url":"https:\/\/www.oarcanjo.net\/site\/","name":"O Arcanjo no ar","description":"Site da Par\u00f3quia S\u00e3o Miguel Arcanjo (Arquidiocese de SP)","publisher":{"@id":"https:\/\/www.oarcanjo.net\/site\/#organization"},"potentialAction":[{"@type":"SearchAction","target":{"@type":"EntryPoint","urlTemplate":"https:\/\/www.oarcanjo.net\/site\/?s={search_term_string}"},"query-input":{"@type":"PropertyValueSpecification","valueRequired":true,"valueName":"search_term_string"}}],"inLanguage":"pt-BR"},{"@type":"Organization","@id":"https:\/\/www.oarcanjo.net\/site\/#organization","name":"Par\u00f3quia S\u00e3o Miguel Arcanjo","url":"https:\/\/www.oarcanjo.net\/site\/","logo":{"@type":"ImageObject","inLanguage":"pt-BR","@id":"https:\/\/www.oarcanjo.net\/site\/#\/schema\/logo\/image\/","url":"https:\/\/www.oarcanjo.net\/site\/wp-content\/uploads\/LogoOArcanjo.png","contentUrl":"https:\/\/www.oarcanjo.net\/site\/wp-content\/uploads\/LogoOArcanjo.png","width":319,"height":99,"caption":"Par\u00f3quia S\u00e3o Miguel Arcanjo"},"image":{"@id":"https:\/\/www.oarcanjo.net\/site\/#\/schema\/logo\/image\/"},"sameAs":["https:\/\/www.facebook.com\/OArcanjoNoAr\/"]},{"@type":"Person","@id":"https:\/\/www.oarcanjo.net\/site\/#\/schema\/person\/f7024d007863202483a31326673a0838","name":"editor","sameAs":["http:\/\/www.oarcanjo.net"]}]}},"publishpress_future_action":{"enabled":false,"date":"2026-05-07 09:56:15","action":"category","newStatus":"draft","terms":[],"taxonomy":"category"},"publishpress_future_workflow_manual_trigger":{"enabledWorkflows":[]},"_links":{"self":[{"href":"https:\/\/www.oarcanjo.net\/site\/wp-json\/wp\/v2\/posts\/21570"}],"collection":[{"href":"https:\/\/www.oarcanjo.net\/site\/wp-json\/wp\/v2\/posts"}],"about":[{"href":"https:\/\/www.oarcanjo.net\/site\/wp-json\/wp\/v2\/types\/post"}],"author":[{"embeddable":true,"href":"https:\/\/www.oarcanjo.net\/site\/wp-json\/wp\/v2\/users\/5"}],"replies":[{"embeddable":true,"href":"https:\/\/www.oarcanjo.net\/site\/wp-json\/wp\/v2\/comments?post=21570"}],"version-history":[{"count":0,"href":"https:\/\/www.oarcanjo.net\/site\/wp-json\/wp\/v2\/posts\/21570\/revisions"}],"wp:attachment":[{"href":"https:\/\/www.oarcanjo.net\/site\/wp-json\/wp\/v2\/media?parent=21570"}],"wp:term":[{"taxonomy":"category","embeddable":true,"href":"https:\/\/www.oarcanjo.net\/site\/wp-json\/wp\/v2\/categories?post=21570"},{"taxonomy":"post_tag","embeddable":true,"href":"https:\/\/www.oarcanjo.net\/site\/wp-json\/wp\/v2\/tags?post=21570"}],"curies":[{"name":"wp","href":"https:\/\/api.w.org\/{rel}","templated":true}]}}