
{"id":21578,"date":"2013-04-15T15:37:55","date_gmt":"2013-04-15T18:37:55","guid":{"rendered":"http:\/\/www.oarcanjo.net\/site\/?p=21578"},"modified":"2013-04-15T15:37:55","modified_gmt":"2013-04-15T18:37:55","slug":"razoes-a-favor-do-aborto","status":"publish","type":"post","link":"https:\/\/www.oarcanjo.net\/site\/razoes-a-favor-do-aborto\/","title":{"rendered":"Raz\u00f5es a favor do aborto"},"content":{"rendered":"<\/p>\n<p>A recente decis\u00e3o do Conselho Federal de Medicina (CFM) favor\u00e1vel ao aborto at\u00e9 a 12.\u00aa semana de gravidez, dependendo apenas da vontade aut\u00f4noma da mulher, d\u00e1-nos a ocasi\u00e3o para tratar mais uma vez desse tema. Ouso escrever novamente sobre o assunto mesmo porque o sil\u00eancio poderia sugerir falta de argumentos, e isso n\u00e3o \u00e9 verdade. Por falar nisso, tratemos de alguns argumentos favor\u00e1veis ao aborto.<\/p>\n<p>O aborto seria aprov\u00e1vel at\u00e9 a 12.\u00aa semana de gesta\u00e7\u00e3o porque o tubo neural do feto ainda n\u00e3o se formou? Assim, a sua condi\u00e7\u00e3o equivaleria \u00e0 de um morto cerebral? Mas se assim fosse, como justificar os estudos e pr\u00e1ticas de psicologia e de psiquiatria que se ocupam da vida humana desde uma fase bem anterior a 12 semanas de gesta\u00e7\u00e3o? A condi\u00e7\u00e3o de um morto cerebral nunca pode ser equiparada \u00e0 de um feto, que est\u00e1 em plena din\u00e2mica vital.<\/p>\n<p>Na vida humana, n\u00e3o se pode estabelecer uma fase que j\u00e1 n\u00e3o seja humana desde o seu primeiro in\u00edcio, na fecunda\u00e7\u00e3o. Aquilo que aparece na 13.\u00aa semana j\u00e1 existia tamb\u00e9m desde a primeira semana de gesta\u00e7\u00e3o: um ser humano vivo. Embora ainda n\u00e3o esteja completo, ele j\u00e1 existe em sua identidade humana, que n\u00e3o se inicia somente na 13.\u00aa semana de gesta\u00e7\u00e3o.<\/p>\n<p>Legalizar o aborto valorizaria a autonomia da mulher e o respeito pela sua decis\u00e3o livre? A quest\u00e3o n\u00e3o est\u00e1 bem colocada. A decis\u00e3o n\u00e3o envolve exclusivamente a mulher, mas tamb\u00e9m a vida de mais um ser humano; e a liberdade de um n\u00e3o pode prejudicar o direito do outro. O feto ou beb\u00ea, enquanto \u00e9 gerado, n\u00e3o \u00e9 parte do corpo da mulher, mas j\u00e1 \u00e9 um outro ser humano, que tem o direito de viver e de ser amado.<\/p>\n<p>O aborto implica a supress\u00e3o da vida de um ser humano e esse ato n\u00e3o pode ser considerado um direito de ningu\u00e9m, nem valorizaria a dignidade da mulher. Sabe-se quantas consequ\u00eancias e quantos sofrimentos, inclusive ps\u00edquicos, esse ato causa \u00e0 mulher. O sofrimento de uma gravidez indesejada ou dif\u00edcil pode ser aliviado e n\u00e3o pode ser equiparado ao dano causado por um aborto, sobretudo porque se trata de uma vida suprimida.<\/p>\n<p>Afirma-se que o Estado brasileiro \u00e9 laico e n\u00e3o deveria levar em conta argumentos de tipo religioso. Esse \u00e9 um sofisma frequente e mal esconde uma discrimina\u00e7\u00e3o religiosa contra o direito \u00e0 livre manifesta\u00e7\u00e3o dos cidad\u00e3os. Al\u00e9m disso, os direitos humanos independem de religi\u00e3o e valem para todos, tanto como benef\u00edcio quanto como imperativo \u00e9tico. No caso do aborto, n\u00e3o se trata de quest\u00e3o religiosa, mas do mais elementar direito humano \u00e0 vida.<\/p>\n<p>Pa\u00edses desenvolvidos seriam favor\u00e1veis ao aborto e s\u00f3 os obscurantistas, fundamentalistas e fan\u00e1ticos seriam contr\u00e1rios \u00e0 sua aprova\u00e7\u00e3o. Ser\u00e1 mesmo? Dar aos adultos e fortes a possibilidade de dispor da vida de indefesos e inocentes, at\u00e9 ao ponto de suprimi-los, n\u00e3o parece um sinal de verdadeiro desenvolvimento, mas de retorno \u00e0 lei da selva.<\/p>\n<p>O bem da sociedade justificaria a elimina\u00e7\u00e3o dos indesejados, dos defeituosos e doentes, das &#8220;vidas invi\u00e1veis&#8221; antes mesmo de nascerem? Foi com semelhantes racioc\u00ednios, habilmente apresentados, que regimes totalit\u00e1rios, cru\u00e9is e desumanos eliminaram milh\u00f5es de seres humanos considerados inferiores ou n\u00e3o dignos de viver.<\/p>\n<p>A maioria das pessoas seria favor\u00e1vel ao aborto? Isso requer uma verifica\u00e7\u00e3o s\u00e9ria, pois n\u00e3o parece verdade. Mesmo se fosse, o direito de matar pessoas n\u00e3o pode ser submetido \u00e0 vontade da maioria; h\u00e1 coisas que independem de consenso por serem verdades ou direitos inalien\u00e1veis. Ningu\u00e9m pensaria em submeter a uma decis\u00e3o consensual o direito a respirar, comer ou dormir. Muito menos ainda, o direito de viver!<\/p>\n<p>A viol\u00eancia sexual, que viola a &#8220;dignidade sexual&#8221; da mulher, ou certas situa\u00e7\u00f5es de injusti\u00e7a social, que d\u00e3o origem \u00e0 pobreza, legitimariam, talvez, o aborto? O problema \u00e9 que, dessa forma, se decretaria de maneira simplista a pena de morte contra um ser humano inocente e indefeso, em vez de atingir os verdadeiros culpados por injusti\u00e7as e viol\u00eancias.<\/p>\n<p>Fala-se que h\u00e1 males que v\u00eam para bem. Assim, mesmo admitindo que o aborto seja um mal, considera-se que dele resultaria um bem, pois se evitariam os sofrimentos de &#8220;vidas in\u00fateis&#8221;, o fardo social de seres humanos improdutivos, o aumento da pobreza e a temida explos\u00e3o demogr\u00e1fica. \u00c9 preciso lembrar, contudo, que os fins n\u00e3o justificam os meios. Os males sociais e os da sa\u00fade precisam ser enfrentados, mas jamais mediante a nega\u00e7\u00e3o do direito \u00e0 vida das pessoas.<\/p>\n<p>Diz-se ainda que os pa\u00edses mais desenvolvidos j\u00e1 liberaram o aborto e a n\u00e3o legaliza\u00e7\u00e3o dessa pr\u00e1tica seria um sinal de atraso. Por certo, o descontrole na pr\u00e1tica do aborto em cl\u00ednicas especializadas, ou por m\u00e3os inexperientes, \u00e9 um sinal de atraso e de pouco respeito \u00e0 vida humana ou \u00e0 lei que a protege. A solu\u00e7\u00e3o seria, ent\u00e3o, a legaliza\u00e7\u00e3o do aborto? N\u00e3o o seria, antes, mediante uma aten\u00e7\u00e3o maior \u00e0 sa\u00fade das gestantes e \u00e0 educa\u00e7\u00e3o para comportamentos sexuais dignos e respons\u00e1veis, sem o recurso \u00e0 f\u00f3rmula simplista e inaceit\u00e1vel da supress\u00e3o de vidas indefesas e inocentes?<\/p>\n<p>N\u00e3o \u00e9 por demais ingl\u00f3rio manifestar-se sobre essa quest\u00e3o antip\u00e1tica, recebendo o carimbo de &#8220;conservador&#8221; e &#8220;mente fechada&#8221;? Dia mais, dia menos, o aborto ser\u00e1 aprovado; existem press\u00f5es muito fortes sobre os legisladores e diversos interesses est\u00e3o em jogo. Vale mesmo a pena? Eis o problema. A quest\u00e3o delicada da dignidade humana e do direito \u00e0 vida \u00e9 demasiado s\u00e9ria para ficar ref\u00e9m da press\u00e3o ideol\u00f3gica.<\/p>\n<p>N\u00e3o \u00e9 quest\u00e3o religiosa, mas de direitos humanos. S\u00f3 haveria uma maneira de mudar essa vis\u00e3o: se fosse provado, de maneira convincente, que o feto ou o beb\u00ea ainda n\u00e3o nascido n\u00e3o \u00e9 um ser humano. Mas esse \u00e9 um outro discurso, longo e complexo. Afirmamos que \u00e9 um ser humano e, portanto, seu mais elementar direito, que \u00e9 viver, n\u00e3o lhe deve ser negado.<\/p>\n<p><em>Publicado em O ESTADO DE S.PAULO ed. 13\/4\/2013<br \/>\nCardeal dom Odilo Scherer<\/em><\/p>\n<div id=\"themify_builder_content-21578\" data-postid=\"21578\" class=\"themify_builder_content themify_builder_content-21578 themify_builder themify_builder_front\">\n\t<\/div>\n<!-- \/themify_builder_content -->","protected":false},"excerpt":{"rendered":"<p>A recente decis\u00e3o do Conselho Federal de Medicina (CFM) favor\u00e1vel ao aborto at\u00e9 a 12.\u00aa semana de gravidez, dependendo apenas da vontade aut\u00f4noma da mulher, d\u00e1-nos a ocasi\u00e3o para tratar mais uma vez desse tema. Ouso escrever novamente sobre o assunto mesmo porque o sil\u00eancio poderia sugerir falta de argumentos, e isso n\u00e3o \u00e9 verdade. [&hellip;]<\/p>\n","protected":false},"author":5,"featured_media":0,"comment_status":"open","ping_status":"open","sticky":false,"template":"","format":"standard","meta":{"ngg_post_thumbnail":0,"footnotes":""},"categories":[9],"tags":[61,62],"yoast_head":"<!-- This site is optimized with the Yoast SEO plugin v23.5 - https:\/\/yoast.com\/wordpress\/plugins\/seo\/ -->\n<title>Raz\u00f5es a favor do aborto - O Arcanjo no ar<\/title>\n<meta name=\"robots\" content=\"index, follow, max-snippet:-1, max-image-preview:large, max-video-preview:-1\" \/>\n<link rel=\"canonical\" href=\"https:\/\/www.oarcanjo.net\/site\/razoes-a-favor-do-aborto\/\" \/>\n<meta property=\"og:locale\" content=\"pt_BR\" \/>\n<meta property=\"og:type\" content=\"article\" \/>\n<meta property=\"og:title\" content=\"Raz\u00f5es a favor do aborto - O Arcanjo no ar\" \/>\n<meta property=\"og:description\" content=\"A recente decis\u00e3o do Conselho Federal de Medicina (CFM) favor\u00e1vel ao aborto at\u00e9 a 12.\u00aa semana de gravidez, dependendo apenas da vontade aut\u00f4noma da mulher, d\u00e1-nos a ocasi\u00e3o para tratar mais uma vez desse tema. Ouso escrever novamente sobre o assunto mesmo porque o sil\u00eancio poderia sugerir falta de argumentos, e isso n\u00e3o \u00e9 verdade. [&hellip;]\" \/>\n<meta property=\"og:url\" content=\"https:\/\/www.oarcanjo.net\/site\/razoes-a-favor-do-aborto\/\" \/>\n<meta property=\"og:site_name\" content=\"O Arcanjo no ar\" \/>\n<meta property=\"article:publisher\" content=\"https:\/\/www.facebook.com\/OArcanjoNoAr\/\" \/>\n<meta property=\"article:published_time\" content=\"2013-04-15T18:37:55+00:00\" \/>\n<meta property=\"og:image\" content=\"https:\/\/www.oarcanjo.net\/site\/wp-content\/uploads\/logo-o-arcanjo-no-ar-facebook.png\" \/>\n\t<meta property=\"og:image:width\" content=\"300\" \/>\n\t<meta property=\"og:image:height\" content=\"300\" \/>\n\t<meta property=\"og:image:type\" content=\"image\/png\" \/>\n<meta name=\"author\" content=\"editor\" \/>\n<meta name=\"twitter:card\" content=\"summary_large_image\" \/>\n<meta name=\"twitter:label1\" content=\"Escrito por\" \/>\n\t<meta name=\"twitter:data1\" content=\"editor\" \/>\n\t<meta name=\"twitter:label2\" content=\"Est. tempo de leitura\" \/>\n\t<meta name=\"twitter:data2\" content=\"5 minutos\" \/>\n<script type=\"application\/ld+json\" class=\"yoast-schema-graph\">{\"@context\":\"https:\/\/schema.org\",\"@graph\":[{\"@type\":\"Article\",\"@id\":\"https:\/\/www.oarcanjo.net\/site\/razoes-a-favor-do-aborto\/#article\",\"isPartOf\":{\"@id\":\"https:\/\/www.oarcanjo.net\/site\/razoes-a-favor-do-aborto\/\"},\"author\":{\"name\":\"editor\",\"@id\":\"https:\/\/www.oarcanjo.net\/site\/#\/schema\/person\/f7024d007863202483a31326673a0838\"},\"headline\":\"Raz\u00f5es a favor do aborto\",\"datePublished\":\"2013-04-15T18:37:55+00:00\",\"dateModified\":\"2013-04-15T18:37:55+00:00\",\"mainEntityOfPage\":{\"@id\":\"https:\/\/www.oarcanjo.net\/site\/razoes-a-favor-do-aborto\/\"},\"wordCount\":1063,\"commentCount\":2,\"publisher\":{\"@id\":\"https:\/\/www.oarcanjo.net\/site\/#organization\"},\"keywords\":[\"aborto\",\"vida\"],\"articleSection\":[\"Reflex\u00f5es\"],\"inLanguage\":\"pt-BR\",\"potentialAction\":[{\"@type\":\"CommentAction\",\"name\":\"Comment\",\"target\":[\"https:\/\/www.oarcanjo.net\/site\/razoes-a-favor-do-aborto\/#respond\"]}]},{\"@type\":\"WebPage\",\"@id\":\"https:\/\/www.oarcanjo.net\/site\/razoes-a-favor-do-aborto\/\",\"url\":\"https:\/\/www.oarcanjo.net\/site\/razoes-a-favor-do-aborto\/\",\"name\":\"Raz\u00f5es a favor do aborto - O Arcanjo no ar\",\"isPartOf\":{\"@id\":\"https:\/\/www.oarcanjo.net\/site\/#website\"},\"datePublished\":\"2013-04-15T18:37:55+00:00\",\"dateModified\":\"2013-04-15T18:37:55+00:00\",\"breadcrumb\":{\"@id\":\"https:\/\/www.oarcanjo.net\/site\/razoes-a-favor-do-aborto\/#breadcrumb\"},\"inLanguage\":\"pt-BR\",\"potentialAction\":[{\"@type\":\"ReadAction\",\"target\":[\"https:\/\/www.oarcanjo.net\/site\/razoes-a-favor-do-aborto\/\"]}]},{\"@type\":\"BreadcrumbList\",\"@id\":\"https:\/\/www.oarcanjo.net\/site\/razoes-a-favor-do-aborto\/#breadcrumb\",\"itemListElement\":[{\"@type\":\"ListItem\",\"position\":1,\"name\":\"In\u00edcio\",\"item\":\"https:\/\/www.oarcanjo.net\/site\/\"},{\"@type\":\"ListItem\",\"position\":2,\"name\":\"Raz\u00f5es a favor do aborto\"}]},{\"@type\":\"WebSite\",\"@id\":\"https:\/\/www.oarcanjo.net\/site\/#website\",\"url\":\"https:\/\/www.oarcanjo.net\/site\/\",\"name\":\"O Arcanjo no ar\",\"description\":\"Site da Par\u00f3quia S\u00e3o Miguel Arcanjo (Arquidiocese de SP)\",\"publisher\":{\"@id\":\"https:\/\/www.oarcanjo.net\/site\/#organization\"},\"potentialAction\":[{\"@type\":\"SearchAction\",\"target\":{\"@type\":\"EntryPoint\",\"urlTemplate\":\"https:\/\/www.oarcanjo.net\/site\/?s={search_term_string}\"},\"query-input\":{\"@type\":\"PropertyValueSpecification\",\"valueRequired\":true,\"valueName\":\"search_term_string\"}}],\"inLanguage\":\"pt-BR\"},{\"@type\":\"Organization\",\"@id\":\"https:\/\/www.oarcanjo.net\/site\/#organization\",\"name\":\"Par\u00f3quia S\u00e3o Miguel Arcanjo\",\"url\":\"https:\/\/www.oarcanjo.net\/site\/\",\"logo\":{\"@type\":\"ImageObject\",\"inLanguage\":\"pt-BR\",\"@id\":\"https:\/\/www.oarcanjo.net\/site\/#\/schema\/logo\/image\/\",\"url\":\"https:\/\/www.oarcanjo.net\/site\/wp-content\/uploads\/LogoOArcanjo.png\",\"contentUrl\":\"https:\/\/www.oarcanjo.net\/site\/wp-content\/uploads\/LogoOArcanjo.png\",\"width\":319,\"height\":99,\"caption\":\"Par\u00f3quia S\u00e3o Miguel Arcanjo\"},\"image\":{\"@id\":\"https:\/\/www.oarcanjo.net\/site\/#\/schema\/logo\/image\/\"},\"sameAs\":[\"https:\/\/www.facebook.com\/OArcanjoNoAr\/\"]},{\"@type\":\"Person\",\"@id\":\"https:\/\/www.oarcanjo.net\/site\/#\/schema\/person\/f7024d007863202483a31326673a0838\",\"name\":\"editor\",\"sameAs\":[\"http:\/\/www.oarcanjo.net\"]}]}<\/script>\n<!-- \/ Yoast SEO plugin. -->","yoast_head_json":{"title":"Raz\u00f5es a favor do aborto - O Arcanjo no ar","robots":{"index":"index","follow":"follow","max-snippet":"max-snippet:-1","max-image-preview":"max-image-preview:large","max-video-preview":"max-video-preview:-1"},"canonical":"https:\/\/www.oarcanjo.net\/site\/razoes-a-favor-do-aborto\/","og_locale":"pt_BR","og_type":"article","og_title":"Raz\u00f5es a favor do aborto - O Arcanjo no ar","og_description":"A recente decis\u00e3o do Conselho Federal de Medicina (CFM) favor\u00e1vel ao aborto at\u00e9 a 12.\u00aa semana de gravidez, dependendo apenas da vontade aut\u00f4noma da mulher, d\u00e1-nos a ocasi\u00e3o para tratar mais uma vez desse tema. Ouso escrever novamente sobre o assunto mesmo porque o sil\u00eancio poderia sugerir falta de argumentos, e isso n\u00e3o \u00e9 verdade. [&hellip;]","og_url":"https:\/\/www.oarcanjo.net\/site\/razoes-a-favor-do-aborto\/","og_site_name":"O Arcanjo no ar","article_publisher":"https:\/\/www.facebook.com\/OArcanjoNoAr\/","article_published_time":"2013-04-15T18:37:55+00:00","og_image":[{"width":300,"height":300,"url":"https:\/\/www.oarcanjo.net\/site\/wp-content\/uploads\/logo-o-arcanjo-no-ar-facebook.png","type":"image\/png"}],"author":"editor","twitter_card":"summary_large_image","twitter_misc":{"Escrito por":"editor","Est. tempo de leitura":"5 minutos"},"schema":{"@context":"https:\/\/schema.org","@graph":[{"@type":"Article","@id":"https:\/\/www.oarcanjo.net\/site\/razoes-a-favor-do-aborto\/#article","isPartOf":{"@id":"https:\/\/www.oarcanjo.net\/site\/razoes-a-favor-do-aborto\/"},"author":{"name":"editor","@id":"https:\/\/www.oarcanjo.net\/site\/#\/schema\/person\/f7024d007863202483a31326673a0838"},"headline":"Raz\u00f5es a favor do aborto","datePublished":"2013-04-15T18:37:55+00:00","dateModified":"2013-04-15T18:37:55+00:00","mainEntityOfPage":{"@id":"https:\/\/www.oarcanjo.net\/site\/razoes-a-favor-do-aborto\/"},"wordCount":1063,"commentCount":2,"publisher":{"@id":"https:\/\/www.oarcanjo.net\/site\/#organization"},"keywords":["aborto","vida"],"articleSection":["Reflex\u00f5es"],"inLanguage":"pt-BR","potentialAction":[{"@type":"CommentAction","name":"Comment","target":["https:\/\/www.oarcanjo.net\/site\/razoes-a-favor-do-aborto\/#respond"]}]},{"@type":"WebPage","@id":"https:\/\/www.oarcanjo.net\/site\/razoes-a-favor-do-aborto\/","url":"https:\/\/www.oarcanjo.net\/site\/razoes-a-favor-do-aborto\/","name":"Raz\u00f5es a favor do aborto - O Arcanjo no ar","isPartOf":{"@id":"https:\/\/www.oarcanjo.net\/site\/#website"},"datePublished":"2013-04-15T18:37:55+00:00","dateModified":"2013-04-15T18:37:55+00:00","breadcrumb":{"@id":"https:\/\/www.oarcanjo.net\/site\/razoes-a-favor-do-aborto\/#breadcrumb"},"inLanguage":"pt-BR","potentialAction":[{"@type":"ReadAction","target":["https:\/\/www.oarcanjo.net\/site\/razoes-a-favor-do-aborto\/"]}]},{"@type":"BreadcrumbList","@id":"https:\/\/www.oarcanjo.net\/site\/razoes-a-favor-do-aborto\/#breadcrumb","itemListElement":[{"@type":"ListItem","position":1,"name":"In\u00edcio","item":"https:\/\/www.oarcanjo.net\/site\/"},{"@type":"ListItem","position":2,"name":"Raz\u00f5es a favor do aborto"}]},{"@type":"WebSite","@id":"https:\/\/www.oarcanjo.net\/site\/#website","url":"https:\/\/www.oarcanjo.net\/site\/","name":"O Arcanjo no ar","description":"Site da Par\u00f3quia S\u00e3o Miguel Arcanjo (Arquidiocese de SP)","publisher":{"@id":"https:\/\/www.oarcanjo.net\/site\/#organization"},"potentialAction":[{"@type":"SearchAction","target":{"@type":"EntryPoint","urlTemplate":"https:\/\/www.oarcanjo.net\/site\/?s={search_term_string}"},"query-input":{"@type":"PropertyValueSpecification","valueRequired":true,"valueName":"search_term_string"}}],"inLanguage":"pt-BR"},{"@type":"Organization","@id":"https:\/\/www.oarcanjo.net\/site\/#organization","name":"Par\u00f3quia S\u00e3o Miguel Arcanjo","url":"https:\/\/www.oarcanjo.net\/site\/","logo":{"@type":"ImageObject","inLanguage":"pt-BR","@id":"https:\/\/www.oarcanjo.net\/site\/#\/schema\/logo\/image\/","url":"https:\/\/www.oarcanjo.net\/site\/wp-content\/uploads\/LogoOArcanjo.png","contentUrl":"https:\/\/www.oarcanjo.net\/site\/wp-content\/uploads\/LogoOArcanjo.png","width":319,"height":99,"caption":"Par\u00f3quia S\u00e3o Miguel Arcanjo"},"image":{"@id":"https:\/\/www.oarcanjo.net\/site\/#\/schema\/logo\/image\/"},"sameAs":["https:\/\/www.facebook.com\/OArcanjoNoAr\/"]},{"@type":"Person","@id":"https:\/\/www.oarcanjo.net\/site\/#\/schema\/person\/f7024d007863202483a31326673a0838","name":"editor","sameAs":["http:\/\/www.oarcanjo.net"]}]}},"publishpress_future_action":{"enabled":false,"date":"2026-05-09 04:32:53","action":"category","newStatus":"draft","terms":[],"taxonomy":"category"},"publishpress_future_workflow_manual_trigger":{"enabledWorkflows":[]},"_links":{"self":[{"href":"https:\/\/www.oarcanjo.net\/site\/wp-json\/wp\/v2\/posts\/21578"}],"collection":[{"href":"https:\/\/www.oarcanjo.net\/site\/wp-json\/wp\/v2\/posts"}],"about":[{"href":"https:\/\/www.oarcanjo.net\/site\/wp-json\/wp\/v2\/types\/post"}],"author":[{"embeddable":true,"href":"https:\/\/www.oarcanjo.net\/site\/wp-json\/wp\/v2\/users\/5"}],"replies":[{"embeddable":true,"href":"https:\/\/www.oarcanjo.net\/site\/wp-json\/wp\/v2\/comments?post=21578"}],"version-history":[{"count":0,"href":"https:\/\/www.oarcanjo.net\/site\/wp-json\/wp\/v2\/posts\/21578\/revisions"}],"wp:attachment":[{"href":"https:\/\/www.oarcanjo.net\/site\/wp-json\/wp\/v2\/media?parent=21578"}],"wp:term":[{"taxonomy":"category","embeddable":true,"href":"https:\/\/www.oarcanjo.net\/site\/wp-json\/wp\/v2\/categories?post=21578"},{"taxonomy":"post_tag","embeddable":true,"href":"https:\/\/www.oarcanjo.net\/site\/wp-json\/wp\/v2\/tags?post=21578"}],"curies":[{"name":"wp","href":"https:\/\/api.w.org\/{rel}","templated":true}]}}