
{"id":2167,"date":"2009-03-02T01:26:05","date_gmt":"2009-03-02T04:26:05","guid":{"rendered":"http:\/\/www.oarcanjo.net\/site\/?p=2167"},"modified":"2009-04-10T13:18:00","modified_gmt":"2009-04-10T16:18:00","slug":"avisos-de-domingo-01032009","status":"publish","type":"post","link":"https:\/\/www.oarcanjo.net\/site\/avisos-de-domingo-01032009\/","title":{"rendered":"Avisos de domingo, 01\/03\/2009"},"content":{"rendered":"<p>Assista abaixo:<\/p>\n<p><video style=\"width: 100%; height: auto; aspect-ratio: 480\/334; border: none; overflow: hidden;\" controls>\n                <source src=\"mms:\/\/mms.bizmedia.com.br\/bizmedia\/Avisos20090301-final.wmv\" type=\"video\/x-ms-wmv\">\n                <source src=\"mms:\/\/mms.bizmedia.com.br\/bizmedia\/Avisos20090301-final.wmv\" type=\"video\/wmv\">\n                Your browser does not support the video tag.\n            <\/video><\/p>\n<hr \/>\n<p>* Come\u00e7a nesta segunda-feira, dia 2, o Curso de Teologia do Setor Bel\u00e9m. As aulas ser\u00e3o toda segunda-feira, das 19h30 \u00e0s 21h30, no Centro Pastoral S\u00e3o Jos\u00e9 (Av. Alvaro Ramos, 366).<\/p>\n<p>* Na primeira sexta-feira do m\u00eas, \u00e0s 7h acontece a missa do Cora\u00e7\u00e3o de Jesus e \u00e0s 20h30 o ter\u00e7o dos homens.<\/p>\n<p>* S\u00e1bado, dia 07\/03, o Setor Bel\u00e9m far\u00e1 peregrina\u00e7\u00e3o do Ano Paulino at\u00e9 o santu\u00e1rio S\u00e3o Paulo Ap\u00f3stolo. A sa\u00edda da par\u00f3quia S\u00e3o Miguel ser\u00e1 \u00e0s 9h30.<\/p>\n<p>* Domingo, 08\/03 \u00e9 o Dia Internacional da Mulher.<\/p>\n<p>* O site O Arcanjo no ar j\u00e1 publicou a Via Sacra para a Quaresma.<\/p>\n<div id=\"themify_builder_content-2167\" data-postid=\"2167\" class=\"themify_builder_content themify_builder_content-2167 themify_builder themify_builder_front\">\n\t<\/div>\n<!-- \/themify_builder_content -->","protected":false},"excerpt":{"rendered":"<p>Assista abaixo: Your browser does not support the video tag. * Come\u00e7a nesta segunda-feira, dia 2, o Curso de Teologia do Setor Bel\u00e9m. As aulas ser\u00e3o toda segunda-feira, das 19h30 \u00e0s 21h30, no Centro Pastoral S\u00e3o Jos\u00e9 (Av. Alvaro Ramos, 366). * Na primeira sexta-feira do m\u00eas, \u00e0s 7h acontece a missa do Cora\u00e7\u00e3o de [&hellip;]<\/p>\n","protected":false},"author":2,"featured_media":0,"comment_status":"open","ping_status":"open","sticky":false,"template":"","format":"standard","meta":{"ngg_post_thumbnail":0,"footnotes":""},"categories":[476],"tags":[265,266,299,298,297,294],"yoast_head":"<!-- This site is optimized with the Yoast SEO plugin v23.5 - https:\/\/yoast.com\/wordpress\/plugins\/seo\/ -->\n<title>Avisos de domingo, 01\/03\/2009 - O Arcanjo no ar<\/title>\n<meta name=\"robots\" content=\"index, follow, max-snippet:-1, max-image-preview:large, max-video-preview:-1\" \/>\n<link rel=\"canonical\" href=\"https:\/\/www.oarcanjo.net\/site\/avisos-de-domingo-01032009\/\" \/>\n<meta property=\"og:locale\" content=\"pt_BR\" \/>\n<meta property=\"og:type\" content=\"article\" \/>\n<meta property=\"og:title\" content=\"Avisos de domingo, 01\/03\/2009 - O Arcanjo no ar\" \/>\n<meta property=\"og:description\" content=\"Assista abaixo: Your browser does not support the video tag. * Come\u00e7a nesta segunda-feira, dia 2, o Curso de Teologia do Setor Bel\u00e9m. As aulas ser\u00e3o toda segunda-feira, das 19h30 \u00e0s 21h30, no Centro Pastoral S\u00e3o Jos\u00e9 (Av. Alvaro Ramos, 366). * Na primeira sexta-feira do m\u00eas, \u00e0s 7h acontece a missa do Cora\u00e7\u00e3o de [&hellip;]\" \/>\n<meta property=\"og:url\" content=\"https:\/\/www.oarcanjo.net\/site\/avisos-de-domingo-01032009\/\" \/>\n<meta property=\"og:site_name\" content=\"O Arcanjo no ar\" \/>\n<meta property=\"article:publisher\" content=\"https:\/\/www.facebook.com\/OArcanjoNoAr\/\" \/>\n<meta property=\"article:published_time\" content=\"2009-03-02T04:26:05+00:00\" \/>\n<meta property=\"article:modified_time\" content=\"2009-04-10T16:18:00+00:00\" \/>\n<meta property=\"og:image\" content=\"https:\/\/www.oarcanjo.net\/site\/wp-content\/uploads\/logo-o-arcanjo-no-ar-facebook.png\" \/>\n\t<meta property=\"og:image:width\" content=\"300\" \/>\n\t<meta property=\"og:image:height\" content=\"300\" \/>\n\t<meta property=\"og:image:type\" content=\"image\/png\" \/>\n<meta name=\"author\" content=\"rubens.meyer\" \/>\n<meta name=\"twitter:card\" content=\"summary_large_image\" \/>\n<meta name=\"twitter:label1\" content=\"Escrito por\" \/>\n\t<meta name=\"twitter:data1\" content=\"rubens.meyer\" \/>\n\t<meta name=\"twitter:label2\" content=\"Est. tempo de leitura\" \/>\n\t<meta name=\"twitter:data2\" content=\"1 minuto\" \/>\n<script type=\"application\/ld+json\" class=\"yoast-schema-graph\">{\"@context\":\"https:\/\/schema.org\",\"@graph\":[{\"@type\":\"Article\",\"@id\":\"https:\/\/www.oarcanjo.net\/site\/avisos-de-domingo-01032009\/#article\",\"isPartOf\":{\"@id\":\"https:\/\/www.oarcanjo.net\/site\/avisos-de-domingo-01032009\/\"},\"author\":{\"name\":\"rubens.meyer\",\"@id\":\"https:\/\/www.oarcanjo.net\/site\/#\/schema\/person\/8f702af457b0cfb4ac1a7228ee23f026\"},\"headline\":\"Avisos de domingo, 01\/03\/2009\",\"datePublished\":\"2009-03-02T04:26:05+00:00\",\"dateModified\":\"2009-04-10T16:18:00+00:00\",\"mainEntityOfPage\":{\"@id\":\"https:\/\/www.oarcanjo.net\/site\/avisos-de-domingo-01032009\/\"},\"wordCount\":126,\"commentCount\":0,\"publisher\":{\"@id\":\"https:\/\/www.oarcanjo.net\/site\/#organization\"},\"keywords\":[\"ano paulino\",\"Curso de Teologia\",\"dia internacional da mulher\",\"peregrina\u00e7\u00e3o\",\"ter\u00e7o dos homens\",\"Via Sacra\"],\"articleSection\":[\"Avisos\"],\"inLanguage\":\"pt-BR\",\"potentialAction\":[{\"@type\":\"CommentAction\",\"name\":\"Comment\",\"target\":[\"https:\/\/www.oarcanjo.net\/site\/avisos-de-domingo-01032009\/#respond\"]}]},{\"@type\":\"WebPage\",\"@id\":\"https:\/\/www.oarcanjo.net\/site\/avisos-de-domingo-01032009\/\",\"url\":\"https:\/\/www.oarcanjo.net\/site\/avisos-de-domingo-01032009\/\",\"name\":\"Avisos de domingo, 01\/03\/2009 - O Arcanjo no ar\",\"isPartOf\":{\"@id\":\"https:\/\/www.oarcanjo.net\/site\/#website\"},\"datePublished\":\"2009-03-02T04:26:05+00:00\",\"dateModified\":\"2009-04-10T16:18:00+00:00\",\"breadcrumb\":{\"@id\":\"https:\/\/www.oarcanjo.net\/site\/avisos-de-domingo-01032009\/#breadcrumb\"},\"inLanguage\":\"pt-BR\",\"potentialAction\":[{\"@type\":\"ReadAction\",\"target\":[\"https:\/\/www.oarcanjo.net\/site\/avisos-de-domingo-01032009\/\"]}]},{\"@type\":\"BreadcrumbList\",\"@id\":\"https:\/\/www.oarcanjo.net\/site\/avisos-de-domingo-01032009\/#breadcrumb\",\"itemListElement\":[{\"@type\":\"ListItem\",\"position\":1,\"name\":\"In\u00edcio\",\"item\":\"https:\/\/www.oarcanjo.net\/site\/\"},{\"@type\":\"ListItem\",\"position\":2,\"name\":\"Avisos de domingo, 01\/03\/2009\"}]},{\"@type\":\"WebSite\",\"@id\":\"https:\/\/www.oarcanjo.net\/site\/#website\",\"url\":\"https:\/\/www.oarcanjo.net\/site\/\",\"name\":\"O Arcanjo no ar\",\"description\":\"Site da Par\u00f3quia S\u00e3o Miguel Arcanjo (Arquidiocese de SP)\",\"publisher\":{\"@id\":\"https:\/\/www.oarcanjo.net\/site\/#organization\"},\"potentialAction\":[{\"@type\":\"SearchAction\",\"target\":{\"@type\":\"EntryPoint\",\"urlTemplate\":\"https:\/\/www.oarcanjo.net\/site\/?s={search_term_string}\"},\"query-input\":{\"@type\":\"PropertyValueSpecification\",\"valueRequired\":true,\"valueName\":\"search_term_string\"}}],\"inLanguage\":\"pt-BR\"},{\"@type\":\"Organization\",\"@id\":\"https:\/\/www.oarcanjo.net\/site\/#organization\",\"name\":\"Par\u00f3quia S\u00e3o Miguel Arcanjo\",\"url\":\"https:\/\/www.oarcanjo.net\/site\/\",\"logo\":{\"@type\":\"ImageObject\",\"inLanguage\":\"pt-BR\",\"@id\":\"https:\/\/www.oarcanjo.net\/site\/#\/schema\/logo\/image\/\",\"url\":\"https:\/\/www.oarcanjo.net\/site\/wp-content\/uploads\/LogoOArcanjo.png\",\"contentUrl\":\"https:\/\/www.oarcanjo.net\/site\/wp-content\/uploads\/LogoOArcanjo.png\",\"width\":319,\"height\":99,\"caption\":\"Par\u00f3quia S\u00e3o Miguel Arcanjo\"},\"image\":{\"@id\":\"https:\/\/www.oarcanjo.net\/site\/#\/schema\/logo\/image\/\"},\"sameAs\":[\"https:\/\/www.facebook.com\/OArcanjoNoAr\/\"]},{\"@type\":\"Person\",\"@id\":\"https:\/\/www.oarcanjo.net\/site\/#\/schema\/person\/8f702af457b0cfb4ac1a7228ee23f026\",\"name\":\"rubens.meyer\"}]}<\/script>\n<!-- \/ Yoast SEO plugin. -->","yoast_head_json":{"title":"Avisos de domingo, 01\/03\/2009 - O Arcanjo no ar","robots":{"index":"index","follow":"follow","max-snippet":"max-snippet:-1","max-image-preview":"max-image-preview:large","max-video-preview":"max-video-preview:-1"},"canonical":"https:\/\/www.oarcanjo.net\/site\/avisos-de-domingo-01032009\/","og_locale":"pt_BR","og_type":"article","og_title":"Avisos de domingo, 01\/03\/2009 - O Arcanjo no ar","og_description":"Assista abaixo: Your browser does not support the video tag. * Come\u00e7a nesta segunda-feira, dia 2, o Curso de Teologia do Setor Bel\u00e9m. As aulas ser\u00e3o toda segunda-feira, das 19h30 \u00e0s 21h30, no Centro Pastoral S\u00e3o Jos\u00e9 (Av. Alvaro Ramos, 366). * Na primeira sexta-feira do m\u00eas, \u00e0s 7h acontece a missa do Cora\u00e7\u00e3o de [&hellip;]","og_url":"https:\/\/www.oarcanjo.net\/site\/avisos-de-domingo-01032009\/","og_site_name":"O Arcanjo no ar","article_publisher":"https:\/\/www.facebook.com\/OArcanjoNoAr\/","article_published_time":"2009-03-02T04:26:05+00:00","article_modified_time":"2009-04-10T16:18:00+00:00","og_image":[{"width":300,"height":300,"url":"https:\/\/www.oarcanjo.net\/site\/wp-content\/uploads\/logo-o-arcanjo-no-ar-facebook.png","type":"image\/png"}],"author":"rubens.meyer","twitter_card":"summary_large_image","twitter_misc":{"Escrito por":"rubens.meyer","Est. tempo de leitura":"1 minuto"},"schema":{"@context":"https:\/\/schema.org","@graph":[{"@type":"Article","@id":"https:\/\/www.oarcanjo.net\/site\/avisos-de-domingo-01032009\/#article","isPartOf":{"@id":"https:\/\/www.oarcanjo.net\/site\/avisos-de-domingo-01032009\/"},"author":{"name":"rubens.meyer","@id":"https:\/\/www.oarcanjo.net\/site\/#\/schema\/person\/8f702af457b0cfb4ac1a7228ee23f026"},"headline":"Avisos de domingo, 01\/03\/2009","datePublished":"2009-03-02T04:26:05+00:00","dateModified":"2009-04-10T16:18:00+00:00","mainEntityOfPage":{"@id":"https:\/\/www.oarcanjo.net\/site\/avisos-de-domingo-01032009\/"},"wordCount":126,"commentCount":0,"publisher":{"@id":"https:\/\/www.oarcanjo.net\/site\/#organization"},"keywords":["ano paulino","Curso de Teologia","dia internacional da mulher","peregrina\u00e7\u00e3o","ter\u00e7o dos homens","Via Sacra"],"articleSection":["Avisos"],"inLanguage":"pt-BR","potentialAction":[{"@type":"CommentAction","name":"Comment","target":["https:\/\/www.oarcanjo.net\/site\/avisos-de-domingo-01032009\/#respond"]}]},{"@type":"WebPage","@id":"https:\/\/www.oarcanjo.net\/site\/avisos-de-domingo-01032009\/","url":"https:\/\/www.oarcanjo.net\/site\/avisos-de-domingo-01032009\/","name":"Avisos de domingo, 01\/03\/2009 - O Arcanjo no ar","isPartOf":{"@id":"https:\/\/www.oarcanjo.net\/site\/#website"},"datePublished":"2009-03-02T04:26:05+00:00","dateModified":"2009-04-10T16:18:00+00:00","breadcrumb":{"@id":"https:\/\/www.oarcanjo.net\/site\/avisos-de-domingo-01032009\/#breadcrumb"},"inLanguage":"pt-BR","potentialAction":[{"@type":"ReadAction","target":["https:\/\/www.oarcanjo.net\/site\/avisos-de-domingo-01032009\/"]}]},{"@type":"BreadcrumbList","@id":"https:\/\/www.oarcanjo.net\/site\/avisos-de-domingo-01032009\/#breadcrumb","itemListElement":[{"@type":"ListItem","position":1,"name":"In\u00edcio","item":"https:\/\/www.oarcanjo.net\/site\/"},{"@type":"ListItem","position":2,"name":"Avisos de domingo, 01\/03\/2009"}]},{"@type":"WebSite","@id":"https:\/\/www.oarcanjo.net\/site\/#website","url":"https:\/\/www.oarcanjo.net\/site\/","name":"O Arcanjo no ar","description":"Site da Par\u00f3quia S\u00e3o Miguel Arcanjo (Arquidiocese de SP)","publisher":{"@id":"https:\/\/www.oarcanjo.net\/site\/#organization"},"potentialAction":[{"@type":"SearchAction","target":{"@type":"EntryPoint","urlTemplate":"https:\/\/www.oarcanjo.net\/site\/?s={search_term_string}"},"query-input":{"@type":"PropertyValueSpecification","valueRequired":true,"valueName":"search_term_string"}}],"inLanguage":"pt-BR"},{"@type":"Organization","@id":"https:\/\/www.oarcanjo.net\/site\/#organization","name":"Par\u00f3quia S\u00e3o Miguel Arcanjo","url":"https:\/\/www.oarcanjo.net\/site\/","logo":{"@type":"ImageObject","inLanguage":"pt-BR","@id":"https:\/\/www.oarcanjo.net\/site\/#\/schema\/logo\/image\/","url":"https:\/\/www.oarcanjo.net\/site\/wp-content\/uploads\/LogoOArcanjo.png","contentUrl":"https:\/\/www.oarcanjo.net\/site\/wp-content\/uploads\/LogoOArcanjo.png","width":319,"height":99,"caption":"Par\u00f3quia S\u00e3o Miguel Arcanjo"},"image":{"@id":"https:\/\/www.oarcanjo.net\/site\/#\/schema\/logo\/image\/"},"sameAs":["https:\/\/www.facebook.com\/OArcanjoNoAr\/"]},{"@type":"Person","@id":"https:\/\/www.oarcanjo.net\/site\/#\/schema\/person\/8f702af457b0cfb4ac1a7228ee23f026","name":"rubens.meyer"}]}},"publishpress_future_action":{"enabled":false,"date":"2026-05-07 04:38:40","action":"category","newStatus":"draft","terms":[],"taxonomy":"category"},"publishpress_future_workflow_manual_trigger":{"enabledWorkflows":[]},"_links":{"self":[{"href":"https:\/\/www.oarcanjo.net\/site\/wp-json\/wp\/v2\/posts\/2167"}],"collection":[{"href":"https:\/\/www.oarcanjo.net\/site\/wp-json\/wp\/v2\/posts"}],"about":[{"href":"https:\/\/www.oarcanjo.net\/site\/wp-json\/wp\/v2\/types\/post"}],"author":[{"embeddable":true,"href":"https:\/\/www.oarcanjo.net\/site\/wp-json\/wp\/v2\/users\/2"}],"replies":[{"embeddable":true,"href":"https:\/\/www.oarcanjo.net\/site\/wp-json\/wp\/v2\/comments?post=2167"}],"version-history":[{"count":0,"href":"https:\/\/www.oarcanjo.net\/site\/wp-json\/wp\/v2\/posts\/2167\/revisions"}],"wp:attachment":[{"href":"https:\/\/www.oarcanjo.net\/site\/wp-json\/wp\/v2\/media?parent=2167"}],"wp:term":[{"taxonomy":"category","embeddable":true,"href":"https:\/\/www.oarcanjo.net\/site\/wp-json\/wp\/v2\/categories?post=2167"},{"taxonomy":"post_tag","embeddable":true,"href":"https:\/\/www.oarcanjo.net\/site\/wp-json\/wp\/v2\/tags?post=2167"}],"curies":[{"name":"wp","href":"https:\/\/api.w.org\/{rel}","templated":true}]}}