
{"id":21712,"date":"2013-04-22T10:51:21","date_gmt":"2013-04-22T13:51:21","guid":{"rendered":"http:\/\/www.oarcanjo.net\/site\/?p=21712"},"modified":"2013-04-22T10:51:21","modified_gmt":"2013-04-22T13:51:21","slug":"uma-igreja-despojada-servidora-e-pobre","status":"publish","type":"post","link":"https:\/\/www.oarcanjo.net\/site\/uma-igreja-despojada-servidora-e-pobre\/","title":{"rendered":"Uma Igreja despojada, servidora e pobre"},"content":{"rendered":"<p>Padre Geovane Saraiva*<\/p>\n<p>Jesus recebeu a miss\u00e3o de abra\u00e7ar a cruz, em total fidelidade ao pai, que percebemos com clareza na celebra\u00e7\u00e3o da Paix\u00e3o, sempre marcada por um profundo sil\u00eancio, que nos leva compreender o despojamento e o aniquilamento, dentro do mist\u00e9rio salv\u00edfico do Filho Deus.<\/p>\n<p>Temos um Papa que nos encanta e nos emociona, ocasi\u00e3o oportuna para ainda termos diante dos nossos olhos o pastor da paz e da ternura, Dom Helder C\u00e2mara, que com grande sabedoria dizia que tinha pena dos empobrecidos, dos sem abrigo, e mais pena ainda, sentia dos instalados e enraizados, como se este mundo fosse morada permanente.<\/p>\n<p>\u00c9 o sopro do Esp\u00edrito Santo atrav\u00e9s do Conc\u00edlio vaticano II, iniciado com O Papa Jo\u00e3o XXIII, o Papa da bondade, agora que se transforma em realidade no Papa Francisco, levando adiante o projeto de Francisco de Assis, num esp\u00edrito de total abertura e permanente esfor\u00e7o em favor da paz e do di\u00e1logo entre as pessoas, classes e for\u00e7as vivas do planeta, que clama diante da dor, da desorganiza\u00e7\u00e3o e do gemido da sociedade, sonhando com uma Igreja repleta de esperan\u00e7a, uma Igreja que mostre seu verdadeiro rosto pascal.<\/p>\n<p>Tamb\u00e9m somos convidados a recordar a pessoa de Dom Alo\u00edsio Lorscheider, aquele que melhor compreendeu o Conc\u00edlio Vaticano II, num esfor\u00e7o de vivenci\u00e1-lo, numa atitude prof\u00e9tica e corajosa sabedoria, ao afirmar: \u201cO vaticano II faz-nos passar de uma Igreja-Institui\u00e7\u00e3o, de uma Igreja-sociedade perfeita para uma Igreja-comunidade, inserida no mundo, a servi\u00e7o do reino de Deus; de uma Igreja-poder para uma Igreja pobre, despojada, peregrina; de uma Igreja-autoridade para uma Igreja serva, servidora, ministerial; de uma Igreja piramidal para uma Igreja-povo; de uma Igreja pura e sem mancha para uma Igreja santa e pecadora, sempre necessitada de convers\u00e3o, de reforma; de uma Igreja-cristandade para uma Igreja-miss\u00e3o, uma Igreja toda mission\u00e1ria\u201d.<\/p>\n<p>A Escritora Lya Luft, mesmo n\u00e3o sendo uma cat\u00f3lica praticante, disse palavras bel\u00edssimas a respeito do Papa Francisco: \u201cMas que ningu\u00e9m se engane e se iluda, ali existe uma alma terna e f\u00e9rrea, como precisamos todos n\u00f3s na figura de um pai, e ele \u00e9 o pai. Francisco, Francesco, como o gostoso som italiano, escolheu como inspira\u00e7\u00e3o aquele de Assis. Foi eleito para ser pai de um rebanho incont\u00e1vel e olha para, al\u00e9m disso, dirigindo uma b\u00ean\u00e7\u00e3o aos n\u00e3o crentes, coisa rara at\u00e9 onde sei\u2026\u201d (Revista Veja, p. 20. Ed. 2314).<\/p>\n<p>O Servo dos Servos de Deus manteve tradi\u00e7\u00e3o de quando era arcebispo de Buenos Aires , lavando os p\u00e9s de pessoas humildes: \u201cQuem est\u00e1 no ponto mais alto deve servir aos outros\u201d, disse o Papa, ao presidir pela primeira vez como Sumo Pont\u00edfice os tradicionais ritos da Semana Santa. \u201cIsso \u00e9 um s\u00edmbolo e um gesto: lavar os p\u00e9s quer dizer que estou a servi\u00e7o\u201d, explicou o novo Papa a um grupo de cerca de 50 detentos de v\u00e1rias nacionalidades que participaram da missa.<\/p>\n<p>Veja sua mensagem aos idosos em 2005, quando era Arcebispo de Buenos Aires: \u201c\u00c0s vezes levamos os velhos ao geriatra. Guardamo-los como a um sobretudo no arm\u00e1rio. S\u00f3 faltaria colocarmos tamb\u00e9m alguma bolinhas de naftalina em seus bolsos. Mas n\u00e3o pode ser assim. \u00c9 preciso am\u00e1-los\u201d. Deus seja louvado porque temos um Papa completo, para o mundo hodierno, com todos os seus desafios.<\/p>\n<p>*Padre da Arquidiocese de Fortaleza, Escritor, Membro da Academia de Letras dos Munic\u00edpios do Estado Cear\u00e1 (ALMECE), da Academia Metropolitana de Letras de Fortaleza e Vice-Presidente da Previd\u00eancia Sacerdotal. P\u00e1roco de Santo Afonso \u2013 geovanesaraiva@gmail.com<\/p>\n<div id=\"themify_builder_content-21712\" data-postid=\"21712\" class=\"themify_builder_content themify_builder_content-21712 themify_builder themify_builder_front\">\n\t<\/div>\n<!-- \/themify_builder_content -->","protected":false},"excerpt":{"rendered":"<p>Padre Geovane Saraiva* Jesus recebeu a miss\u00e3o de abra\u00e7ar a cruz, em total fidelidade ao pai, que percebemos com clareza na celebra\u00e7\u00e3o da Paix\u00e3o, sempre marcada por um profundo sil\u00eancio, que nos leva compreender o despojamento e o aniquilamento, dentro do mist\u00e9rio salv\u00edfico do Filho Deus. Temos um Papa que nos encanta e nos emociona, [&hellip;]<\/p>\n","protected":false},"author":17,"featured_media":0,"comment_status":"open","ping_status":"open","sticky":false,"template":"","format":"standard","meta":{"ngg_post_thumbnail":0,"footnotes":""},"categories":[9],"tags":[],"yoast_head":"<!-- This site is optimized with the Yoast SEO plugin v23.5 - https:\/\/yoast.com\/wordpress\/plugins\/seo\/ -->\n<title>Uma Igreja despojada, servidora e pobre - O Arcanjo no ar<\/title>\n<meta name=\"robots\" content=\"index, follow, max-snippet:-1, max-image-preview:large, max-video-preview:-1\" \/>\n<link rel=\"canonical\" href=\"https:\/\/www.oarcanjo.net\/site\/uma-igreja-despojada-servidora-e-pobre\/\" \/>\n<meta property=\"og:locale\" content=\"pt_BR\" \/>\n<meta property=\"og:type\" content=\"article\" \/>\n<meta property=\"og:title\" content=\"Uma Igreja despojada, servidora e pobre - O Arcanjo no ar\" \/>\n<meta property=\"og:description\" content=\"Padre Geovane Saraiva* Jesus recebeu a miss\u00e3o de abra\u00e7ar a cruz, em total fidelidade ao pai, que percebemos com clareza na celebra\u00e7\u00e3o da Paix\u00e3o, sempre marcada por um profundo sil\u00eancio, que nos leva compreender o despojamento e o aniquilamento, dentro do mist\u00e9rio salv\u00edfico do Filho Deus. Temos um Papa que nos encanta e nos emociona, [&hellip;]\" \/>\n<meta property=\"og:url\" content=\"https:\/\/www.oarcanjo.net\/site\/uma-igreja-despojada-servidora-e-pobre\/\" \/>\n<meta property=\"og:site_name\" content=\"O Arcanjo no ar\" \/>\n<meta property=\"article:publisher\" content=\"https:\/\/www.facebook.com\/OArcanjoNoAr\/\" \/>\n<meta property=\"article:published_time\" content=\"2013-04-22T13:51:21+00:00\" \/>\n<meta property=\"og:image\" content=\"https:\/\/www.oarcanjo.net\/site\/wp-content\/uploads\/logo-o-arcanjo-no-ar-facebook.png\" \/>\n\t<meta property=\"og:image:width\" content=\"300\" \/>\n\t<meta property=\"og:image:height\" content=\"300\" \/>\n\t<meta property=\"og:image:type\" content=\"image\/png\" \/>\n<meta name=\"author\" content=\"pe.geovane\" \/>\n<meta name=\"twitter:card\" content=\"summary_large_image\" \/>\n<meta name=\"twitter:label1\" content=\"Escrito por\" \/>\n\t<meta name=\"twitter:data1\" content=\"pe.geovane\" \/>\n\t<meta name=\"twitter:label2\" content=\"Est. tempo de leitura\" \/>\n\t<meta name=\"twitter:data2\" content=\"3 minutos\" \/>\n<script type=\"application\/ld+json\" class=\"yoast-schema-graph\">{\"@context\":\"https:\/\/schema.org\",\"@graph\":[{\"@type\":\"Article\",\"@id\":\"https:\/\/www.oarcanjo.net\/site\/uma-igreja-despojada-servidora-e-pobre\/#article\",\"isPartOf\":{\"@id\":\"https:\/\/www.oarcanjo.net\/site\/uma-igreja-despojada-servidora-e-pobre\/\"},\"author\":{\"name\":\"pe.geovane\",\"@id\":\"https:\/\/www.oarcanjo.net\/site\/#\/schema\/person\/58d7f78850a973b8e467c7ae4a7eb4ad\"},\"headline\":\"Uma Igreja despojada, servidora e pobre\",\"datePublished\":\"2013-04-22T13:51:21+00:00\",\"dateModified\":\"2013-04-22T13:51:21+00:00\",\"mainEntityOfPage\":{\"@id\":\"https:\/\/www.oarcanjo.net\/site\/uma-igreja-despojada-servidora-e-pobre\/\"},\"wordCount\":628,\"commentCount\":0,\"publisher\":{\"@id\":\"https:\/\/www.oarcanjo.net\/site\/#organization\"},\"articleSection\":[\"Reflex\u00f5es\"],\"inLanguage\":\"pt-BR\",\"potentialAction\":[{\"@type\":\"CommentAction\",\"name\":\"Comment\",\"target\":[\"https:\/\/www.oarcanjo.net\/site\/uma-igreja-despojada-servidora-e-pobre\/#respond\"]}]},{\"@type\":\"WebPage\",\"@id\":\"https:\/\/www.oarcanjo.net\/site\/uma-igreja-despojada-servidora-e-pobre\/\",\"url\":\"https:\/\/www.oarcanjo.net\/site\/uma-igreja-despojada-servidora-e-pobre\/\",\"name\":\"Uma Igreja despojada, servidora e pobre - O Arcanjo no ar\",\"isPartOf\":{\"@id\":\"https:\/\/www.oarcanjo.net\/site\/#website\"},\"datePublished\":\"2013-04-22T13:51:21+00:00\",\"dateModified\":\"2013-04-22T13:51:21+00:00\",\"breadcrumb\":{\"@id\":\"https:\/\/www.oarcanjo.net\/site\/uma-igreja-despojada-servidora-e-pobre\/#breadcrumb\"},\"inLanguage\":\"pt-BR\",\"potentialAction\":[{\"@type\":\"ReadAction\",\"target\":[\"https:\/\/www.oarcanjo.net\/site\/uma-igreja-despojada-servidora-e-pobre\/\"]}]},{\"@type\":\"BreadcrumbList\",\"@id\":\"https:\/\/www.oarcanjo.net\/site\/uma-igreja-despojada-servidora-e-pobre\/#breadcrumb\",\"itemListElement\":[{\"@type\":\"ListItem\",\"position\":1,\"name\":\"In\u00edcio\",\"item\":\"https:\/\/www.oarcanjo.net\/site\/\"},{\"@type\":\"ListItem\",\"position\":2,\"name\":\"Uma Igreja despojada, servidora e pobre\"}]},{\"@type\":\"WebSite\",\"@id\":\"https:\/\/www.oarcanjo.net\/site\/#website\",\"url\":\"https:\/\/www.oarcanjo.net\/site\/\",\"name\":\"O Arcanjo no ar\",\"description\":\"Site da Par\u00f3quia S\u00e3o Miguel Arcanjo (Arquidiocese de SP)\",\"publisher\":{\"@id\":\"https:\/\/www.oarcanjo.net\/site\/#organization\"},\"potentialAction\":[{\"@type\":\"SearchAction\",\"target\":{\"@type\":\"EntryPoint\",\"urlTemplate\":\"https:\/\/www.oarcanjo.net\/site\/?s={search_term_string}\"},\"query-input\":{\"@type\":\"PropertyValueSpecification\",\"valueRequired\":true,\"valueName\":\"search_term_string\"}}],\"inLanguage\":\"pt-BR\"},{\"@type\":\"Organization\",\"@id\":\"https:\/\/www.oarcanjo.net\/site\/#organization\",\"name\":\"Par\u00f3quia S\u00e3o Miguel Arcanjo\",\"url\":\"https:\/\/www.oarcanjo.net\/site\/\",\"logo\":{\"@type\":\"ImageObject\",\"inLanguage\":\"pt-BR\",\"@id\":\"https:\/\/www.oarcanjo.net\/site\/#\/schema\/logo\/image\/\",\"url\":\"https:\/\/www.oarcanjo.net\/site\/wp-content\/uploads\/LogoOArcanjo.png\",\"contentUrl\":\"https:\/\/www.oarcanjo.net\/site\/wp-content\/uploads\/LogoOArcanjo.png\",\"width\":319,\"height\":99,\"caption\":\"Par\u00f3quia S\u00e3o Miguel Arcanjo\"},\"image\":{\"@id\":\"https:\/\/www.oarcanjo.net\/site\/#\/schema\/logo\/image\/\"},\"sameAs\":[\"https:\/\/www.facebook.com\/OArcanjoNoAr\/\"]},{\"@type\":\"Person\",\"@id\":\"https:\/\/www.oarcanjo.net\/site\/#\/schema\/person\/58d7f78850a973b8e467c7ae4a7eb4ad\",\"name\":\"pe.geovane\"}]}<\/script>\n<!-- \/ Yoast SEO plugin. -->","yoast_head_json":{"title":"Uma Igreja despojada, servidora e pobre - O Arcanjo no ar","robots":{"index":"index","follow":"follow","max-snippet":"max-snippet:-1","max-image-preview":"max-image-preview:large","max-video-preview":"max-video-preview:-1"},"canonical":"https:\/\/www.oarcanjo.net\/site\/uma-igreja-despojada-servidora-e-pobre\/","og_locale":"pt_BR","og_type":"article","og_title":"Uma Igreja despojada, servidora e pobre - O Arcanjo no ar","og_description":"Padre Geovane Saraiva* Jesus recebeu a miss\u00e3o de abra\u00e7ar a cruz, em total fidelidade ao pai, que percebemos com clareza na celebra\u00e7\u00e3o da Paix\u00e3o, sempre marcada por um profundo sil\u00eancio, que nos leva compreender o despojamento e o aniquilamento, dentro do mist\u00e9rio salv\u00edfico do Filho Deus. Temos um Papa que nos encanta e nos emociona, [&hellip;]","og_url":"https:\/\/www.oarcanjo.net\/site\/uma-igreja-despojada-servidora-e-pobre\/","og_site_name":"O Arcanjo no ar","article_publisher":"https:\/\/www.facebook.com\/OArcanjoNoAr\/","article_published_time":"2013-04-22T13:51:21+00:00","og_image":[{"width":300,"height":300,"url":"https:\/\/www.oarcanjo.net\/site\/wp-content\/uploads\/logo-o-arcanjo-no-ar-facebook.png","type":"image\/png"}],"author":"pe.geovane","twitter_card":"summary_large_image","twitter_misc":{"Escrito por":"pe.geovane","Est. tempo de leitura":"3 minutos"},"schema":{"@context":"https:\/\/schema.org","@graph":[{"@type":"Article","@id":"https:\/\/www.oarcanjo.net\/site\/uma-igreja-despojada-servidora-e-pobre\/#article","isPartOf":{"@id":"https:\/\/www.oarcanjo.net\/site\/uma-igreja-despojada-servidora-e-pobre\/"},"author":{"name":"pe.geovane","@id":"https:\/\/www.oarcanjo.net\/site\/#\/schema\/person\/58d7f78850a973b8e467c7ae4a7eb4ad"},"headline":"Uma Igreja despojada, servidora e pobre","datePublished":"2013-04-22T13:51:21+00:00","dateModified":"2013-04-22T13:51:21+00:00","mainEntityOfPage":{"@id":"https:\/\/www.oarcanjo.net\/site\/uma-igreja-despojada-servidora-e-pobre\/"},"wordCount":628,"commentCount":0,"publisher":{"@id":"https:\/\/www.oarcanjo.net\/site\/#organization"},"articleSection":["Reflex\u00f5es"],"inLanguage":"pt-BR","potentialAction":[{"@type":"CommentAction","name":"Comment","target":["https:\/\/www.oarcanjo.net\/site\/uma-igreja-despojada-servidora-e-pobre\/#respond"]}]},{"@type":"WebPage","@id":"https:\/\/www.oarcanjo.net\/site\/uma-igreja-despojada-servidora-e-pobre\/","url":"https:\/\/www.oarcanjo.net\/site\/uma-igreja-despojada-servidora-e-pobre\/","name":"Uma Igreja despojada, servidora e pobre - O Arcanjo no ar","isPartOf":{"@id":"https:\/\/www.oarcanjo.net\/site\/#website"},"datePublished":"2013-04-22T13:51:21+00:00","dateModified":"2013-04-22T13:51:21+00:00","breadcrumb":{"@id":"https:\/\/www.oarcanjo.net\/site\/uma-igreja-despojada-servidora-e-pobre\/#breadcrumb"},"inLanguage":"pt-BR","potentialAction":[{"@type":"ReadAction","target":["https:\/\/www.oarcanjo.net\/site\/uma-igreja-despojada-servidora-e-pobre\/"]}]},{"@type":"BreadcrumbList","@id":"https:\/\/www.oarcanjo.net\/site\/uma-igreja-despojada-servidora-e-pobre\/#breadcrumb","itemListElement":[{"@type":"ListItem","position":1,"name":"In\u00edcio","item":"https:\/\/www.oarcanjo.net\/site\/"},{"@type":"ListItem","position":2,"name":"Uma Igreja despojada, servidora e pobre"}]},{"@type":"WebSite","@id":"https:\/\/www.oarcanjo.net\/site\/#website","url":"https:\/\/www.oarcanjo.net\/site\/","name":"O Arcanjo no ar","description":"Site da Par\u00f3quia S\u00e3o Miguel Arcanjo (Arquidiocese de SP)","publisher":{"@id":"https:\/\/www.oarcanjo.net\/site\/#organization"},"potentialAction":[{"@type":"SearchAction","target":{"@type":"EntryPoint","urlTemplate":"https:\/\/www.oarcanjo.net\/site\/?s={search_term_string}"},"query-input":{"@type":"PropertyValueSpecification","valueRequired":true,"valueName":"search_term_string"}}],"inLanguage":"pt-BR"},{"@type":"Organization","@id":"https:\/\/www.oarcanjo.net\/site\/#organization","name":"Par\u00f3quia S\u00e3o Miguel Arcanjo","url":"https:\/\/www.oarcanjo.net\/site\/","logo":{"@type":"ImageObject","inLanguage":"pt-BR","@id":"https:\/\/www.oarcanjo.net\/site\/#\/schema\/logo\/image\/","url":"https:\/\/www.oarcanjo.net\/site\/wp-content\/uploads\/LogoOArcanjo.png","contentUrl":"https:\/\/www.oarcanjo.net\/site\/wp-content\/uploads\/LogoOArcanjo.png","width":319,"height":99,"caption":"Par\u00f3quia S\u00e3o Miguel Arcanjo"},"image":{"@id":"https:\/\/www.oarcanjo.net\/site\/#\/schema\/logo\/image\/"},"sameAs":["https:\/\/www.facebook.com\/OArcanjoNoAr\/"]},{"@type":"Person","@id":"https:\/\/www.oarcanjo.net\/site\/#\/schema\/person\/58d7f78850a973b8e467c7ae4a7eb4ad","name":"pe.geovane"}]}},"publishpress_future_action":{"enabled":false,"date":"2026-05-09 06:09:19","action":"category","newStatus":"draft","terms":[],"taxonomy":"category"},"publishpress_future_workflow_manual_trigger":{"enabledWorkflows":[]},"_links":{"self":[{"href":"https:\/\/www.oarcanjo.net\/site\/wp-json\/wp\/v2\/posts\/21712"}],"collection":[{"href":"https:\/\/www.oarcanjo.net\/site\/wp-json\/wp\/v2\/posts"}],"about":[{"href":"https:\/\/www.oarcanjo.net\/site\/wp-json\/wp\/v2\/types\/post"}],"author":[{"embeddable":true,"href":"https:\/\/www.oarcanjo.net\/site\/wp-json\/wp\/v2\/users\/17"}],"replies":[{"embeddable":true,"href":"https:\/\/www.oarcanjo.net\/site\/wp-json\/wp\/v2\/comments?post=21712"}],"version-history":[{"count":0,"href":"https:\/\/www.oarcanjo.net\/site\/wp-json\/wp\/v2\/posts\/21712\/revisions"}],"wp:attachment":[{"href":"https:\/\/www.oarcanjo.net\/site\/wp-json\/wp\/v2\/media?parent=21712"}],"wp:term":[{"taxonomy":"category","embeddable":true,"href":"https:\/\/www.oarcanjo.net\/site\/wp-json\/wp\/v2\/categories?post=21712"},{"taxonomy":"post_tag","embeddable":true,"href":"https:\/\/www.oarcanjo.net\/site\/wp-json\/wp\/v2\/tags?post=21712"}],"curies":[{"name":"wp","href":"https:\/\/api.w.org\/{rel}","templated":true}]}}