
{"id":2172,"date":"2009-03-02T21:38:11","date_gmt":"2009-03-03T00:38:11","guid":{"rendered":"http:\/\/www.oarcanjo.net\/site\/?p=2172"},"modified":"2009-03-02T21:38:11","modified_gmt":"2009-03-03T00:38:11","slug":"cf-2009-fraternidade-e-seguranca-publica","status":"publish","type":"post","link":"https:\/\/www.oarcanjo.net\/site\/cf-2009-fraternidade-e-seguranca-publica\/","title":{"rendered":"CF 2009: Fraternidade e Seguran\u00e7a P\u00fablica"},"content":{"rendered":"<p>Maria Clara Lucchetti Bingemer *<\/p>\n<p>Como todos os anos,  no in\u00edcio da Quaresma, a Igreja do Brasil realiza um movimento a n\u00edvel nacional: a Campanha da Fraternidade. Neste ano de 2009, o tema \u00e9 da viol\u00eancia nas urbes brasileiras e o desafio que isso representa para a seguran\u00e7a p\u00fablica. Encontra sua raiz no cora\u00e7\u00e3o da mensagem b\u00edblica, mais exatamente no capitulo 32 do profeta Isaias: a paz n\u00e3o vir\u00e1 sen\u00e3o como fruto da justi\u00e7a.<\/p>\n<p>No texto-base da Campanha \u00e9 apresentada uma reflex\u00e3o sobre o conflito e suas m\u00faltiplas dimens\u00f5es. N\u00e3o sempre ou necessariamente negativo, o conflito faz parte da vida e da conviv\u00eancia humana. Pode ser um conflito de id\u00e9ias ou de decis\u00f5es. Pode acontecer dentro da pr\u00f3pria casa, entre membros de uma mesma fam\u00edlia. A quest\u00e3o \u00e9 a maneira como \u00e9 administrado e resolvido. Pode ser atrav\u00e9s do di\u00e1logo, buscando um consenso; ou da for\u00e7a, da viol\u00eancia, de modo que as opini\u00f5es de uma pessoa prevale\u00e7am sobre as do outro.<\/p>\n<p>O texto deixa claro que conflito n\u00e3o \u00e9 sin\u00f4nimo de viol\u00eancia e que a conviv\u00eancia humana sup\u00f5e e deve administrar diferen\u00e7as e diverg\u00eancias. Estas devem, contudo, ser trabalhadas atrav\u00e9s do di\u00e1logo. E se o consenso se revela mais dif\u00edcil do que parece, h\u00e1 que entrar em cena a figura do mediador. Atualmente o principal e praticamente \u00fanico mediador de conflitos \u00e9 o sistema judici\u00e1rio que verifica, \u00e0 luz da legisla\u00e7\u00e3o, qual das partes tem raz\u00e3o.<\/p>\n<p>A Igreja pretende chamar a aten\u00e7\u00e3o para a necessidade da amplia\u00e7\u00e3o da media\u00e7\u00e3o de conflitos na sociedade brasileira. Est\u00e1 mesmo disposta a criar, para mediar os conflitos mais s\u00e9rios, um minist\u00e9rio ou servi\u00e7o eclesial com essa finalidade. Ao mesmo tempo, disp\u00f5e-se a trabalhar junto aos poderes p\u00fablicos a fim de que a media\u00e7\u00e3o de conflitos se torne uma atividade institucional, e n\u00e3o se reduza a iniciativas isoladas. Existem j\u00e1 propostas de leis no sentido de que n\u00e3o apenas advogados, mas tamb\u00e9m psic\u00f3logos, te\u00f3logos, possam atuar como mediadores de conflitos.<\/p>\n<p>Com respeito \u00e0 viol\u00eancia, j\u00e1 se entra em outro n\u00edvel. E a CF admite tratar-se de um problema primordial e grave no Brasil.  Portanto, deve ser combatido por todos os meios poss\u00edveis, desde a den\u00fancia at\u00e9 a defesa expl\u00edcita, sobretudo daqueles que s\u00e3o mais vulner\u00e1veis. Existe a viol\u00eancia dom\u00e9stica contra a mulher e a crian\u00e7a assim como a do crime organizado. Existe a viol\u00eancia  praticada e sofrida pela pol\u00edcia. Existe ainda o racismo, forma terr\u00edvel de viol\u00eancia simb\u00f3lica. E os abusos expl\u00edcitos contra os direitos humanos: tortura nas pris\u00f5es, trabalho escravo, mis\u00e9ria das grandes maiorias, que pagam o pre\u00e7o da exorbitante riqueza de uns poucos.<\/p>\n<p>Em todos os casos, o que a Campanha pretende demonstrar \u00e9 que toda viol\u00eancia encontra sua raiz em alguma injusti\u00e7a. A perda da maneira correta da rela\u00e7\u00e3o entre pessoas e grupos humanos ser\u00e1 sempre a geradora da viol\u00eancia. A injusti\u00e7a oprime e pressiona at\u00e9 que a rea\u00e7\u00e3o exploda em viol\u00eancia. Cria-se ent\u00e3o uma cultura e uma ind\u00fastria do medo, onde as pessoas constr\u00f3em muros e cercas el\u00e9tricas para defender-se umas das outras.<\/p>\n<p>A CF sabe n\u00e3o poder fazer milagres. Quer, por\u00e9m, suscitar o debate para que cada comunidade levante as situa\u00e7\u00f5es de mais inseguran\u00e7a e viol\u00eancia presentes em seu meio, questione sobre suas causas e procure organizar-se para combat\u00ea-las. A paz verdadeira s\u00f3 poder\u00e1 ser fruto maduro da justi\u00e7a praticada. O problema da seguran\u00e7a p\u00fablica que assola o Brasil s\u00f3 poder\u00e1 ser resolvido quando justi\u00e7a e paz se abra\u00e7arem, tal como diz o Salmo 58,11, apontando para os tempos messi\u00e2nicos.<\/p>\n<p>* Maria Clara Lucchetti Bingemer, te\u00f3loga, professora e decana do Centro de Teologia e Ci\u00eancias Humanas da PUC-Rio, e Diretora Geral de Conte\u00fado do Amai-vos. \u00c9 tamb\u00e9m autora de &#8220;A Argila e o esp\u00edrito &#8211; ensaios sobre \u00e9tica, m\u00edstica e po\u00e9tica&#8221; (Ed. Garamond), entre outros livros.<\/p>\n<p><em>Clique aqui para conhecer o <a href='http:\/\/wwwusers.rdc.puc-rio.br\/agape\/' target=\"_blank\">site pessoal de Maria Clara Lucchetti Bingemer<\/a><\/em><\/p>\n<div id=\"themify_builder_content-2172\" data-postid=\"2172\" class=\"themify_builder_content themify_builder_content-2172 themify_builder themify_builder_front\">\n\t<\/div>\n<!-- \/themify_builder_content -->","protected":false},"excerpt":{"rendered":"<p>Maria Clara Lucchetti Bingemer * Como todos os anos, no in\u00edcio da Quaresma, a Igreja do Brasil realiza um movimento a n\u00edvel nacional: a Campanha da Fraternidade. Neste ano de 2009, o tema \u00e9 da viol\u00eancia nas urbes brasileiras e o desafio que isso representa para a seguran\u00e7a p\u00fablica. Encontra sua raiz no cora\u00e7\u00e3o da [&hellip;]<\/p>\n","protected":false},"author":5,"featured_media":0,"comment_status":"open","ping_status":"open","sticky":false,"template":"","format":"standard","meta":{"ngg_post_thumbnail":0,"footnotes":""},"categories":[241],"tags":[229,230,301,167,231],"yoast_head":"<!-- This site is optimized with the Yoast SEO plugin v23.5 - https:\/\/yoast.com\/wordpress\/plugins\/seo\/ -->\n<title>CF 2009: Fraternidade e Seguran\u00e7a P\u00fablica - O Arcanjo no ar<\/title>\n<meta name=\"robots\" content=\"index, follow, max-snippet:-1, max-image-preview:large, max-video-preview:-1\" \/>\n<link rel=\"canonical\" href=\"https:\/\/www.oarcanjo.net\/site\/cf-2009-fraternidade-e-seguranca-publica\/\" \/>\n<meta property=\"og:locale\" content=\"pt_BR\" \/>\n<meta property=\"og:type\" content=\"article\" \/>\n<meta property=\"og:title\" content=\"CF 2009: Fraternidade e Seguran\u00e7a P\u00fablica - O Arcanjo no ar\" \/>\n<meta property=\"og:description\" content=\"Maria Clara Lucchetti Bingemer * Como todos os anos, no in\u00edcio da Quaresma, a Igreja do Brasil realiza um movimento a n\u00edvel nacional: a Campanha da Fraternidade. Neste ano de 2009, o tema \u00e9 da viol\u00eancia nas urbes brasileiras e o desafio que isso representa para a seguran\u00e7a p\u00fablica. Encontra sua raiz no cora\u00e7\u00e3o da [&hellip;]\" \/>\n<meta property=\"og:url\" content=\"https:\/\/www.oarcanjo.net\/site\/cf-2009-fraternidade-e-seguranca-publica\/\" \/>\n<meta property=\"og:site_name\" content=\"O Arcanjo no ar\" \/>\n<meta property=\"article:publisher\" content=\"https:\/\/www.facebook.com\/OArcanjoNoAr\/\" \/>\n<meta property=\"article:published_time\" content=\"2009-03-03T00:38:11+00:00\" \/>\n<meta property=\"og:image\" content=\"https:\/\/www.oarcanjo.net\/site\/wp-content\/uploads\/logo-o-arcanjo-no-ar-facebook.png\" \/>\n\t<meta property=\"og:image:width\" content=\"300\" \/>\n\t<meta property=\"og:image:height\" content=\"300\" \/>\n\t<meta property=\"og:image:type\" content=\"image\/png\" \/>\n<meta name=\"author\" content=\"editor\" \/>\n<meta name=\"twitter:card\" content=\"summary_large_image\" \/>\n<meta name=\"twitter:label1\" content=\"Escrito por\" \/>\n\t<meta name=\"twitter:data1\" content=\"editor\" \/>\n\t<meta name=\"twitter:label2\" content=\"Est. tempo de leitura\" \/>\n\t<meta name=\"twitter:data2\" content=\"4 minutos\" \/>\n<script type=\"application\/ld+json\" class=\"yoast-schema-graph\">{\"@context\":\"https:\/\/schema.org\",\"@graph\":[{\"@type\":\"Article\",\"@id\":\"https:\/\/www.oarcanjo.net\/site\/cf-2009-fraternidade-e-seguranca-publica\/#article\",\"isPartOf\":{\"@id\":\"https:\/\/www.oarcanjo.net\/site\/cf-2009-fraternidade-e-seguranca-publica\/\"},\"author\":{\"name\":\"editor\",\"@id\":\"https:\/\/www.oarcanjo.net\/site\/#\/schema\/person\/f7024d007863202483a31326673a0838\"},\"headline\":\"CF 2009: Fraternidade e Seguran\u00e7a P\u00fablica\",\"datePublished\":\"2009-03-03T00:38:11+00:00\",\"dateModified\":\"2009-03-03T00:38:11+00:00\",\"mainEntityOfPage\":{\"@id\":\"https:\/\/www.oarcanjo.net\/site\/cf-2009-fraternidade-e-seguranca-publica\/\"},\"wordCount\":732,\"commentCount\":1,\"publisher\":{\"@id\":\"https:\/\/www.oarcanjo.net\/site\/#organization\"},\"keywords\":[\"Campanha da Fraternidade\",\"justi\u00e7a\",\"mediador\",\"paz\",\"seguran\u00e7a\"],\"articleSection\":[\"CF\"],\"inLanguage\":\"pt-BR\",\"potentialAction\":[{\"@type\":\"CommentAction\",\"name\":\"Comment\",\"target\":[\"https:\/\/www.oarcanjo.net\/site\/cf-2009-fraternidade-e-seguranca-publica\/#respond\"]}]},{\"@type\":\"WebPage\",\"@id\":\"https:\/\/www.oarcanjo.net\/site\/cf-2009-fraternidade-e-seguranca-publica\/\",\"url\":\"https:\/\/www.oarcanjo.net\/site\/cf-2009-fraternidade-e-seguranca-publica\/\",\"name\":\"CF 2009: Fraternidade e Seguran\u00e7a P\u00fablica - O Arcanjo no ar\",\"isPartOf\":{\"@id\":\"https:\/\/www.oarcanjo.net\/site\/#website\"},\"datePublished\":\"2009-03-03T00:38:11+00:00\",\"dateModified\":\"2009-03-03T00:38:11+00:00\",\"breadcrumb\":{\"@id\":\"https:\/\/www.oarcanjo.net\/site\/cf-2009-fraternidade-e-seguranca-publica\/#breadcrumb\"},\"inLanguage\":\"pt-BR\",\"potentialAction\":[{\"@type\":\"ReadAction\",\"target\":[\"https:\/\/www.oarcanjo.net\/site\/cf-2009-fraternidade-e-seguranca-publica\/\"]}]},{\"@type\":\"BreadcrumbList\",\"@id\":\"https:\/\/www.oarcanjo.net\/site\/cf-2009-fraternidade-e-seguranca-publica\/#breadcrumb\",\"itemListElement\":[{\"@type\":\"ListItem\",\"position\":1,\"name\":\"In\u00edcio\",\"item\":\"https:\/\/www.oarcanjo.net\/site\/\"},{\"@type\":\"ListItem\",\"position\":2,\"name\":\"CF 2009: Fraternidade e Seguran\u00e7a P\u00fablica\"}]},{\"@type\":\"WebSite\",\"@id\":\"https:\/\/www.oarcanjo.net\/site\/#website\",\"url\":\"https:\/\/www.oarcanjo.net\/site\/\",\"name\":\"O Arcanjo no ar\",\"description\":\"Site da Par\u00f3quia S\u00e3o Miguel Arcanjo (Arquidiocese de SP)\",\"publisher\":{\"@id\":\"https:\/\/www.oarcanjo.net\/site\/#organization\"},\"potentialAction\":[{\"@type\":\"SearchAction\",\"target\":{\"@type\":\"EntryPoint\",\"urlTemplate\":\"https:\/\/www.oarcanjo.net\/site\/?s={search_term_string}\"},\"query-input\":{\"@type\":\"PropertyValueSpecification\",\"valueRequired\":true,\"valueName\":\"search_term_string\"}}],\"inLanguage\":\"pt-BR\"},{\"@type\":\"Organization\",\"@id\":\"https:\/\/www.oarcanjo.net\/site\/#organization\",\"name\":\"Par\u00f3quia S\u00e3o Miguel Arcanjo\",\"url\":\"https:\/\/www.oarcanjo.net\/site\/\",\"logo\":{\"@type\":\"ImageObject\",\"inLanguage\":\"pt-BR\",\"@id\":\"https:\/\/www.oarcanjo.net\/site\/#\/schema\/logo\/image\/\",\"url\":\"https:\/\/www.oarcanjo.net\/site\/wp-content\/uploads\/LogoOArcanjo.png\",\"contentUrl\":\"https:\/\/www.oarcanjo.net\/site\/wp-content\/uploads\/LogoOArcanjo.png\",\"width\":319,\"height\":99,\"caption\":\"Par\u00f3quia S\u00e3o Miguel Arcanjo\"},\"image\":{\"@id\":\"https:\/\/www.oarcanjo.net\/site\/#\/schema\/logo\/image\/\"},\"sameAs\":[\"https:\/\/www.facebook.com\/OArcanjoNoAr\/\"]},{\"@type\":\"Person\",\"@id\":\"https:\/\/www.oarcanjo.net\/site\/#\/schema\/person\/f7024d007863202483a31326673a0838\",\"name\":\"editor\",\"sameAs\":[\"http:\/\/www.oarcanjo.net\"]}]}<\/script>\n<!-- \/ Yoast SEO plugin. -->","yoast_head_json":{"title":"CF 2009: Fraternidade e Seguran\u00e7a P\u00fablica - O Arcanjo no ar","robots":{"index":"index","follow":"follow","max-snippet":"max-snippet:-1","max-image-preview":"max-image-preview:large","max-video-preview":"max-video-preview:-1"},"canonical":"https:\/\/www.oarcanjo.net\/site\/cf-2009-fraternidade-e-seguranca-publica\/","og_locale":"pt_BR","og_type":"article","og_title":"CF 2009: Fraternidade e Seguran\u00e7a P\u00fablica - O Arcanjo no ar","og_description":"Maria Clara Lucchetti Bingemer * Como todos os anos, no in\u00edcio da Quaresma, a Igreja do Brasil realiza um movimento a n\u00edvel nacional: a Campanha da Fraternidade. Neste ano de 2009, o tema \u00e9 da viol\u00eancia nas urbes brasileiras e o desafio que isso representa para a seguran\u00e7a p\u00fablica. Encontra sua raiz no cora\u00e7\u00e3o da [&hellip;]","og_url":"https:\/\/www.oarcanjo.net\/site\/cf-2009-fraternidade-e-seguranca-publica\/","og_site_name":"O Arcanjo no ar","article_publisher":"https:\/\/www.facebook.com\/OArcanjoNoAr\/","article_published_time":"2009-03-03T00:38:11+00:00","og_image":[{"width":300,"height":300,"url":"https:\/\/www.oarcanjo.net\/site\/wp-content\/uploads\/logo-o-arcanjo-no-ar-facebook.png","type":"image\/png"}],"author":"editor","twitter_card":"summary_large_image","twitter_misc":{"Escrito por":"editor","Est. tempo de leitura":"4 minutos"},"schema":{"@context":"https:\/\/schema.org","@graph":[{"@type":"Article","@id":"https:\/\/www.oarcanjo.net\/site\/cf-2009-fraternidade-e-seguranca-publica\/#article","isPartOf":{"@id":"https:\/\/www.oarcanjo.net\/site\/cf-2009-fraternidade-e-seguranca-publica\/"},"author":{"name":"editor","@id":"https:\/\/www.oarcanjo.net\/site\/#\/schema\/person\/f7024d007863202483a31326673a0838"},"headline":"CF 2009: Fraternidade e Seguran\u00e7a P\u00fablica","datePublished":"2009-03-03T00:38:11+00:00","dateModified":"2009-03-03T00:38:11+00:00","mainEntityOfPage":{"@id":"https:\/\/www.oarcanjo.net\/site\/cf-2009-fraternidade-e-seguranca-publica\/"},"wordCount":732,"commentCount":1,"publisher":{"@id":"https:\/\/www.oarcanjo.net\/site\/#organization"},"keywords":["Campanha da Fraternidade","justi\u00e7a","mediador","paz","seguran\u00e7a"],"articleSection":["CF"],"inLanguage":"pt-BR","potentialAction":[{"@type":"CommentAction","name":"Comment","target":["https:\/\/www.oarcanjo.net\/site\/cf-2009-fraternidade-e-seguranca-publica\/#respond"]}]},{"@type":"WebPage","@id":"https:\/\/www.oarcanjo.net\/site\/cf-2009-fraternidade-e-seguranca-publica\/","url":"https:\/\/www.oarcanjo.net\/site\/cf-2009-fraternidade-e-seguranca-publica\/","name":"CF 2009: Fraternidade e Seguran\u00e7a P\u00fablica - O Arcanjo no ar","isPartOf":{"@id":"https:\/\/www.oarcanjo.net\/site\/#website"},"datePublished":"2009-03-03T00:38:11+00:00","dateModified":"2009-03-03T00:38:11+00:00","breadcrumb":{"@id":"https:\/\/www.oarcanjo.net\/site\/cf-2009-fraternidade-e-seguranca-publica\/#breadcrumb"},"inLanguage":"pt-BR","potentialAction":[{"@type":"ReadAction","target":["https:\/\/www.oarcanjo.net\/site\/cf-2009-fraternidade-e-seguranca-publica\/"]}]},{"@type":"BreadcrumbList","@id":"https:\/\/www.oarcanjo.net\/site\/cf-2009-fraternidade-e-seguranca-publica\/#breadcrumb","itemListElement":[{"@type":"ListItem","position":1,"name":"In\u00edcio","item":"https:\/\/www.oarcanjo.net\/site\/"},{"@type":"ListItem","position":2,"name":"CF 2009: Fraternidade e Seguran\u00e7a P\u00fablica"}]},{"@type":"WebSite","@id":"https:\/\/www.oarcanjo.net\/site\/#website","url":"https:\/\/www.oarcanjo.net\/site\/","name":"O Arcanjo no ar","description":"Site da Par\u00f3quia S\u00e3o Miguel Arcanjo (Arquidiocese de SP)","publisher":{"@id":"https:\/\/www.oarcanjo.net\/site\/#organization"},"potentialAction":[{"@type":"SearchAction","target":{"@type":"EntryPoint","urlTemplate":"https:\/\/www.oarcanjo.net\/site\/?s={search_term_string}"},"query-input":{"@type":"PropertyValueSpecification","valueRequired":true,"valueName":"search_term_string"}}],"inLanguage":"pt-BR"},{"@type":"Organization","@id":"https:\/\/www.oarcanjo.net\/site\/#organization","name":"Par\u00f3quia S\u00e3o Miguel Arcanjo","url":"https:\/\/www.oarcanjo.net\/site\/","logo":{"@type":"ImageObject","inLanguage":"pt-BR","@id":"https:\/\/www.oarcanjo.net\/site\/#\/schema\/logo\/image\/","url":"https:\/\/www.oarcanjo.net\/site\/wp-content\/uploads\/LogoOArcanjo.png","contentUrl":"https:\/\/www.oarcanjo.net\/site\/wp-content\/uploads\/LogoOArcanjo.png","width":319,"height":99,"caption":"Par\u00f3quia S\u00e3o Miguel Arcanjo"},"image":{"@id":"https:\/\/www.oarcanjo.net\/site\/#\/schema\/logo\/image\/"},"sameAs":["https:\/\/www.facebook.com\/OArcanjoNoAr\/"]},{"@type":"Person","@id":"https:\/\/www.oarcanjo.net\/site\/#\/schema\/person\/f7024d007863202483a31326673a0838","name":"editor","sameAs":["http:\/\/www.oarcanjo.net"]}]}},"publishpress_future_action":{"enabled":false,"date":"2026-05-08 20:58:58","action":"category","newStatus":"draft","terms":[],"taxonomy":"category"},"publishpress_future_workflow_manual_trigger":{"enabledWorkflows":[]},"_links":{"self":[{"href":"https:\/\/www.oarcanjo.net\/site\/wp-json\/wp\/v2\/posts\/2172"}],"collection":[{"href":"https:\/\/www.oarcanjo.net\/site\/wp-json\/wp\/v2\/posts"}],"about":[{"href":"https:\/\/www.oarcanjo.net\/site\/wp-json\/wp\/v2\/types\/post"}],"author":[{"embeddable":true,"href":"https:\/\/www.oarcanjo.net\/site\/wp-json\/wp\/v2\/users\/5"}],"replies":[{"embeddable":true,"href":"https:\/\/www.oarcanjo.net\/site\/wp-json\/wp\/v2\/comments?post=2172"}],"version-history":[{"count":0,"href":"https:\/\/www.oarcanjo.net\/site\/wp-json\/wp\/v2\/posts\/2172\/revisions"}],"wp:attachment":[{"href":"https:\/\/www.oarcanjo.net\/site\/wp-json\/wp\/v2\/media?parent=2172"}],"wp:term":[{"taxonomy":"category","embeddable":true,"href":"https:\/\/www.oarcanjo.net\/site\/wp-json\/wp\/v2\/categories?post=2172"},{"taxonomy":"post_tag","embeddable":true,"href":"https:\/\/www.oarcanjo.net\/site\/wp-json\/wp\/v2\/tags?post=2172"}],"curies":[{"name":"wp","href":"https:\/\/api.w.org\/{rel}","templated":true}]}}