
{"id":21734,"date":"2013-04-23T21:32:51","date_gmt":"2013-04-24T00:32:51","guid":{"rendered":"http:\/\/www.oarcanjo.net\/site\/?p=21734"},"modified":"2013-04-28T21:33:29","modified_gmt":"2013-04-29T00:33:29","slug":"a-fe-desabrocha-na-caridade","status":"publish","type":"post","link":"https:\/\/www.oarcanjo.net\/site\/a-fe-desabrocha-na-caridade\/","title":{"rendered":"A f\u00e9 desabrocha na caridade"},"content":{"rendered":"<p>Padre Geovane Saraiva*<\/p>\n<p>A f\u00e9 que professamos com todo seu conte\u00fado, n\u00e3o \u00e9 sen\u00e3o, a pessoa de Jesus de Nazar\u00e9, Nosso Senhor Jesus Cristo, em toda sua obra de salva\u00e7\u00e3o, no seu total despojamento, na vida de \u00edntima fidelidade ao Pai, tendo com ponto mais elevado, sua paix\u00e3o morte e ressurrei\u00e7\u00e3o, nas seguras palavras do Ap\u00f3stolo Paulo: \u201cCristo, ressuscitado dos mortos, j\u00e1 n\u00e3o morre; a morte n\u00e3o tem mais poder sobre ele\u201d (Rm 6,9).<\/p>\n<p>\u00c9 o mist\u00e9rio incomensur\u00e1vel da P\u00e1scoa, como luz que ilumina e dar sentido \u00e0 vida humana, nas pessoas convictas e cheias de boa vontade, j\u00e1 na acolhida insond\u00e1vel da encarna\u00e7\u00e3o misteriosa do verbo, que ao entrar no mundo disse: \u201cEis-me aqui, \u00f3 Pai, para realizar a tua vontade\u201d (Hb 10,7).<\/p>\n<p>Dom Alo\u00edsio Lorscheider na sua reflex\u00e3o, intitulada, \u201cLinhas mestras do Conc\u00edlio Ecum\u00eanico Vaticano II\u201d, fala com muita propriedade e ex\u00edmia sabedoria de lhe foi sempre peculiar, entre muitas coisas, que o Papa Jo\u00e3o XXIII n\u00e3o desejava que o Conc\u00edlio fosse uma repeti\u00e7\u00e3o dos Conc\u00edlios Ecum\u00eanicos anteriores. Queria o Papa para os dias de hoje, uma releitura da doutrina j\u00e1 definida no passado. O Vaticano II, segundo o homem, que no meu modo de ver melhor o assimilou, teria de se preocupar fundamentalmente com o caminho necess\u00e1rio para o mundo de hoje abrir-se ao Evangelho: Como evangelizar o mundo de hoje? Como anunciar o Evangelho para o mundo de hoje e como viv\u00ea-lo neste nosso mundo?<\/p>\n<p>O Cardeal Lorscheider, no seu belo e maravilhoso artigo, responde com duas palavras chaves, para que se possa compreender a pastoral e a eclesiologia do Vaticano II: Aggiornamento, como atualiza\u00e7\u00e3o, renova\u00e7\u00e3o, rejuvenescimento, numa Igreja despojada e servidora; Di\u00e1logo da Igreja consigo mesma, com as outras Igrejas e com as outras religi\u00f5es e o mundo dos n\u00e3o crentes. E disse mais: di\u00e1logo \u00e9 sin\u00f4nimo de comunh\u00e3o, participa\u00e7\u00e3o e corresponsabilidade.<\/p>\n<p>Aggiornamento \u00e9 escutar, ir ao encontro, abri-se \u00e0s justas (leg\u00edtimas) exig\u00eancias do mundo de hoje, em suas profundas mudan\u00e7as de estruturas, de modos de ser (culturas), inserindo-se nele para ajud\u00e1-lo, sempre no respeito \u00e0 sua autonomia relativa (seculariza\u00e7\u00e3o), num esp\u00edrito de doa\u00e7\u00e3o, de caridade total, de diaconia, a servi\u00e7o dos anawim, os pobres de Jav\u00e9 (&#8230;).<\/p>\n<p>Di\u00e1logo n\u00e3o \u00e9 pol\u00eamica, controv\u00e9rsia, discuss\u00e3o; \u00e9, sim, dar ao outro o testemunho de uma convic\u00e7\u00e3o \u00edntima que se tem, oferecendo-lhe, ao mesmo tempo, a oportunidade de, por sua vez, dar o testemunho de sua convic\u00e7\u00e3o \u00edntimo. \u00c9 concretamente, sentar juntos e dizer como se entende o Evangelho para os dias de hoje. Que Evangelho anunciar ao mundo de hoje?  E em que Igreja?<\/p>\n<p>Entre as in\u00fameras chaves assinaladas por Dom Alo\u00edsio, disse o inesquec\u00edvel patrim\u00f4nio da Igreja e toda sociedade brasileira, que o ponto de partida do aggiornamento e do di\u00e1logo \u00e9 o pr\u00f3prio Cristo. A Igreja espelhando-se em Cristo, procurando atualizar-se, renovar-se, rejuvenescer-se: ao Cristo vivo deve corresponder uma Igreja viva (cf. Paulo VI, Discurso da 2\u00ba sess\u00e3o conciliar, 29 de setembro de 1963). Os princ\u00edpios vitais da Igreja s\u00e3o a f\u00e9 e a caridade: a f\u00e9 sempre desabrochando na caridade (cf. Gl 5,6), no tr\u00edplice aspecto em que Cristo se revela como Profeta, Sacerdote e Rei.<\/p>\n<p>O nosso querido Papa Francisco, que tem diante dos olhos, na mente e no cora\u00e7\u00e3o o esp\u00edrito do Conc\u00edlio Vaticano II, naquilo que concretamente diz e faz, ao ordenar 10 sacerdotes da Diocese de Roma, neste domingo do Bom Pastor, 21 de abril de 2013, disse em sua homilia: \u201cPe\u00e7o-vos em nome de Cristo e da Igreja, por favor, n\u00e3o vos canseis de ser misericordiosos. Com o \u00f3leo santo dareis al\u00edvio aos doentes e tamb\u00e9m aos idosos: n\u00e3o tenhais vergonha de ter ternura com os idosos\u201d.<\/p>\n<p>No mesmo esp\u00edrito, da f\u00e9 que desabrocha em caridade, disse o Sumo Pont\u00edfice, numa mensagem digerida aos bispos Argentinos, aos 18 de abril de 2013, por ocasi\u00e3o da Assembleia Plen\u00e1ria da Confer\u00eancia Episcopal Argentina: \u201cUma Igreja que n\u00e3o sai, mais cedo ou mais tarde adoece na atmosfera viciada de confinamento. Tamb\u00e9m \u00e9 verdade que uma Igreja que sai, pode acontecer o mesmo quando uma pessoa vai para a rua: pode sofrer um acidente. Perante esta alternativa, quero lhes dizer francamente, que prefiro mil vezes uma Igreja acidentada a uma Igreja doente\u201d.<\/p>\n<p>Vida Pastoral, Julho-Agosto de 2005 (PP. 13-16);<br \/>\nSite: http:\/\/paroquiasantoafonso.org.br<br \/>\nhttp:\/\/blogsantoafonsoce.blogspot.com.br\/<\/p>\n<p>*Padre da Arquidiocese de Fortaleza, Escritor, Membro da Academia de Letras dos Munic\u00edpios do Estado Cear\u00e1 (ALMECE), da Academia Metropolitana de Letras de Fortaleza e Vice-Presidente da Previd\u00eancia Sacerdotal.<br \/>\nP\u00e1roco de Santo Afonso<\/p>\n<div id=\"themify_builder_content-21734\" data-postid=\"21734\" class=\"themify_builder_content themify_builder_content-21734 themify_builder themify_builder_front\">\n\t<\/div>\n<!-- \/themify_builder_content -->","protected":false},"excerpt":{"rendered":"<p>Padre Geovane Saraiva* A f\u00e9 que professamos com todo seu conte\u00fado, n\u00e3o \u00e9 sen\u00e3o, a pessoa de Jesus de Nazar\u00e9, Nosso Senhor Jesus Cristo, em toda sua obra de salva\u00e7\u00e3o, no seu total despojamento, na vida de \u00edntima fidelidade ao Pai, tendo com ponto mais elevado, sua paix\u00e3o morte e ressurrei\u00e7\u00e3o, nas seguras palavras do [&hellip;]<\/p>\n","protected":false},"author":17,"featured_media":0,"comment_status":"open","ping_status":"open","sticky":false,"template":"","format":"standard","meta":{"ngg_post_thumbnail":0,"footnotes":""},"categories":[9],"tags":[],"yoast_head":"<!-- This site is optimized with the Yoast SEO plugin v23.5 - https:\/\/yoast.com\/wordpress\/plugins\/seo\/ -->\n<title>A f\u00e9 desabrocha na caridade - O Arcanjo no ar<\/title>\n<meta name=\"robots\" content=\"index, follow, max-snippet:-1, max-image-preview:large, max-video-preview:-1\" \/>\n<link rel=\"canonical\" href=\"https:\/\/www.oarcanjo.net\/site\/a-fe-desabrocha-na-caridade\/\" \/>\n<meta property=\"og:locale\" content=\"pt_BR\" \/>\n<meta property=\"og:type\" content=\"article\" \/>\n<meta property=\"og:title\" content=\"A f\u00e9 desabrocha na caridade - O Arcanjo no ar\" \/>\n<meta property=\"og:description\" content=\"Padre Geovane Saraiva* A f\u00e9 que professamos com todo seu conte\u00fado, n\u00e3o \u00e9 sen\u00e3o, a pessoa de Jesus de Nazar\u00e9, Nosso Senhor Jesus Cristo, em toda sua obra de salva\u00e7\u00e3o, no seu total despojamento, na vida de \u00edntima fidelidade ao Pai, tendo com ponto mais elevado, sua paix\u00e3o morte e ressurrei\u00e7\u00e3o, nas seguras palavras do [&hellip;]\" \/>\n<meta property=\"og:url\" content=\"https:\/\/www.oarcanjo.net\/site\/a-fe-desabrocha-na-caridade\/\" \/>\n<meta property=\"og:site_name\" content=\"O Arcanjo no ar\" \/>\n<meta property=\"article:publisher\" content=\"https:\/\/www.facebook.com\/OArcanjoNoAr\/\" \/>\n<meta property=\"article:published_time\" content=\"2013-04-24T00:32:51+00:00\" \/>\n<meta property=\"article:modified_time\" content=\"2013-04-29T00:33:29+00:00\" \/>\n<meta property=\"og:image\" content=\"https:\/\/www.oarcanjo.net\/site\/wp-content\/uploads\/logo-o-arcanjo-no-ar-facebook.png\" \/>\n\t<meta property=\"og:image:width\" content=\"300\" \/>\n\t<meta property=\"og:image:height\" content=\"300\" \/>\n\t<meta property=\"og:image:type\" content=\"image\/png\" \/>\n<meta name=\"author\" content=\"pe.geovane\" \/>\n<meta name=\"twitter:card\" content=\"summary_large_image\" \/>\n<meta name=\"twitter:label1\" content=\"Escrito por\" \/>\n\t<meta name=\"twitter:data1\" content=\"pe.geovane\" \/>\n\t<meta name=\"twitter:label2\" content=\"Est. tempo de leitura\" \/>\n\t<meta name=\"twitter:data2\" content=\"4 minutos\" \/>\n<script type=\"application\/ld+json\" class=\"yoast-schema-graph\">{\"@context\":\"https:\/\/schema.org\",\"@graph\":[{\"@type\":\"Article\",\"@id\":\"https:\/\/www.oarcanjo.net\/site\/a-fe-desabrocha-na-caridade\/#article\",\"isPartOf\":{\"@id\":\"https:\/\/www.oarcanjo.net\/site\/a-fe-desabrocha-na-caridade\/\"},\"author\":{\"name\":\"pe.geovane\",\"@id\":\"https:\/\/www.oarcanjo.net\/site\/#\/schema\/person\/58d7f78850a973b8e467c7ae4a7eb4ad\"},\"headline\":\"A f\u00e9 desabrocha na caridade\",\"datePublished\":\"2013-04-24T00:32:51+00:00\",\"dateModified\":\"2013-04-29T00:33:29+00:00\",\"mainEntityOfPage\":{\"@id\":\"https:\/\/www.oarcanjo.net\/site\/a-fe-desabrocha-na-caridade\/\"},\"wordCount\":808,\"commentCount\":0,\"publisher\":{\"@id\":\"https:\/\/www.oarcanjo.net\/site\/#organization\"},\"articleSection\":[\"Reflex\u00f5es\"],\"inLanguage\":\"pt-BR\",\"potentialAction\":[{\"@type\":\"CommentAction\",\"name\":\"Comment\",\"target\":[\"https:\/\/www.oarcanjo.net\/site\/a-fe-desabrocha-na-caridade\/#respond\"]}]},{\"@type\":\"WebPage\",\"@id\":\"https:\/\/www.oarcanjo.net\/site\/a-fe-desabrocha-na-caridade\/\",\"url\":\"https:\/\/www.oarcanjo.net\/site\/a-fe-desabrocha-na-caridade\/\",\"name\":\"A f\u00e9 desabrocha na caridade - O Arcanjo no ar\",\"isPartOf\":{\"@id\":\"https:\/\/www.oarcanjo.net\/site\/#website\"},\"datePublished\":\"2013-04-24T00:32:51+00:00\",\"dateModified\":\"2013-04-29T00:33:29+00:00\",\"breadcrumb\":{\"@id\":\"https:\/\/www.oarcanjo.net\/site\/a-fe-desabrocha-na-caridade\/#breadcrumb\"},\"inLanguage\":\"pt-BR\",\"potentialAction\":[{\"@type\":\"ReadAction\",\"target\":[\"https:\/\/www.oarcanjo.net\/site\/a-fe-desabrocha-na-caridade\/\"]}]},{\"@type\":\"BreadcrumbList\",\"@id\":\"https:\/\/www.oarcanjo.net\/site\/a-fe-desabrocha-na-caridade\/#breadcrumb\",\"itemListElement\":[{\"@type\":\"ListItem\",\"position\":1,\"name\":\"In\u00edcio\",\"item\":\"https:\/\/www.oarcanjo.net\/site\/\"},{\"@type\":\"ListItem\",\"position\":2,\"name\":\"A f\u00e9 desabrocha na caridade\"}]},{\"@type\":\"WebSite\",\"@id\":\"https:\/\/www.oarcanjo.net\/site\/#website\",\"url\":\"https:\/\/www.oarcanjo.net\/site\/\",\"name\":\"O Arcanjo no ar\",\"description\":\"Site da Par\u00f3quia S\u00e3o Miguel Arcanjo (Arquidiocese de SP)\",\"publisher\":{\"@id\":\"https:\/\/www.oarcanjo.net\/site\/#organization\"},\"potentialAction\":[{\"@type\":\"SearchAction\",\"target\":{\"@type\":\"EntryPoint\",\"urlTemplate\":\"https:\/\/www.oarcanjo.net\/site\/?s={search_term_string}\"},\"query-input\":{\"@type\":\"PropertyValueSpecification\",\"valueRequired\":true,\"valueName\":\"search_term_string\"}}],\"inLanguage\":\"pt-BR\"},{\"@type\":\"Organization\",\"@id\":\"https:\/\/www.oarcanjo.net\/site\/#organization\",\"name\":\"Par\u00f3quia S\u00e3o Miguel Arcanjo\",\"url\":\"https:\/\/www.oarcanjo.net\/site\/\",\"logo\":{\"@type\":\"ImageObject\",\"inLanguage\":\"pt-BR\",\"@id\":\"https:\/\/www.oarcanjo.net\/site\/#\/schema\/logo\/image\/\",\"url\":\"https:\/\/www.oarcanjo.net\/site\/wp-content\/uploads\/LogoOArcanjo.png\",\"contentUrl\":\"https:\/\/www.oarcanjo.net\/site\/wp-content\/uploads\/LogoOArcanjo.png\",\"width\":319,\"height\":99,\"caption\":\"Par\u00f3quia S\u00e3o Miguel Arcanjo\"},\"image\":{\"@id\":\"https:\/\/www.oarcanjo.net\/site\/#\/schema\/logo\/image\/\"},\"sameAs\":[\"https:\/\/www.facebook.com\/OArcanjoNoAr\/\"]},{\"@type\":\"Person\",\"@id\":\"https:\/\/www.oarcanjo.net\/site\/#\/schema\/person\/58d7f78850a973b8e467c7ae4a7eb4ad\",\"name\":\"pe.geovane\"}]}<\/script>\n<!-- \/ Yoast SEO plugin. -->","yoast_head_json":{"title":"A f\u00e9 desabrocha na caridade - O Arcanjo no ar","robots":{"index":"index","follow":"follow","max-snippet":"max-snippet:-1","max-image-preview":"max-image-preview:large","max-video-preview":"max-video-preview:-1"},"canonical":"https:\/\/www.oarcanjo.net\/site\/a-fe-desabrocha-na-caridade\/","og_locale":"pt_BR","og_type":"article","og_title":"A f\u00e9 desabrocha na caridade - O Arcanjo no ar","og_description":"Padre Geovane Saraiva* A f\u00e9 que professamos com todo seu conte\u00fado, n\u00e3o \u00e9 sen\u00e3o, a pessoa de Jesus de Nazar\u00e9, Nosso Senhor Jesus Cristo, em toda sua obra de salva\u00e7\u00e3o, no seu total despojamento, na vida de \u00edntima fidelidade ao Pai, tendo com ponto mais elevado, sua paix\u00e3o morte e ressurrei\u00e7\u00e3o, nas seguras palavras do [&hellip;]","og_url":"https:\/\/www.oarcanjo.net\/site\/a-fe-desabrocha-na-caridade\/","og_site_name":"O Arcanjo no ar","article_publisher":"https:\/\/www.facebook.com\/OArcanjoNoAr\/","article_published_time":"2013-04-24T00:32:51+00:00","article_modified_time":"2013-04-29T00:33:29+00:00","og_image":[{"width":300,"height":300,"url":"https:\/\/www.oarcanjo.net\/site\/wp-content\/uploads\/logo-o-arcanjo-no-ar-facebook.png","type":"image\/png"}],"author":"pe.geovane","twitter_card":"summary_large_image","twitter_misc":{"Escrito por":"pe.geovane","Est. tempo de leitura":"4 minutos"},"schema":{"@context":"https:\/\/schema.org","@graph":[{"@type":"Article","@id":"https:\/\/www.oarcanjo.net\/site\/a-fe-desabrocha-na-caridade\/#article","isPartOf":{"@id":"https:\/\/www.oarcanjo.net\/site\/a-fe-desabrocha-na-caridade\/"},"author":{"name":"pe.geovane","@id":"https:\/\/www.oarcanjo.net\/site\/#\/schema\/person\/58d7f78850a973b8e467c7ae4a7eb4ad"},"headline":"A f\u00e9 desabrocha na caridade","datePublished":"2013-04-24T00:32:51+00:00","dateModified":"2013-04-29T00:33:29+00:00","mainEntityOfPage":{"@id":"https:\/\/www.oarcanjo.net\/site\/a-fe-desabrocha-na-caridade\/"},"wordCount":808,"commentCount":0,"publisher":{"@id":"https:\/\/www.oarcanjo.net\/site\/#organization"},"articleSection":["Reflex\u00f5es"],"inLanguage":"pt-BR","potentialAction":[{"@type":"CommentAction","name":"Comment","target":["https:\/\/www.oarcanjo.net\/site\/a-fe-desabrocha-na-caridade\/#respond"]}]},{"@type":"WebPage","@id":"https:\/\/www.oarcanjo.net\/site\/a-fe-desabrocha-na-caridade\/","url":"https:\/\/www.oarcanjo.net\/site\/a-fe-desabrocha-na-caridade\/","name":"A f\u00e9 desabrocha na caridade - O Arcanjo no ar","isPartOf":{"@id":"https:\/\/www.oarcanjo.net\/site\/#website"},"datePublished":"2013-04-24T00:32:51+00:00","dateModified":"2013-04-29T00:33:29+00:00","breadcrumb":{"@id":"https:\/\/www.oarcanjo.net\/site\/a-fe-desabrocha-na-caridade\/#breadcrumb"},"inLanguage":"pt-BR","potentialAction":[{"@type":"ReadAction","target":["https:\/\/www.oarcanjo.net\/site\/a-fe-desabrocha-na-caridade\/"]}]},{"@type":"BreadcrumbList","@id":"https:\/\/www.oarcanjo.net\/site\/a-fe-desabrocha-na-caridade\/#breadcrumb","itemListElement":[{"@type":"ListItem","position":1,"name":"In\u00edcio","item":"https:\/\/www.oarcanjo.net\/site\/"},{"@type":"ListItem","position":2,"name":"A f\u00e9 desabrocha na caridade"}]},{"@type":"WebSite","@id":"https:\/\/www.oarcanjo.net\/site\/#website","url":"https:\/\/www.oarcanjo.net\/site\/","name":"O Arcanjo no ar","description":"Site da Par\u00f3quia S\u00e3o Miguel Arcanjo (Arquidiocese de SP)","publisher":{"@id":"https:\/\/www.oarcanjo.net\/site\/#organization"},"potentialAction":[{"@type":"SearchAction","target":{"@type":"EntryPoint","urlTemplate":"https:\/\/www.oarcanjo.net\/site\/?s={search_term_string}"},"query-input":{"@type":"PropertyValueSpecification","valueRequired":true,"valueName":"search_term_string"}}],"inLanguage":"pt-BR"},{"@type":"Organization","@id":"https:\/\/www.oarcanjo.net\/site\/#organization","name":"Par\u00f3quia S\u00e3o Miguel Arcanjo","url":"https:\/\/www.oarcanjo.net\/site\/","logo":{"@type":"ImageObject","inLanguage":"pt-BR","@id":"https:\/\/www.oarcanjo.net\/site\/#\/schema\/logo\/image\/","url":"https:\/\/www.oarcanjo.net\/site\/wp-content\/uploads\/LogoOArcanjo.png","contentUrl":"https:\/\/www.oarcanjo.net\/site\/wp-content\/uploads\/LogoOArcanjo.png","width":319,"height":99,"caption":"Par\u00f3quia S\u00e3o Miguel Arcanjo"},"image":{"@id":"https:\/\/www.oarcanjo.net\/site\/#\/schema\/logo\/image\/"},"sameAs":["https:\/\/www.facebook.com\/OArcanjoNoAr\/"]},{"@type":"Person","@id":"https:\/\/www.oarcanjo.net\/site\/#\/schema\/person\/58d7f78850a973b8e467c7ae4a7eb4ad","name":"pe.geovane"}]}},"publishpress_future_action":{"enabled":false,"date":"2026-05-09 04:23:28","action":"category","newStatus":"draft","terms":[],"taxonomy":"category"},"publishpress_future_workflow_manual_trigger":{"enabledWorkflows":[]},"_links":{"self":[{"href":"https:\/\/www.oarcanjo.net\/site\/wp-json\/wp\/v2\/posts\/21734"}],"collection":[{"href":"https:\/\/www.oarcanjo.net\/site\/wp-json\/wp\/v2\/posts"}],"about":[{"href":"https:\/\/www.oarcanjo.net\/site\/wp-json\/wp\/v2\/types\/post"}],"author":[{"embeddable":true,"href":"https:\/\/www.oarcanjo.net\/site\/wp-json\/wp\/v2\/users\/17"}],"replies":[{"embeddable":true,"href":"https:\/\/www.oarcanjo.net\/site\/wp-json\/wp\/v2\/comments?post=21734"}],"version-history":[{"count":0,"href":"https:\/\/www.oarcanjo.net\/site\/wp-json\/wp\/v2\/posts\/21734\/revisions"}],"wp:attachment":[{"href":"https:\/\/www.oarcanjo.net\/site\/wp-json\/wp\/v2\/media?parent=21734"}],"wp:term":[{"taxonomy":"category","embeddable":true,"href":"https:\/\/www.oarcanjo.net\/site\/wp-json\/wp\/v2\/categories?post=21734"},{"taxonomy":"post_tag","embeddable":true,"href":"https:\/\/www.oarcanjo.net\/site\/wp-json\/wp\/v2\/tags?post=21734"}],"curies":[{"name":"wp","href":"https:\/\/api.w.org\/{rel}","templated":true}]}}