
{"id":2174,"date":"2009-03-04T07:00:14","date_gmt":"2009-03-04T10:00:14","guid":{"rendered":"http:\/\/www.oarcanjo.net\/site\/?p=2174"},"modified":"2009-03-02T22:01:15","modified_gmt":"2009-03-03T01:01:15","slug":"seguranca-publica-e-fraternidade","status":"publish","type":"post","link":"https:\/\/www.oarcanjo.net\/site\/seguranca-publica-e-fraternidade\/","title":{"rendered":"Seguran\u00e7a P\u00fablica e Fraternidade"},"content":{"rendered":"<p>Frei Betto<\/p>\n<p>Inicia-se, nesta Quaresma, a 47\u00aa edi\u00e7\u00e3o da Campanha da Fraternidade (CF), promovida pela CNBB (Confer\u00eancia Nacional dos Bispos do Brasil). O tema deste ano \u00e9 &#8220;Fraternidade e seguran\u00e7a p\u00fablica&#8221;, e o lema &#8220;A paz \u00e9 fruto da justi\u00e7a&#8221; (Isa\u00edas 32, 17). <\/p>\n<p>Segundo o documento da CF, entre os objetivos se destacam &#8220;suscitar o debate sobre seguran\u00e7a p\u00fablica e contribuir para a promo\u00e7\u00e3o da cultura de paz; denunciar os crimes contra a \u00e9tica, a economia e as gest\u00f5es p\u00fablicas, assim como a injusti\u00e7a presente nos institutos de pris\u00e3o especial, do foro privilegiado e da imunidade parlamentar para crimes comuns; favorecer a articula\u00e7\u00e3o de redes populares e de pol\u00edticas p\u00fablicas com vistas \u00e0 supera\u00e7\u00e3o da viol\u00eancia; apoiar as pol\u00edticas governamentais valorizadoras dos direitos humanos&#8221;.<\/p>\n<p>A CNBB aponta tr\u00eas tipos de viol\u00eancia predominantes no Brasil: a estrutural, que nega cidadania a uma parcela da popula\u00e7\u00e3o e discrimina os &#8220;diferentes&#8221;; a f\u00edsica, como a tortura, a agress\u00e3o \u00e0 mulher, a explora\u00e7\u00e3o laboral e sexual de crian\u00e7as; e a simb\u00f3lica, atrav\u00e9s de amea\u00e7as e constrangimentos, nega\u00e7\u00e3o de informa\u00e7\u00e3o e dissemina\u00e7\u00e3o da cultura do medo.<\/p>\n<p>Talvez a mais freq\u00fcente e dissimulada seja a que ocorre dentro dos lares, desde maus tratos a empregadas \u00e0s brigas entre casais; a agress\u00e3o \u00e0 mulher e aos filhos; as depend\u00eancias qu\u00edmicas; o descaso pelos idosos; a pedofilia indenunciada e recorrente.<\/p>\n<p>Uma das formas de viol\u00eancia mais vis\u00edveis hoje \u00e9 a ambiental, que promove o desmatamento e a polui\u00e7\u00e3o das \u00e1guas e do ar, favorece a emiss\u00e3o de CO2 na atmosfera e o aquecimento global; reduz a biodiversidade e as fontes de alimentos saud\u00e1veis. H\u00e1 tamb\u00e9m a sutil, como alimentos transg\u00eanicos n\u00e3o-identificados, embalagens perniciosas \u00e0 sa\u00fade, produtos com subst\u00e2ncias qu\u00edmicas nocivas.<\/p>\n<p>Os dados da CNBB mostram que ind\u00edgenas e pequenos agricultores t\u00eam perdido suas terras e sido assassinados em decorr\u00eancia de conflitos fundi\u00e1rios. &#8220;Como n\u00e3o h\u00e1 limites, os que t\u00eam dinheiro se tornam propriet\u00e1rios da maior parte das terras; no outro extremo, quem n\u00e3o tem como comprar, fica sem nada, sem lugar para trabalhar e para viver. Como surgem os Sem-Terra e os Sem-Teto organizados, exigindo seus direitos, nada mais f\u00e1cil que cres\u00e7a a acusa\u00e7\u00e3o e a imagem de que s\u00e3o baderneiros e, no limite, terroristas, e que ela seja combinada com o sentimento geral de que a viol\u00eancia direta ou a repress\u00e3o policial \u00e9 o pr\u00eamio destinado a quem se rebela contra a pr\u00f3pria sorte&#8221; (p. 185).<\/p>\n<p>A viol\u00eancia n\u00e3o reside apenas em agress\u00f5es evidentes. Ela se imiscui at\u00e9 mesmo no nosso modo de pensar e falar, no discurso que considera a paz resultado do equil\u00edbrio de for\u00e7as (&#8220;mais cadeias, mais repress\u00e3o&#8221;) e n\u00e3o fruto da justi\u00e7a. H\u00e1 ainda a viol\u00eancia da m\u00eddia que invade os lares com programas pornogr\u00e1ficos, exaltando a imbecilidade, a ociosidade vadia, o sucesso e a fama dos que transgridem as leis.<\/p>\n<p>A CNBB prop\u00f5e que o tema da seguran\u00e7a p\u00fablica seja debatido em escolas, igrejas, f\u00f3runs, m\u00eddias. Sugere que se promova o di\u00e1logo com o poder p\u00fablico para a elabora\u00e7\u00e3o de programas, leis e pol\u00edticas de seguran\u00e7a; que sejam organizados atos p\u00fablicos em favor do tema; criem-se comiss\u00f5es de justi\u00e7a e paz e de direitos humanos que possam acompanhar casos de viola\u00e7\u00e3o desses mesmos direitos; denuncie e combata-se toda forma de trabalho escravo, de tr\u00e1fico de pessoas, de explora\u00e7\u00e3o sexual, de viol\u00eancia dom\u00e9stica.<\/p>\n<p>Na pr\u00e1tica de Jesus, tr\u00eas atitudes antiviol\u00eancia se destacam: a humildade (fazer-se crian\u00e7a, Mateus 18, 4); o amor aos pobres e exclu\u00eddos (Mateus 18,10 e 25, 31-40); o perd\u00e3o (Mateus 18, 22). E o programa de justi\u00e7a, capaz de engendrar a paz, contido no Serm\u00e3o da Montanha (as bem-aventuran\u00e7as Mateus 5, 1-12).<\/p>\n<div id=\"themify_builder_content-2174\" data-postid=\"2174\" class=\"themify_builder_content themify_builder_content-2174 themify_builder themify_builder_front\">\n\t<\/div>\n<!-- \/themify_builder_content -->","protected":false},"excerpt":{"rendered":"<p>Frei Betto Inicia-se, nesta Quaresma, a 47\u00aa edi\u00e7\u00e3o da Campanha da Fraternidade (CF), promovida pela CNBB (Confer\u00eancia Nacional dos Bispos do Brasil). O tema deste ano \u00e9 &#8220;Fraternidade e seguran\u00e7a p\u00fablica&#8221;, e o lema &#8220;A paz \u00e9 fruto da justi\u00e7a&#8221; (Isa\u00edas 32, 17). Segundo o documento da CF, entre os objetivos se destacam &#8220;suscitar o [&hellip;]<\/p>\n","protected":false},"author":5,"featured_media":0,"comment_status":"open","ping_status":"open","sticky":false,"template":"","format":"standard","meta":{"ngg_post_thumbnail":0,"footnotes":""},"categories":[241],"tags":[229,230,167,231,20],"yoast_head":"<!-- This site is optimized with the Yoast SEO plugin v23.5 - https:\/\/yoast.com\/wordpress\/plugins\/seo\/ -->\n<title>Seguran\u00e7a P\u00fablica e Fraternidade - O Arcanjo no ar<\/title>\n<meta name=\"robots\" content=\"index, follow, max-snippet:-1, max-image-preview:large, max-video-preview:-1\" \/>\n<link rel=\"canonical\" href=\"https:\/\/www.oarcanjo.net\/site\/seguranca-publica-e-fraternidade\/\" \/>\n<meta property=\"og:locale\" content=\"pt_BR\" \/>\n<meta property=\"og:type\" content=\"article\" \/>\n<meta property=\"og:title\" content=\"Seguran\u00e7a P\u00fablica e Fraternidade - O Arcanjo no ar\" \/>\n<meta property=\"og:description\" content=\"Frei Betto Inicia-se, nesta Quaresma, a 47\u00aa edi\u00e7\u00e3o da Campanha da Fraternidade (CF), promovida pela CNBB (Confer\u00eancia Nacional dos Bispos do Brasil). O tema deste ano \u00e9 &#8220;Fraternidade e seguran\u00e7a p\u00fablica&#8221;, e o lema &#8220;A paz \u00e9 fruto da justi\u00e7a&#8221; (Isa\u00edas 32, 17). Segundo o documento da CF, entre os objetivos se destacam &#8220;suscitar o [&hellip;]\" \/>\n<meta property=\"og:url\" content=\"https:\/\/www.oarcanjo.net\/site\/seguranca-publica-e-fraternidade\/\" \/>\n<meta property=\"og:site_name\" content=\"O Arcanjo no ar\" \/>\n<meta property=\"article:publisher\" content=\"https:\/\/www.facebook.com\/OArcanjoNoAr\/\" \/>\n<meta property=\"article:published_time\" content=\"2009-03-04T10:00:14+00:00\" \/>\n<meta property=\"article:modified_time\" content=\"2009-03-03T01:01:15+00:00\" \/>\n<meta property=\"og:image\" content=\"https:\/\/www.oarcanjo.net\/site\/wp-content\/uploads\/logo-o-arcanjo-no-ar-facebook.png\" \/>\n\t<meta property=\"og:image:width\" content=\"300\" \/>\n\t<meta property=\"og:image:height\" content=\"300\" \/>\n\t<meta property=\"og:image:type\" content=\"image\/png\" \/>\n<meta name=\"author\" content=\"editor\" \/>\n<meta name=\"twitter:card\" content=\"summary_large_image\" \/>\n<meta name=\"twitter:label1\" content=\"Escrito por\" \/>\n\t<meta name=\"twitter:data1\" content=\"editor\" \/>\n\t<meta name=\"twitter:label2\" content=\"Est. tempo de leitura\" \/>\n\t<meta name=\"twitter:data2\" content=\"3 minutos\" \/>\n<script type=\"application\/ld+json\" class=\"yoast-schema-graph\">{\"@context\":\"https:\/\/schema.org\",\"@graph\":[{\"@type\":\"Article\",\"@id\":\"https:\/\/www.oarcanjo.net\/site\/seguranca-publica-e-fraternidade\/#article\",\"isPartOf\":{\"@id\":\"https:\/\/www.oarcanjo.net\/site\/seguranca-publica-e-fraternidade\/\"},\"author\":{\"name\":\"editor\",\"@id\":\"https:\/\/www.oarcanjo.net\/site\/#\/schema\/person\/f7024d007863202483a31326673a0838\"},\"headline\":\"Seguran\u00e7a P\u00fablica e Fraternidade\",\"datePublished\":\"2009-03-04T10:00:14+00:00\",\"dateModified\":\"2009-03-03T01:01:15+00:00\",\"mainEntityOfPage\":{\"@id\":\"https:\/\/www.oarcanjo.net\/site\/seguranca-publica-e-fraternidade\/\"},\"wordCount\":690,\"commentCount\":0,\"publisher\":{\"@id\":\"https:\/\/www.oarcanjo.net\/site\/#organization\"},\"keywords\":[\"Campanha da Fraternidade\",\"justi\u00e7a\",\"paz\",\"seguran\u00e7a\",\"viol\u00eancia\"],\"articleSection\":[\"CF\"],\"inLanguage\":\"pt-BR\",\"potentialAction\":[{\"@type\":\"CommentAction\",\"name\":\"Comment\",\"target\":[\"https:\/\/www.oarcanjo.net\/site\/seguranca-publica-e-fraternidade\/#respond\"]}]},{\"@type\":\"WebPage\",\"@id\":\"https:\/\/www.oarcanjo.net\/site\/seguranca-publica-e-fraternidade\/\",\"url\":\"https:\/\/www.oarcanjo.net\/site\/seguranca-publica-e-fraternidade\/\",\"name\":\"Seguran\u00e7a P\u00fablica e Fraternidade - O Arcanjo no ar\",\"isPartOf\":{\"@id\":\"https:\/\/www.oarcanjo.net\/site\/#website\"},\"datePublished\":\"2009-03-04T10:00:14+00:00\",\"dateModified\":\"2009-03-03T01:01:15+00:00\",\"breadcrumb\":{\"@id\":\"https:\/\/www.oarcanjo.net\/site\/seguranca-publica-e-fraternidade\/#breadcrumb\"},\"inLanguage\":\"pt-BR\",\"potentialAction\":[{\"@type\":\"ReadAction\",\"target\":[\"https:\/\/www.oarcanjo.net\/site\/seguranca-publica-e-fraternidade\/\"]}]},{\"@type\":\"BreadcrumbList\",\"@id\":\"https:\/\/www.oarcanjo.net\/site\/seguranca-publica-e-fraternidade\/#breadcrumb\",\"itemListElement\":[{\"@type\":\"ListItem\",\"position\":1,\"name\":\"In\u00edcio\",\"item\":\"https:\/\/www.oarcanjo.net\/site\/\"},{\"@type\":\"ListItem\",\"position\":2,\"name\":\"Seguran\u00e7a P\u00fablica e Fraternidade\"}]},{\"@type\":\"WebSite\",\"@id\":\"https:\/\/www.oarcanjo.net\/site\/#website\",\"url\":\"https:\/\/www.oarcanjo.net\/site\/\",\"name\":\"O Arcanjo no ar\",\"description\":\"Site da Par\u00f3quia S\u00e3o Miguel Arcanjo (Arquidiocese de SP)\",\"publisher\":{\"@id\":\"https:\/\/www.oarcanjo.net\/site\/#organization\"},\"potentialAction\":[{\"@type\":\"SearchAction\",\"target\":{\"@type\":\"EntryPoint\",\"urlTemplate\":\"https:\/\/www.oarcanjo.net\/site\/?s={search_term_string}\"},\"query-input\":{\"@type\":\"PropertyValueSpecification\",\"valueRequired\":true,\"valueName\":\"search_term_string\"}}],\"inLanguage\":\"pt-BR\"},{\"@type\":\"Organization\",\"@id\":\"https:\/\/www.oarcanjo.net\/site\/#organization\",\"name\":\"Par\u00f3quia S\u00e3o Miguel Arcanjo\",\"url\":\"https:\/\/www.oarcanjo.net\/site\/\",\"logo\":{\"@type\":\"ImageObject\",\"inLanguage\":\"pt-BR\",\"@id\":\"https:\/\/www.oarcanjo.net\/site\/#\/schema\/logo\/image\/\",\"url\":\"https:\/\/www.oarcanjo.net\/site\/wp-content\/uploads\/LogoOArcanjo.png\",\"contentUrl\":\"https:\/\/www.oarcanjo.net\/site\/wp-content\/uploads\/LogoOArcanjo.png\",\"width\":319,\"height\":99,\"caption\":\"Par\u00f3quia S\u00e3o Miguel Arcanjo\"},\"image\":{\"@id\":\"https:\/\/www.oarcanjo.net\/site\/#\/schema\/logo\/image\/\"},\"sameAs\":[\"https:\/\/www.facebook.com\/OArcanjoNoAr\/\"]},{\"@type\":\"Person\",\"@id\":\"https:\/\/www.oarcanjo.net\/site\/#\/schema\/person\/f7024d007863202483a31326673a0838\",\"name\":\"editor\",\"sameAs\":[\"http:\/\/www.oarcanjo.net\"]}]}<\/script>\n<!-- \/ Yoast SEO plugin. -->","yoast_head_json":{"title":"Seguran\u00e7a P\u00fablica e Fraternidade - O Arcanjo no ar","robots":{"index":"index","follow":"follow","max-snippet":"max-snippet:-1","max-image-preview":"max-image-preview:large","max-video-preview":"max-video-preview:-1"},"canonical":"https:\/\/www.oarcanjo.net\/site\/seguranca-publica-e-fraternidade\/","og_locale":"pt_BR","og_type":"article","og_title":"Seguran\u00e7a P\u00fablica e Fraternidade - O Arcanjo no ar","og_description":"Frei Betto Inicia-se, nesta Quaresma, a 47\u00aa edi\u00e7\u00e3o da Campanha da Fraternidade (CF), promovida pela CNBB (Confer\u00eancia Nacional dos Bispos do Brasil). O tema deste ano \u00e9 &#8220;Fraternidade e seguran\u00e7a p\u00fablica&#8221;, e o lema &#8220;A paz \u00e9 fruto da justi\u00e7a&#8221; (Isa\u00edas 32, 17). Segundo o documento da CF, entre os objetivos se destacam &#8220;suscitar o [&hellip;]","og_url":"https:\/\/www.oarcanjo.net\/site\/seguranca-publica-e-fraternidade\/","og_site_name":"O Arcanjo no ar","article_publisher":"https:\/\/www.facebook.com\/OArcanjoNoAr\/","article_published_time":"2009-03-04T10:00:14+00:00","article_modified_time":"2009-03-03T01:01:15+00:00","og_image":[{"width":300,"height":300,"url":"https:\/\/www.oarcanjo.net\/site\/wp-content\/uploads\/logo-o-arcanjo-no-ar-facebook.png","type":"image\/png"}],"author":"editor","twitter_card":"summary_large_image","twitter_misc":{"Escrito por":"editor","Est. tempo de leitura":"3 minutos"},"schema":{"@context":"https:\/\/schema.org","@graph":[{"@type":"Article","@id":"https:\/\/www.oarcanjo.net\/site\/seguranca-publica-e-fraternidade\/#article","isPartOf":{"@id":"https:\/\/www.oarcanjo.net\/site\/seguranca-publica-e-fraternidade\/"},"author":{"name":"editor","@id":"https:\/\/www.oarcanjo.net\/site\/#\/schema\/person\/f7024d007863202483a31326673a0838"},"headline":"Seguran\u00e7a P\u00fablica e Fraternidade","datePublished":"2009-03-04T10:00:14+00:00","dateModified":"2009-03-03T01:01:15+00:00","mainEntityOfPage":{"@id":"https:\/\/www.oarcanjo.net\/site\/seguranca-publica-e-fraternidade\/"},"wordCount":690,"commentCount":0,"publisher":{"@id":"https:\/\/www.oarcanjo.net\/site\/#organization"},"keywords":["Campanha da Fraternidade","justi\u00e7a","paz","seguran\u00e7a","viol\u00eancia"],"articleSection":["CF"],"inLanguage":"pt-BR","potentialAction":[{"@type":"CommentAction","name":"Comment","target":["https:\/\/www.oarcanjo.net\/site\/seguranca-publica-e-fraternidade\/#respond"]}]},{"@type":"WebPage","@id":"https:\/\/www.oarcanjo.net\/site\/seguranca-publica-e-fraternidade\/","url":"https:\/\/www.oarcanjo.net\/site\/seguranca-publica-e-fraternidade\/","name":"Seguran\u00e7a P\u00fablica e Fraternidade - O Arcanjo no ar","isPartOf":{"@id":"https:\/\/www.oarcanjo.net\/site\/#website"},"datePublished":"2009-03-04T10:00:14+00:00","dateModified":"2009-03-03T01:01:15+00:00","breadcrumb":{"@id":"https:\/\/www.oarcanjo.net\/site\/seguranca-publica-e-fraternidade\/#breadcrumb"},"inLanguage":"pt-BR","potentialAction":[{"@type":"ReadAction","target":["https:\/\/www.oarcanjo.net\/site\/seguranca-publica-e-fraternidade\/"]}]},{"@type":"BreadcrumbList","@id":"https:\/\/www.oarcanjo.net\/site\/seguranca-publica-e-fraternidade\/#breadcrumb","itemListElement":[{"@type":"ListItem","position":1,"name":"In\u00edcio","item":"https:\/\/www.oarcanjo.net\/site\/"},{"@type":"ListItem","position":2,"name":"Seguran\u00e7a P\u00fablica e Fraternidade"}]},{"@type":"WebSite","@id":"https:\/\/www.oarcanjo.net\/site\/#website","url":"https:\/\/www.oarcanjo.net\/site\/","name":"O Arcanjo no ar","description":"Site da Par\u00f3quia S\u00e3o Miguel Arcanjo (Arquidiocese de SP)","publisher":{"@id":"https:\/\/www.oarcanjo.net\/site\/#organization"},"potentialAction":[{"@type":"SearchAction","target":{"@type":"EntryPoint","urlTemplate":"https:\/\/www.oarcanjo.net\/site\/?s={search_term_string}"},"query-input":{"@type":"PropertyValueSpecification","valueRequired":true,"valueName":"search_term_string"}}],"inLanguage":"pt-BR"},{"@type":"Organization","@id":"https:\/\/www.oarcanjo.net\/site\/#organization","name":"Par\u00f3quia S\u00e3o Miguel Arcanjo","url":"https:\/\/www.oarcanjo.net\/site\/","logo":{"@type":"ImageObject","inLanguage":"pt-BR","@id":"https:\/\/www.oarcanjo.net\/site\/#\/schema\/logo\/image\/","url":"https:\/\/www.oarcanjo.net\/site\/wp-content\/uploads\/LogoOArcanjo.png","contentUrl":"https:\/\/www.oarcanjo.net\/site\/wp-content\/uploads\/LogoOArcanjo.png","width":319,"height":99,"caption":"Par\u00f3quia S\u00e3o Miguel Arcanjo"},"image":{"@id":"https:\/\/www.oarcanjo.net\/site\/#\/schema\/logo\/image\/"},"sameAs":["https:\/\/www.facebook.com\/OArcanjoNoAr\/"]},{"@type":"Person","@id":"https:\/\/www.oarcanjo.net\/site\/#\/schema\/person\/f7024d007863202483a31326673a0838","name":"editor","sameAs":["http:\/\/www.oarcanjo.net"]}]}},"publishpress_future_action":{"enabled":false,"date":"2026-05-08 20:59:51","action":"category","newStatus":"draft","terms":[],"taxonomy":"category"},"publishpress_future_workflow_manual_trigger":{"enabledWorkflows":[]},"_links":{"self":[{"href":"https:\/\/www.oarcanjo.net\/site\/wp-json\/wp\/v2\/posts\/2174"}],"collection":[{"href":"https:\/\/www.oarcanjo.net\/site\/wp-json\/wp\/v2\/posts"}],"about":[{"href":"https:\/\/www.oarcanjo.net\/site\/wp-json\/wp\/v2\/types\/post"}],"author":[{"embeddable":true,"href":"https:\/\/www.oarcanjo.net\/site\/wp-json\/wp\/v2\/users\/5"}],"replies":[{"embeddable":true,"href":"https:\/\/www.oarcanjo.net\/site\/wp-json\/wp\/v2\/comments?post=2174"}],"version-history":[{"count":0,"href":"https:\/\/www.oarcanjo.net\/site\/wp-json\/wp\/v2\/posts\/2174\/revisions"}],"wp:attachment":[{"href":"https:\/\/www.oarcanjo.net\/site\/wp-json\/wp\/v2\/media?parent=2174"}],"wp:term":[{"taxonomy":"category","embeddable":true,"href":"https:\/\/www.oarcanjo.net\/site\/wp-json\/wp\/v2\/categories?post=2174"},{"taxonomy":"post_tag","embeddable":true,"href":"https:\/\/www.oarcanjo.net\/site\/wp-json\/wp\/v2\/tags?post=2174"}],"curies":[{"name":"wp","href":"https:\/\/api.w.org\/{rel}","templated":true}]}}