
{"id":21740,"date":"2013-04-23T22:08:55","date_gmt":"2013-04-24T01:08:55","guid":{"rendered":"http:\/\/www.oarcanjo.net\/site\/?p=21740"},"modified":"2013-04-23T22:08:55","modified_gmt":"2013-04-24T01:08:55","slug":"em-solidariedade-aos-moradores-de-rua-comentando-a-nota-da-cnbb","status":"publish","type":"post","link":"https:\/\/www.oarcanjo.net\/site\/em-solidariedade-aos-moradores-de-rua-comentando-a-nota-da-cnbb\/","title":{"rendered":"Em solidariedade aos Moradores de Rua: comentando a Nota da CNBB"},"content":{"rendered":"<div style=\"text-align: justify;\">Fr. Marcos Sassatelli<\/div>\n<div style=\"text-align: justify;\">Frade Dominicano. Doutor em Filosofia e em Teologia Moral. Prof. na P\u00f3s-Gradua\u00e7\u00e3o em DD.HH. (Comiss\u00e3o Dominicana Justi\u00e7a e Paz do Brasil\/PUC-GO). Vig\u00e1rio Episcopal do Vicariato Oeste da Arq. de Goi\u00e2nia. Admin. Paroq. da Par\u00f3quia N. Sra. da Terra<\/div>\n<div style=\"text-align: justify;\">Adital<\/div>\n<div style=\"text-align: justify;\">\n<p><img loading=\"lazy\" decoding=\"async\" class=\"alignleft\" title=\"Foto: Edilson Pelikano, DM\" src=\"http:\/\/www.adital.com.br\/arquivos\/2013\/04\/20130423_marcos1.jpg\" alt=\"\" width=\"329\" height=\"260\" align=\"baseline\" \/><br \/>\nComo foi amplamente divulgado na m\u00eddia -local, nacional e at\u00e9 internacional- em Goi\u00e2nia (GO) e na Grande Goi\u00e2nia, de agosto de 2012 a abril deste ano, foram brutalmente assassinados 30 Moradores em situa\u00e7\u00e3o de Rua, dos quais a grande maioria \u00e9 de jovens, inclusive uma crian\u00e7a de 11 anos.<\/p>\n<p>Por causa da alarmante sequencia de assassinatos, que denota um grupo de exterm\u00ednio, a Comiss\u00e3o Episcopal Pastoral para o Servi\u00e7o da Caridade, Justi\u00e7a e Paz da CNBB; o Regional Centro-Oeste da CNBB e a Arquidiocese de Goi\u00e2nia &#8211; reunidos na 51\u00aa Assembleia Geral da CNBB, em Aparecida (SP) &#8211; divulgaram uma\u00a0&#8220;Nota de solidariedade aos Moradores em situa\u00e7\u00e3o de Rua\u201d, na qual &#8220;manifestam seu rep\u00fadio ao exterm\u00ednio da popula\u00e7\u00e3o em situa\u00e7\u00e3o de rua, que vem ocorrendo em Goi\u00e2nia-GO e na Grande Goi\u00e2nia\u201d.<\/p>\n<p>Diante dessa &#8220;conden\u00e1vel situa\u00e7\u00e3o\u201d -como eles mesmos afirmam- os bispos solicitam:<\/p>\n<p>&#8220;1. Que os Poderes P\u00fablicos Municipal, Estadual e Federal tomem medidas urgentes que eliminem esta situa\u00e7\u00e3o de viol\u00eancia e restabele\u00e7am a paz e seguran\u00e7a aos Moradores de Rua;<\/p>\n<p>2. Que as mortes dos Moradores em situa\u00e7\u00e3o de Rua sejam investigadas e federalizadas imediatamente;<\/p>\n<p>3. Que sejam tornados p\u00fablicos os resultados das investiga\u00e7\u00f5es com sua ampla divulga\u00e7\u00e3o na m\u00eddia;<\/p>\n<p>4. Que os respons\u00e1veis sejam processados, julgados e condenados com rigor e rapidez;<\/p>\n<p>5. Que o Estado de Goi\u00e1s e a Prefeitura de Goi\u00e2nia se responsabilizem efetivamente pelas mortes dos Moradores em situa\u00e7\u00e3o de Rua e se comprometam em auxiliar os familiares das v\u00edtimas;<\/p>\n<p>6. Que sejam criados, em car\u00e1ter emergencial, espa\u00e7os f\u00edsicos que ofere\u00e7am alimenta\u00e7\u00e3o, dormit\u00f3rio e, sobretudo, seguran\u00e7a aos Moradores em situa\u00e7\u00e3o de Rua;<\/p>\n<p>7. Que se criem pol\u00edticas p\u00fablicas de inclus\u00e3o social dos Moradores em situa\u00e7\u00e3o de Rua, devolvendo-lhes a dignidade humana roubada e ferida e os tire dessa situa\u00e7\u00e3o degradante\u201d.<\/p>\n<p>Os bispos lamentam tamb\u00e9m &#8220;que casos como o de Goi\u00e2nia se repitam em outras partes do pa\u00eds\u201d. Conclamam &#8220;aos gestores p\u00fablicos que promovam a justi\u00e7a e o fim do exterm\u00ednio de tantas pessoas humanas que, como todo povo brasileiro, merecem viver e conviver com dignidade\u201d,<\/p>\n<p>Enfim, esperam que o seu pedido &#8220;seja atendido\u201d e &#8220;que a paz volte a reinar neste ch\u00e3o\u201d. Terminam a Nota invocando &#8220;a b\u00ean\u00e7\u00e3o de Deus sobre todos os seus filhos e filhas\u201d.<\/p>\n<p>A Nota foi divulgada no dia 17 deste m\u00eas de abril e \u00e9 assinada pelo presidente da Comiss\u00e3o Episcopal Pastoral para o Servi\u00e7o da Caridade, Justi\u00e7a e Paz da CNBB, Dom Guilherme Werlang (e mais cinco bispos, membros da Comiss\u00e3o), pelo presidente do Regional Centro-Oeste da CNBB, Dom Jos\u00e9 Luiz Majella Delgado e pelo Arcebispo Metropolitano de Goi\u00e2nia, Dom Washington Cruz.<\/p>\n<p>Uma das solicita\u00e7\u00f5es da CNBB \u00e9: &#8220;Que as mortes dos Moradores em situa\u00e7\u00e3o de Rua sejam investigadas e federalizadas imediatamente\u201d. Por coincid\u00eancia, no mesmo dia em que a Nota foi divulgada, a Ministra da Secretaria de Direitos Humanos da Presid\u00eancia da Rep\u00fablica, Maria do Ros\u00e1rio,\u00a0formalizou o requerimento para que a Procuradoria-Geral da Rep\u00fablica (PGR) pe\u00e7a ao Superior Tribunal de Justi\u00e7a (STJ) a transfer\u00eancia, da esfera estadual para a federal, da compet\u00eancia para apurar e julgar uma s\u00e9rie de crimes ocorridos na regi\u00e3o metropolitana de Goi\u00e2nia. O procurador-geral, Roberto Gurgel, decidiu pelo encaminhamento do pedido ao STJ.<\/p>\n<p>A ministra entregou a solicita\u00e7\u00e3o por considerar que as institui\u00e7\u00f5es do Estado se encontram, em muitos sentidos, restritas na apura\u00e7\u00e3o das responsabilidades das mortes das pessoas em situa\u00e7\u00e3o de rua. Destacando a &#8220;gravidade\u201d da situa\u00e7\u00e3o, Maria do Ros\u00e1rio declarou: &#8220;Constatamos a morosidade (na apura\u00e7\u00e3o) dos inqu\u00e9ritos, (incluindo) os que t\u00eam policiais envolvidos e que n\u00e3o t\u00eam andamento, ficando parados, ou que a den\u00fancia n\u00e3o ocorre\u201d.<\/p>\n<p>A ministra explicou que fundamentou o pedido a partir de dois casos envolvendo tr\u00eas v\u00edtimas e que, segundo ela, cont\u00eam ind\u00edcios de n\u00e3o estarem relacionados a rixas motivadas por drogas, como sustentam autoridades estaduais. &#8220;Escolhemos esses casos -disse Maria do Ros\u00e1rio- com base na impunidade que eles representam. H\u00e1 uma responsabilidade federal e o Estado precisa agir antes que sejamos denunciados a Cortes Internacionais de Direitos Humanos\u201d.<\/p>\n<p>Em 22 de novembro de 2012, o Conselho Nacional entregou ao governador de Goi\u00e1s, Marconi Perillo, uma s\u00e9rie de recomenda\u00e7\u00f5es para que os casos dos assassinatos dos Moradores em situa\u00e7\u00e3o de Rua fossem esclarecidos. &#8220;As medidas -afirmou ainda a ministra- n\u00e3o foram adotadas. De l\u00e1 para c\u00e1, tivemos ainda um ac\u00famulo de mortes muito grandes, principalmente da popula\u00e7\u00e3o em situa\u00e7\u00e3o de rua. N\u00e3o buscamos como primeira medida o deslocamento de compet\u00eancia, mas, diante das dificuldades do Estado, da inoper\u00e2ncia e do fato de que nenhum dos indicados como respons\u00e1veis por v\u00e1rios crimes foi responsabilizado, agora estamos solicitando o deslocamento de compet\u00eancia. Quem sabe se tiv\u00e9ssemos agido no primeiro caso, talvez essas outras vidas tivessem sido poupadas\u201d (<a href=\"http:\/\/portal.sdh.gov.br\/clientes\/sedh\/sedh\/2013\/04\/17-abr-13-ministra-oficializa-pedido-a-pgr-para-federalizacao-de-crimes-ocorridos-em-goias\">http:\/\/portal.sdh.gov.br\/clientes\/sedh\/sedh\/2013\/04\/17-abr-13-ministra-oficializa-pedido-a-pgr-para-federalizacao-de-crimes-ocorridos-em-goias<\/a>).<\/p>\n<p>Esperamos que, diante dessa realidade, o STJ tome, em car\u00e1ter de urg\u00eancia, as medidas necess\u00e1rias para que seja dado um &#8220;basta\u201d a esses assassinatos, que s\u00e3o uma grav\u00edssima viola\u00e7\u00e3o dos Direitos Humanos e uma verdadeira barb\u00e1rie.<\/p>\n<p>Al\u00e9m da elucida\u00e7\u00e3o dos crimes cometidos e do julgamento dos respons\u00e1veis, que \u00e9 uma quest\u00e3o de justi\u00e7a, \u00e9 preciso tamb\u00e9m que o Governo -Municipal, Estadual e Federal- assuma, como prioridade absoluta, a implementa\u00e7\u00e3o de pol\u00edticas p\u00fablicas, nas quais os Moradores em situa\u00e7\u00e3o de Rua n\u00e3o sejam meros objetos da a\u00e7\u00e3o assistencial e\/ou caritativa, mas sejam sobretudo sujeitos e protagonistas de sua pr\u00f3pria hist\u00f3ria. \u00c9 o que todos e todas almejamos. Lutemos para que isso aconte\u00e7a!<\/p>\n<p>Goi\u00e2nia, 23 de abril de 2013.<\/p>\n<\/div>\n<p style=\"text-align: justify;\">&nbsp;<\/p>\n<div id=\"themify_builder_content-21740\" data-postid=\"21740\" class=\"themify_builder_content themify_builder_content-21740 themify_builder themify_builder_front\">\n\t<\/div>\n<!-- \/themify_builder_content -->","protected":false},"excerpt":{"rendered":"<p>Fr. Marcos Sassatelli Frade Dominicano. Doutor em Filosofia e em Teologia Moral. Prof. na P\u00f3s-Gradua\u00e7\u00e3o em DD.HH. (Comiss\u00e3o Dominicana Justi\u00e7a e Paz do Brasil\/PUC-GO). Vig\u00e1rio Episcopal do Vicariato Oeste da Arq. de Goi\u00e2nia. Admin. Paroq. da Par\u00f3quia N. Sra. da Terra Adital Como foi amplamente divulgado na m\u00eddia -local, nacional e at\u00e9 internacional- em Goi\u00e2nia [&hellip;]<\/p>\n","protected":false},"author":15,"featured_media":0,"comment_status":"open","ping_status":"open","sticky":false,"template":"","format":"standard","meta":{"ngg_post_thumbnail":0,"footnotes":""},"categories":[9],"tags":[],"yoast_head":"<!-- This site is optimized with the Yoast SEO plugin v23.5 - https:\/\/yoast.com\/wordpress\/plugins\/seo\/ -->\n<title>Em solidariedade aos Moradores de Rua: comentando a Nota da CNBB - O Arcanjo no ar<\/title>\n<meta name=\"robots\" content=\"index, follow, max-snippet:-1, max-image-preview:large, max-video-preview:-1\" \/>\n<link rel=\"canonical\" href=\"https:\/\/www.oarcanjo.net\/site\/em-solidariedade-aos-moradores-de-rua-comentando-a-nota-da-cnbb\/\" \/>\n<meta property=\"og:locale\" content=\"pt_BR\" \/>\n<meta property=\"og:type\" content=\"article\" \/>\n<meta property=\"og:title\" content=\"Em solidariedade aos Moradores de Rua: comentando a Nota da CNBB - O Arcanjo no ar\" \/>\n<meta property=\"og:description\" content=\"Fr. Marcos Sassatelli Frade Dominicano. Doutor em Filosofia e em Teologia Moral. Prof. na P\u00f3s-Gradua\u00e7\u00e3o em DD.HH. (Comiss\u00e3o Dominicana Justi\u00e7a e Paz do Brasil\/PUC-GO). Vig\u00e1rio Episcopal do Vicariato Oeste da Arq. de Goi\u00e2nia. Admin. Paroq. da Par\u00f3quia N. Sra. da Terra Adital Como foi amplamente divulgado na m\u00eddia -local, nacional e at\u00e9 internacional- em Goi\u00e2nia [&hellip;]\" \/>\n<meta property=\"og:url\" content=\"https:\/\/www.oarcanjo.net\/site\/em-solidariedade-aos-moradores-de-rua-comentando-a-nota-da-cnbb\/\" \/>\n<meta property=\"og:site_name\" content=\"O Arcanjo no ar\" \/>\n<meta property=\"article:publisher\" content=\"https:\/\/www.facebook.com\/OArcanjoNoAr\/\" \/>\n<meta property=\"article:published_time\" content=\"2013-04-24T01:08:55+00:00\" \/>\n<meta property=\"og:image\" content=\"http:\/\/www.adital.com.br\/arquivos\/2013\/04\/20130423_marcos1.jpg\" \/>\n<meta name=\"author\" content=\"Alexandre Nunes\" \/>\n<meta name=\"twitter:card\" content=\"summary_large_image\" \/>\n<meta name=\"twitter:label1\" content=\"Escrito por\" \/>\n\t<meta name=\"twitter:data1\" content=\"Alexandre Nunes\" \/>\n\t<meta name=\"twitter:label2\" content=\"Est. tempo de leitura\" \/>\n\t<meta name=\"twitter:data2\" content=\"5 minutos\" \/>\n<script type=\"application\/ld+json\" class=\"yoast-schema-graph\">{\"@context\":\"https:\/\/schema.org\",\"@graph\":[{\"@type\":\"Article\",\"@id\":\"https:\/\/www.oarcanjo.net\/site\/em-solidariedade-aos-moradores-de-rua-comentando-a-nota-da-cnbb\/#article\",\"isPartOf\":{\"@id\":\"https:\/\/www.oarcanjo.net\/site\/em-solidariedade-aos-moradores-de-rua-comentando-a-nota-da-cnbb\/\"},\"author\":{\"name\":\"Alexandre Nunes\",\"@id\":\"https:\/\/www.oarcanjo.net\/site\/#\/schema\/person\/0a2ae077c1a09b69d29928e3b9f1c0d1\"},\"headline\":\"Em solidariedade aos Moradores de Rua: comentando a Nota da CNBB\",\"datePublished\":\"2013-04-24T01:08:55+00:00\",\"dateModified\":\"2013-04-24T01:08:55+00:00\",\"mainEntityOfPage\":{\"@id\":\"https:\/\/www.oarcanjo.net\/site\/em-solidariedade-aos-moradores-de-rua-comentando-a-nota-da-cnbb\/\"},\"wordCount\":1079,\"commentCount\":0,\"publisher\":{\"@id\":\"https:\/\/www.oarcanjo.net\/site\/#organization\"},\"image\":{\"@id\":\"https:\/\/www.oarcanjo.net\/site\/em-solidariedade-aos-moradores-de-rua-comentando-a-nota-da-cnbb\/#primaryimage\"},\"thumbnailUrl\":\"http:\/\/www.adital.com.br\/arquivos\/2013\/04\/20130423_marcos1.jpg\",\"articleSection\":[\"Reflex\u00f5es\"],\"inLanguage\":\"pt-BR\",\"potentialAction\":[{\"@type\":\"CommentAction\",\"name\":\"Comment\",\"target\":[\"https:\/\/www.oarcanjo.net\/site\/em-solidariedade-aos-moradores-de-rua-comentando-a-nota-da-cnbb\/#respond\"]}]},{\"@type\":\"WebPage\",\"@id\":\"https:\/\/www.oarcanjo.net\/site\/em-solidariedade-aos-moradores-de-rua-comentando-a-nota-da-cnbb\/\",\"url\":\"https:\/\/www.oarcanjo.net\/site\/em-solidariedade-aos-moradores-de-rua-comentando-a-nota-da-cnbb\/\",\"name\":\"Em solidariedade aos Moradores de Rua: comentando a Nota da CNBB - O Arcanjo no ar\",\"isPartOf\":{\"@id\":\"https:\/\/www.oarcanjo.net\/site\/#website\"},\"primaryImageOfPage\":{\"@id\":\"https:\/\/www.oarcanjo.net\/site\/em-solidariedade-aos-moradores-de-rua-comentando-a-nota-da-cnbb\/#primaryimage\"},\"image\":{\"@id\":\"https:\/\/www.oarcanjo.net\/site\/em-solidariedade-aos-moradores-de-rua-comentando-a-nota-da-cnbb\/#primaryimage\"},\"thumbnailUrl\":\"http:\/\/www.adital.com.br\/arquivos\/2013\/04\/20130423_marcos1.jpg\",\"datePublished\":\"2013-04-24T01:08:55+00:00\",\"dateModified\":\"2013-04-24T01:08:55+00:00\",\"breadcrumb\":{\"@id\":\"https:\/\/www.oarcanjo.net\/site\/em-solidariedade-aos-moradores-de-rua-comentando-a-nota-da-cnbb\/#breadcrumb\"},\"inLanguage\":\"pt-BR\",\"potentialAction\":[{\"@type\":\"ReadAction\",\"target\":[\"https:\/\/www.oarcanjo.net\/site\/em-solidariedade-aos-moradores-de-rua-comentando-a-nota-da-cnbb\/\"]}]},{\"@type\":\"ImageObject\",\"inLanguage\":\"pt-BR\",\"@id\":\"https:\/\/www.oarcanjo.net\/site\/em-solidariedade-aos-moradores-de-rua-comentando-a-nota-da-cnbb\/#primaryimage\",\"url\":\"http:\/\/www.adital.com.br\/arquivos\/2013\/04\/20130423_marcos1.jpg\",\"contentUrl\":\"http:\/\/www.adital.com.br\/arquivos\/2013\/04\/20130423_marcos1.jpg\"},{\"@type\":\"BreadcrumbList\",\"@id\":\"https:\/\/www.oarcanjo.net\/site\/em-solidariedade-aos-moradores-de-rua-comentando-a-nota-da-cnbb\/#breadcrumb\",\"itemListElement\":[{\"@type\":\"ListItem\",\"position\":1,\"name\":\"In\u00edcio\",\"item\":\"https:\/\/www.oarcanjo.net\/site\/\"},{\"@type\":\"ListItem\",\"position\":2,\"name\":\"Em solidariedade aos Moradores de Rua: comentando a Nota da CNBB\"}]},{\"@type\":\"WebSite\",\"@id\":\"https:\/\/www.oarcanjo.net\/site\/#website\",\"url\":\"https:\/\/www.oarcanjo.net\/site\/\",\"name\":\"O Arcanjo no ar\",\"description\":\"Site da Par\u00f3quia S\u00e3o Miguel Arcanjo (Arquidiocese de SP)\",\"publisher\":{\"@id\":\"https:\/\/www.oarcanjo.net\/site\/#organization\"},\"potentialAction\":[{\"@type\":\"SearchAction\",\"target\":{\"@type\":\"EntryPoint\",\"urlTemplate\":\"https:\/\/www.oarcanjo.net\/site\/?s={search_term_string}\"},\"query-input\":{\"@type\":\"PropertyValueSpecification\",\"valueRequired\":true,\"valueName\":\"search_term_string\"}}],\"inLanguage\":\"pt-BR\"},{\"@type\":\"Organization\",\"@id\":\"https:\/\/www.oarcanjo.net\/site\/#organization\",\"name\":\"Par\u00f3quia S\u00e3o Miguel Arcanjo\",\"url\":\"https:\/\/www.oarcanjo.net\/site\/\",\"logo\":{\"@type\":\"ImageObject\",\"inLanguage\":\"pt-BR\",\"@id\":\"https:\/\/www.oarcanjo.net\/site\/#\/schema\/logo\/image\/\",\"url\":\"https:\/\/www.oarcanjo.net\/site\/wp-content\/uploads\/LogoOArcanjo.png\",\"contentUrl\":\"https:\/\/www.oarcanjo.net\/site\/wp-content\/uploads\/LogoOArcanjo.png\",\"width\":319,\"height\":99,\"caption\":\"Par\u00f3quia S\u00e3o Miguel Arcanjo\"},\"image\":{\"@id\":\"https:\/\/www.oarcanjo.net\/site\/#\/schema\/logo\/image\/\"},\"sameAs\":[\"https:\/\/www.facebook.com\/OArcanjoNoAr\/\"]},{\"@type\":\"Person\",\"@id\":\"https:\/\/www.oarcanjo.net\/site\/#\/schema\/person\/0a2ae077c1a09b69d29928e3b9f1c0d1\",\"name\":\"Alexandre Nunes\",\"sameAs\":[\"http:\/\/alexandrenu.com\"]}]}<\/script>\n<!-- \/ Yoast SEO plugin. -->","yoast_head_json":{"title":"Em solidariedade aos Moradores de Rua: comentando a Nota da CNBB - O Arcanjo no ar","robots":{"index":"index","follow":"follow","max-snippet":"max-snippet:-1","max-image-preview":"max-image-preview:large","max-video-preview":"max-video-preview:-1"},"canonical":"https:\/\/www.oarcanjo.net\/site\/em-solidariedade-aos-moradores-de-rua-comentando-a-nota-da-cnbb\/","og_locale":"pt_BR","og_type":"article","og_title":"Em solidariedade aos Moradores de Rua: comentando a Nota da CNBB - O Arcanjo no ar","og_description":"Fr. Marcos Sassatelli Frade Dominicano. Doutor em Filosofia e em Teologia Moral. Prof. na P\u00f3s-Gradua\u00e7\u00e3o em DD.HH. (Comiss\u00e3o Dominicana Justi\u00e7a e Paz do Brasil\/PUC-GO). Vig\u00e1rio Episcopal do Vicariato Oeste da Arq. de Goi\u00e2nia. Admin. Paroq. da Par\u00f3quia N. Sra. da Terra Adital Como foi amplamente divulgado na m\u00eddia -local, nacional e at\u00e9 internacional- em Goi\u00e2nia [&hellip;]","og_url":"https:\/\/www.oarcanjo.net\/site\/em-solidariedade-aos-moradores-de-rua-comentando-a-nota-da-cnbb\/","og_site_name":"O Arcanjo no ar","article_publisher":"https:\/\/www.facebook.com\/OArcanjoNoAr\/","article_published_time":"2013-04-24T01:08:55+00:00","og_image":[{"url":"http:\/\/www.adital.com.br\/arquivos\/2013\/04\/20130423_marcos1.jpg"}],"author":"Alexandre Nunes","twitter_card":"summary_large_image","twitter_misc":{"Escrito por":"Alexandre Nunes","Est. tempo de leitura":"5 minutos"},"schema":{"@context":"https:\/\/schema.org","@graph":[{"@type":"Article","@id":"https:\/\/www.oarcanjo.net\/site\/em-solidariedade-aos-moradores-de-rua-comentando-a-nota-da-cnbb\/#article","isPartOf":{"@id":"https:\/\/www.oarcanjo.net\/site\/em-solidariedade-aos-moradores-de-rua-comentando-a-nota-da-cnbb\/"},"author":{"name":"Alexandre Nunes","@id":"https:\/\/www.oarcanjo.net\/site\/#\/schema\/person\/0a2ae077c1a09b69d29928e3b9f1c0d1"},"headline":"Em solidariedade aos Moradores de Rua: comentando a Nota da CNBB","datePublished":"2013-04-24T01:08:55+00:00","dateModified":"2013-04-24T01:08:55+00:00","mainEntityOfPage":{"@id":"https:\/\/www.oarcanjo.net\/site\/em-solidariedade-aos-moradores-de-rua-comentando-a-nota-da-cnbb\/"},"wordCount":1079,"commentCount":0,"publisher":{"@id":"https:\/\/www.oarcanjo.net\/site\/#organization"},"image":{"@id":"https:\/\/www.oarcanjo.net\/site\/em-solidariedade-aos-moradores-de-rua-comentando-a-nota-da-cnbb\/#primaryimage"},"thumbnailUrl":"http:\/\/www.adital.com.br\/arquivos\/2013\/04\/20130423_marcos1.jpg","articleSection":["Reflex\u00f5es"],"inLanguage":"pt-BR","potentialAction":[{"@type":"CommentAction","name":"Comment","target":["https:\/\/www.oarcanjo.net\/site\/em-solidariedade-aos-moradores-de-rua-comentando-a-nota-da-cnbb\/#respond"]}]},{"@type":"WebPage","@id":"https:\/\/www.oarcanjo.net\/site\/em-solidariedade-aos-moradores-de-rua-comentando-a-nota-da-cnbb\/","url":"https:\/\/www.oarcanjo.net\/site\/em-solidariedade-aos-moradores-de-rua-comentando-a-nota-da-cnbb\/","name":"Em solidariedade aos Moradores de Rua: comentando a Nota da CNBB - O Arcanjo no ar","isPartOf":{"@id":"https:\/\/www.oarcanjo.net\/site\/#website"},"primaryImageOfPage":{"@id":"https:\/\/www.oarcanjo.net\/site\/em-solidariedade-aos-moradores-de-rua-comentando-a-nota-da-cnbb\/#primaryimage"},"image":{"@id":"https:\/\/www.oarcanjo.net\/site\/em-solidariedade-aos-moradores-de-rua-comentando-a-nota-da-cnbb\/#primaryimage"},"thumbnailUrl":"http:\/\/www.adital.com.br\/arquivos\/2013\/04\/20130423_marcos1.jpg","datePublished":"2013-04-24T01:08:55+00:00","dateModified":"2013-04-24T01:08:55+00:00","breadcrumb":{"@id":"https:\/\/www.oarcanjo.net\/site\/em-solidariedade-aos-moradores-de-rua-comentando-a-nota-da-cnbb\/#breadcrumb"},"inLanguage":"pt-BR","potentialAction":[{"@type":"ReadAction","target":["https:\/\/www.oarcanjo.net\/site\/em-solidariedade-aos-moradores-de-rua-comentando-a-nota-da-cnbb\/"]}]},{"@type":"ImageObject","inLanguage":"pt-BR","@id":"https:\/\/www.oarcanjo.net\/site\/em-solidariedade-aos-moradores-de-rua-comentando-a-nota-da-cnbb\/#primaryimage","url":"http:\/\/www.adital.com.br\/arquivos\/2013\/04\/20130423_marcos1.jpg","contentUrl":"http:\/\/www.adital.com.br\/arquivos\/2013\/04\/20130423_marcos1.jpg"},{"@type":"BreadcrumbList","@id":"https:\/\/www.oarcanjo.net\/site\/em-solidariedade-aos-moradores-de-rua-comentando-a-nota-da-cnbb\/#breadcrumb","itemListElement":[{"@type":"ListItem","position":1,"name":"In\u00edcio","item":"https:\/\/www.oarcanjo.net\/site\/"},{"@type":"ListItem","position":2,"name":"Em solidariedade aos Moradores de Rua: comentando a Nota da CNBB"}]},{"@type":"WebSite","@id":"https:\/\/www.oarcanjo.net\/site\/#website","url":"https:\/\/www.oarcanjo.net\/site\/","name":"O Arcanjo no ar","description":"Site da Par\u00f3quia S\u00e3o Miguel Arcanjo (Arquidiocese de SP)","publisher":{"@id":"https:\/\/www.oarcanjo.net\/site\/#organization"},"potentialAction":[{"@type":"SearchAction","target":{"@type":"EntryPoint","urlTemplate":"https:\/\/www.oarcanjo.net\/site\/?s={search_term_string}"},"query-input":{"@type":"PropertyValueSpecification","valueRequired":true,"valueName":"search_term_string"}}],"inLanguage":"pt-BR"},{"@type":"Organization","@id":"https:\/\/www.oarcanjo.net\/site\/#organization","name":"Par\u00f3quia S\u00e3o Miguel Arcanjo","url":"https:\/\/www.oarcanjo.net\/site\/","logo":{"@type":"ImageObject","inLanguage":"pt-BR","@id":"https:\/\/www.oarcanjo.net\/site\/#\/schema\/logo\/image\/","url":"https:\/\/www.oarcanjo.net\/site\/wp-content\/uploads\/LogoOArcanjo.png","contentUrl":"https:\/\/www.oarcanjo.net\/site\/wp-content\/uploads\/LogoOArcanjo.png","width":319,"height":99,"caption":"Par\u00f3quia S\u00e3o Miguel Arcanjo"},"image":{"@id":"https:\/\/www.oarcanjo.net\/site\/#\/schema\/logo\/image\/"},"sameAs":["https:\/\/www.facebook.com\/OArcanjoNoAr\/"]},{"@type":"Person","@id":"https:\/\/www.oarcanjo.net\/site\/#\/schema\/person\/0a2ae077c1a09b69d29928e3b9f1c0d1","name":"Alexandre Nunes","sameAs":["http:\/\/alexandrenu.com"]}]}},"publishpress_future_action":{"enabled":false,"date":"2026-05-09 04:23:27","action":"category","newStatus":"draft","terms":[],"taxonomy":"category"},"publishpress_future_workflow_manual_trigger":{"enabledWorkflows":[]},"_links":{"self":[{"href":"https:\/\/www.oarcanjo.net\/site\/wp-json\/wp\/v2\/posts\/21740"}],"collection":[{"href":"https:\/\/www.oarcanjo.net\/site\/wp-json\/wp\/v2\/posts"}],"about":[{"href":"https:\/\/www.oarcanjo.net\/site\/wp-json\/wp\/v2\/types\/post"}],"author":[{"embeddable":true,"href":"https:\/\/www.oarcanjo.net\/site\/wp-json\/wp\/v2\/users\/15"}],"replies":[{"embeddable":true,"href":"https:\/\/www.oarcanjo.net\/site\/wp-json\/wp\/v2\/comments?post=21740"}],"version-history":[{"count":0,"href":"https:\/\/www.oarcanjo.net\/site\/wp-json\/wp\/v2\/posts\/21740\/revisions"}],"wp:attachment":[{"href":"https:\/\/www.oarcanjo.net\/site\/wp-json\/wp\/v2\/media?parent=21740"}],"wp:term":[{"taxonomy":"category","embeddable":true,"href":"https:\/\/www.oarcanjo.net\/site\/wp-json\/wp\/v2\/categories?post=21740"},{"taxonomy":"post_tag","embeddable":true,"href":"https:\/\/www.oarcanjo.net\/site\/wp-json\/wp\/v2\/tags?post=21740"}],"curies":[{"name":"wp","href":"https:\/\/api.w.org\/{rel}","templated":true}]}}