
{"id":21750,"date":"2013-04-28T21:21:37","date_gmt":"2013-04-29T00:21:37","guid":{"rendered":"http:\/\/www.oarcanjo.net\/site\/?p=21750"},"modified":"2013-05-10T17:41:49","modified_gmt":"2013-05-10T20:41:49","slug":"carta-do-papa-francisco-aos-bispos-da-argentina","status":"publish","type":"post","link":"https:\/\/www.oarcanjo.net\/site\/carta-do-papa-francisco-aos-bispos-da-argentina\/","title":{"rendered":"Carta do Papa Francisco aos bispos da Argentina"},"content":{"rendered":"<p>Queridos irm\u00e3os,<\/p>\n<p>Recebam estas linhas de sauda\u00e7\u00f5es e tamb\u00e9m de desculpas por n\u00e3o poder participar, devido a \u201ccompromissos assumidos recentemente\u201d (ficou bem?). Estou espiritualmente junto com voc\u00eas e pe\u00e7o ao Senhor que os acompanhe muito nestes dias.<\/p>\n<p>Manifesto a voc\u00eas um desejo: eu gostaria que os trabalhos da assembleia tivessem como marco referencial o Documento de Aparecida e o \u201cRema mar adentro\u201d. L\u00e1 est\u00e3o as orienta\u00e7\u00f5es de que n\u00f3s precisamos neste momento da hist\u00f3ria. Acima de tudo, pe\u00e7o que voc\u00eas tenham uma especial preocupa\u00e7\u00e3o com o crescimento da miss\u00e3o continental em seus dois aspectos: a miss\u00e3o program\u00e1tica e a miss\u00e3o paradigm\u00e1tica. Que toda a pastoral tenha uma perspectiva mission\u00e1ria.<\/p>\n<p>Uma Igreja que n\u00e3o sai de si mesma adoece, cedo ou tarde, em meio \u00e0 atmosfera pesada do seu pr\u00f3prio fechamento. \u00c9 verdade, tamb\u00e9m, que uma Igreja que sai \u00e0s ruas pode sofrer o que qualquer pessoa na rua pode sofrer: um acidente. Diante desta alternativa, quero lhes dizer francamente que prefiro mil vezes uma Igreja acidentada a uma Igreja doente. A doen\u00e7a t\u00edpica da Igreja fechada \u00e9 ser autorreferencial; olhar para si mesma, ficar encurvada sobre si mesma, como aquela mulher do Evangelho. \u00c9 uma esp\u00e9cie de narcisismo que nos leva \u00e0 mundanidade espiritual e ao clericalismo sofisticado, e, depois, nos impede de experimentar \u201ca doce e reconfortante alegria de evangelizar\u201d.<\/p>\n<p>Desejo a todos voc\u00eas esta alegria, que tantas vezes vem unida \u00e0 Cruz, mas que nos salva do ressentimento e da tristeza. Esta alegria nos ajuda a ser cada dia mais fecundos, desgastando-nos e puindo-nos no servi\u00e7o ao santo povo fiel de Deus; esta alegria crescer\u00e1 mais e mais \u00e0 medida que levarmos a s\u00e9rio a convers\u00e3o pastoral que a Igreja nos pede.<\/p>\n<p>Obrigado por tudo o que voc\u00eas fazem e por tudo o que v\u00e3o fazer. Que o Senhor nos livre de maquiar o nosso episcopado com as belas apar\u00eancias da mundanidade, do dinheiro e do \u201cclericalismo de mercado\u201d. Nossa Senhora nos ensinar\u00e1 o caminho da humildade e daquele trabalho silencioso e valente que o zelo apost\u00f3lico faz prosperar.<\/p>\n<p>Pe\u00e7o, por favor, que voc\u00eas rezem por mim, para que eu n\u00e3o me sinta acima de ningu\u00e9m e saiba escutar o que Deus quer e n\u00e3o o que eu quero. Rezo por voc\u00eas.<\/p>\n<p>Um abra\u00e7o de irm\u00e3o e uma especial sauda\u00e7\u00e3o ao povo fiel de Deus que est\u00e1 sob os seus cuidados. Desejo a todos voc\u00eas um santo e feliz tempo pascal.<\/p>\n<p>Que Jesus os aben\u00e7oe e Nossa Senhora cuide de voc\u00eas.<\/p>\n<div id=\"themify_builder_content-21750\" data-postid=\"21750\" class=\"themify_builder_content themify_builder_content-21750 themify_builder themify_builder_front\">\n\t<\/div>\n<!-- \/themify_builder_content -->","protected":false},"excerpt":{"rendered":"<p>Papa Francisco: &#8220;Uma Igreja que n\u00e3o sai de si mesma adoece, cedo ou tarde, em meio \u00e0 atmosfera pesada do seu pr\u00f3prio fechamento. (&#8230;) A doen\u00e7a t\u00edpica da Igreja fechada \u00e9 ser autorreferencial; olhar para si mesma, ficar encurvada sobre si mesma, como aquela mulher do Evangelho. \u00c9 uma esp\u00e9cie de narcisismo que nos leva \u00e0 mundanidade espiritual e ao clericalismo sofisticado, e, depois, nos impede de experimentar &#8216;a doce e reconfortante alegria de evangelizar'&#8221;<\/p>\n","protected":false},"author":5,"featured_media":0,"comment_status":"open","ping_status":"open","sticky":false,"template":"","format":"standard","meta":{"ngg_post_thumbnail":0,"footnotes":""},"categories":[8],"tags":[2424,33,800,2435,99,498,28],"yoast_head":"<!-- This site is optimized with the Yoast SEO plugin v23.5 - https:\/\/yoast.com\/wordpress\/plugins\/seo\/ -->\n<title>Carta do Papa Francisco aos bispos da Argentina - O Arcanjo no ar<\/title>\n<meta name=\"robots\" content=\"index, follow, max-snippet:-1, max-image-preview:large, max-video-preview:-1\" \/>\n<link rel=\"canonical\" href=\"https:\/\/www.oarcanjo.net\/site\/carta-do-papa-francisco-aos-bispos-da-argentina\/\" \/>\n<meta property=\"og:locale\" content=\"pt_BR\" \/>\n<meta property=\"og:type\" content=\"article\" \/>\n<meta property=\"og:title\" content=\"Carta do Papa Francisco aos bispos da Argentina - O Arcanjo no ar\" \/>\n<meta property=\"og:description\" content=\"Papa Francisco: &quot;Uma Igreja que n\u00e3o sai de si mesma adoece, cedo ou tarde, em meio \u00e0 atmosfera pesada do seu pr\u00f3prio fechamento. (...) A doen\u00e7a t\u00edpica da Igreja fechada \u00e9 ser autorreferencial; olhar para si mesma, ficar encurvada sobre si mesma, como aquela mulher do Evangelho. \u00c9 uma esp\u00e9cie de narcisismo que nos leva \u00e0 mundanidade espiritual e ao clericalismo sofisticado, e, depois, nos impede de experimentar &#039;a doce e reconfortante alegria de evangelizar&#039;&quot;\" \/>\n<meta property=\"og:url\" content=\"https:\/\/www.oarcanjo.net\/site\/carta-do-papa-francisco-aos-bispos-da-argentina\/\" \/>\n<meta property=\"og:site_name\" content=\"O Arcanjo no ar\" \/>\n<meta property=\"article:publisher\" content=\"https:\/\/www.facebook.com\/OArcanjoNoAr\/\" \/>\n<meta property=\"article:published_time\" content=\"2013-04-29T00:21:37+00:00\" \/>\n<meta property=\"article:modified_time\" content=\"2013-05-10T20:41:49+00:00\" \/>\n<meta property=\"og:image\" content=\"https:\/\/www.oarcanjo.net\/site\/wp-content\/uploads\/logo-o-arcanjo-no-ar-facebook.png\" \/>\n\t<meta property=\"og:image:width\" content=\"300\" \/>\n\t<meta property=\"og:image:height\" content=\"300\" \/>\n\t<meta property=\"og:image:type\" content=\"image\/png\" \/>\n<meta name=\"author\" content=\"editor\" \/>\n<meta name=\"twitter:card\" content=\"summary_large_image\" \/>\n<meta name=\"twitter:label1\" content=\"Escrito por\" \/>\n\t<meta name=\"twitter:data1\" content=\"editor\" \/>\n\t<meta name=\"twitter:label2\" content=\"Est. tempo de leitura\" \/>\n\t<meta name=\"twitter:data2\" content=\"2 minutos\" \/>\n<script type=\"application\/ld+json\" class=\"yoast-schema-graph\">{\"@context\":\"https:\/\/schema.org\",\"@graph\":[{\"@type\":\"Article\",\"@id\":\"https:\/\/www.oarcanjo.net\/site\/carta-do-papa-francisco-aos-bispos-da-argentina\/#article\",\"isPartOf\":{\"@id\":\"https:\/\/www.oarcanjo.net\/site\/carta-do-papa-francisco-aos-bispos-da-argentina\/\"},\"author\":{\"name\":\"editor\",\"@id\":\"https:\/\/www.oarcanjo.net\/site\/#\/schema\/person\/f7024d007863202483a31326673a0838\"},\"headline\":\"Carta do Papa Francisco aos bispos da Argentina\",\"datePublished\":\"2013-04-29T00:21:37+00:00\",\"dateModified\":\"2013-05-10T20:41:49+00:00\",\"mainEntityOfPage\":{\"@id\":\"https:\/\/www.oarcanjo.net\/site\/carta-do-papa-francisco-aos-bispos-da-argentina\/\"},\"wordCount\":460,\"commentCount\":1,\"publisher\":{\"@id\":\"https:\/\/www.oarcanjo.net\/site\/#organization\"},\"keywords\":[\"Argentina\",\"bispos\",\"Documento de Aparecida\",\"Francisco\",\"igreja\",\"miss\u00e3o\",\"pastoral\"],\"articleSection\":[\"Not\u00edcias\"],\"inLanguage\":\"pt-BR\",\"potentialAction\":[{\"@type\":\"CommentAction\",\"name\":\"Comment\",\"target\":[\"https:\/\/www.oarcanjo.net\/site\/carta-do-papa-francisco-aos-bispos-da-argentina\/#respond\"]}]},{\"@type\":\"WebPage\",\"@id\":\"https:\/\/www.oarcanjo.net\/site\/carta-do-papa-francisco-aos-bispos-da-argentina\/\",\"url\":\"https:\/\/www.oarcanjo.net\/site\/carta-do-papa-francisco-aos-bispos-da-argentina\/\",\"name\":\"Carta do Papa Francisco aos bispos da Argentina - O Arcanjo no ar\",\"isPartOf\":{\"@id\":\"https:\/\/www.oarcanjo.net\/site\/#website\"},\"datePublished\":\"2013-04-29T00:21:37+00:00\",\"dateModified\":\"2013-05-10T20:41:49+00:00\",\"breadcrumb\":{\"@id\":\"https:\/\/www.oarcanjo.net\/site\/carta-do-papa-francisco-aos-bispos-da-argentina\/#breadcrumb\"},\"inLanguage\":\"pt-BR\",\"potentialAction\":[{\"@type\":\"ReadAction\",\"target\":[\"https:\/\/www.oarcanjo.net\/site\/carta-do-papa-francisco-aos-bispos-da-argentina\/\"]}]},{\"@type\":\"BreadcrumbList\",\"@id\":\"https:\/\/www.oarcanjo.net\/site\/carta-do-papa-francisco-aos-bispos-da-argentina\/#breadcrumb\",\"itemListElement\":[{\"@type\":\"ListItem\",\"position\":1,\"name\":\"In\u00edcio\",\"item\":\"https:\/\/www.oarcanjo.net\/site\/\"},{\"@type\":\"ListItem\",\"position\":2,\"name\":\"Carta do Papa Francisco aos bispos da Argentina\"}]},{\"@type\":\"WebSite\",\"@id\":\"https:\/\/www.oarcanjo.net\/site\/#website\",\"url\":\"https:\/\/www.oarcanjo.net\/site\/\",\"name\":\"O Arcanjo no ar\",\"description\":\"Site da Par\u00f3quia S\u00e3o Miguel Arcanjo (Arquidiocese de SP)\",\"publisher\":{\"@id\":\"https:\/\/www.oarcanjo.net\/site\/#organization\"},\"potentialAction\":[{\"@type\":\"SearchAction\",\"target\":{\"@type\":\"EntryPoint\",\"urlTemplate\":\"https:\/\/www.oarcanjo.net\/site\/?s={search_term_string}\"},\"query-input\":{\"@type\":\"PropertyValueSpecification\",\"valueRequired\":true,\"valueName\":\"search_term_string\"}}],\"inLanguage\":\"pt-BR\"},{\"@type\":\"Organization\",\"@id\":\"https:\/\/www.oarcanjo.net\/site\/#organization\",\"name\":\"Par\u00f3quia S\u00e3o Miguel Arcanjo\",\"url\":\"https:\/\/www.oarcanjo.net\/site\/\",\"logo\":{\"@type\":\"ImageObject\",\"inLanguage\":\"pt-BR\",\"@id\":\"https:\/\/www.oarcanjo.net\/site\/#\/schema\/logo\/image\/\",\"url\":\"https:\/\/www.oarcanjo.net\/site\/wp-content\/uploads\/LogoOArcanjo.png\",\"contentUrl\":\"https:\/\/www.oarcanjo.net\/site\/wp-content\/uploads\/LogoOArcanjo.png\",\"width\":319,\"height\":99,\"caption\":\"Par\u00f3quia S\u00e3o Miguel Arcanjo\"},\"image\":{\"@id\":\"https:\/\/www.oarcanjo.net\/site\/#\/schema\/logo\/image\/\"},\"sameAs\":[\"https:\/\/www.facebook.com\/OArcanjoNoAr\/\"]},{\"@type\":\"Person\",\"@id\":\"https:\/\/www.oarcanjo.net\/site\/#\/schema\/person\/f7024d007863202483a31326673a0838\",\"name\":\"editor\",\"sameAs\":[\"http:\/\/www.oarcanjo.net\"]}]}<\/script>\n<!-- \/ Yoast SEO plugin. -->","yoast_head_json":{"title":"Carta do Papa Francisco aos bispos da Argentina - O Arcanjo no ar","robots":{"index":"index","follow":"follow","max-snippet":"max-snippet:-1","max-image-preview":"max-image-preview:large","max-video-preview":"max-video-preview:-1"},"canonical":"https:\/\/www.oarcanjo.net\/site\/carta-do-papa-francisco-aos-bispos-da-argentina\/","og_locale":"pt_BR","og_type":"article","og_title":"Carta do Papa Francisco aos bispos da Argentina - O Arcanjo no ar","og_description":"Papa Francisco: \"Uma Igreja que n\u00e3o sai de si mesma adoece, cedo ou tarde, em meio \u00e0 atmosfera pesada do seu pr\u00f3prio fechamento. (...) A doen\u00e7a t\u00edpica da Igreja fechada \u00e9 ser autorreferencial; olhar para si mesma, ficar encurvada sobre si mesma, como aquela mulher do Evangelho. \u00c9 uma esp\u00e9cie de narcisismo que nos leva \u00e0 mundanidade espiritual e ao clericalismo sofisticado, e, depois, nos impede de experimentar 'a doce e reconfortante alegria de evangelizar'\"","og_url":"https:\/\/www.oarcanjo.net\/site\/carta-do-papa-francisco-aos-bispos-da-argentina\/","og_site_name":"O Arcanjo no ar","article_publisher":"https:\/\/www.facebook.com\/OArcanjoNoAr\/","article_published_time":"2013-04-29T00:21:37+00:00","article_modified_time":"2013-05-10T20:41:49+00:00","og_image":[{"width":300,"height":300,"url":"https:\/\/www.oarcanjo.net\/site\/wp-content\/uploads\/logo-o-arcanjo-no-ar-facebook.png","type":"image\/png"}],"author":"editor","twitter_card":"summary_large_image","twitter_misc":{"Escrito por":"editor","Est. tempo de leitura":"2 minutos"},"schema":{"@context":"https:\/\/schema.org","@graph":[{"@type":"Article","@id":"https:\/\/www.oarcanjo.net\/site\/carta-do-papa-francisco-aos-bispos-da-argentina\/#article","isPartOf":{"@id":"https:\/\/www.oarcanjo.net\/site\/carta-do-papa-francisco-aos-bispos-da-argentina\/"},"author":{"name":"editor","@id":"https:\/\/www.oarcanjo.net\/site\/#\/schema\/person\/f7024d007863202483a31326673a0838"},"headline":"Carta do Papa Francisco aos bispos da Argentina","datePublished":"2013-04-29T00:21:37+00:00","dateModified":"2013-05-10T20:41:49+00:00","mainEntityOfPage":{"@id":"https:\/\/www.oarcanjo.net\/site\/carta-do-papa-francisco-aos-bispos-da-argentina\/"},"wordCount":460,"commentCount":1,"publisher":{"@id":"https:\/\/www.oarcanjo.net\/site\/#organization"},"keywords":["Argentina","bispos","Documento de Aparecida","Francisco","igreja","miss\u00e3o","pastoral"],"articleSection":["Not\u00edcias"],"inLanguage":"pt-BR","potentialAction":[{"@type":"CommentAction","name":"Comment","target":["https:\/\/www.oarcanjo.net\/site\/carta-do-papa-francisco-aos-bispos-da-argentina\/#respond"]}]},{"@type":"WebPage","@id":"https:\/\/www.oarcanjo.net\/site\/carta-do-papa-francisco-aos-bispos-da-argentina\/","url":"https:\/\/www.oarcanjo.net\/site\/carta-do-papa-francisco-aos-bispos-da-argentina\/","name":"Carta do Papa Francisco aos bispos da Argentina - O Arcanjo no ar","isPartOf":{"@id":"https:\/\/www.oarcanjo.net\/site\/#website"},"datePublished":"2013-04-29T00:21:37+00:00","dateModified":"2013-05-10T20:41:49+00:00","breadcrumb":{"@id":"https:\/\/www.oarcanjo.net\/site\/carta-do-papa-francisco-aos-bispos-da-argentina\/#breadcrumb"},"inLanguage":"pt-BR","potentialAction":[{"@type":"ReadAction","target":["https:\/\/www.oarcanjo.net\/site\/carta-do-papa-francisco-aos-bispos-da-argentina\/"]}]},{"@type":"BreadcrumbList","@id":"https:\/\/www.oarcanjo.net\/site\/carta-do-papa-francisco-aos-bispos-da-argentina\/#breadcrumb","itemListElement":[{"@type":"ListItem","position":1,"name":"In\u00edcio","item":"https:\/\/www.oarcanjo.net\/site\/"},{"@type":"ListItem","position":2,"name":"Carta do Papa Francisco aos bispos da Argentina"}]},{"@type":"WebSite","@id":"https:\/\/www.oarcanjo.net\/site\/#website","url":"https:\/\/www.oarcanjo.net\/site\/","name":"O Arcanjo no ar","description":"Site da Par\u00f3quia S\u00e3o Miguel Arcanjo (Arquidiocese de SP)","publisher":{"@id":"https:\/\/www.oarcanjo.net\/site\/#organization"},"potentialAction":[{"@type":"SearchAction","target":{"@type":"EntryPoint","urlTemplate":"https:\/\/www.oarcanjo.net\/site\/?s={search_term_string}"},"query-input":{"@type":"PropertyValueSpecification","valueRequired":true,"valueName":"search_term_string"}}],"inLanguage":"pt-BR"},{"@type":"Organization","@id":"https:\/\/www.oarcanjo.net\/site\/#organization","name":"Par\u00f3quia S\u00e3o Miguel Arcanjo","url":"https:\/\/www.oarcanjo.net\/site\/","logo":{"@type":"ImageObject","inLanguage":"pt-BR","@id":"https:\/\/www.oarcanjo.net\/site\/#\/schema\/logo\/image\/","url":"https:\/\/www.oarcanjo.net\/site\/wp-content\/uploads\/LogoOArcanjo.png","contentUrl":"https:\/\/www.oarcanjo.net\/site\/wp-content\/uploads\/LogoOArcanjo.png","width":319,"height":99,"caption":"Par\u00f3quia S\u00e3o Miguel Arcanjo"},"image":{"@id":"https:\/\/www.oarcanjo.net\/site\/#\/schema\/logo\/image\/"},"sameAs":["https:\/\/www.facebook.com\/OArcanjoNoAr\/"]},{"@type":"Person","@id":"https:\/\/www.oarcanjo.net\/site\/#\/schema\/person\/f7024d007863202483a31326673a0838","name":"editor","sameAs":["http:\/\/www.oarcanjo.net"]}]}},"publishpress_future_action":{"enabled":false,"date":"2026-05-07 10:09:01","action":"category","newStatus":"draft","terms":[],"taxonomy":"category"},"publishpress_future_workflow_manual_trigger":{"enabledWorkflows":[]},"_links":{"self":[{"href":"https:\/\/www.oarcanjo.net\/site\/wp-json\/wp\/v2\/posts\/21750"}],"collection":[{"href":"https:\/\/www.oarcanjo.net\/site\/wp-json\/wp\/v2\/posts"}],"about":[{"href":"https:\/\/www.oarcanjo.net\/site\/wp-json\/wp\/v2\/types\/post"}],"author":[{"embeddable":true,"href":"https:\/\/www.oarcanjo.net\/site\/wp-json\/wp\/v2\/users\/5"}],"replies":[{"embeddable":true,"href":"https:\/\/www.oarcanjo.net\/site\/wp-json\/wp\/v2\/comments?post=21750"}],"version-history":[{"count":0,"href":"https:\/\/www.oarcanjo.net\/site\/wp-json\/wp\/v2\/posts\/21750\/revisions"}],"wp:attachment":[{"href":"https:\/\/www.oarcanjo.net\/site\/wp-json\/wp\/v2\/media?parent=21750"}],"wp:term":[{"taxonomy":"category","embeddable":true,"href":"https:\/\/www.oarcanjo.net\/site\/wp-json\/wp\/v2\/categories?post=21750"},{"taxonomy":"post_tag","embeddable":true,"href":"https:\/\/www.oarcanjo.net\/site\/wp-json\/wp\/v2\/tags?post=21750"}],"curies":[{"name":"wp","href":"https:\/\/api.w.org\/{rel}","templated":true}]}}