
{"id":21755,"date":"2013-04-29T00:04:16","date_gmt":"2013-04-29T03:04:16","guid":{"rendered":"http:\/\/www.oarcanjo.net\/site\/?p=21755"},"modified":"2013-04-29T00:04:16","modified_gmt":"2013-04-29T03:04:16","slug":"terco-dos-homens-sera-na-sexta-feira-35-as-20h30","status":"publish","type":"post","link":"https:\/\/www.oarcanjo.net\/site\/terco-dos-homens-sera-na-sexta-feira-35-as-20h30\/","title":{"rendered":"Ter\u00e7o dos Homens ser\u00e1 na sexta-feira, 3\/5, \u00e0s 20h30"},"content":{"rendered":"<p>O Ter\u00e7o dos Homens ser\u00e1 realizado na sexta-feira, 03\/05, a partir das 20h30 na igreja S\u00e3o Miguel Arcanjo. No s\u00e1bado, dia 04, \u00e0s 15h re\u00fane-se a equipe de liturgia. Come\u00e7am os preparativos para a festa junina da comunidade, que este ano destinar o resultado \u00e0 Jornada Mundial da Juventude. Veja mais informa\u00e7\u00f5es nos avisos da semana:<\/p>\n<p><iframe loading=\"lazy\" frameborder=\"0\" height=\"315\" src=\"http:\/\/www.youtube.com\/embed\/HSGLXak1TXE?rel=0\" width=\"560\"><\/iframe><\/p>\n<div id=\"themify_builder_content-21755\" data-postid=\"21755\" class=\"themify_builder_content themify_builder_content-21755 themify_builder themify_builder_front\">\n\t<\/div>\n<!-- \/themify_builder_content -->","protected":false},"excerpt":{"rendered":"<p>O Ter\u00e7o dos Homens ser\u00e1 realizado na sexta-feira, 03\/05, a partir das 20h30 na igreja S\u00e3o Miguel Arcanjo. No s\u00e1bado, dia 04, \u00e0s 15h re\u00fane-se a equipe de liturgia. Come\u00e7am os preparativos para a festa junina da comunidade, que este ano destinar o resultado \u00e0 Jornada Mundial da Juventude. Veja mais informa\u00e7\u00f5es nos avisos da [&hellip;]<\/p>\n","protected":false},"author":5,"featured_media":0,"comment_status":"open","ping_status":"open","sticky":false,"template":"","format":"standard","meta":{"ngg_post_thumbnail":0,"footnotes":""},"categories":[476,8],"tags":[766,1937,1938,3204,2433,297],"yoast_head":"<!-- This site is optimized with the Yoast SEO plugin v23.5 - https:\/\/yoast.com\/wordpress\/plugins\/seo\/ -->\n<title>Ter\u00e7o dos Homens ser\u00e1 na sexta-feira, 3\/5, \u00e0s 20h30 - O Arcanjo no ar<\/title>\n<meta name=\"robots\" content=\"index, follow, max-snippet:-1, max-image-preview:large, max-video-preview:-1\" \/>\n<link rel=\"canonical\" href=\"https:\/\/www.oarcanjo.net\/site\/terco-dos-homens-sera-na-sexta-feira-35-as-20h30\/\" \/>\n<meta property=\"og:locale\" content=\"pt_BR\" \/>\n<meta property=\"og:type\" content=\"article\" \/>\n<meta property=\"og:title\" content=\"Ter\u00e7o dos Homens ser\u00e1 na sexta-feira, 3\/5, \u00e0s 20h30 - O Arcanjo no ar\" \/>\n<meta property=\"og:description\" content=\"O Ter\u00e7o dos Homens ser\u00e1 realizado na sexta-feira, 03\/05, a partir das 20h30 na igreja S\u00e3o Miguel Arcanjo. No s\u00e1bado, dia 04, \u00e0s 15h re\u00fane-se a equipe de liturgia. Come\u00e7am os preparativos para a festa junina da comunidade, que este ano destinar o resultado \u00e0 Jornada Mundial da Juventude. Veja mais informa\u00e7\u00f5es nos avisos da [&hellip;]\" \/>\n<meta property=\"og:url\" content=\"https:\/\/www.oarcanjo.net\/site\/terco-dos-homens-sera-na-sexta-feira-35-as-20h30\/\" \/>\n<meta property=\"og:site_name\" content=\"O Arcanjo no ar\" \/>\n<meta property=\"article:publisher\" content=\"https:\/\/www.facebook.com\/OArcanjoNoAr\/\" \/>\n<meta property=\"article:published_time\" content=\"2013-04-29T03:04:16+00:00\" \/>\n<meta property=\"og:image\" content=\"https:\/\/www.oarcanjo.net\/site\/wp-content\/uploads\/logo-o-arcanjo-no-ar-facebook.png\" \/>\n\t<meta property=\"og:image:width\" content=\"300\" \/>\n\t<meta property=\"og:image:height\" content=\"300\" \/>\n\t<meta property=\"og:image:type\" content=\"image\/png\" \/>\n<meta name=\"author\" content=\"editor\" \/>\n<meta name=\"twitter:card\" content=\"summary_large_image\" \/>\n<meta name=\"twitter:label1\" content=\"Escrito por\" \/>\n\t<meta name=\"twitter:data1\" content=\"editor\" \/>\n<script type=\"application\/ld+json\" class=\"yoast-schema-graph\">{\"@context\":\"https:\/\/schema.org\",\"@graph\":[{\"@type\":\"Article\",\"@id\":\"https:\/\/www.oarcanjo.net\/site\/terco-dos-homens-sera-na-sexta-feira-35-as-20h30\/#article\",\"isPartOf\":{\"@id\":\"https:\/\/www.oarcanjo.net\/site\/terco-dos-homens-sera-na-sexta-feira-35-as-20h30\/\"},\"author\":{\"name\":\"editor\",\"@id\":\"https:\/\/www.oarcanjo.net\/site\/#\/schema\/person\/f7024d007863202483a31326673a0838\"},\"headline\":\"Ter\u00e7o dos Homens ser\u00e1 na sexta-feira, 3\/5, \u00e0s 20h30\",\"datePublished\":\"2013-04-29T03:04:16+00:00\",\"dateModified\":\"2013-04-29T03:04:16+00:00\",\"mainEntityOfPage\":{\"@id\":\"https:\/\/www.oarcanjo.net\/site\/terco-dos-homens-sera-na-sexta-feira-35-as-20h30\/\"},\"wordCount\":68,\"commentCount\":0,\"publisher\":{\"@id\":\"https:\/\/www.oarcanjo.net\/site\/#organization\"},\"keywords\":[\"festa junina\",\"JMJ\",\"Jornada Mundial da Juventude\",\"Liturgia\",\"Papa Francisco\",\"ter\u00e7o dos homens\"],\"articleSection\":[\"Avisos\",\"Not\u00edcias\"],\"inLanguage\":\"pt-BR\",\"potentialAction\":[{\"@type\":\"CommentAction\",\"name\":\"Comment\",\"target\":[\"https:\/\/www.oarcanjo.net\/site\/terco-dos-homens-sera-na-sexta-feira-35-as-20h30\/#respond\"]}]},{\"@type\":\"WebPage\",\"@id\":\"https:\/\/www.oarcanjo.net\/site\/terco-dos-homens-sera-na-sexta-feira-35-as-20h30\/\",\"url\":\"https:\/\/www.oarcanjo.net\/site\/terco-dos-homens-sera-na-sexta-feira-35-as-20h30\/\",\"name\":\"Ter\u00e7o dos Homens ser\u00e1 na sexta-feira, 3\/5, \u00e0s 20h30 - O Arcanjo no ar\",\"isPartOf\":{\"@id\":\"https:\/\/www.oarcanjo.net\/site\/#website\"},\"datePublished\":\"2013-04-29T03:04:16+00:00\",\"dateModified\":\"2013-04-29T03:04:16+00:00\",\"breadcrumb\":{\"@id\":\"https:\/\/www.oarcanjo.net\/site\/terco-dos-homens-sera-na-sexta-feira-35-as-20h30\/#breadcrumb\"},\"inLanguage\":\"pt-BR\",\"potentialAction\":[{\"@type\":\"ReadAction\",\"target\":[\"https:\/\/www.oarcanjo.net\/site\/terco-dos-homens-sera-na-sexta-feira-35-as-20h30\/\"]}]},{\"@type\":\"BreadcrumbList\",\"@id\":\"https:\/\/www.oarcanjo.net\/site\/terco-dos-homens-sera-na-sexta-feira-35-as-20h30\/#breadcrumb\",\"itemListElement\":[{\"@type\":\"ListItem\",\"position\":1,\"name\":\"In\u00edcio\",\"item\":\"https:\/\/www.oarcanjo.net\/site\/\"},{\"@type\":\"ListItem\",\"position\":2,\"name\":\"Ter\u00e7o dos Homens ser\u00e1 na sexta-feira, 3\/5, \u00e0s 20h30\"}]},{\"@type\":\"WebSite\",\"@id\":\"https:\/\/www.oarcanjo.net\/site\/#website\",\"url\":\"https:\/\/www.oarcanjo.net\/site\/\",\"name\":\"O Arcanjo no ar\",\"description\":\"Site da Par\u00f3quia S\u00e3o Miguel Arcanjo (Arquidiocese de SP)\",\"publisher\":{\"@id\":\"https:\/\/www.oarcanjo.net\/site\/#organization\"},\"potentialAction\":[{\"@type\":\"SearchAction\",\"target\":{\"@type\":\"EntryPoint\",\"urlTemplate\":\"https:\/\/www.oarcanjo.net\/site\/?s={search_term_string}\"},\"query-input\":{\"@type\":\"PropertyValueSpecification\",\"valueRequired\":true,\"valueName\":\"search_term_string\"}}],\"inLanguage\":\"pt-BR\"},{\"@type\":\"Organization\",\"@id\":\"https:\/\/www.oarcanjo.net\/site\/#organization\",\"name\":\"Par\u00f3quia S\u00e3o Miguel Arcanjo\",\"url\":\"https:\/\/www.oarcanjo.net\/site\/\",\"logo\":{\"@type\":\"ImageObject\",\"inLanguage\":\"pt-BR\",\"@id\":\"https:\/\/www.oarcanjo.net\/site\/#\/schema\/logo\/image\/\",\"url\":\"https:\/\/www.oarcanjo.net\/site\/wp-content\/uploads\/LogoOArcanjo.png\",\"contentUrl\":\"https:\/\/www.oarcanjo.net\/site\/wp-content\/uploads\/LogoOArcanjo.png\",\"width\":319,\"height\":99,\"caption\":\"Par\u00f3quia S\u00e3o Miguel Arcanjo\"},\"image\":{\"@id\":\"https:\/\/www.oarcanjo.net\/site\/#\/schema\/logo\/image\/\"},\"sameAs\":[\"https:\/\/www.facebook.com\/OArcanjoNoAr\/\"]},{\"@type\":\"Person\",\"@id\":\"https:\/\/www.oarcanjo.net\/site\/#\/schema\/person\/f7024d007863202483a31326673a0838\",\"name\":\"editor\",\"sameAs\":[\"http:\/\/www.oarcanjo.net\"]}]}<\/script>\n<!-- \/ Yoast SEO plugin. -->","yoast_head_json":{"title":"Ter\u00e7o dos Homens ser\u00e1 na sexta-feira, 3\/5, \u00e0s 20h30 - O Arcanjo no ar","robots":{"index":"index","follow":"follow","max-snippet":"max-snippet:-1","max-image-preview":"max-image-preview:large","max-video-preview":"max-video-preview:-1"},"canonical":"https:\/\/www.oarcanjo.net\/site\/terco-dos-homens-sera-na-sexta-feira-35-as-20h30\/","og_locale":"pt_BR","og_type":"article","og_title":"Ter\u00e7o dos Homens ser\u00e1 na sexta-feira, 3\/5, \u00e0s 20h30 - O Arcanjo no ar","og_description":"O Ter\u00e7o dos Homens ser\u00e1 realizado na sexta-feira, 03\/05, a partir das 20h30 na igreja S\u00e3o Miguel Arcanjo. No s\u00e1bado, dia 04, \u00e0s 15h re\u00fane-se a equipe de liturgia. Come\u00e7am os preparativos para a festa junina da comunidade, que este ano destinar o resultado \u00e0 Jornada Mundial da Juventude. Veja mais informa\u00e7\u00f5es nos avisos da [&hellip;]","og_url":"https:\/\/www.oarcanjo.net\/site\/terco-dos-homens-sera-na-sexta-feira-35-as-20h30\/","og_site_name":"O Arcanjo no ar","article_publisher":"https:\/\/www.facebook.com\/OArcanjoNoAr\/","article_published_time":"2013-04-29T03:04:16+00:00","og_image":[{"width":300,"height":300,"url":"https:\/\/www.oarcanjo.net\/site\/wp-content\/uploads\/logo-o-arcanjo-no-ar-facebook.png","type":"image\/png"}],"author":"editor","twitter_card":"summary_large_image","twitter_misc":{"Escrito por":"editor"},"schema":{"@context":"https:\/\/schema.org","@graph":[{"@type":"Article","@id":"https:\/\/www.oarcanjo.net\/site\/terco-dos-homens-sera-na-sexta-feira-35-as-20h30\/#article","isPartOf":{"@id":"https:\/\/www.oarcanjo.net\/site\/terco-dos-homens-sera-na-sexta-feira-35-as-20h30\/"},"author":{"name":"editor","@id":"https:\/\/www.oarcanjo.net\/site\/#\/schema\/person\/f7024d007863202483a31326673a0838"},"headline":"Ter\u00e7o dos Homens ser\u00e1 na sexta-feira, 3\/5, \u00e0s 20h30","datePublished":"2013-04-29T03:04:16+00:00","dateModified":"2013-04-29T03:04:16+00:00","mainEntityOfPage":{"@id":"https:\/\/www.oarcanjo.net\/site\/terco-dos-homens-sera-na-sexta-feira-35-as-20h30\/"},"wordCount":68,"commentCount":0,"publisher":{"@id":"https:\/\/www.oarcanjo.net\/site\/#organization"},"keywords":["festa junina","JMJ","Jornada Mundial da Juventude","Liturgia","Papa Francisco","ter\u00e7o dos homens"],"articleSection":["Avisos","Not\u00edcias"],"inLanguage":"pt-BR","potentialAction":[{"@type":"CommentAction","name":"Comment","target":["https:\/\/www.oarcanjo.net\/site\/terco-dos-homens-sera-na-sexta-feira-35-as-20h30\/#respond"]}]},{"@type":"WebPage","@id":"https:\/\/www.oarcanjo.net\/site\/terco-dos-homens-sera-na-sexta-feira-35-as-20h30\/","url":"https:\/\/www.oarcanjo.net\/site\/terco-dos-homens-sera-na-sexta-feira-35-as-20h30\/","name":"Ter\u00e7o dos Homens ser\u00e1 na sexta-feira, 3\/5, \u00e0s 20h30 - O Arcanjo no ar","isPartOf":{"@id":"https:\/\/www.oarcanjo.net\/site\/#website"},"datePublished":"2013-04-29T03:04:16+00:00","dateModified":"2013-04-29T03:04:16+00:00","breadcrumb":{"@id":"https:\/\/www.oarcanjo.net\/site\/terco-dos-homens-sera-na-sexta-feira-35-as-20h30\/#breadcrumb"},"inLanguage":"pt-BR","potentialAction":[{"@type":"ReadAction","target":["https:\/\/www.oarcanjo.net\/site\/terco-dos-homens-sera-na-sexta-feira-35-as-20h30\/"]}]},{"@type":"BreadcrumbList","@id":"https:\/\/www.oarcanjo.net\/site\/terco-dos-homens-sera-na-sexta-feira-35-as-20h30\/#breadcrumb","itemListElement":[{"@type":"ListItem","position":1,"name":"In\u00edcio","item":"https:\/\/www.oarcanjo.net\/site\/"},{"@type":"ListItem","position":2,"name":"Ter\u00e7o dos Homens ser\u00e1 na sexta-feira, 3\/5, \u00e0s 20h30"}]},{"@type":"WebSite","@id":"https:\/\/www.oarcanjo.net\/site\/#website","url":"https:\/\/www.oarcanjo.net\/site\/","name":"O Arcanjo no ar","description":"Site da Par\u00f3quia S\u00e3o Miguel Arcanjo (Arquidiocese de SP)","publisher":{"@id":"https:\/\/www.oarcanjo.net\/site\/#organization"},"potentialAction":[{"@type":"SearchAction","target":{"@type":"EntryPoint","urlTemplate":"https:\/\/www.oarcanjo.net\/site\/?s={search_term_string}"},"query-input":{"@type":"PropertyValueSpecification","valueRequired":true,"valueName":"search_term_string"}}],"inLanguage":"pt-BR"},{"@type":"Organization","@id":"https:\/\/www.oarcanjo.net\/site\/#organization","name":"Par\u00f3quia S\u00e3o Miguel Arcanjo","url":"https:\/\/www.oarcanjo.net\/site\/","logo":{"@type":"ImageObject","inLanguage":"pt-BR","@id":"https:\/\/www.oarcanjo.net\/site\/#\/schema\/logo\/image\/","url":"https:\/\/www.oarcanjo.net\/site\/wp-content\/uploads\/LogoOArcanjo.png","contentUrl":"https:\/\/www.oarcanjo.net\/site\/wp-content\/uploads\/LogoOArcanjo.png","width":319,"height":99,"caption":"Par\u00f3quia S\u00e3o Miguel Arcanjo"},"image":{"@id":"https:\/\/www.oarcanjo.net\/site\/#\/schema\/logo\/image\/"},"sameAs":["https:\/\/www.facebook.com\/OArcanjoNoAr\/"]},{"@type":"Person","@id":"https:\/\/www.oarcanjo.net\/site\/#\/schema\/person\/f7024d007863202483a31326673a0838","name":"editor","sameAs":["http:\/\/www.oarcanjo.net"]}]}},"publishpress_future_action":{"enabled":false,"date":"2026-05-07 09:49:09","action":"category","newStatus":"draft","terms":[],"taxonomy":"category"},"publishpress_future_workflow_manual_trigger":{"enabledWorkflows":[]},"_links":{"self":[{"href":"https:\/\/www.oarcanjo.net\/site\/wp-json\/wp\/v2\/posts\/21755"}],"collection":[{"href":"https:\/\/www.oarcanjo.net\/site\/wp-json\/wp\/v2\/posts"}],"about":[{"href":"https:\/\/www.oarcanjo.net\/site\/wp-json\/wp\/v2\/types\/post"}],"author":[{"embeddable":true,"href":"https:\/\/www.oarcanjo.net\/site\/wp-json\/wp\/v2\/users\/5"}],"replies":[{"embeddable":true,"href":"https:\/\/www.oarcanjo.net\/site\/wp-json\/wp\/v2\/comments?post=21755"}],"version-history":[{"count":0,"href":"https:\/\/www.oarcanjo.net\/site\/wp-json\/wp\/v2\/posts\/21755\/revisions"}],"wp:attachment":[{"href":"https:\/\/www.oarcanjo.net\/site\/wp-json\/wp\/v2\/media?parent=21755"}],"wp:term":[{"taxonomy":"category","embeddable":true,"href":"https:\/\/www.oarcanjo.net\/site\/wp-json\/wp\/v2\/categories?post=21755"},{"taxonomy":"post_tag","embeddable":true,"href":"https:\/\/www.oarcanjo.net\/site\/wp-json\/wp\/v2\/tags?post=21755"}],"curies":[{"name":"wp","href":"https:\/\/api.w.org\/{rel}","templated":true}]}}