
{"id":21776,"date":"2013-04-29T22:36:33","date_gmt":"2013-04-30T01:36:33","guid":{"rendered":"http:\/\/www.oarcanjo.net\/site\/?p=21776"},"modified":"2013-04-30T09:37:00","modified_gmt":"2013-04-30T12:37:00","slug":"tempo-e-maturidade","status":"publish","type":"post","link":"https:\/\/www.oarcanjo.net\/site\/tempo-e-maturidade\/","title":{"rendered":"Tempo e maturidade"},"content":{"rendered":"<p><em>Maria Clara Lucchetti Bingemer<\/em><br \/>\n<em>Te\u00f3loga, professora e decana do Centro de Teologia e Ci\u00eancias Humanas da PUC-Rio<\/em><br \/>\n<em>Adital<\/em><\/p>\n<p>\u00c0s vezes \u00e9 dif\u00edcil explicar a meus alunos mais novos em que consiste a sabedoria. Os livros sapienciais da B\u00edblia Judaica oferecem-nos um perfil do s\u00e1bio como aquele que chegou a um ponto de maturidade na vida. Isso significa que j\u00e1 tem um conhecimento razo\u00e1vel do que \u00e9 transform\u00e1vel e do que \u00e9 inevit\u00e1vel. Sabe conviver com situa\u00e7\u00f5es-limite e entende dever suport\u00e1-las, pois n\u00e3o est\u00e1 a seu alcance algo fazer para mud\u00e1-las.<\/p>\n<p>Sua sabedoria consiste em aprender com a situa\u00e7\u00e3o que lhe \u00e9 dado viver naquele momento. Ou reler experi\u00eancias do passado e fazer sobre elas novas s\u00ednteses que lhe propiciem igualmente fecundo aprendizado para sua vida no presente. E este aprendizado \u00e9 o que de melhor pode legar \u00e0queles que agora vivem sua juventude e se encontram diante de um futuro longo e fascinante.<\/p>\n<p>Assim \u00e9 que a maturidade permite olhar para tr\u00e1s e aprender com os acertos. E tamb\u00e9m \u2013e talvez principalmente\u2013 com os erros. O que foi feito e n\u00e3o deveria; o que foi experimentado e n\u00e3o acrescentou; decis\u00f5es que n\u00e3o levaram aonde se esperava&#8230; tudo isso pode ser resgatado e reciclado em fecunda aprendizagem, que ajudar\u00e1 o pr\u00f3prio e a outros a trilhar caminho melhor e mais largo.<\/p>\n<p>Essa reflex\u00e3o me vem n\u00e3o apenas pela experi\u00eancia de avan\u00e7ar nos anos. Mas tamb\u00e9m e n\u00e3o menos de observar certas situa\u00e7\u00f5es que comprovam aquilo que acima afirmo. Por exemplo, a discuss\u00e3o sobre a participa\u00e7\u00e3o ou n\u00e3o do papa Francisco, ent\u00e3o Jorge Bergoglio, na ditadura argentina. A m\u00eddia trouxe \u00e0 luz d\u00favidas, ambiguidades a esse respeito e jogou a quest\u00e3o no ar.<\/p>\n<p>Acompanhando as not\u00edcias que v\u00eam saindo, vai-se constatando que, quatro d\u00e9cadas depois, o ent\u00e3o provincial dos jesu\u00edtas na Argentina, Jorge Bergoglio apresenta um perfil de algu\u00e9m que ajudou a quem necessitava de abrigo e prote\u00e7\u00e3o naqueles anos terr\u00edveis de seu pa\u00eds. Quando o rio da Prata se tornava t\u00famulo de milhares de desaparecidos nos chamados voos da morte, o jesu\u00edta Bergoglio conseguia passaportes para atravessar a fronteira, avisava a futuros perseguidos que se escondessem, j\u00e1 que seus nomes constavam das macabras listas da ditadura.<\/p>\n<p>Alguns continuam acusando-o de n\u00e3o haver sido suficientemente destemido para expor-se e denunciar aquelas situa\u00e7\u00f5es como o fizeram outros. Entre eles, o bispo m\u00e1rtir Angelelli. Por\u00e9m, quem n\u00e3o viveu as terr\u00edveis tens\u00f5es daqueles anos sombrios deveria ser mais cauteloso em acusar e falar. As circunst\u00e2ncias eram t\u00e3o perigosas e adversas que n\u00e3o era f\u00e1cil encontrar as atitudes certas a tomar. Muitas vezes a regra do mal menor tinha que sobrepor-se \u00e0 do bem maior. E criar no sil\u00eancio e no anonimato condi\u00e7\u00f5es para que uma vida n\u00e3o fosse destru\u00edda era muitas vezes a \u00fanica maneira de n\u00e3o compactuar com aquele contexto de morte.<\/p>\n<p>Todos mudamos e amadurecemos com o tempo. Mudam as circunst\u00e2ncias, mudam muitas vezes as atitudes. A mesma m\u00eddia que se apressou em propalar aos quatro ventos as suspeitas que pesavam sobre o jesu\u00edta Bergoglio n\u00e3o teve a mesma urg\u00eancia em revelar que h\u00e1 dez meses, na Faculdade de Teologia de Buenos Aires, o ent\u00e3o arcebispo Jorge Bergoglio resgatou a mem\u00f3ria do Pe. Rafael Tello, um dos iniciadores da teologia da liberta\u00e7\u00e3o naquele pa\u00eds. E explicitando seu gesto disse: &#8220;Essas repara\u00e7\u00f5es que Deus faz: que a hierarquia, que em seu momento achou conveniente retir\u00e1-lo da faculdade, hoje diga que seu pensamento \u00e9 v\u00e1lido. Mais ainda, foi fundamento do trabalho evangelizador na Argentina. Quero dar gra\u00e7as a Deus por isso\u201d.<\/p>\n<p>Nestas palavras do atual Papa, pronunciadas h\u00e1 menos de um ano, encontramos a sabedoria madura de quem rev\u00ea suas atitudes e se alegra com as mudan\u00e7as que acontecem em sua consci\u00eancia e na do segmento eclesial a que pertence. O Papa Francisco inicia seu pontificado proclamando sem cessar a op\u00e7\u00e3o pelos pobres. Sente-se no ar o perfume e o sabor da volta ao Conc\u00edlio Vaticano II.<\/p>\n<p>Procuremos aprender com sua sabedoria em lugar de voltarmos incessantemente a sombras que porventura haja em seu passado, em sua Argentina natal. \u00c9 hora de aprender com ele a ter a coragem de rever-se e voltar-se decididamente para uma miss\u00e3o nada f\u00e1cil. Nela, ter\u00e1 sempre a inspira\u00e7\u00e3o do Esp\u00edrito. Que tenha igualmente nossa ajuda e apoio.<\/p>\n<div id=\"themify_builder_content-21776\" data-postid=\"21776\" class=\"themify_builder_content themify_builder_content-21776 themify_builder themify_builder_front\">\n\t<\/div>\n<!-- \/themify_builder_content -->","protected":false},"excerpt":{"rendered":"<p>Maria Clara Lucchetti Bingemer Te\u00f3loga, professora e decana do Centro de Teologia e Ci\u00eancias Humanas da PUC-Rio Adital \u00c0s vezes \u00e9 dif\u00edcil explicar a meus alunos mais novos em que consiste a sabedoria. Os livros sapienciais da B\u00edblia Judaica oferecem-nos um perfil do s\u00e1bio como aquele que chegou a um ponto de maturidade na vida. [&hellip;]<\/p>\n","protected":false},"author":5,"featured_media":0,"comment_status":"open","ping_status":"open","sticky":false,"template":"","format":"standard","meta":{"ngg_post_thumbnail":0,"footnotes":""},"categories":[9],"tags":[546,2433,2146],"yoast_head":"<!-- This site is optimized with the Yoast SEO plugin v23.5 - https:\/\/yoast.com\/wordpress\/plugins\/seo\/ -->\n<title>Tempo e maturidade - O Arcanjo no ar<\/title>\n<meta name=\"robots\" content=\"index, follow, max-snippet:-1, max-image-preview:large, max-video-preview:-1\" \/>\n<link rel=\"canonical\" href=\"https:\/\/www.oarcanjo.net\/site\/tempo-e-maturidade\/\" \/>\n<meta property=\"og:locale\" content=\"pt_BR\" \/>\n<meta property=\"og:type\" content=\"article\" \/>\n<meta property=\"og:title\" content=\"Tempo e maturidade - O Arcanjo no ar\" \/>\n<meta property=\"og:description\" content=\"Maria Clara Lucchetti Bingemer Te\u00f3loga, professora e decana do Centro de Teologia e Ci\u00eancias Humanas da PUC-Rio Adital \u00c0s vezes \u00e9 dif\u00edcil explicar a meus alunos mais novos em que consiste a sabedoria. Os livros sapienciais da B\u00edblia Judaica oferecem-nos um perfil do s\u00e1bio como aquele que chegou a um ponto de maturidade na vida. [&hellip;]\" \/>\n<meta property=\"og:url\" content=\"https:\/\/www.oarcanjo.net\/site\/tempo-e-maturidade\/\" \/>\n<meta property=\"og:site_name\" content=\"O Arcanjo no ar\" \/>\n<meta property=\"article:publisher\" content=\"https:\/\/www.facebook.com\/OArcanjoNoAr\/\" \/>\n<meta property=\"article:published_time\" content=\"2013-04-30T01:36:33+00:00\" \/>\n<meta property=\"article:modified_time\" content=\"2013-04-30T12:37:00+00:00\" \/>\n<meta property=\"og:image\" content=\"https:\/\/www.oarcanjo.net\/site\/wp-content\/uploads\/logo-o-arcanjo-no-ar-facebook.png\" \/>\n\t<meta property=\"og:image:width\" content=\"300\" \/>\n\t<meta property=\"og:image:height\" content=\"300\" \/>\n\t<meta property=\"og:image:type\" content=\"image\/png\" \/>\n<meta name=\"author\" content=\"editor\" \/>\n<meta name=\"twitter:card\" content=\"summary_large_image\" \/>\n<meta name=\"twitter:label1\" content=\"Escrito por\" \/>\n\t<meta name=\"twitter:data1\" content=\"editor\" \/>\n\t<meta name=\"twitter:label2\" content=\"Est. tempo de leitura\" \/>\n\t<meta name=\"twitter:data2\" content=\"4 minutos\" \/>\n<script type=\"application\/ld+json\" class=\"yoast-schema-graph\">{\"@context\":\"https:\/\/schema.org\",\"@graph\":[{\"@type\":\"Article\",\"@id\":\"https:\/\/www.oarcanjo.net\/site\/tempo-e-maturidade\/#article\",\"isPartOf\":{\"@id\":\"https:\/\/www.oarcanjo.net\/site\/tempo-e-maturidade\/\"},\"author\":{\"name\":\"editor\",\"@id\":\"https:\/\/www.oarcanjo.net\/site\/#\/schema\/person\/f7024d007863202483a31326673a0838\"},\"headline\":\"Tempo e maturidade\",\"datePublished\":\"2013-04-30T01:36:33+00:00\",\"dateModified\":\"2013-04-30T12:37:00+00:00\",\"mainEntityOfPage\":{\"@id\":\"https:\/\/www.oarcanjo.net\/site\/tempo-e-maturidade\/\"},\"wordCount\":785,\"commentCount\":0,\"publisher\":{\"@id\":\"https:\/\/www.oarcanjo.net\/site\/#organization\"},\"keywords\":[\"maturidade\",\"Papa Francisco\",\"tempo\"],\"articleSection\":[\"Reflex\u00f5es\"],\"inLanguage\":\"pt-BR\",\"potentialAction\":[{\"@type\":\"CommentAction\",\"name\":\"Comment\",\"target\":[\"https:\/\/www.oarcanjo.net\/site\/tempo-e-maturidade\/#respond\"]}]},{\"@type\":\"WebPage\",\"@id\":\"https:\/\/www.oarcanjo.net\/site\/tempo-e-maturidade\/\",\"url\":\"https:\/\/www.oarcanjo.net\/site\/tempo-e-maturidade\/\",\"name\":\"Tempo e maturidade - O Arcanjo no ar\",\"isPartOf\":{\"@id\":\"https:\/\/www.oarcanjo.net\/site\/#website\"},\"datePublished\":\"2013-04-30T01:36:33+00:00\",\"dateModified\":\"2013-04-30T12:37:00+00:00\",\"breadcrumb\":{\"@id\":\"https:\/\/www.oarcanjo.net\/site\/tempo-e-maturidade\/#breadcrumb\"},\"inLanguage\":\"pt-BR\",\"potentialAction\":[{\"@type\":\"ReadAction\",\"target\":[\"https:\/\/www.oarcanjo.net\/site\/tempo-e-maturidade\/\"]}]},{\"@type\":\"BreadcrumbList\",\"@id\":\"https:\/\/www.oarcanjo.net\/site\/tempo-e-maturidade\/#breadcrumb\",\"itemListElement\":[{\"@type\":\"ListItem\",\"position\":1,\"name\":\"In\u00edcio\",\"item\":\"https:\/\/www.oarcanjo.net\/site\/\"},{\"@type\":\"ListItem\",\"position\":2,\"name\":\"Tempo e maturidade\"}]},{\"@type\":\"WebSite\",\"@id\":\"https:\/\/www.oarcanjo.net\/site\/#website\",\"url\":\"https:\/\/www.oarcanjo.net\/site\/\",\"name\":\"O Arcanjo no ar\",\"description\":\"Site da Par\u00f3quia S\u00e3o Miguel Arcanjo (Arquidiocese de SP)\",\"publisher\":{\"@id\":\"https:\/\/www.oarcanjo.net\/site\/#organization\"},\"potentialAction\":[{\"@type\":\"SearchAction\",\"target\":{\"@type\":\"EntryPoint\",\"urlTemplate\":\"https:\/\/www.oarcanjo.net\/site\/?s={search_term_string}\"},\"query-input\":{\"@type\":\"PropertyValueSpecification\",\"valueRequired\":true,\"valueName\":\"search_term_string\"}}],\"inLanguage\":\"pt-BR\"},{\"@type\":\"Organization\",\"@id\":\"https:\/\/www.oarcanjo.net\/site\/#organization\",\"name\":\"Par\u00f3quia S\u00e3o Miguel Arcanjo\",\"url\":\"https:\/\/www.oarcanjo.net\/site\/\",\"logo\":{\"@type\":\"ImageObject\",\"inLanguage\":\"pt-BR\",\"@id\":\"https:\/\/www.oarcanjo.net\/site\/#\/schema\/logo\/image\/\",\"url\":\"https:\/\/www.oarcanjo.net\/site\/wp-content\/uploads\/LogoOArcanjo.png\",\"contentUrl\":\"https:\/\/www.oarcanjo.net\/site\/wp-content\/uploads\/LogoOArcanjo.png\",\"width\":319,\"height\":99,\"caption\":\"Par\u00f3quia S\u00e3o Miguel Arcanjo\"},\"image\":{\"@id\":\"https:\/\/www.oarcanjo.net\/site\/#\/schema\/logo\/image\/\"},\"sameAs\":[\"https:\/\/www.facebook.com\/OArcanjoNoAr\/\"]},{\"@type\":\"Person\",\"@id\":\"https:\/\/www.oarcanjo.net\/site\/#\/schema\/person\/f7024d007863202483a31326673a0838\",\"name\":\"editor\",\"sameAs\":[\"http:\/\/www.oarcanjo.net\"]}]}<\/script>\n<!-- \/ Yoast SEO plugin. -->","yoast_head_json":{"title":"Tempo e maturidade - O Arcanjo no ar","robots":{"index":"index","follow":"follow","max-snippet":"max-snippet:-1","max-image-preview":"max-image-preview:large","max-video-preview":"max-video-preview:-1"},"canonical":"https:\/\/www.oarcanjo.net\/site\/tempo-e-maturidade\/","og_locale":"pt_BR","og_type":"article","og_title":"Tempo e maturidade - O Arcanjo no ar","og_description":"Maria Clara Lucchetti Bingemer Te\u00f3loga, professora e decana do Centro de Teologia e Ci\u00eancias Humanas da PUC-Rio Adital \u00c0s vezes \u00e9 dif\u00edcil explicar a meus alunos mais novos em que consiste a sabedoria. Os livros sapienciais da B\u00edblia Judaica oferecem-nos um perfil do s\u00e1bio como aquele que chegou a um ponto de maturidade na vida. [&hellip;]","og_url":"https:\/\/www.oarcanjo.net\/site\/tempo-e-maturidade\/","og_site_name":"O Arcanjo no ar","article_publisher":"https:\/\/www.facebook.com\/OArcanjoNoAr\/","article_published_time":"2013-04-30T01:36:33+00:00","article_modified_time":"2013-04-30T12:37:00+00:00","og_image":[{"width":300,"height":300,"url":"https:\/\/www.oarcanjo.net\/site\/wp-content\/uploads\/logo-o-arcanjo-no-ar-facebook.png","type":"image\/png"}],"author":"editor","twitter_card":"summary_large_image","twitter_misc":{"Escrito por":"editor","Est. tempo de leitura":"4 minutos"},"schema":{"@context":"https:\/\/schema.org","@graph":[{"@type":"Article","@id":"https:\/\/www.oarcanjo.net\/site\/tempo-e-maturidade\/#article","isPartOf":{"@id":"https:\/\/www.oarcanjo.net\/site\/tempo-e-maturidade\/"},"author":{"name":"editor","@id":"https:\/\/www.oarcanjo.net\/site\/#\/schema\/person\/f7024d007863202483a31326673a0838"},"headline":"Tempo e maturidade","datePublished":"2013-04-30T01:36:33+00:00","dateModified":"2013-04-30T12:37:00+00:00","mainEntityOfPage":{"@id":"https:\/\/www.oarcanjo.net\/site\/tempo-e-maturidade\/"},"wordCount":785,"commentCount":0,"publisher":{"@id":"https:\/\/www.oarcanjo.net\/site\/#organization"},"keywords":["maturidade","Papa Francisco","tempo"],"articleSection":["Reflex\u00f5es"],"inLanguage":"pt-BR","potentialAction":[{"@type":"CommentAction","name":"Comment","target":["https:\/\/www.oarcanjo.net\/site\/tempo-e-maturidade\/#respond"]}]},{"@type":"WebPage","@id":"https:\/\/www.oarcanjo.net\/site\/tempo-e-maturidade\/","url":"https:\/\/www.oarcanjo.net\/site\/tempo-e-maturidade\/","name":"Tempo e maturidade - O Arcanjo no ar","isPartOf":{"@id":"https:\/\/www.oarcanjo.net\/site\/#website"},"datePublished":"2013-04-30T01:36:33+00:00","dateModified":"2013-04-30T12:37:00+00:00","breadcrumb":{"@id":"https:\/\/www.oarcanjo.net\/site\/tempo-e-maturidade\/#breadcrumb"},"inLanguage":"pt-BR","potentialAction":[{"@type":"ReadAction","target":["https:\/\/www.oarcanjo.net\/site\/tempo-e-maturidade\/"]}]},{"@type":"BreadcrumbList","@id":"https:\/\/www.oarcanjo.net\/site\/tempo-e-maturidade\/#breadcrumb","itemListElement":[{"@type":"ListItem","position":1,"name":"In\u00edcio","item":"https:\/\/www.oarcanjo.net\/site\/"},{"@type":"ListItem","position":2,"name":"Tempo e maturidade"}]},{"@type":"WebSite","@id":"https:\/\/www.oarcanjo.net\/site\/#website","url":"https:\/\/www.oarcanjo.net\/site\/","name":"O Arcanjo no ar","description":"Site da Par\u00f3quia S\u00e3o Miguel Arcanjo (Arquidiocese de SP)","publisher":{"@id":"https:\/\/www.oarcanjo.net\/site\/#organization"},"potentialAction":[{"@type":"SearchAction","target":{"@type":"EntryPoint","urlTemplate":"https:\/\/www.oarcanjo.net\/site\/?s={search_term_string}"},"query-input":{"@type":"PropertyValueSpecification","valueRequired":true,"valueName":"search_term_string"}}],"inLanguage":"pt-BR"},{"@type":"Organization","@id":"https:\/\/www.oarcanjo.net\/site\/#organization","name":"Par\u00f3quia S\u00e3o Miguel Arcanjo","url":"https:\/\/www.oarcanjo.net\/site\/","logo":{"@type":"ImageObject","inLanguage":"pt-BR","@id":"https:\/\/www.oarcanjo.net\/site\/#\/schema\/logo\/image\/","url":"https:\/\/www.oarcanjo.net\/site\/wp-content\/uploads\/LogoOArcanjo.png","contentUrl":"https:\/\/www.oarcanjo.net\/site\/wp-content\/uploads\/LogoOArcanjo.png","width":319,"height":99,"caption":"Par\u00f3quia S\u00e3o Miguel Arcanjo"},"image":{"@id":"https:\/\/www.oarcanjo.net\/site\/#\/schema\/logo\/image\/"},"sameAs":["https:\/\/www.facebook.com\/OArcanjoNoAr\/"]},{"@type":"Person","@id":"https:\/\/www.oarcanjo.net\/site\/#\/schema\/person\/f7024d007863202483a31326673a0838","name":"editor","sameAs":["http:\/\/www.oarcanjo.net"]}]}},"publishpress_future_action":{"enabled":false,"date":"2026-05-09 04:23:17","action":"category","newStatus":"draft","terms":[],"taxonomy":"category"},"publishpress_future_workflow_manual_trigger":{"enabledWorkflows":[]},"_links":{"self":[{"href":"https:\/\/www.oarcanjo.net\/site\/wp-json\/wp\/v2\/posts\/21776"}],"collection":[{"href":"https:\/\/www.oarcanjo.net\/site\/wp-json\/wp\/v2\/posts"}],"about":[{"href":"https:\/\/www.oarcanjo.net\/site\/wp-json\/wp\/v2\/types\/post"}],"author":[{"embeddable":true,"href":"https:\/\/www.oarcanjo.net\/site\/wp-json\/wp\/v2\/users\/5"}],"replies":[{"embeddable":true,"href":"https:\/\/www.oarcanjo.net\/site\/wp-json\/wp\/v2\/comments?post=21776"}],"version-history":[{"count":0,"href":"https:\/\/www.oarcanjo.net\/site\/wp-json\/wp\/v2\/posts\/21776\/revisions"}],"wp:attachment":[{"href":"https:\/\/www.oarcanjo.net\/site\/wp-json\/wp\/v2\/media?parent=21776"}],"wp:term":[{"taxonomy":"category","embeddable":true,"href":"https:\/\/www.oarcanjo.net\/site\/wp-json\/wp\/v2\/categories?post=21776"},{"taxonomy":"post_tag","embeddable":true,"href":"https:\/\/www.oarcanjo.net\/site\/wp-json\/wp\/v2\/tags?post=21776"}],"curies":[{"name":"wp","href":"https:\/\/api.w.org\/{rel}","templated":true}]}}