
{"id":2182,"date":"2009-03-03T18:25:18","date_gmt":"2009-03-03T21:25:18","guid":{"rendered":"http:\/\/www.oarcanjo.net\/site\/?p=2182"},"modified":"2009-03-03T18:25:18","modified_gmt":"2009-03-03T21:25:18","slug":"dom-helder-pastor-e-profeta","status":"publish","type":"post","link":"https:\/\/www.oarcanjo.net\/site\/dom-helder-pastor-e-profeta\/","title":{"rendered":"Dom Helder, Pastor e Profeta"},"content":{"rendered":"<p>Ant\u00f4nio Mesquita Galv\u00e3o<\/p>\n<p>No dia 7 de fevereiro de 2009 o Brasil celebrou o centen\u00e1rio do nascimento de Dom Helder Pessoa C\u00e2mara, Arcebispo Em\u00e9rito de Olinda e Recife, aquele que talvez tenha sido a voz brasileira mais conhecida no exterior. Junto com Dom Paulo Evaristo Arns, Dom Helder, merc\u00ea sua inspira\u00e7\u00e3o e coragem, foi uma das personalidades mais temidas pela ditadura.<\/p>\n<p>Eu tive oportunidade de conviver com ele quando lut\u00e1vamos para implantar o movimento de Cursilhos em Jo\u00e3o Pessoa (PB), em 1981. Foi um privil\u00e9gio posterior ouvi-lo pregar, quando em 1982 ele animou uma ultreya dos cursilhistas. Igual a um ap\u00f3stolo ou a um Santo Ant\u00f4nio, as pessoas paravam, largavam o que estavam fazendo, para ouvi-lo falar. No dia da ultreya, o &#8220;guardinha&#8221; abandonou o controle do tr\u00e2nsito da esquina e entrou timidamente no sal\u00e3o das &#8220;dorot\u00e9ias&#8221; para escutar o pregador.<\/p>\n<p>O prelado era um homem corajoso e objetivo. \u00c9 dele uma frase lapidar: &#8220;Se ajudo os pobres me chamam de profeta; se pergunto por que existe pobreza me tacham de comunista&#8221;. Uma vez, eu viajava de Jo\u00e3o Pessoa para S\u00e3o Paulo. O avi\u00e3o fez escala em Recife, onde Dom Helder embarcou. Os passageiros se levantaram e aplaudiram aquele homem idoso e sorridente, em sua caracter\u00edstica batina cinzenta.<\/p>\n<p>Dom Helder foi um injusti\u00e7ado na vida e na morte. Enquanto o piloto Ayrton Senna e o cantor Leandro e outros menos not\u00e1veis, tiveram pompas f\u00fanebres de celebridades, Dom Helder teve um funeral modesto, ali\u00e1s, digno de um homem humilde. Por sua coragem prof\u00e9tica, capaz de denunciar as injusti\u00e7as sem medo, ele foi perseguido. Ele foi chamado, pelos corifeus da ditadura de &#8220;Arcebispo vermelho&#8221;. Em 1972 ele esteve cotado para receber o pr\u00eamio Nobel da Paz. Os generais, pessoas altamente &#8220;esclarecidas&#8221;, mexeram os pauzinhos para que ele n\u00e3o recebesse a comenda. Seria o \u00fanico Nobel outorgado at\u00e9 hoje a um brasileiro. Foi igualmente perseguido pela ditadura religiosa, que nunca o fez Cardeal, em detrimento de outros, menos capazes, med\u00edocres por\u00e9m alinhados.<\/p>\n<p>Uma vez, Dom Helder ligou para um empres\u00e1rio, pedindo um emprego para um irm\u00e3o seu. Dias depois, o homem de neg\u00f3cios d\u00e1 o retorno: &#8220;Tudo certo, Dom Helder, o rapaz j\u00e1 est\u00e1 trabalhando. S\u00f3 n\u00e3o precisava dizer que ele era seu irm\u00e3o. O senhor \u00e9 Camara, e ele \u00e9 Silva. Al\u00e9m disso, o senhor \u00e9 branco e ele negro!&#8221; Como o bispo insistisse na tese da irmandade, o dono da firma perguntou: &#8220;Pode ser seu irm\u00e3o \u2018por parte de Ad\u00e3o e Eva\u2019, mas n\u00e3o \u00e9 seu irm\u00e3o \u2018de sangue\u2019?&#8221;. A senten\u00e7a do velho profeta \u00e9 antol\u00f3gica: &#8220;Mas como n\u00e3o? Ele \u00e9 meu irm\u00e3o e irm\u00e3o de sangue, sim! E o generoso sangue de Nosso Senhor Jesus Cristo, derramado na cruz, n\u00e3o nos torna irm\u00e3os de sangue a todos?&#8221;.<\/p>\n<p>Solidariedade n\u00e3o d\u00e1 Ibope. Por causa do filtro ideol\u00f3gico imposto \u00e0 m\u00eddia da \u00e9poca, a maioria dos atos de Dom Helder nunca chegou aqui. S\u00f3 quem morou no nordeste pode conhecer o que ele fez pelos pobres e exclu\u00eddos. Com sua morte, aos 90 anos, em 1999, perdeu o Brasil, perdeu a Igreja, perdemos n\u00f3s&#8230;<\/p>\n<div id=\"themify_builder_content-2182\" data-postid=\"2182\" class=\"themify_builder_content themify_builder_content-2182 themify_builder themify_builder_front\">\n\t<\/div>\n<!-- \/themify_builder_content -->","protected":false},"excerpt":{"rendered":"<p>Ant\u00f4nio Mesquita Galv\u00e3o No dia 7 de fevereiro de 2009 o Brasil celebrou o centen\u00e1rio do nascimento de Dom Helder Pessoa C\u00e2mara, Arcebispo Em\u00e9rito de Olinda e Recife, aquele que talvez tenha sido a voz brasileira mais conhecida no exterior. Junto com Dom Paulo Evaristo Arns, Dom Helder, merc\u00ea sua inspira\u00e7\u00e3o e coragem, foi uma [&hellip;]<\/p>\n","protected":false},"author":5,"featured_media":0,"comment_status":"open","ping_status":"open","sticky":false,"template":"","format":"standard","meta":{"ngg_post_thumbnail":0,"footnotes":""},"categories":[192],"tags":[302,290,3205],"yoast_head":"<!-- This site is optimized with the Yoast SEO plugin v23.5 - https:\/\/yoast.com\/wordpress\/plugins\/seo\/ -->\n<title>Dom Helder, Pastor e Profeta - O Arcanjo no ar<\/title>\n<meta name=\"robots\" content=\"index, follow, max-snippet:-1, max-image-preview:large, max-video-preview:-1\" \/>\n<link rel=\"canonical\" href=\"https:\/\/www.oarcanjo.net\/site\/dom-helder-pastor-e-profeta\/\" \/>\n<meta property=\"og:locale\" content=\"pt_BR\" \/>\n<meta property=\"og:type\" content=\"article\" \/>\n<meta property=\"og:title\" content=\"Dom Helder, Pastor e Profeta - O Arcanjo no ar\" \/>\n<meta property=\"og:description\" content=\"Ant\u00f4nio Mesquita Galv\u00e3o No dia 7 de fevereiro de 2009 o Brasil celebrou o centen\u00e1rio do nascimento de Dom Helder Pessoa C\u00e2mara, Arcebispo Em\u00e9rito de Olinda e Recife, aquele que talvez tenha sido a voz brasileira mais conhecida no exterior. Junto com Dom Paulo Evaristo Arns, Dom Helder, merc\u00ea sua inspira\u00e7\u00e3o e coragem, foi uma [&hellip;]\" \/>\n<meta property=\"og:url\" content=\"https:\/\/www.oarcanjo.net\/site\/dom-helder-pastor-e-profeta\/\" \/>\n<meta property=\"og:site_name\" content=\"O Arcanjo no ar\" \/>\n<meta property=\"article:publisher\" content=\"https:\/\/www.facebook.com\/OArcanjoNoAr\/\" \/>\n<meta property=\"article:published_time\" content=\"2009-03-03T21:25:18+00:00\" \/>\n<meta property=\"og:image\" content=\"https:\/\/www.oarcanjo.net\/site\/wp-content\/uploads\/logo-o-arcanjo-no-ar-facebook.png\" \/>\n\t<meta property=\"og:image:width\" content=\"300\" \/>\n\t<meta property=\"og:image:height\" content=\"300\" \/>\n\t<meta property=\"og:image:type\" content=\"image\/png\" \/>\n<meta name=\"author\" content=\"editor\" \/>\n<meta name=\"twitter:card\" content=\"summary_large_image\" \/>\n<meta name=\"twitter:label1\" content=\"Escrito por\" \/>\n\t<meta name=\"twitter:data1\" content=\"editor\" \/>\n\t<meta name=\"twitter:label2\" content=\"Est. tempo de leitura\" \/>\n\t<meta name=\"twitter:data2\" content=\"3 minutos\" \/>\n<script type=\"application\/ld+json\" class=\"yoast-schema-graph\">{\"@context\":\"https:\/\/schema.org\",\"@graph\":[{\"@type\":\"Article\",\"@id\":\"https:\/\/www.oarcanjo.net\/site\/dom-helder-pastor-e-profeta\/#article\",\"isPartOf\":{\"@id\":\"https:\/\/www.oarcanjo.net\/site\/dom-helder-pastor-e-profeta\/\"},\"author\":{\"name\":\"editor\",\"@id\":\"https:\/\/www.oarcanjo.net\/site\/#\/schema\/person\/f7024d007863202483a31326673a0838\"},\"headline\":\"Dom Helder, Pastor e Profeta\",\"datePublished\":\"2009-03-03T21:25:18+00:00\",\"dateModified\":\"2009-03-03T21:25:18+00:00\",\"mainEntityOfPage\":{\"@id\":\"https:\/\/www.oarcanjo.net\/site\/dom-helder-pastor-e-profeta\/\"},\"wordCount\":552,\"commentCount\":0,\"publisher\":{\"@id\":\"https:\/\/www.oarcanjo.net\/site\/#organization\"},\"keywords\":[\"Helder Camara\",\"pastor\",\"Testemunhos\"],\"articleSection\":[\"D. Helder C\u00e2mara\"],\"inLanguage\":\"pt-BR\",\"potentialAction\":[{\"@type\":\"CommentAction\",\"name\":\"Comment\",\"target\":[\"https:\/\/www.oarcanjo.net\/site\/dom-helder-pastor-e-profeta\/#respond\"]}]},{\"@type\":\"WebPage\",\"@id\":\"https:\/\/www.oarcanjo.net\/site\/dom-helder-pastor-e-profeta\/\",\"url\":\"https:\/\/www.oarcanjo.net\/site\/dom-helder-pastor-e-profeta\/\",\"name\":\"Dom Helder, Pastor e Profeta - O Arcanjo no ar\",\"isPartOf\":{\"@id\":\"https:\/\/www.oarcanjo.net\/site\/#website\"},\"datePublished\":\"2009-03-03T21:25:18+00:00\",\"dateModified\":\"2009-03-03T21:25:18+00:00\",\"breadcrumb\":{\"@id\":\"https:\/\/www.oarcanjo.net\/site\/dom-helder-pastor-e-profeta\/#breadcrumb\"},\"inLanguage\":\"pt-BR\",\"potentialAction\":[{\"@type\":\"ReadAction\",\"target\":[\"https:\/\/www.oarcanjo.net\/site\/dom-helder-pastor-e-profeta\/\"]}]},{\"@type\":\"BreadcrumbList\",\"@id\":\"https:\/\/www.oarcanjo.net\/site\/dom-helder-pastor-e-profeta\/#breadcrumb\",\"itemListElement\":[{\"@type\":\"ListItem\",\"position\":1,\"name\":\"In\u00edcio\",\"item\":\"https:\/\/www.oarcanjo.net\/site\/\"},{\"@type\":\"ListItem\",\"position\":2,\"name\":\"Dom Helder, Pastor e Profeta\"}]},{\"@type\":\"WebSite\",\"@id\":\"https:\/\/www.oarcanjo.net\/site\/#website\",\"url\":\"https:\/\/www.oarcanjo.net\/site\/\",\"name\":\"O Arcanjo no ar\",\"description\":\"Site da Par\u00f3quia S\u00e3o Miguel Arcanjo (Arquidiocese de SP)\",\"publisher\":{\"@id\":\"https:\/\/www.oarcanjo.net\/site\/#organization\"},\"potentialAction\":[{\"@type\":\"SearchAction\",\"target\":{\"@type\":\"EntryPoint\",\"urlTemplate\":\"https:\/\/www.oarcanjo.net\/site\/?s={search_term_string}\"},\"query-input\":{\"@type\":\"PropertyValueSpecification\",\"valueRequired\":true,\"valueName\":\"search_term_string\"}}],\"inLanguage\":\"pt-BR\"},{\"@type\":\"Organization\",\"@id\":\"https:\/\/www.oarcanjo.net\/site\/#organization\",\"name\":\"Par\u00f3quia S\u00e3o Miguel Arcanjo\",\"url\":\"https:\/\/www.oarcanjo.net\/site\/\",\"logo\":{\"@type\":\"ImageObject\",\"inLanguage\":\"pt-BR\",\"@id\":\"https:\/\/www.oarcanjo.net\/site\/#\/schema\/logo\/image\/\",\"url\":\"https:\/\/www.oarcanjo.net\/site\/wp-content\/uploads\/LogoOArcanjo.png\",\"contentUrl\":\"https:\/\/www.oarcanjo.net\/site\/wp-content\/uploads\/LogoOArcanjo.png\",\"width\":319,\"height\":99,\"caption\":\"Par\u00f3quia S\u00e3o Miguel Arcanjo\"},\"image\":{\"@id\":\"https:\/\/www.oarcanjo.net\/site\/#\/schema\/logo\/image\/\"},\"sameAs\":[\"https:\/\/www.facebook.com\/OArcanjoNoAr\/\"]},{\"@type\":\"Person\",\"@id\":\"https:\/\/www.oarcanjo.net\/site\/#\/schema\/person\/f7024d007863202483a31326673a0838\",\"name\":\"editor\",\"sameAs\":[\"http:\/\/www.oarcanjo.net\"]}]}<\/script>\n<!-- \/ Yoast SEO plugin. -->","yoast_head_json":{"title":"Dom Helder, Pastor e Profeta - O Arcanjo no ar","robots":{"index":"index","follow":"follow","max-snippet":"max-snippet:-1","max-image-preview":"max-image-preview:large","max-video-preview":"max-video-preview:-1"},"canonical":"https:\/\/www.oarcanjo.net\/site\/dom-helder-pastor-e-profeta\/","og_locale":"pt_BR","og_type":"article","og_title":"Dom Helder, Pastor e Profeta - O Arcanjo no ar","og_description":"Ant\u00f4nio Mesquita Galv\u00e3o No dia 7 de fevereiro de 2009 o Brasil celebrou o centen\u00e1rio do nascimento de Dom Helder Pessoa C\u00e2mara, Arcebispo Em\u00e9rito de Olinda e Recife, aquele que talvez tenha sido a voz brasileira mais conhecida no exterior. Junto com Dom Paulo Evaristo Arns, Dom Helder, merc\u00ea sua inspira\u00e7\u00e3o e coragem, foi uma [&hellip;]","og_url":"https:\/\/www.oarcanjo.net\/site\/dom-helder-pastor-e-profeta\/","og_site_name":"O Arcanjo no ar","article_publisher":"https:\/\/www.facebook.com\/OArcanjoNoAr\/","article_published_time":"2009-03-03T21:25:18+00:00","og_image":[{"width":300,"height":300,"url":"https:\/\/www.oarcanjo.net\/site\/wp-content\/uploads\/logo-o-arcanjo-no-ar-facebook.png","type":"image\/png"}],"author":"editor","twitter_card":"summary_large_image","twitter_misc":{"Escrito por":"editor","Est. tempo de leitura":"3 minutos"},"schema":{"@context":"https:\/\/schema.org","@graph":[{"@type":"Article","@id":"https:\/\/www.oarcanjo.net\/site\/dom-helder-pastor-e-profeta\/#article","isPartOf":{"@id":"https:\/\/www.oarcanjo.net\/site\/dom-helder-pastor-e-profeta\/"},"author":{"name":"editor","@id":"https:\/\/www.oarcanjo.net\/site\/#\/schema\/person\/f7024d007863202483a31326673a0838"},"headline":"Dom Helder, Pastor e Profeta","datePublished":"2009-03-03T21:25:18+00:00","dateModified":"2009-03-03T21:25:18+00:00","mainEntityOfPage":{"@id":"https:\/\/www.oarcanjo.net\/site\/dom-helder-pastor-e-profeta\/"},"wordCount":552,"commentCount":0,"publisher":{"@id":"https:\/\/www.oarcanjo.net\/site\/#organization"},"keywords":["Helder Camara","pastor","Testemunhos"],"articleSection":["D. Helder C\u00e2mara"],"inLanguage":"pt-BR","potentialAction":[{"@type":"CommentAction","name":"Comment","target":["https:\/\/www.oarcanjo.net\/site\/dom-helder-pastor-e-profeta\/#respond"]}]},{"@type":"WebPage","@id":"https:\/\/www.oarcanjo.net\/site\/dom-helder-pastor-e-profeta\/","url":"https:\/\/www.oarcanjo.net\/site\/dom-helder-pastor-e-profeta\/","name":"Dom Helder, Pastor e Profeta - O Arcanjo no ar","isPartOf":{"@id":"https:\/\/www.oarcanjo.net\/site\/#website"},"datePublished":"2009-03-03T21:25:18+00:00","dateModified":"2009-03-03T21:25:18+00:00","breadcrumb":{"@id":"https:\/\/www.oarcanjo.net\/site\/dom-helder-pastor-e-profeta\/#breadcrumb"},"inLanguage":"pt-BR","potentialAction":[{"@type":"ReadAction","target":["https:\/\/www.oarcanjo.net\/site\/dom-helder-pastor-e-profeta\/"]}]},{"@type":"BreadcrumbList","@id":"https:\/\/www.oarcanjo.net\/site\/dom-helder-pastor-e-profeta\/#breadcrumb","itemListElement":[{"@type":"ListItem","position":1,"name":"In\u00edcio","item":"https:\/\/www.oarcanjo.net\/site\/"},{"@type":"ListItem","position":2,"name":"Dom Helder, Pastor e Profeta"}]},{"@type":"WebSite","@id":"https:\/\/www.oarcanjo.net\/site\/#website","url":"https:\/\/www.oarcanjo.net\/site\/","name":"O Arcanjo no ar","description":"Site da Par\u00f3quia S\u00e3o Miguel Arcanjo (Arquidiocese de SP)","publisher":{"@id":"https:\/\/www.oarcanjo.net\/site\/#organization"},"potentialAction":[{"@type":"SearchAction","target":{"@type":"EntryPoint","urlTemplate":"https:\/\/www.oarcanjo.net\/site\/?s={search_term_string}"},"query-input":{"@type":"PropertyValueSpecification","valueRequired":true,"valueName":"search_term_string"}}],"inLanguage":"pt-BR"},{"@type":"Organization","@id":"https:\/\/www.oarcanjo.net\/site\/#organization","name":"Par\u00f3quia S\u00e3o Miguel Arcanjo","url":"https:\/\/www.oarcanjo.net\/site\/","logo":{"@type":"ImageObject","inLanguage":"pt-BR","@id":"https:\/\/www.oarcanjo.net\/site\/#\/schema\/logo\/image\/","url":"https:\/\/www.oarcanjo.net\/site\/wp-content\/uploads\/LogoOArcanjo.png","contentUrl":"https:\/\/www.oarcanjo.net\/site\/wp-content\/uploads\/LogoOArcanjo.png","width":319,"height":99,"caption":"Par\u00f3quia S\u00e3o Miguel Arcanjo"},"image":{"@id":"https:\/\/www.oarcanjo.net\/site\/#\/schema\/logo\/image\/"},"sameAs":["https:\/\/www.facebook.com\/OArcanjoNoAr\/"]},{"@type":"Person","@id":"https:\/\/www.oarcanjo.net\/site\/#\/schema\/person\/f7024d007863202483a31326673a0838","name":"editor","sameAs":["http:\/\/www.oarcanjo.net"]}]}},"publishpress_future_action":{"enabled":false,"date":"2026-05-07 06:53:16","action":"category","newStatus":"draft","terms":[],"taxonomy":"category"},"publishpress_future_workflow_manual_trigger":{"enabledWorkflows":[]},"_links":{"self":[{"href":"https:\/\/www.oarcanjo.net\/site\/wp-json\/wp\/v2\/posts\/2182"}],"collection":[{"href":"https:\/\/www.oarcanjo.net\/site\/wp-json\/wp\/v2\/posts"}],"about":[{"href":"https:\/\/www.oarcanjo.net\/site\/wp-json\/wp\/v2\/types\/post"}],"author":[{"embeddable":true,"href":"https:\/\/www.oarcanjo.net\/site\/wp-json\/wp\/v2\/users\/5"}],"replies":[{"embeddable":true,"href":"https:\/\/www.oarcanjo.net\/site\/wp-json\/wp\/v2\/comments?post=2182"}],"version-history":[{"count":0,"href":"https:\/\/www.oarcanjo.net\/site\/wp-json\/wp\/v2\/posts\/2182\/revisions"}],"wp:attachment":[{"href":"https:\/\/www.oarcanjo.net\/site\/wp-json\/wp\/v2\/media?parent=2182"}],"wp:term":[{"taxonomy":"category","embeddable":true,"href":"https:\/\/www.oarcanjo.net\/site\/wp-json\/wp\/v2\/categories?post=2182"},{"taxonomy":"post_tag","embeddable":true,"href":"https:\/\/www.oarcanjo.net\/site\/wp-json\/wp\/v2\/tags?post=2182"}],"curies":[{"name":"wp","href":"https:\/\/api.w.org\/{rel}","templated":true}]}}