
{"id":21895,"date":"2013-05-21T08:23:05","date_gmt":"2013-05-21T11:23:05","guid":{"rendered":"http:\/\/www.oarcanjo.net\/site\/?p=21895"},"modified":"2013-05-21T08:23:05","modified_gmt":"2013-05-21T11:23:05","slug":"sopro-renovador-da-igreja","status":"publish","type":"post","link":"https:\/\/www.oarcanjo.net\/site\/sopro-renovador-da-igreja\/","title":{"rendered":"Sopro renovador da Igreja"},"content":{"rendered":"<p><em>Cardeal Odilo Pedro Scherer<\/em><br \/>\n<em>Arcebispo de S\u00e3o Paulo (SP)<\/em><\/p>\n<p>H\u00e1 50 anos, estava em andamento o Conc\u00edlio Vaticano II, que foi interpretado como um \u201csopro renovador\u201d do Esp\u00edrito Santo na Igreja. Ele agiu atrav\u00e9s do papa e dos bispos, chamados a desempenhar a sua miss\u00e3o naquela grande assembleia eclesial.<\/p>\n<p>Atentos ao sopro do mesmo Esp\u00edrito Santo, estamos tamb\u00e9m hoje, procurando discernir o que Deus quer de n\u00f3s e por onde conduz a Igreja, para que ela continue a cumprir fielmente a miss\u00e3o recebida de Cristo, seu divino Fundador. E n\u00e3o somente a Igreja deve faz\u00ea-lo, enquanto comunidade de f\u00e9, mas tamb\u00e9m cada pessoa, mesmo n\u00e3o crente, \u00e9 convidada a faz\u00ea-lo para a realiza\u00e7\u00e3o da obra boa. O Esp\u00edrito Santo age onde e como quer e, continuamente, \u201crenova a face da terra\u201d, iluminando as consci\u00eancias e instigando as vontades para decis\u00f5es retas e justas.<\/p>\n<p>Com mais raz\u00e3o, as pessoas de f\u00e9 precisam colocar-se em sintonia com o Esp\u00edrito de Deus, \u201cderramado em nossos cora\u00e7\u00f5es\u201d, na busca sincera e na pr\u00e1tica do bem. O Esp\u00edrito Santo \u201cinspira as almas santas e forma os amigos de Deus\u201d, que poder\u00e3o testemunhar e irradiar a luz de Deus sobre o conv\u00edvio social. O papa Francisco tem insistido, em suas falas recentes, que os cat\u00f3licos precisam de coragem e vigor no testemunho do Evangelho. A f\u00e9 crist\u00e3 n\u00e3o se pode reduzir apenas a um verniz exterior, ou a um vago sentimento interior; ela precisa se tornar operativa na vida concreta. N\u00e3o basta ser, disse ele, \u201ccrist\u00e3os de poltrona\u201d, que apenas assistem a tudo como estranhos e desinteressados, sem se envolver na vida e na miss\u00e3o da Igreja.<\/p>\n<p>Na Liturgia de Pentecostes, foi lido um trecho da 1\u00aa. Carta aos Cor\u00edntios, em que o Ap\u00f3stolo recorda a a\u00e7\u00e3o do Esp\u00edrito Santo na Igreja; esta \u00e9 como um corpo, que tem Cristo como cabe\u00e7a, e muitos membros, que s\u00e3o todos os fi\u00e9is da Igreja (cf 1Cor 12). A vitalidade e as muitas capacidades e fun\u00e7\u00f5es dos membros procedem do mesmo Esp\u00edrito de Cristo, cabe\u00e7a do corpo. Cada membro desempenha a pr\u00f3pria fun\u00e7\u00e3o para o bem de todo o corpo. A obra individual de cada membro \u00e9 suscitada por uma \u00fanica for\u00e7a vital e n\u00e3o pode faltar para a sa\u00fade e o bem de todo o corpo.<\/p>\n<p>Na constitui\u00e7\u00e3o dogm\u00e1tica &#8211; Lumen Gentium -, o Conc\u00edlio apresenta a Igreja como um grande povo de batizados, um organismo vivo, formado de pessoas com f\u00e9 em Cristo, agraciadas de toda sorte de dons e gra\u00e7as de Deus, chamadas a irradiar o Evangelho e a vida nova do reino de Deus, que j\u00e1 se faz presente neste mundo, mas ser\u00e1 pleno apenas na eternidade. A Igreja \u00e9 habitada por Deus, vivificada e animada pelo seu Esp\u00edrito.<\/p>\n<p>Na Igreja, todos t\u00eam a dignidade comum de filhos e filhas de Deus, recebida no Batismo; e cada um tem seu lugar e sua miss\u00e3o, de acordo com o dom, a voca\u00e7\u00e3o e a miss\u00e3o recebidos dentro da Igreja. N\u00e3o todos fazem a mesma coisa; mas \u00e9 importante que cada membro da Igreja fa\u00e7a bem a sua parte. Na Igreja, comunidade de disc\u00edpulos-mission\u00e1rios de Jesus Cristo, todos vivem dos dons da salva\u00e7\u00e3o que o Divino Fundador continuamente oferece em abund\u00e2ncia para todos atrav\u00e9s da Palavra e dos Sacramentos; todos s\u00e3o chamados a viver vida santa e a testemunhar no mundo a riqueza e a variedade dos dons de Deus.<\/p>\n<p>Ao mesmo tempo, na Igreja existem os ministros de Deus, revestidos de dons especiais e constitu\u00eddos para o servi\u00e7o de Deus e de seus irm\u00e3os; eles s\u00e3o membros da Comunidade dos fi\u00e9is, mas tamb\u00e9m s\u00e3o animadores e pastores dessa Comunidade, em nome de Jesus Cristo Pastor e Sacerdote de Deus para a humanidade. H\u00e1 os fi\u00e9is que consagram a vida ao testemunho radical do Evangelho mediante os votos religiosos ou outra forma de especial consagra\u00e7\u00e3o; dessa forma, ajudam seus irm\u00e3os a caminharem mais seguros e estimulados na f\u00e9 e a perseverem nela.<\/p>\n<p>\u00c9 sempre o mesmo Esp\u00edrito Santo que capacita cada um para a realiza\u00e7\u00e3o da pr\u00f3pria miss\u00e3o; e assim edifica o conjunto da Igreja na harmonia e na unidade, onde todos contribuem para o bem de todos. A vida da Igreja de Cristo, portanto, n\u00e3o deve seguir o modelo sociol\u00f3gico, mas teol\u00f3gico da comunh\u00e3o e colabora\u00e7\u00e3o. \u00c9 obra do Esp\u00edrito Santo que a Igreja se oriente pelo princ\u00edpio de comunh\u00e3o, e n\u00e3o pelo de competi\u00e7\u00e3o ou concorr\u00eancia. Nisso precisamos continuar a nos renovar na Igreja.<\/p>\n<div id=\"themify_builder_content-21895\" data-postid=\"21895\" class=\"themify_builder_content themify_builder_content-21895 themify_builder themify_builder_front\">\n\t<\/div>\n<!-- \/themify_builder_content -->","protected":false},"excerpt":{"rendered":"<p>Cardeal Odilo Pedro Scherer Arcebispo de S\u00e3o Paulo (SP) H\u00e1 50 anos, estava em andamento o Conc\u00edlio Vaticano II, que foi interpretado como um \u201csopro renovador\u201d do Esp\u00edrito Santo na Igreja. Ele agiu atrav\u00e9s do papa e dos bispos, chamados a desempenhar a sua miss\u00e3o naquela grande assembleia eclesial. Atentos ao sopro do mesmo Esp\u00edrito [&hellip;]<\/p>\n","protected":false},"author":5,"featured_media":0,"comment_status":"open","ping_status":"open","sticky":false,"template":"","format":"standard","meta":{"ngg_post_thumbnail":0,"footnotes":""},"categories":[9],"tags":[2283,505,426],"yoast_head":"<!-- This site is optimized with the Yoast SEO plugin v23.5 - https:\/\/yoast.com\/wordpress\/plugins\/seo\/ -->\n<title>Sopro renovador da Igreja - O Arcanjo no ar<\/title>\n<meta name=\"robots\" content=\"index, follow, max-snippet:-1, max-image-preview:large, max-video-preview:-1\" \/>\n<link rel=\"canonical\" href=\"https:\/\/www.oarcanjo.net\/site\/sopro-renovador-da-igreja\/\" \/>\n<meta property=\"og:locale\" content=\"pt_BR\" \/>\n<meta property=\"og:type\" content=\"article\" \/>\n<meta property=\"og:title\" content=\"Sopro renovador da Igreja - O Arcanjo no ar\" \/>\n<meta property=\"og:description\" content=\"Cardeal Odilo Pedro Scherer Arcebispo de S\u00e3o Paulo (SP) H\u00e1 50 anos, estava em andamento o Conc\u00edlio Vaticano II, que foi interpretado como um \u201csopro renovador\u201d do Esp\u00edrito Santo na Igreja. Ele agiu atrav\u00e9s do papa e dos bispos, chamados a desempenhar a sua miss\u00e3o naquela grande assembleia eclesial. Atentos ao sopro do mesmo Esp\u00edrito [&hellip;]\" \/>\n<meta property=\"og:url\" content=\"https:\/\/www.oarcanjo.net\/site\/sopro-renovador-da-igreja\/\" \/>\n<meta property=\"og:site_name\" content=\"O Arcanjo no ar\" \/>\n<meta property=\"article:publisher\" content=\"https:\/\/www.facebook.com\/OArcanjoNoAr\/\" \/>\n<meta property=\"article:published_time\" content=\"2013-05-21T11:23:05+00:00\" \/>\n<meta property=\"og:image\" content=\"https:\/\/www.oarcanjo.net\/site\/wp-content\/uploads\/logo-o-arcanjo-no-ar-facebook.png\" \/>\n\t<meta property=\"og:image:width\" content=\"300\" \/>\n\t<meta property=\"og:image:height\" content=\"300\" \/>\n\t<meta property=\"og:image:type\" content=\"image\/png\" \/>\n<meta name=\"author\" content=\"editor\" \/>\n<meta name=\"twitter:card\" content=\"summary_large_image\" \/>\n<meta name=\"twitter:label1\" content=\"Escrito por\" \/>\n\t<meta name=\"twitter:data1\" content=\"editor\" \/>\n\t<meta name=\"twitter:label2\" content=\"Est. tempo de leitura\" \/>\n\t<meta name=\"twitter:data2\" content=\"4 minutos\" \/>\n<script type=\"application\/ld+json\" class=\"yoast-schema-graph\">{\"@context\":\"https:\/\/schema.org\",\"@graph\":[{\"@type\":\"Article\",\"@id\":\"https:\/\/www.oarcanjo.net\/site\/sopro-renovador-da-igreja\/#article\",\"isPartOf\":{\"@id\":\"https:\/\/www.oarcanjo.net\/site\/sopro-renovador-da-igreja\/\"},\"author\":{\"name\":\"editor\",\"@id\":\"https:\/\/www.oarcanjo.net\/site\/#\/schema\/person\/f7024d007863202483a31326673a0838\"},\"headline\":\"Sopro renovador da Igreja\",\"datePublished\":\"2013-05-21T11:23:05+00:00\",\"dateModified\":\"2013-05-21T11:23:05+00:00\",\"mainEntityOfPage\":{\"@id\":\"https:\/\/www.oarcanjo.net\/site\/sopro-renovador-da-igreja\/\"},\"wordCount\":820,\"commentCount\":0,\"publisher\":{\"@id\":\"https:\/\/www.oarcanjo.net\/site\/#organization\"},\"keywords\":[\"Cardeal Odilo Pedro Scherer\",\"Conc\u00edlio Vaticano II\",\"Esp\u00edrito Santo\"],\"articleSection\":[\"Reflex\u00f5es\"],\"inLanguage\":\"pt-BR\",\"potentialAction\":[{\"@type\":\"CommentAction\",\"name\":\"Comment\",\"target\":[\"https:\/\/www.oarcanjo.net\/site\/sopro-renovador-da-igreja\/#respond\"]}]},{\"@type\":\"WebPage\",\"@id\":\"https:\/\/www.oarcanjo.net\/site\/sopro-renovador-da-igreja\/\",\"url\":\"https:\/\/www.oarcanjo.net\/site\/sopro-renovador-da-igreja\/\",\"name\":\"Sopro renovador da Igreja - O Arcanjo no ar\",\"isPartOf\":{\"@id\":\"https:\/\/www.oarcanjo.net\/site\/#website\"},\"datePublished\":\"2013-05-21T11:23:05+00:00\",\"dateModified\":\"2013-05-21T11:23:05+00:00\",\"breadcrumb\":{\"@id\":\"https:\/\/www.oarcanjo.net\/site\/sopro-renovador-da-igreja\/#breadcrumb\"},\"inLanguage\":\"pt-BR\",\"potentialAction\":[{\"@type\":\"ReadAction\",\"target\":[\"https:\/\/www.oarcanjo.net\/site\/sopro-renovador-da-igreja\/\"]}]},{\"@type\":\"BreadcrumbList\",\"@id\":\"https:\/\/www.oarcanjo.net\/site\/sopro-renovador-da-igreja\/#breadcrumb\",\"itemListElement\":[{\"@type\":\"ListItem\",\"position\":1,\"name\":\"In\u00edcio\",\"item\":\"https:\/\/www.oarcanjo.net\/site\/\"},{\"@type\":\"ListItem\",\"position\":2,\"name\":\"Sopro renovador da Igreja\"}]},{\"@type\":\"WebSite\",\"@id\":\"https:\/\/www.oarcanjo.net\/site\/#website\",\"url\":\"https:\/\/www.oarcanjo.net\/site\/\",\"name\":\"O Arcanjo no ar\",\"description\":\"Site da Par\u00f3quia S\u00e3o Miguel Arcanjo (Arquidiocese de SP)\",\"publisher\":{\"@id\":\"https:\/\/www.oarcanjo.net\/site\/#organization\"},\"potentialAction\":[{\"@type\":\"SearchAction\",\"target\":{\"@type\":\"EntryPoint\",\"urlTemplate\":\"https:\/\/www.oarcanjo.net\/site\/?s={search_term_string}\"},\"query-input\":{\"@type\":\"PropertyValueSpecification\",\"valueRequired\":true,\"valueName\":\"search_term_string\"}}],\"inLanguage\":\"pt-BR\"},{\"@type\":\"Organization\",\"@id\":\"https:\/\/www.oarcanjo.net\/site\/#organization\",\"name\":\"Par\u00f3quia S\u00e3o Miguel Arcanjo\",\"url\":\"https:\/\/www.oarcanjo.net\/site\/\",\"logo\":{\"@type\":\"ImageObject\",\"inLanguage\":\"pt-BR\",\"@id\":\"https:\/\/www.oarcanjo.net\/site\/#\/schema\/logo\/image\/\",\"url\":\"https:\/\/www.oarcanjo.net\/site\/wp-content\/uploads\/LogoOArcanjo.png\",\"contentUrl\":\"https:\/\/www.oarcanjo.net\/site\/wp-content\/uploads\/LogoOArcanjo.png\",\"width\":319,\"height\":99,\"caption\":\"Par\u00f3quia S\u00e3o Miguel Arcanjo\"},\"image\":{\"@id\":\"https:\/\/www.oarcanjo.net\/site\/#\/schema\/logo\/image\/\"},\"sameAs\":[\"https:\/\/www.facebook.com\/OArcanjoNoAr\/\"]},{\"@type\":\"Person\",\"@id\":\"https:\/\/www.oarcanjo.net\/site\/#\/schema\/person\/f7024d007863202483a31326673a0838\",\"name\":\"editor\",\"sameAs\":[\"http:\/\/www.oarcanjo.net\"]}]}<\/script>\n<!-- \/ Yoast SEO plugin. -->","yoast_head_json":{"title":"Sopro renovador da Igreja - O Arcanjo no ar","robots":{"index":"index","follow":"follow","max-snippet":"max-snippet:-1","max-image-preview":"max-image-preview:large","max-video-preview":"max-video-preview:-1"},"canonical":"https:\/\/www.oarcanjo.net\/site\/sopro-renovador-da-igreja\/","og_locale":"pt_BR","og_type":"article","og_title":"Sopro renovador da Igreja - O Arcanjo no ar","og_description":"Cardeal Odilo Pedro Scherer Arcebispo de S\u00e3o Paulo (SP) H\u00e1 50 anos, estava em andamento o Conc\u00edlio Vaticano II, que foi interpretado como um \u201csopro renovador\u201d do Esp\u00edrito Santo na Igreja. Ele agiu atrav\u00e9s do papa e dos bispos, chamados a desempenhar a sua miss\u00e3o naquela grande assembleia eclesial. Atentos ao sopro do mesmo Esp\u00edrito [&hellip;]","og_url":"https:\/\/www.oarcanjo.net\/site\/sopro-renovador-da-igreja\/","og_site_name":"O Arcanjo no ar","article_publisher":"https:\/\/www.facebook.com\/OArcanjoNoAr\/","article_published_time":"2013-05-21T11:23:05+00:00","og_image":[{"width":300,"height":300,"url":"https:\/\/www.oarcanjo.net\/site\/wp-content\/uploads\/logo-o-arcanjo-no-ar-facebook.png","type":"image\/png"}],"author":"editor","twitter_card":"summary_large_image","twitter_misc":{"Escrito por":"editor","Est. tempo de leitura":"4 minutos"},"schema":{"@context":"https:\/\/schema.org","@graph":[{"@type":"Article","@id":"https:\/\/www.oarcanjo.net\/site\/sopro-renovador-da-igreja\/#article","isPartOf":{"@id":"https:\/\/www.oarcanjo.net\/site\/sopro-renovador-da-igreja\/"},"author":{"name":"editor","@id":"https:\/\/www.oarcanjo.net\/site\/#\/schema\/person\/f7024d007863202483a31326673a0838"},"headline":"Sopro renovador da Igreja","datePublished":"2013-05-21T11:23:05+00:00","dateModified":"2013-05-21T11:23:05+00:00","mainEntityOfPage":{"@id":"https:\/\/www.oarcanjo.net\/site\/sopro-renovador-da-igreja\/"},"wordCount":820,"commentCount":0,"publisher":{"@id":"https:\/\/www.oarcanjo.net\/site\/#organization"},"keywords":["Cardeal Odilo Pedro Scherer","Conc\u00edlio Vaticano II","Esp\u00edrito Santo"],"articleSection":["Reflex\u00f5es"],"inLanguage":"pt-BR","potentialAction":[{"@type":"CommentAction","name":"Comment","target":["https:\/\/www.oarcanjo.net\/site\/sopro-renovador-da-igreja\/#respond"]}]},{"@type":"WebPage","@id":"https:\/\/www.oarcanjo.net\/site\/sopro-renovador-da-igreja\/","url":"https:\/\/www.oarcanjo.net\/site\/sopro-renovador-da-igreja\/","name":"Sopro renovador da Igreja - O Arcanjo no ar","isPartOf":{"@id":"https:\/\/www.oarcanjo.net\/site\/#website"},"datePublished":"2013-05-21T11:23:05+00:00","dateModified":"2013-05-21T11:23:05+00:00","breadcrumb":{"@id":"https:\/\/www.oarcanjo.net\/site\/sopro-renovador-da-igreja\/#breadcrumb"},"inLanguage":"pt-BR","potentialAction":[{"@type":"ReadAction","target":["https:\/\/www.oarcanjo.net\/site\/sopro-renovador-da-igreja\/"]}]},{"@type":"BreadcrumbList","@id":"https:\/\/www.oarcanjo.net\/site\/sopro-renovador-da-igreja\/#breadcrumb","itemListElement":[{"@type":"ListItem","position":1,"name":"In\u00edcio","item":"https:\/\/www.oarcanjo.net\/site\/"},{"@type":"ListItem","position":2,"name":"Sopro renovador da Igreja"}]},{"@type":"WebSite","@id":"https:\/\/www.oarcanjo.net\/site\/#website","url":"https:\/\/www.oarcanjo.net\/site\/","name":"O Arcanjo no ar","description":"Site da Par\u00f3quia S\u00e3o Miguel Arcanjo (Arquidiocese de SP)","publisher":{"@id":"https:\/\/www.oarcanjo.net\/site\/#organization"},"potentialAction":[{"@type":"SearchAction","target":{"@type":"EntryPoint","urlTemplate":"https:\/\/www.oarcanjo.net\/site\/?s={search_term_string}"},"query-input":{"@type":"PropertyValueSpecification","valueRequired":true,"valueName":"search_term_string"}}],"inLanguage":"pt-BR"},{"@type":"Organization","@id":"https:\/\/www.oarcanjo.net\/site\/#organization","name":"Par\u00f3quia S\u00e3o Miguel Arcanjo","url":"https:\/\/www.oarcanjo.net\/site\/","logo":{"@type":"ImageObject","inLanguage":"pt-BR","@id":"https:\/\/www.oarcanjo.net\/site\/#\/schema\/logo\/image\/","url":"https:\/\/www.oarcanjo.net\/site\/wp-content\/uploads\/LogoOArcanjo.png","contentUrl":"https:\/\/www.oarcanjo.net\/site\/wp-content\/uploads\/LogoOArcanjo.png","width":319,"height":99,"caption":"Par\u00f3quia S\u00e3o Miguel Arcanjo"},"image":{"@id":"https:\/\/www.oarcanjo.net\/site\/#\/schema\/logo\/image\/"},"sameAs":["https:\/\/www.facebook.com\/OArcanjoNoAr\/"]},{"@type":"Person","@id":"https:\/\/www.oarcanjo.net\/site\/#\/schema\/person\/f7024d007863202483a31326673a0838","name":"editor","sameAs":["http:\/\/www.oarcanjo.net"]}]}},"publishpress_future_action":{"enabled":false,"date":"2026-05-09 04:21:48","action":"category","newStatus":"draft","terms":[],"taxonomy":"category"},"publishpress_future_workflow_manual_trigger":{"enabledWorkflows":[]},"_links":{"self":[{"href":"https:\/\/www.oarcanjo.net\/site\/wp-json\/wp\/v2\/posts\/21895"}],"collection":[{"href":"https:\/\/www.oarcanjo.net\/site\/wp-json\/wp\/v2\/posts"}],"about":[{"href":"https:\/\/www.oarcanjo.net\/site\/wp-json\/wp\/v2\/types\/post"}],"author":[{"embeddable":true,"href":"https:\/\/www.oarcanjo.net\/site\/wp-json\/wp\/v2\/users\/5"}],"replies":[{"embeddable":true,"href":"https:\/\/www.oarcanjo.net\/site\/wp-json\/wp\/v2\/comments?post=21895"}],"version-history":[{"count":0,"href":"https:\/\/www.oarcanjo.net\/site\/wp-json\/wp\/v2\/posts\/21895\/revisions"}],"wp:attachment":[{"href":"https:\/\/www.oarcanjo.net\/site\/wp-json\/wp\/v2\/media?parent=21895"}],"wp:term":[{"taxonomy":"category","embeddable":true,"href":"https:\/\/www.oarcanjo.net\/site\/wp-json\/wp\/v2\/categories?post=21895"},{"taxonomy":"post_tag","embeddable":true,"href":"https:\/\/www.oarcanjo.net\/site\/wp-json\/wp\/v2\/tags?post=21895"}],"curies":[{"name":"wp","href":"https:\/\/api.w.org\/{rel}","templated":true}]}}