
{"id":2190,"date":"2009-03-03T23:45:26","date_gmt":"2009-03-04T02:45:26","guid":{"rendered":"http:\/\/www.oarcanjo.net\/site\/?p=2190"},"modified":"2009-03-03T23:45:26","modified_gmt":"2009-03-04T02:45:26","slug":"voluntarios-ajudam-a-diminuir-a-sensacao-de-abandono-de-idosos","status":"publish","type":"post","link":"https:\/\/www.oarcanjo.net\/site\/voluntarios-ajudam-a-diminuir-a-sensacao-de-abandono-de-idosos\/","title":{"rendered":"Volunt\u00e1rios ajudam a diminuir a sensa\u00e7\u00e3o de abandono de idosos"},"content":{"rendered":"<p>\u00c0 medida que o tempo passa, o corpo e a mente humana sofrem transforma\u00e7\u00f5es. A experi\u00eancia de vida pode at\u00e9 ser maior, mas a sa\u00fade e a agilidade n\u00e3o s\u00e3o mais as mesmas. A mem\u00f3ria come\u00e7a a falhar e, muitas vezes, \u00e9 preciso da ajuda de algu\u00e9m para realizar tarefas simples do cotidiano. Foi percebendo os cuidados e aten\u00e7\u00f5es especiais que essa grande parcela da popula\u00e7\u00e3o necessita que, em 2004, foi fundada a Pastoral da Pessoa Idosa.<\/p>\n<p>Em Curitiba, no Paran\u00e1, a Pastoral, organizada e coordenada por Zilda Arns, m\u00e9dica pediatra e tamb\u00e9m fundadora da Pastoral da Crian\u00e7a, tem como objetivo assegurar a dignidade e a valoriza\u00e7\u00e3o integral das pessoas idosas. Apesar de ter sido fundada, oficialmente, apenas em 2004, os trabalhos com os idosos j\u00e1 vinham sendo realizados desde 1996, com um programa da Pastoral da Crian\u00e7a denominado: &#8220;3\u00aa Idade na Pastoral da Crian\u00e7a&#8221;. <\/p>\n<p>A cria\u00e7\u00e3o da pastoral espec\u00edfica para o idoso surgiu a partir da Campanha da Fraternidade de 2003, que tinha o idoso como tema. Assim, em novembro do ano seguinte, aconteceu a I Assembleia Nacional da Pastoral da Pessoa Idosa, que, segundo dra. Zilda Arns, marcou a funda\u00e7\u00e3o oficial da Pastoral, al\u00e9m de ser aprovado o Estatuto da Pastoral, elaborada as principais linhas de a\u00e7\u00e3o e eleitos os conselheiros para os Conselhos Diretor, Econ\u00f4mico e Fiscal.<\/p>\n<p>De acordo com a fundadora, atualmente mais de 139 mil idosos s\u00e3o acompanhados por 15 mil l\u00edderes comunit\u00e1rios, pessoas volunt\u00e1rias que receberam capacita\u00e7\u00f5es para o correto acompanhamento. Ela explica que os l\u00edderes visitam, todos os meses, a casa dos idosos para, assim, tornar a vida destes mais agrad\u00e1vel. Encaminhamento ao servi\u00e7o de sa\u00fade, orienta\u00e7\u00e3o sobre vacinas, preven\u00e7\u00e3o de quedas, atividades f\u00edsicas e ingest\u00e3o de l\u00edquidos s\u00e3o algumas atividades realizadas pelos l\u00edderes. Al\u00e9m disso, eles ainda ajudam no processo de democratiza\u00e7\u00e3o do Estatuto do Idoso, explicando e fiscalizando o cumprimento do Estatuto.<\/p>\n<p>Em cinco anos de exist\u00eancia, a Pastoral j\u00e1 avan\u00e7ou bastante. Prova disso \u00e9 que hoje ela j\u00e1 est\u00e1 presente em todos os Estrados do Brasil e \u00e9 bem aceito pelas pessoas. &#8220;Mais comunidades querem a Pastoral da Pessoa Idosa&#8221;, comenta a fundadora. Para dra. Zilda Arns, o motivo dessa busca \u00e9 porque a Pastoral assiste o idoso e n\u00e3o deixa ele se sentir abandonado. <\/p>\n<p>De acordo com a fundadora, muitos comentam que foram abandonados pela fam\u00edlia, mas que encontraram outra na Pastoral. Ela explica que o abandono e a explora\u00e7\u00e3o do idoso pela fam\u00edlia s\u00e3o as principais dificuldades enfrentadas. Para ela, o importante \u00e9 conscientizar a fam\u00edlia para que o idoso continua com ela, pois ele sente falta dos filhos. &#8220;Se o idoso conseguir ficar na sua fam\u00edlia, sempre \u00e9 o melhor lugar&#8221;, comenta.<\/p>\n<div id=\"themify_builder_content-2190\" data-postid=\"2190\" class=\"themify_builder_content themify_builder_content-2190 themify_builder themify_builder_front\">\n\t<\/div>\n<!-- \/themify_builder_content -->","protected":false},"excerpt":{"rendered":"<p>\u00c0 medida que o tempo passa, o corpo e a mente humana sofrem transforma\u00e7\u00f5es. A experi\u00eancia de vida pode at\u00e9 ser maior, mas a sa\u00fade e a agilidade n\u00e3o s\u00e3o mais as mesmas. A mem\u00f3ria come\u00e7a a falhar e, muitas vezes, \u00e9 preciso da ajuda de algu\u00e9m para realizar tarefas simples do cotidiano. Foi percebendo [&hellip;]<\/p>\n","protected":false},"author":5,"featured_media":0,"comment_status":"open","ping_status":"open","sticky":false,"template":"","format":"standard","meta":{"ngg_post_thumbnail":0,"footnotes":""},"categories":[8],"tags":[295,305,25,306],"yoast_head":"<!-- This site is optimized with the Yoast SEO plugin v23.5 - https:\/\/yoast.com\/wordpress\/plugins\/seo\/ -->\n<title>Volunt\u00e1rios ajudam a diminuir a sensa\u00e7\u00e3o de abandono de idosos - O Arcanjo no ar<\/title>\n<meta name=\"robots\" content=\"index, follow, max-snippet:-1, max-image-preview:large, max-video-preview:-1\" \/>\n<link rel=\"canonical\" href=\"https:\/\/www.oarcanjo.net\/site\/voluntarios-ajudam-a-diminuir-a-sensacao-de-abandono-de-idosos\/\" \/>\n<meta property=\"og:locale\" content=\"pt_BR\" \/>\n<meta property=\"og:type\" content=\"article\" \/>\n<meta property=\"og:title\" content=\"Volunt\u00e1rios ajudam a diminuir a sensa\u00e7\u00e3o de abandono de idosos - O Arcanjo no ar\" \/>\n<meta property=\"og:description\" content=\"\u00c0 medida que o tempo passa, o corpo e a mente humana sofrem transforma\u00e7\u00f5es. A experi\u00eancia de vida pode at\u00e9 ser maior, mas a sa\u00fade e a agilidade n\u00e3o s\u00e3o mais as mesmas. A mem\u00f3ria come\u00e7a a falhar e, muitas vezes, \u00e9 preciso da ajuda de algu\u00e9m para realizar tarefas simples do cotidiano. Foi percebendo [&hellip;]\" \/>\n<meta property=\"og:url\" content=\"https:\/\/www.oarcanjo.net\/site\/voluntarios-ajudam-a-diminuir-a-sensacao-de-abandono-de-idosos\/\" \/>\n<meta property=\"og:site_name\" content=\"O Arcanjo no ar\" \/>\n<meta property=\"article:publisher\" content=\"https:\/\/www.facebook.com\/OArcanjoNoAr\/\" \/>\n<meta property=\"article:published_time\" content=\"2009-03-04T02:45:26+00:00\" \/>\n<meta property=\"og:image\" content=\"https:\/\/www.oarcanjo.net\/site\/wp-content\/uploads\/logo-o-arcanjo-no-ar-facebook.png\" \/>\n\t<meta property=\"og:image:width\" content=\"300\" \/>\n\t<meta property=\"og:image:height\" content=\"300\" \/>\n\t<meta property=\"og:image:type\" content=\"image\/png\" \/>\n<meta name=\"author\" content=\"editor\" \/>\n<meta name=\"twitter:card\" content=\"summary_large_image\" \/>\n<meta name=\"twitter:label1\" content=\"Escrito por\" \/>\n\t<meta name=\"twitter:data1\" content=\"editor\" \/>\n\t<meta name=\"twitter:label2\" content=\"Est. tempo de leitura\" \/>\n\t<meta name=\"twitter:data2\" content=\"2 minutos\" \/>\n<script type=\"application\/ld+json\" class=\"yoast-schema-graph\">{\"@context\":\"https:\/\/schema.org\",\"@graph\":[{\"@type\":\"Article\",\"@id\":\"https:\/\/www.oarcanjo.net\/site\/voluntarios-ajudam-a-diminuir-a-sensacao-de-abandono-de-idosos\/#article\",\"isPartOf\":{\"@id\":\"https:\/\/www.oarcanjo.net\/site\/voluntarios-ajudam-a-diminuir-a-sensacao-de-abandono-de-idosos\/\"},\"author\":{\"name\":\"editor\",\"@id\":\"https:\/\/www.oarcanjo.net\/site\/#\/schema\/person\/f7024d007863202483a31326673a0838\"},\"headline\":\"Volunt\u00e1rios ajudam a diminuir a sensa\u00e7\u00e3o de abandono de idosos\",\"datePublished\":\"2009-03-04T02:45:26+00:00\",\"dateModified\":\"2009-03-04T02:45:26+00:00\",\"mainEntityOfPage\":{\"@id\":\"https:\/\/www.oarcanjo.net\/site\/voluntarios-ajudam-a-diminuir-a-sensacao-de-abandono-de-idosos\/\"},\"wordCount\":492,\"commentCount\":2,\"publisher\":{\"@id\":\"https:\/\/www.oarcanjo.net\/site\/#organization\"},\"keywords\":[\"Pastoral da Crian\u00e7a\",\"Pastoral da Pessoa Idosa\",\"terceira idade\",\"Zilda Arns\"],\"articleSection\":[\"Not\u00edcias\"],\"inLanguage\":\"pt-BR\",\"potentialAction\":[{\"@type\":\"CommentAction\",\"name\":\"Comment\",\"target\":[\"https:\/\/www.oarcanjo.net\/site\/voluntarios-ajudam-a-diminuir-a-sensacao-de-abandono-de-idosos\/#respond\"]}]},{\"@type\":\"WebPage\",\"@id\":\"https:\/\/www.oarcanjo.net\/site\/voluntarios-ajudam-a-diminuir-a-sensacao-de-abandono-de-idosos\/\",\"url\":\"https:\/\/www.oarcanjo.net\/site\/voluntarios-ajudam-a-diminuir-a-sensacao-de-abandono-de-idosos\/\",\"name\":\"Volunt\u00e1rios ajudam a diminuir a sensa\u00e7\u00e3o de abandono de idosos - O Arcanjo no ar\",\"isPartOf\":{\"@id\":\"https:\/\/www.oarcanjo.net\/site\/#website\"},\"datePublished\":\"2009-03-04T02:45:26+00:00\",\"dateModified\":\"2009-03-04T02:45:26+00:00\",\"breadcrumb\":{\"@id\":\"https:\/\/www.oarcanjo.net\/site\/voluntarios-ajudam-a-diminuir-a-sensacao-de-abandono-de-idosos\/#breadcrumb\"},\"inLanguage\":\"pt-BR\",\"potentialAction\":[{\"@type\":\"ReadAction\",\"target\":[\"https:\/\/www.oarcanjo.net\/site\/voluntarios-ajudam-a-diminuir-a-sensacao-de-abandono-de-idosos\/\"]}]},{\"@type\":\"BreadcrumbList\",\"@id\":\"https:\/\/www.oarcanjo.net\/site\/voluntarios-ajudam-a-diminuir-a-sensacao-de-abandono-de-idosos\/#breadcrumb\",\"itemListElement\":[{\"@type\":\"ListItem\",\"position\":1,\"name\":\"In\u00edcio\",\"item\":\"https:\/\/www.oarcanjo.net\/site\/\"},{\"@type\":\"ListItem\",\"position\":2,\"name\":\"Volunt\u00e1rios ajudam a diminuir a sensa\u00e7\u00e3o de abandono de idosos\"}]},{\"@type\":\"WebSite\",\"@id\":\"https:\/\/www.oarcanjo.net\/site\/#website\",\"url\":\"https:\/\/www.oarcanjo.net\/site\/\",\"name\":\"O Arcanjo no ar\",\"description\":\"Site da Par\u00f3quia S\u00e3o Miguel Arcanjo (Arquidiocese de SP)\",\"publisher\":{\"@id\":\"https:\/\/www.oarcanjo.net\/site\/#organization\"},\"potentialAction\":[{\"@type\":\"SearchAction\",\"target\":{\"@type\":\"EntryPoint\",\"urlTemplate\":\"https:\/\/www.oarcanjo.net\/site\/?s={search_term_string}\"},\"query-input\":{\"@type\":\"PropertyValueSpecification\",\"valueRequired\":true,\"valueName\":\"search_term_string\"}}],\"inLanguage\":\"pt-BR\"},{\"@type\":\"Organization\",\"@id\":\"https:\/\/www.oarcanjo.net\/site\/#organization\",\"name\":\"Par\u00f3quia S\u00e3o Miguel Arcanjo\",\"url\":\"https:\/\/www.oarcanjo.net\/site\/\",\"logo\":{\"@type\":\"ImageObject\",\"inLanguage\":\"pt-BR\",\"@id\":\"https:\/\/www.oarcanjo.net\/site\/#\/schema\/logo\/image\/\",\"url\":\"https:\/\/www.oarcanjo.net\/site\/wp-content\/uploads\/LogoOArcanjo.png\",\"contentUrl\":\"https:\/\/www.oarcanjo.net\/site\/wp-content\/uploads\/LogoOArcanjo.png\",\"width\":319,\"height\":99,\"caption\":\"Par\u00f3quia S\u00e3o Miguel Arcanjo\"},\"image\":{\"@id\":\"https:\/\/www.oarcanjo.net\/site\/#\/schema\/logo\/image\/\"},\"sameAs\":[\"https:\/\/www.facebook.com\/OArcanjoNoAr\/\"]},{\"@type\":\"Person\",\"@id\":\"https:\/\/www.oarcanjo.net\/site\/#\/schema\/person\/f7024d007863202483a31326673a0838\",\"name\":\"editor\",\"sameAs\":[\"http:\/\/www.oarcanjo.net\"]}]}<\/script>\n<!-- \/ Yoast SEO plugin. -->","yoast_head_json":{"title":"Volunt\u00e1rios ajudam a diminuir a sensa\u00e7\u00e3o de abandono de idosos - O Arcanjo no ar","robots":{"index":"index","follow":"follow","max-snippet":"max-snippet:-1","max-image-preview":"max-image-preview:large","max-video-preview":"max-video-preview:-1"},"canonical":"https:\/\/www.oarcanjo.net\/site\/voluntarios-ajudam-a-diminuir-a-sensacao-de-abandono-de-idosos\/","og_locale":"pt_BR","og_type":"article","og_title":"Volunt\u00e1rios ajudam a diminuir a sensa\u00e7\u00e3o de abandono de idosos - O Arcanjo no ar","og_description":"\u00c0 medida que o tempo passa, o corpo e a mente humana sofrem transforma\u00e7\u00f5es. A experi\u00eancia de vida pode at\u00e9 ser maior, mas a sa\u00fade e a agilidade n\u00e3o s\u00e3o mais as mesmas. A mem\u00f3ria come\u00e7a a falhar e, muitas vezes, \u00e9 preciso da ajuda de algu\u00e9m para realizar tarefas simples do cotidiano. Foi percebendo [&hellip;]","og_url":"https:\/\/www.oarcanjo.net\/site\/voluntarios-ajudam-a-diminuir-a-sensacao-de-abandono-de-idosos\/","og_site_name":"O Arcanjo no ar","article_publisher":"https:\/\/www.facebook.com\/OArcanjoNoAr\/","article_published_time":"2009-03-04T02:45:26+00:00","og_image":[{"width":300,"height":300,"url":"https:\/\/www.oarcanjo.net\/site\/wp-content\/uploads\/logo-o-arcanjo-no-ar-facebook.png","type":"image\/png"}],"author":"editor","twitter_card":"summary_large_image","twitter_misc":{"Escrito por":"editor","Est. tempo de leitura":"2 minutos"},"schema":{"@context":"https:\/\/schema.org","@graph":[{"@type":"Article","@id":"https:\/\/www.oarcanjo.net\/site\/voluntarios-ajudam-a-diminuir-a-sensacao-de-abandono-de-idosos\/#article","isPartOf":{"@id":"https:\/\/www.oarcanjo.net\/site\/voluntarios-ajudam-a-diminuir-a-sensacao-de-abandono-de-idosos\/"},"author":{"name":"editor","@id":"https:\/\/www.oarcanjo.net\/site\/#\/schema\/person\/f7024d007863202483a31326673a0838"},"headline":"Volunt\u00e1rios ajudam a diminuir a sensa\u00e7\u00e3o de abandono de idosos","datePublished":"2009-03-04T02:45:26+00:00","dateModified":"2009-03-04T02:45:26+00:00","mainEntityOfPage":{"@id":"https:\/\/www.oarcanjo.net\/site\/voluntarios-ajudam-a-diminuir-a-sensacao-de-abandono-de-idosos\/"},"wordCount":492,"commentCount":2,"publisher":{"@id":"https:\/\/www.oarcanjo.net\/site\/#organization"},"keywords":["Pastoral da Crian\u00e7a","Pastoral da Pessoa Idosa","terceira idade","Zilda Arns"],"articleSection":["Not\u00edcias"],"inLanguage":"pt-BR","potentialAction":[{"@type":"CommentAction","name":"Comment","target":["https:\/\/www.oarcanjo.net\/site\/voluntarios-ajudam-a-diminuir-a-sensacao-de-abandono-de-idosos\/#respond"]}]},{"@type":"WebPage","@id":"https:\/\/www.oarcanjo.net\/site\/voluntarios-ajudam-a-diminuir-a-sensacao-de-abandono-de-idosos\/","url":"https:\/\/www.oarcanjo.net\/site\/voluntarios-ajudam-a-diminuir-a-sensacao-de-abandono-de-idosos\/","name":"Volunt\u00e1rios ajudam a diminuir a sensa\u00e7\u00e3o de abandono de idosos - O Arcanjo no ar","isPartOf":{"@id":"https:\/\/www.oarcanjo.net\/site\/#website"},"datePublished":"2009-03-04T02:45:26+00:00","dateModified":"2009-03-04T02:45:26+00:00","breadcrumb":{"@id":"https:\/\/www.oarcanjo.net\/site\/voluntarios-ajudam-a-diminuir-a-sensacao-de-abandono-de-idosos\/#breadcrumb"},"inLanguage":"pt-BR","potentialAction":[{"@type":"ReadAction","target":["https:\/\/www.oarcanjo.net\/site\/voluntarios-ajudam-a-diminuir-a-sensacao-de-abandono-de-idosos\/"]}]},{"@type":"BreadcrumbList","@id":"https:\/\/www.oarcanjo.net\/site\/voluntarios-ajudam-a-diminuir-a-sensacao-de-abandono-de-idosos\/#breadcrumb","itemListElement":[{"@type":"ListItem","position":1,"name":"In\u00edcio","item":"https:\/\/www.oarcanjo.net\/site\/"},{"@type":"ListItem","position":2,"name":"Volunt\u00e1rios ajudam a diminuir a sensa\u00e7\u00e3o de abandono de idosos"}]},{"@type":"WebSite","@id":"https:\/\/www.oarcanjo.net\/site\/#website","url":"https:\/\/www.oarcanjo.net\/site\/","name":"O Arcanjo no ar","description":"Site da Par\u00f3quia S\u00e3o Miguel Arcanjo (Arquidiocese de SP)","publisher":{"@id":"https:\/\/www.oarcanjo.net\/site\/#organization"},"potentialAction":[{"@type":"SearchAction","target":{"@type":"EntryPoint","urlTemplate":"https:\/\/www.oarcanjo.net\/site\/?s={search_term_string}"},"query-input":{"@type":"PropertyValueSpecification","valueRequired":true,"valueName":"search_term_string"}}],"inLanguage":"pt-BR"},{"@type":"Organization","@id":"https:\/\/www.oarcanjo.net\/site\/#organization","name":"Par\u00f3quia S\u00e3o Miguel Arcanjo","url":"https:\/\/www.oarcanjo.net\/site\/","logo":{"@type":"ImageObject","inLanguage":"pt-BR","@id":"https:\/\/www.oarcanjo.net\/site\/#\/schema\/logo\/image\/","url":"https:\/\/www.oarcanjo.net\/site\/wp-content\/uploads\/LogoOArcanjo.png","contentUrl":"https:\/\/www.oarcanjo.net\/site\/wp-content\/uploads\/LogoOArcanjo.png","width":319,"height":99,"caption":"Par\u00f3quia S\u00e3o Miguel Arcanjo"},"image":{"@id":"https:\/\/www.oarcanjo.net\/site\/#\/schema\/logo\/image\/"},"sameAs":["https:\/\/www.facebook.com\/OArcanjoNoAr\/"]},{"@type":"Person","@id":"https:\/\/www.oarcanjo.net\/site\/#\/schema\/person\/f7024d007863202483a31326673a0838","name":"editor","sameAs":["http:\/\/www.oarcanjo.net"]}]}},"publishpress_future_action":{"enabled":false,"date":"2026-05-08 19:32:04","action":"category","newStatus":"draft","terms":[],"taxonomy":"category"},"publishpress_future_workflow_manual_trigger":{"enabledWorkflows":[]},"_links":{"self":[{"href":"https:\/\/www.oarcanjo.net\/site\/wp-json\/wp\/v2\/posts\/2190"}],"collection":[{"href":"https:\/\/www.oarcanjo.net\/site\/wp-json\/wp\/v2\/posts"}],"about":[{"href":"https:\/\/www.oarcanjo.net\/site\/wp-json\/wp\/v2\/types\/post"}],"author":[{"embeddable":true,"href":"https:\/\/www.oarcanjo.net\/site\/wp-json\/wp\/v2\/users\/5"}],"replies":[{"embeddable":true,"href":"https:\/\/www.oarcanjo.net\/site\/wp-json\/wp\/v2\/comments?post=2190"}],"version-history":[{"count":0,"href":"https:\/\/www.oarcanjo.net\/site\/wp-json\/wp\/v2\/posts\/2190\/revisions"}],"wp:attachment":[{"href":"https:\/\/www.oarcanjo.net\/site\/wp-json\/wp\/v2\/media?parent=2190"}],"wp:term":[{"taxonomy":"category","embeddable":true,"href":"https:\/\/www.oarcanjo.net\/site\/wp-json\/wp\/v2\/categories?post=2190"},{"taxonomy":"post_tag","embeddable":true,"href":"https:\/\/www.oarcanjo.net\/site\/wp-json\/wp\/v2\/tags?post=2190"}],"curies":[{"name":"wp","href":"https:\/\/api.w.org\/{rel}","templated":true}]}}