
{"id":21931,"date":"2013-05-27T11:47:06","date_gmt":"2013-05-27T14:47:06","guid":{"rendered":"http:\/\/www.oarcanjo.net\/site\/?p=21931"},"modified":"2013-05-27T11:47:06","modified_gmt":"2013-05-27T14:47:06","slug":"eucaristia-nos-cremos","status":"publish","type":"post","link":"https:\/\/www.oarcanjo.net\/site\/eucaristia-nos-cremos\/","title":{"rendered":"Eucaristia: N\u00f3s cremos!"},"content":{"rendered":"<p>Celebramos a\u00a0<strong>solenidade do Sant\u00edssimo Corpo e Sangue de Nosso Senhor Jesus Cristo no Ano da F\u00e9<\/strong>. E isso nos leva a refletir sobre nossa f\u00e9 no \u201cAugusto Mist\u00e9rio\u201d da Eucaristia e a renovar nossa f\u00e9 nesse dom precioso deixado por Jesus \u00e0\u00a0sua Igreja.<\/p>\n<p><strong>A Eucaristia \u00e9 o Sacramento do sacrif\u00edcio de Jesus Cristo, que se entregou \u00e0 morte de cruz, como \u201cpre\u00e7o pelo nosso pecado\u201d<\/strong>. Ele \u00e9 o \u201cCordeiro de Deus, que tira o pecado do mundo\u201d. Toda vez que oferecemos a Deus o Sacrif\u00edcio da Missa, fazermos isso \u201cem mem\u00f3ria\u201d de Jesus Cristo, \u201ccordeiro de Deus que tira o pecado do mundo\u201d, daquela \u00fanica e suprema doa\u00e7\u00e3o de sua vida a Deus e em favor de toda a humanidade. Na participa\u00e7\u00e3o, com f\u00e9, da celebra\u00e7\u00e3o da Eucaristia, recebemos tamb\u00e9m n\u00f3s os frutos do perd\u00e3o e da reconcilia\u00e7\u00e3o com Deus e da vida nova em Cristo.<\/p>\n<p><strong>\u00c9 o Sacramento da comunh\u00e3o com Deus e entre n\u00f3s por meio de Jesus Cristo<\/strong>. Quando participamos da Eucaristia e recebemos a comunh\u00e3o, Jesus Cristo nos une mais a si e a Deus Pai e nos concede o dom de sua vida e de sua amizade. Ao mesmo tempo, a Eucaristia nos une como irm\u00e3os e estreita os la\u00e7os vitais entre todos os que recebem esse mesmo sacramento e vivem a mesma f\u00e9, na Igreja.<\/p>\n<p><strong>\u00c9 o \u201cp\u00e3o da vida\u201d, Sacramento do alimento,<\/strong> que nos nutre desde agora para a vida eterna; esse alimento \u00e9 o pr\u00f3prio Jesus, mais necess\u00e1rio para n\u00f3s que o pr\u00f3prio p\u00e3o de cada dia: \u201cquem comer deste p\u00e3o, tem a vida eterna e eu o ressuscitarei no \u00faltimo dia\u201d.<\/p>\n<p><strong>A Eucaristia \u00e9, por excel\u00eancia, o Sacramento de Jesus Cristo<\/strong>, que continua presente com Igreja e a humanidade \u201cat\u00e9 os fins dos tempos\u201d. Ele n\u00e3o nos deixou sozinhos, mas continua no meio de n\u00f3s! \u201cDeus habita esta Cidade!\u201d A Eucaristia \u00e9 o Sacramento dessa Sua presen\u00e7a e do significado salvador dessa presen\u00e7a entre n\u00f3s.<\/p>\n<p><strong>A Eucaristia \u00e9 tamb\u00e9m o Sacramento da Igreja, <\/strong>entendida como a uni\u00e3o dos disc\u00edpulos com Jesus, que est\u00e1 com eles e \u00e0 frente deles, como Mestre, Pastor e Sacerdote. A celebra\u00e7\u00e3o da Eucaristia torna \u201cvis\u00edvel\u201d o mist\u00e9rio a Igreja e de sua miss\u00e3o no mundo.<\/p>\n<p><strong>Eis, o \u201cmist\u00e9rio da f\u00e9\u201d!<\/strong> Na Eucaristia anunciamos a morte de Jesus, proclamamos sua gloriosa ressurrei\u00e7\u00e3o e crescemos na esperan\u00e7a de participar da plenitude da salva\u00e7\u00e3o. Na celebra\u00e7\u00e3o da Eucaristia, somos a humanidade que cr\u00ea e espera ansiosa o Dia da Salva\u00e7\u00e3o, enquanto suplica: \u201cMaranat\u00e1! Vem, Senhor Jesus, vem!\u201d (cf Ap\u00a0 22,20).<\/p>\n<p style=\"text-align: left;\"><em>Cardeal Odilo Pedro Scherer<\/em><br \/>\n<em>Arcebispo de S\u00e3o Paulo<\/em><br \/>\n<em>Corpus Christi de 2013<\/em><\/p>\n<div id=\"themify_builder_content-21931\" data-postid=\"21931\" class=\"themify_builder_content themify_builder_content-21931 themify_builder themify_builder_front\">\n\t<\/div>\n<!-- \/themify_builder_content -->","protected":false},"excerpt":{"rendered":"<p>Celebramos a\u00a0solenidade do Sant\u00edssimo Corpo e Sangue de Nosso Senhor Jesus Cristo no Ano da F\u00e9. E isso nos leva a refletir sobre nossa f\u00e9 no \u201cAugusto Mist\u00e9rio\u201d da Eucaristia e a renovar nossa f\u00e9 nesse dom precioso deixado por Jesus \u00e0\u00a0sua Igreja. A Eucaristia \u00e9 o Sacramento do sacrif\u00edcio de Jesus Cristo, que se [&hellip;]<\/p>\n","protected":false},"author":5,"featured_media":0,"comment_status":"open","ping_status":"open","sticky":false,"template":"","format":"standard","meta":{"ngg_post_thumbnail":0,"footnotes":""},"categories":[9],"tags":[3213,2491],"yoast_head":"<!-- This site is optimized with the Yoast SEO plugin v23.5 - https:\/\/yoast.com\/wordpress\/plugins\/seo\/ -->\n<title>Eucaristia: N\u00f3s cremos! - O Arcanjo no ar<\/title>\n<meta name=\"robots\" content=\"index, follow, max-snippet:-1, max-image-preview:large, max-video-preview:-1\" \/>\n<link rel=\"canonical\" href=\"https:\/\/www.oarcanjo.net\/site\/eucaristia-nos-cremos\/\" \/>\n<meta property=\"og:locale\" content=\"pt_BR\" \/>\n<meta property=\"og:type\" content=\"article\" \/>\n<meta property=\"og:title\" content=\"Eucaristia: N\u00f3s cremos! - O Arcanjo no ar\" \/>\n<meta property=\"og:description\" content=\"Celebramos a\u00a0solenidade do Sant\u00edssimo Corpo e Sangue de Nosso Senhor Jesus Cristo no Ano da F\u00e9. E isso nos leva a refletir sobre nossa f\u00e9 no \u201cAugusto Mist\u00e9rio\u201d da Eucaristia e a renovar nossa f\u00e9 nesse dom precioso deixado por Jesus \u00e0\u00a0sua Igreja. A Eucaristia \u00e9 o Sacramento do sacrif\u00edcio de Jesus Cristo, que se [&hellip;]\" \/>\n<meta property=\"og:url\" content=\"https:\/\/www.oarcanjo.net\/site\/eucaristia-nos-cremos\/\" \/>\n<meta property=\"og:site_name\" content=\"O Arcanjo no ar\" \/>\n<meta property=\"article:publisher\" content=\"https:\/\/www.facebook.com\/OArcanjoNoAr\/\" \/>\n<meta property=\"article:published_time\" content=\"2013-05-27T14:47:06+00:00\" \/>\n<meta property=\"og:image\" content=\"https:\/\/www.oarcanjo.net\/site\/wp-content\/uploads\/logo-o-arcanjo-no-ar-facebook.png\" \/>\n\t<meta property=\"og:image:width\" content=\"300\" \/>\n\t<meta property=\"og:image:height\" content=\"300\" \/>\n\t<meta property=\"og:image:type\" content=\"image\/png\" \/>\n<meta name=\"author\" content=\"editor\" \/>\n<meta name=\"twitter:card\" content=\"summary_large_image\" \/>\n<meta name=\"twitter:label1\" content=\"Escrito por\" \/>\n\t<meta name=\"twitter:data1\" content=\"editor\" \/>\n\t<meta name=\"twitter:label2\" content=\"Est. tempo de leitura\" \/>\n\t<meta name=\"twitter:data2\" content=\"2 minutos\" \/>\n<script type=\"application\/ld+json\" class=\"yoast-schema-graph\">{\"@context\":\"https:\/\/schema.org\",\"@graph\":[{\"@type\":\"Article\",\"@id\":\"https:\/\/www.oarcanjo.net\/site\/eucaristia-nos-cremos\/#article\",\"isPartOf\":{\"@id\":\"https:\/\/www.oarcanjo.net\/site\/eucaristia-nos-cremos\/\"},\"author\":{\"name\":\"editor\",\"@id\":\"https:\/\/www.oarcanjo.net\/site\/#\/schema\/person\/f7024d007863202483a31326673a0838\"},\"headline\":\"Eucaristia: N\u00f3s cremos!\",\"datePublished\":\"2013-05-27T14:47:06+00:00\",\"dateModified\":\"2013-05-27T14:47:06+00:00\",\"mainEntityOfPage\":{\"@id\":\"https:\/\/www.oarcanjo.net\/site\/eucaristia-nos-cremos\/\"},\"wordCount\":471,\"commentCount\":0,\"publisher\":{\"@id\":\"https:\/\/www.oarcanjo.net\/site\/#organization\"},\"keywords\":[\"Ano da F\u00e9\",\"Sant\u00edssimo Corpo e Sangue de Nosso Senhor Jesus Cristo\"],\"articleSection\":[\"Reflex\u00f5es\"],\"inLanguage\":\"pt-BR\",\"potentialAction\":[{\"@type\":\"CommentAction\",\"name\":\"Comment\",\"target\":[\"https:\/\/www.oarcanjo.net\/site\/eucaristia-nos-cremos\/#respond\"]}]},{\"@type\":\"WebPage\",\"@id\":\"https:\/\/www.oarcanjo.net\/site\/eucaristia-nos-cremos\/\",\"url\":\"https:\/\/www.oarcanjo.net\/site\/eucaristia-nos-cremos\/\",\"name\":\"Eucaristia: N\u00f3s cremos! - O Arcanjo no ar\",\"isPartOf\":{\"@id\":\"https:\/\/www.oarcanjo.net\/site\/#website\"},\"datePublished\":\"2013-05-27T14:47:06+00:00\",\"dateModified\":\"2013-05-27T14:47:06+00:00\",\"breadcrumb\":{\"@id\":\"https:\/\/www.oarcanjo.net\/site\/eucaristia-nos-cremos\/#breadcrumb\"},\"inLanguage\":\"pt-BR\",\"potentialAction\":[{\"@type\":\"ReadAction\",\"target\":[\"https:\/\/www.oarcanjo.net\/site\/eucaristia-nos-cremos\/\"]}]},{\"@type\":\"BreadcrumbList\",\"@id\":\"https:\/\/www.oarcanjo.net\/site\/eucaristia-nos-cremos\/#breadcrumb\",\"itemListElement\":[{\"@type\":\"ListItem\",\"position\":1,\"name\":\"In\u00edcio\",\"item\":\"https:\/\/www.oarcanjo.net\/site\/\"},{\"@type\":\"ListItem\",\"position\":2,\"name\":\"Eucaristia: N\u00f3s cremos!\"}]},{\"@type\":\"WebSite\",\"@id\":\"https:\/\/www.oarcanjo.net\/site\/#website\",\"url\":\"https:\/\/www.oarcanjo.net\/site\/\",\"name\":\"O Arcanjo no ar\",\"description\":\"Site da Par\u00f3quia S\u00e3o Miguel Arcanjo (Arquidiocese de SP)\",\"publisher\":{\"@id\":\"https:\/\/www.oarcanjo.net\/site\/#organization\"},\"potentialAction\":[{\"@type\":\"SearchAction\",\"target\":{\"@type\":\"EntryPoint\",\"urlTemplate\":\"https:\/\/www.oarcanjo.net\/site\/?s={search_term_string}\"},\"query-input\":{\"@type\":\"PropertyValueSpecification\",\"valueRequired\":true,\"valueName\":\"search_term_string\"}}],\"inLanguage\":\"pt-BR\"},{\"@type\":\"Organization\",\"@id\":\"https:\/\/www.oarcanjo.net\/site\/#organization\",\"name\":\"Par\u00f3quia S\u00e3o Miguel Arcanjo\",\"url\":\"https:\/\/www.oarcanjo.net\/site\/\",\"logo\":{\"@type\":\"ImageObject\",\"inLanguage\":\"pt-BR\",\"@id\":\"https:\/\/www.oarcanjo.net\/site\/#\/schema\/logo\/image\/\",\"url\":\"https:\/\/www.oarcanjo.net\/site\/wp-content\/uploads\/LogoOArcanjo.png\",\"contentUrl\":\"https:\/\/www.oarcanjo.net\/site\/wp-content\/uploads\/LogoOArcanjo.png\",\"width\":319,\"height\":99,\"caption\":\"Par\u00f3quia S\u00e3o Miguel Arcanjo\"},\"image\":{\"@id\":\"https:\/\/www.oarcanjo.net\/site\/#\/schema\/logo\/image\/\"},\"sameAs\":[\"https:\/\/www.facebook.com\/OArcanjoNoAr\/\"]},{\"@type\":\"Person\",\"@id\":\"https:\/\/www.oarcanjo.net\/site\/#\/schema\/person\/f7024d007863202483a31326673a0838\",\"name\":\"editor\",\"sameAs\":[\"http:\/\/www.oarcanjo.net\"]}]}<\/script>\n<!-- \/ Yoast SEO plugin. -->","yoast_head_json":{"title":"Eucaristia: N\u00f3s cremos! - O Arcanjo no ar","robots":{"index":"index","follow":"follow","max-snippet":"max-snippet:-1","max-image-preview":"max-image-preview:large","max-video-preview":"max-video-preview:-1"},"canonical":"https:\/\/www.oarcanjo.net\/site\/eucaristia-nos-cremos\/","og_locale":"pt_BR","og_type":"article","og_title":"Eucaristia: N\u00f3s cremos! - O Arcanjo no ar","og_description":"Celebramos a\u00a0solenidade do Sant\u00edssimo Corpo e Sangue de Nosso Senhor Jesus Cristo no Ano da F\u00e9. E isso nos leva a refletir sobre nossa f\u00e9 no \u201cAugusto Mist\u00e9rio\u201d da Eucaristia e a renovar nossa f\u00e9 nesse dom precioso deixado por Jesus \u00e0\u00a0sua Igreja. A Eucaristia \u00e9 o Sacramento do sacrif\u00edcio de Jesus Cristo, que se [&hellip;]","og_url":"https:\/\/www.oarcanjo.net\/site\/eucaristia-nos-cremos\/","og_site_name":"O Arcanjo no ar","article_publisher":"https:\/\/www.facebook.com\/OArcanjoNoAr\/","article_published_time":"2013-05-27T14:47:06+00:00","og_image":[{"width":300,"height":300,"url":"https:\/\/www.oarcanjo.net\/site\/wp-content\/uploads\/logo-o-arcanjo-no-ar-facebook.png","type":"image\/png"}],"author":"editor","twitter_card":"summary_large_image","twitter_misc":{"Escrito por":"editor","Est. tempo de leitura":"2 minutos"},"schema":{"@context":"https:\/\/schema.org","@graph":[{"@type":"Article","@id":"https:\/\/www.oarcanjo.net\/site\/eucaristia-nos-cremos\/#article","isPartOf":{"@id":"https:\/\/www.oarcanjo.net\/site\/eucaristia-nos-cremos\/"},"author":{"name":"editor","@id":"https:\/\/www.oarcanjo.net\/site\/#\/schema\/person\/f7024d007863202483a31326673a0838"},"headline":"Eucaristia: N\u00f3s cremos!","datePublished":"2013-05-27T14:47:06+00:00","dateModified":"2013-05-27T14:47:06+00:00","mainEntityOfPage":{"@id":"https:\/\/www.oarcanjo.net\/site\/eucaristia-nos-cremos\/"},"wordCount":471,"commentCount":0,"publisher":{"@id":"https:\/\/www.oarcanjo.net\/site\/#organization"},"keywords":["Ano da F\u00e9","Sant\u00edssimo Corpo e Sangue de Nosso Senhor Jesus Cristo"],"articleSection":["Reflex\u00f5es"],"inLanguage":"pt-BR","potentialAction":[{"@type":"CommentAction","name":"Comment","target":["https:\/\/www.oarcanjo.net\/site\/eucaristia-nos-cremos\/#respond"]}]},{"@type":"WebPage","@id":"https:\/\/www.oarcanjo.net\/site\/eucaristia-nos-cremos\/","url":"https:\/\/www.oarcanjo.net\/site\/eucaristia-nos-cremos\/","name":"Eucaristia: N\u00f3s cremos! - O Arcanjo no ar","isPartOf":{"@id":"https:\/\/www.oarcanjo.net\/site\/#website"},"datePublished":"2013-05-27T14:47:06+00:00","dateModified":"2013-05-27T14:47:06+00:00","breadcrumb":{"@id":"https:\/\/www.oarcanjo.net\/site\/eucaristia-nos-cremos\/#breadcrumb"},"inLanguage":"pt-BR","potentialAction":[{"@type":"ReadAction","target":["https:\/\/www.oarcanjo.net\/site\/eucaristia-nos-cremos\/"]}]},{"@type":"BreadcrumbList","@id":"https:\/\/www.oarcanjo.net\/site\/eucaristia-nos-cremos\/#breadcrumb","itemListElement":[{"@type":"ListItem","position":1,"name":"In\u00edcio","item":"https:\/\/www.oarcanjo.net\/site\/"},{"@type":"ListItem","position":2,"name":"Eucaristia: N\u00f3s cremos!"}]},{"@type":"WebSite","@id":"https:\/\/www.oarcanjo.net\/site\/#website","url":"https:\/\/www.oarcanjo.net\/site\/","name":"O Arcanjo no ar","description":"Site da Par\u00f3quia S\u00e3o Miguel Arcanjo (Arquidiocese de SP)","publisher":{"@id":"https:\/\/www.oarcanjo.net\/site\/#organization"},"potentialAction":[{"@type":"SearchAction","target":{"@type":"EntryPoint","urlTemplate":"https:\/\/www.oarcanjo.net\/site\/?s={search_term_string}"},"query-input":{"@type":"PropertyValueSpecification","valueRequired":true,"valueName":"search_term_string"}}],"inLanguage":"pt-BR"},{"@type":"Organization","@id":"https:\/\/www.oarcanjo.net\/site\/#organization","name":"Par\u00f3quia S\u00e3o Miguel Arcanjo","url":"https:\/\/www.oarcanjo.net\/site\/","logo":{"@type":"ImageObject","inLanguage":"pt-BR","@id":"https:\/\/www.oarcanjo.net\/site\/#\/schema\/logo\/image\/","url":"https:\/\/www.oarcanjo.net\/site\/wp-content\/uploads\/LogoOArcanjo.png","contentUrl":"https:\/\/www.oarcanjo.net\/site\/wp-content\/uploads\/LogoOArcanjo.png","width":319,"height":99,"caption":"Par\u00f3quia S\u00e3o Miguel Arcanjo"},"image":{"@id":"https:\/\/www.oarcanjo.net\/site\/#\/schema\/logo\/image\/"},"sameAs":["https:\/\/www.facebook.com\/OArcanjoNoAr\/"]},{"@type":"Person","@id":"https:\/\/www.oarcanjo.net\/site\/#\/schema\/person\/f7024d007863202483a31326673a0838","name":"editor","sameAs":["http:\/\/www.oarcanjo.net"]}]}},"publishpress_future_action":{"enabled":false,"date":"2026-05-09 04:23:17","action":"category","newStatus":"draft","terms":[],"taxonomy":"category"},"publishpress_future_workflow_manual_trigger":{"enabledWorkflows":[]},"_links":{"self":[{"href":"https:\/\/www.oarcanjo.net\/site\/wp-json\/wp\/v2\/posts\/21931"}],"collection":[{"href":"https:\/\/www.oarcanjo.net\/site\/wp-json\/wp\/v2\/posts"}],"about":[{"href":"https:\/\/www.oarcanjo.net\/site\/wp-json\/wp\/v2\/types\/post"}],"author":[{"embeddable":true,"href":"https:\/\/www.oarcanjo.net\/site\/wp-json\/wp\/v2\/users\/5"}],"replies":[{"embeddable":true,"href":"https:\/\/www.oarcanjo.net\/site\/wp-json\/wp\/v2\/comments?post=21931"}],"version-history":[{"count":0,"href":"https:\/\/www.oarcanjo.net\/site\/wp-json\/wp\/v2\/posts\/21931\/revisions"}],"wp:attachment":[{"href":"https:\/\/www.oarcanjo.net\/site\/wp-json\/wp\/v2\/media?parent=21931"}],"wp:term":[{"taxonomy":"category","embeddable":true,"href":"https:\/\/www.oarcanjo.net\/site\/wp-json\/wp\/v2\/categories?post=21931"},{"taxonomy":"post_tag","embeddable":true,"href":"https:\/\/www.oarcanjo.net\/site\/wp-json\/wp\/v2\/tags?post=21931"}],"curies":[{"name":"wp","href":"https:\/\/api.w.org\/{rel}","templated":true}]}}