
{"id":2209,"date":"2009-03-04T23:05:26","date_gmt":"2009-03-05T02:05:26","guid":{"rendered":"http:\/\/www.oarcanjo.net\/site\/?p=2209"},"modified":"2009-03-05T23:06:14","modified_gmt":"2009-03-06T02:06:14","slug":"coliseu-de-roma-se-iluminou-para-pedir-abolicao-da-pena-de-morte","status":"publish","type":"post","link":"https:\/\/www.oarcanjo.net\/site\/coliseu-de-roma-se-iluminou-para-pedir-abolicao-da-pena-de-morte\/","title":{"rendered":"Coliseu de Roma se iluminou para pedir aboli\u00e7\u00e3o da pena de morte"},"content":{"rendered":"<p>Nesta segunda-feira, Roma viu seu Coliseu iluminado como sinal de apoio ao voto favor\u00e1vel \u00e0 aboli\u00e7\u00e3o da pena de morte no estado de Montana, Estados Unidos. \u00c9 outra iniciativa promovida na prefeitura da cidade eterna pela Comunidade de Sant&#8217;Egidio, h\u00e1 tempos empenhada em abolir as execu\u00e7\u00f5es no mundo inteiro.<\/p>\n<p>Em 2 de novembro de 2007, recorda um comunicado enviado \u00e0 Zenit, Mario Marazziti entregou, em nome da Comunidade, junto a uma delega\u00e7\u00e3o da World Coalition Against Death Penalty (WCADP), mais de cinco milh\u00f5es de assinaturas recolhidas em 153 pa\u00edses ao ent\u00e3o presidente da Assembl\u00e9ia Geral das Na\u00e7\u00f5es Unidas, Srgjan Kerim, pedindo a aboli\u00e7\u00e3o. <\/p>\n<p>Atualmente, mais de 900 cidades est\u00e3o unidas ao movimento mundial &#8220;Cidades pela vida \u2013 Cidades contra a pena de morte&#8221;. O Coliseu \u00e9 o s\u00edmbolo da campanha mundial. <\/p>\n<p>O voto do Senado do Estado de Montana \u00e9 um passo muito relevante em um momento no qual 12 estados do pa\u00eds norte-americano est\u00e3o examinando projetos de lei abolicionistas, o que poder\u00e1 conduzir a &#8220;uma mudan\u00e7a de \u00e9poca&#8221;. <\/p>\n<p>O Senado de Montana aprovou, em 16 de fevereiro, com 27 votos a favor e 23 contra, a aboli\u00e7\u00e3o da pena de morte e a comuta\u00e7\u00e3o da pena por cadeia perp\u00e9tua. <\/p>\n<p>A lei derrogat\u00f3ria da pena capital passa agora ao voto da C\u00e2mara de Representantes. Se esta a aprova, o governador Brian Schweitzer dever\u00e1 assin\u00e1-la e ratificar para que entre em vigor. <\/p>\n<p>Em caso de aprova\u00e7\u00e3o da lei, Montana \u2013 onde em 1976 se realizaram tr\u00eas execu\u00e7\u00f5es e duas pessoas est\u00e3o atualmente no corredor da morte \u2013 se converter\u00e1 no terceiro estado, nos EUA, que tem a pena capital, depois de Nova York (2004) e Nova Jersey (2007). <\/p>\n<p>&#8220;O hist\u00f3rico voto do Senado de Montana \u00e9 um claro sinal de que a opini\u00e3o p\u00fablica nos Estados Unidos est\u00e1 se dirigindo para a aboli\u00e7\u00e3o da pena capital&#8221;, comenta a Comunidade de Sant&#8217;Egidio, e recorda que desde 1999 as execu\u00e7\u00f5es nos Estados Unidos diminu\u00edram 60%. <\/p>\n<p>Enquanto isso, &#8220;em todo o mundo se vai consolidando a tend\u00eancia a eliminar dos sistemas penais esta cruel e inumana puni\u00e7\u00e3o. \u00c9 preciso afirmar um novo padr\u00e3o de justi\u00e7a, uma justi\u00e7a que deve proteger e respeitar a vida em todas as circunst\u00e2ncias&#8221;. <\/p>\n<p>O Coliseu de Roma se iluminar\u00e1 tamb\u00e9m em caso de que o governador Schweitzer ratifique a decis\u00e3o de aboli\u00e7\u00e3o da pena capital em Montana, &#8220;para sublinhar sua import\u00e2ncia e para dizer qu\u00e3o relevantes s\u00e3o os la\u00e7os de amizade e colabora\u00e7\u00e3o para aumentar o n\u00edvel de respeito aos direitos humanos&#8221;.<\/p>\n<div id=\"themify_builder_content-2209\" data-postid=\"2209\" class=\"themify_builder_content themify_builder_content-2209 themify_builder themify_builder_front\">\n\t<\/div>\n<!-- \/themify_builder_content -->","protected":false},"excerpt":{"rendered":"<p>Nesta segunda-feira, Roma viu seu Coliseu iluminado como sinal de apoio ao voto favor\u00e1vel \u00e0 aboli\u00e7\u00e3o da pena de morte no estado de Montana, Estados Unidos. \u00c9 outra iniciativa promovida na prefeitura da cidade eterna pela Comunidade de Sant&#8217;Egidio, h\u00e1 tempos empenhada em abolir as execu\u00e7\u00f5es no mundo inteiro. Em 2 de novembro de 2007, [&hellip;]<\/p>\n","protected":false},"author":5,"featured_media":0,"comment_status":"open","ping_status":"open","sticky":false,"template":"","format":"standard","meta":{"ngg_post_thumbnail":0,"footnotes":""},"categories":[8],"tags":[42,62],"yoast_head":"<!-- This site is optimized with the Yoast SEO plugin v23.5 - https:\/\/yoast.com\/wordpress\/plugins\/seo\/ -->\n<title>Coliseu de Roma se iluminou para pedir aboli\u00e7\u00e3o da pena de morte - O Arcanjo no ar<\/title>\n<meta name=\"robots\" content=\"index, follow, max-snippet:-1, max-image-preview:large, max-video-preview:-1\" \/>\n<link rel=\"canonical\" href=\"https:\/\/www.oarcanjo.net\/site\/coliseu-de-roma-se-iluminou-para-pedir-abolicao-da-pena-de-morte\/\" \/>\n<meta property=\"og:locale\" content=\"pt_BR\" \/>\n<meta property=\"og:type\" content=\"article\" \/>\n<meta property=\"og:title\" content=\"Coliseu de Roma se iluminou para pedir aboli\u00e7\u00e3o da pena de morte - O Arcanjo no ar\" \/>\n<meta property=\"og:description\" content=\"Nesta segunda-feira, Roma viu seu Coliseu iluminado como sinal de apoio ao voto favor\u00e1vel \u00e0 aboli\u00e7\u00e3o da pena de morte no estado de Montana, Estados Unidos. \u00c9 outra iniciativa promovida na prefeitura da cidade eterna pela Comunidade de Sant&#8217;Egidio, h\u00e1 tempos empenhada em abolir as execu\u00e7\u00f5es no mundo inteiro. Em 2 de novembro de 2007, [&hellip;]\" \/>\n<meta property=\"og:url\" content=\"https:\/\/www.oarcanjo.net\/site\/coliseu-de-roma-se-iluminou-para-pedir-abolicao-da-pena-de-morte\/\" \/>\n<meta property=\"og:site_name\" content=\"O Arcanjo no ar\" \/>\n<meta property=\"article:publisher\" content=\"https:\/\/www.facebook.com\/OArcanjoNoAr\/\" \/>\n<meta property=\"article:published_time\" content=\"2009-03-05T02:05:26+00:00\" \/>\n<meta property=\"article:modified_time\" content=\"2009-03-06T02:06:14+00:00\" \/>\n<meta property=\"og:image\" content=\"https:\/\/www.oarcanjo.net\/site\/wp-content\/uploads\/logo-o-arcanjo-no-ar-facebook.png\" \/>\n\t<meta property=\"og:image:width\" content=\"300\" \/>\n\t<meta property=\"og:image:height\" content=\"300\" \/>\n\t<meta property=\"og:image:type\" content=\"image\/png\" \/>\n<meta name=\"author\" content=\"editor\" \/>\n<meta name=\"twitter:card\" content=\"summary_large_image\" \/>\n<meta name=\"twitter:label1\" content=\"Escrito por\" \/>\n\t<meta name=\"twitter:data1\" content=\"editor\" \/>\n\t<meta name=\"twitter:label2\" content=\"Est. tempo de leitura\" \/>\n\t<meta name=\"twitter:data2\" content=\"2 minutos\" \/>\n<script type=\"application\/ld+json\" class=\"yoast-schema-graph\">{\"@context\":\"https:\/\/schema.org\",\"@graph\":[{\"@type\":\"Article\",\"@id\":\"https:\/\/www.oarcanjo.net\/site\/coliseu-de-roma-se-iluminou-para-pedir-abolicao-da-pena-de-morte\/#article\",\"isPartOf\":{\"@id\":\"https:\/\/www.oarcanjo.net\/site\/coliseu-de-roma-se-iluminou-para-pedir-abolicao-da-pena-de-morte\/\"},\"author\":{\"name\":\"editor\",\"@id\":\"https:\/\/www.oarcanjo.net\/site\/#\/schema\/person\/f7024d007863202483a31326673a0838\"},\"headline\":\"Coliseu de Roma se iluminou para pedir aboli\u00e7\u00e3o da pena de morte\",\"datePublished\":\"2009-03-05T02:05:26+00:00\",\"dateModified\":\"2009-03-06T02:06:14+00:00\",\"mainEntityOfPage\":{\"@id\":\"https:\/\/www.oarcanjo.net\/site\/coliseu-de-roma-se-iluminou-para-pedir-abolicao-da-pena-de-morte\/\"},\"wordCount\":449,\"commentCount\":0,\"publisher\":{\"@id\":\"https:\/\/www.oarcanjo.net\/site\/#organization\"},\"keywords\":[\"pena de morte\",\"vida\"],\"articleSection\":[\"Not\u00edcias\"],\"inLanguage\":\"pt-BR\",\"potentialAction\":[{\"@type\":\"CommentAction\",\"name\":\"Comment\",\"target\":[\"https:\/\/www.oarcanjo.net\/site\/coliseu-de-roma-se-iluminou-para-pedir-abolicao-da-pena-de-morte\/#respond\"]}]},{\"@type\":\"WebPage\",\"@id\":\"https:\/\/www.oarcanjo.net\/site\/coliseu-de-roma-se-iluminou-para-pedir-abolicao-da-pena-de-morte\/\",\"url\":\"https:\/\/www.oarcanjo.net\/site\/coliseu-de-roma-se-iluminou-para-pedir-abolicao-da-pena-de-morte\/\",\"name\":\"Coliseu de Roma se iluminou para pedir aboli\u00e7\u00e3o da pena de morte - O Arcanjo no ar\",\"isPartOf\":{\"@id\":\"https:\/\/www.oarcanjo.net\/site\/#website\"},\"datePublished\":\"2009-03-05T02:05:26+00:00\",\"dateModified\":\"2009-03-06T02:06:14+00:00\",\"breadcrumb\":{\"@id\":\"https:\/\/www.oarcanjo.net\/site\/coliseu-de-roma-se-iluminou-para-pedir-abolicao-da-pena-de-morte\/#breadcrumb\"},\"inLanguage\":\"pt-BR\",\"potentialAction\":[{\"@type\":\"ReadAction\",\"target\":[\"https:\/\/www.oarcanjo.net\/site\/coliseu-de-roma-se-iluminou-para-pedir-abolicao-da-pena-de-morte\/\"]}]},{\"@type\":\"BreadcrumbList\",\"@id\":\"https:\/\/www.oarcanjo.net\/site\/coliseu-de-roma-se-iluminou-para-pedir-abolicao-da-pena-de-morte\/#breadcrumb\",\"itemListElement\":[{\"@type\":\"ListItem\",\"position\":1,\"name\":\"In\u00edcio\",\"item\":\"https:\/\/www.oarcanjo.net\/site\/\"},{\"@type\":\"ListItem\",\"position\":2,\"name\":\"Coliseu de Roma se iluminou para pedir aboli\u00e7\u00e3o da pena de morte\"}]},{\"@type\":\"WebSite\",\"@id\":\"https:\/\/www.oarcanjo.net\/site\/#website\",\"url\":\"https:\/\/www.oarcanjo.net\/site\/\",\"name\":\"O Arcanjo no ar\",\"description\":\"Site da Par\u00f3quia S\u00e3o Miguel Arcanjo (Arquidiocese de SP)\",\"publisher\":{\"@id\":\"https:\/\/www.oarcanjo.net\/site\/#organization\"},\"potentialAction\":[{\"@type\":\"SearchAction\",\"target\":{\"@type\":\"EntryPoint\",\"urlTemplate\":\"https:\/\/www.oarcanjo.net\/site\/?s={search_term_string}\"},\"query-input\":{\"@type\":\"PropertyValueSpecification\",\"valueRequired\":true,\"valueName\":\"search_term_string\"}}],\"inLanguage\":\"pt-BR\"},{\"@type\":\"Organization\",\"@id\":\"https:\/\/www.oarcanjo.net\/site\/#organization\",\"name\":\"Par\u00f3quia S\u00e3o Miguel Arcanjo\",\"url\":\"https:\/\/www.oarcanjo.net\/site\/\",\"logo\":{\"@type\":\"ImageObject\",\"inLanguage\":\"pt-BR\",\"@id\":\"https:\/\/www.oarcanjo.net\/site\/#\/schema\/logo\/image\/\",\"url\":\"https:\/\/www.oarcanjo.net\/site\/wp-content\/uploads\/LogoOArcanjo.png\",\"contentUrl\":\"https:\/\/www.oarcanjo.net\/site\/wp-content\/uploads\/LogoOArcanjo.png\",\"width\":319,\"height\":99,\"caption\":\"Par\u00f3quia S\u00e3o Miguel Arcanjo\"},\"image\":{\"@id\":\"https:\/\/www.oarcanjo.net\/site\/#\/schema\/logo\/image\/\"},\"sameAs\":[\"https:\/\/www.facebook.com\/OArcanjoNoAr\/\"]},{\"@type\":\"Person\",\"@id\":\"https:\/\/www.oarcanjo.net\/site\/#\/schema\/person\/f7024d007863202483a31326673a0838\",\"name\":\"editor\",\"sameAs\":[\"http:\/\/www.oarcanjo.net\"]}]}<\/script>\n<!-- \/ Yoast SEO plugin. -->","yoast_head_json":{"title":"Coliseu de Roma se iluminou para pedir aboli\u00e7\u00e3o da pena de morte - O Arcanjo no ar","robots":{"index":"index","follow":"follow","max-snippet":"max-snippet:-1","max-image-preview":"max-image-preview:large","max-video-preview":"max-video-preview:-1"},"canonical":"https:\/\/www.oarcanjo.net\/site\/coliseu-de-roma-se-iluminou-para-pedir-abolicao-da-pena-de-morte\/","og_locale":"pt_BR","og_type":"article","og_title":"Coliseu de Roma se iluminou para pedir aboli\u00e7\u00e3o da pena de morte - O Arcanjo no ar","og_description":"Nesta segunda-feira, Roma viu seu Coliseu iluminado como sinal de apoio ao voto favor\u00e1vel \u00e0 aboli\u00e7\u00e3o da pena de morte no estado de Montana, Estados Unidos. \u00c9 outra iniciativa promovida na prefeitura da cidade eterna pela Comunidade de Sant&#8217;Egidio, h\u00e1 tempos empenhada em abolir as execu\u00e7\u00f5es no mundo inteiro. Em 2 de novembro de 2007, [&hellip;]","og_url":"https:\/\/www.oarcanjo.net\/site\/coliseu-de-roma-se-iluminou-para-pedir-abolicao-da-pena-de-morte\/","og_site_name":"O Arcanjo no ar","article_publisher":"https:\/\/www.facebook.com\/OArcanjoNoAr\/","article_published_time":"2009-03-05T02:05:26+00:00","article_modified_time":"2009-03-06T02:06:14+00:00","og_image":[{"width":300,"height":300,"url":"https:\/\/www.oarcanjo.net\/site\/wp-content\/uploads\/logo-o-arcanjo-no-ar-facebook.png","type":"image\/png"}],"author":"editor","twitter_card":"summary_large_image","twitter_misc":{"Escrito por":"editor","Est. tempo de leitura":"2 minutos"},"schema":{"@context":"https:\/\/schema.org","@graph":[{"@type":"Article","@id":"https:\/\/www.oarcanjo.net\/site\/coliseu-de-roma-se-iluminou-para-pedir-abolicao-da-pena-de-morte\/#article","isPartOf":{"@id":"https:\/\/www.oarcanjo.net\/site\/coliseu-de-roma-se-iluminou-para-pedir-abolicao-da-pena-de-morte\/"},"author":{"name":"editor","@id":"https:\/\/www.oarcanjo.net\/site\/#\/schema\/person\/f7024d007863202483a31326673a0838"},"headline":"Coliseu de Roma se iluminou para pedir aboli\u00e7\u00e3o da pena de morte","datePublished":"2009-03-05T02:05:26+00:00","dateModified":"2009-03-06T02:06:14+00:00","mainEntityOfPage":{"@id":"https:\/\/www.oarcanjo.net\/site\/coliseu-de-roma-se-iluminou-para-pedir-abolicao-da-pena-de-morte\/"},"wordCount":449,"commentCount":0,"publisher":{"@id":"https:\/\/www.oarcanjo.net\/site\/#organization"},"keywords":["pena de morte","vida"],"articleSection":["Not\u00edcias"],"inLanguage":"pt-BR","potentialAction":[{"@type":"CommentAction","name":"Comment","target":["https:\/\/www.oarcanjo.net\/site\/coliseu-de-roma-se-iluminou-para-pedir-abolicao-da-pena-de-morte\/#respond"]}]},{"@type":"WebPage","@id":"https:\/\/www.oarcanjo.net\/site\/coliseu-de-roma-se-iluminou-para-pedir-abolicao-da-pena-de-morte\/","url":"https:\/\/www.oarcanjo.net\/site\/coliseu-de-roma-se-iluminou-para-pedir-abolicao-da-pena-de-morte\/","name":"Coliseu de Roma se iluminou para pedir aboli\u00e7\u00e3o da pena de morte - O Arcanjo no ar","isPartOf":{"@id":"https:\/\/www.oarcanjo.net\/site\/#website"},"datePublished":"2009-03-05T02:05:26+00:00","dateModified":"2009-03-06T02:06:14+00:00","breadcrumb":{"@id":"https:\/\/www.oarcanjo.net\/site\/coliseu-de-roma-se-iluminou-para-pedir-abolicao-da-pena-de-morte\/#breadcrumb"},"inLanguage":"pt-BR","potentialAction":[{"@type":"ReadAction","target":["https:\/\/www.oarcanjo.net\/site\/coliseu-de-roma-se-iluminou-para-pedir-abolicao-da-pena-de-morte\/"]}]},{"@type":"BreadcrumbList","@id":"https:\/\/www.oarcanjo.net\/site\/coliseu-de-roma-se-iluminou-para-pedir-abolicao-da-pena-de-morte\/#breadcrumb","itemListElement":[{"@type":"ListItem","position":1,"name":"In\u00edcio","item":"https:\/\/www.oarcanjo.net\/site\/"},{"@type":"ListItem","position":2,"name":"Coliseu de Roma se iluminou para pedir aboli\u00e7\u00e3o da pena de morte"}]},{"@type":"WebSite","@id":"https:\/\/www.oarcanjo.net\/site\/#website","url":"https:\/\/www.oarcanjo.net\/site\/","name":"O Arcanjo no ar","description":"Site da Par\u00f3quia S\u00e3o Miguel Arcanjo (Arquidiocese de SP)","publisher":{"@id":"https:\/\/www.oarcanjo.net\/site\/#organization"},"potentialAction":[{"@type":"SearchAction","target":{"@type":"EntryPoint","urlTemplate":"https:\/\/www.oarcanjo.net\/site\/?s={search_term_string}"},"query-input":{"@type":"PropertyValueSpecification","valueRequired":true,"valueName":"search_term_string"}}],"inLanguage":"pt-BR"},{"@type":"Organization","@id":"https:\/\/www.oarcanjo.net\/site\/#organization","name":"Par\u00f3quia S\u00e3o Miguel Arcanjo","url":"https:\/\/www.oarcanjo.net\/site\/","logo":{"@type":"ImageObject","inLanguage":"pt-BR","@id":"https:\/\/www.oarcanjo.net\/site\/#\/schema\/logo\/image\/","url":"https:\/\/www.oarcanjo.net\/site\/wp-content\/uploads\/LogoOArcanjo.png","contentUrl":"https:\/\/www.oarcanjo.net\/site\/wp-content\/uploads\/LogoOArcanjo.png","width":319,"height":99,"caption":"Par\u00f3quia S\u00e3o Miguel Arcanjo"},"image":{"@id":"https:\/\/www.oarcanjo.net\/site\/#\/schema\/logo\/image\/"},"sameAs":["https:\/\/www.facebook.com\/OArcanjoNoAr\/"]},{"@type":"Person","@id":"https:\/\/www.oarcanjo.net\/site\/#\/schema\/person\/f7024d007863202483a31326673a0838","name":"editor","sameAs":["http:\/\/www.oarcanjo.net"]}]}},"publishpress_future_action":{"enabled":false,"date":"2026-05-08 19:33:11","action":"category","newStatus":"draft","terms":[],"taxonomy":"category"},"publishpress_future_workflow_manual_trigger":{"enabledWorkflows":[]},"_links":{"self":[{"href":"https:\/\/www.oarcanjo.net\/site\/wp-json\/wp\/v2\/posts\/2209"}],"collection":[{"href":"https:\/\/www.oarcanjo.net\/site\/wp-json\/wp\/v2\/posts"}],"about":[{"href":"https:\/\/www.oarcanjo.net\/site\/wp-json\/wp\/v2\/types\/post"}],"author":[{"embeddable":true,"href":"https:\/\/www.oarcanjo.net\/site\/wp-json\/wp\/v2\/users\/5"}],"replies":[{"embeddable":true,"href":"https:\/\/www.oarcanjo.net\/site\/wp-json\/wp\/v2\/comments?post=2209"}],"version-history":[{"count":0,"href":"https:\/\/www.oarcanjo.net\/site\/wp-json\/wp\/v2\/posts\/2209\/revisions"}],"wp:attachment":[{"href":"https:\/\/www.oarcanjo.net\/site\/wp-json\/wp\/v2\/media?parent=2209"}],"wp:term":[{"taxonomy":"category","embeddable":true,"href":"https:\/\/www.oarcanjo.net\/site\/wp-json\/wp\/v2\/categories?post=2209"},{"taxonomy":"post_tag","embeddable":true,"href":"https:\/\/www.oarcanjo.net\/site\/wp-json\/wp\/v2\/tags?post=2209"}],"curies":[{"name":"wp","href":"https:\/\/api.w.org\/{rel}","templated":true}]}}