
{"id":2214,"date":"2009-03-06T22:50:09","date_gmt":"2009-03-07T01:50:09","guid":{"rendered":"http:\/\/www.oarcanjo.net\/site\/?p=2214"},"modified":"2009-03-06T22:50:51","modified_gmt":"2009-03-07T01:50:51","slug":"ditabranda-para-quem","status":"publish","type":"post","link":"https:\/\/www.oarcanjo.net\/site\/ditabranda-para-quem\/","title":{"rendered":"&#8216;Ditabranda&#8217; para quem?"},"content":{"rendered":"<p>Maria Victoria Benevides<\/p>\n<p>Quase ningu\u00e9m l\u00ea editorial de jornais, mas quase todos leem a se\u00e7\u00e3o de cartas. E foi assim que tudo come\u00e7ou. Os fatos: a Folha de S.Paulo, em editorial de 17\/2, aplica a express\u00e3o &#8220;ditabranda&#8221; ao regime militar que prendeu, torturou, estuprou e assassinou. O primeiro leitor que escreve protestando recebe uma resposta p\u00edfia; a partir da\u00ed, multiplicam-se as cartas: as dos indignados e as dos que ainda defendem a ditadura. Normal.<\/p>\n<p>Mas eis que chegam as cartas do professor F\u00e1bio Konder Comparato e a minha: &#8220;Mas o que \u00e9 isso? Que inf\u00e2mia \u00e9 essa de chamar os anos terr\u00edveis da repress\u00e3o de \u2018ditabranda\u2019? Quando se trata de viola\u00e7\u00e3o de direitos humanos, a medida \u00e9 uma s\u00f3: a dignidade de cada um e de todos, sem comparar \u2018import\u00e2ncias\u2019 e estat\u00edsticas. Pelo mesmo crit\u00e9rio do editorial da Folha, poder\u00edamos dizer que a escravid\u00e3o no Brasil foi \u2018doce\u2019 se comparada com a de outros pa\u00edses, porque aqui a casa-grande estabelecia la\u00e7os \u00edntimos com a senzala &#8211; que horror!&#8221; (esta escriba). &#8220;O leitor S\u00e9rgio Pinheiro Lopes tem carradas de raz\u00e3o. O autor do vergonhoso editorial de 17\/2, bem como o diretor que o aprovou, deveria ser condenado a ficar de joelhos em pra\u00e7a p\u00fablica e pedir perd\u00e3o ao povo brasileiro, cuja dignidade foi descaradamente enxovalhada. Podemos brincar com tudo, menos com o respeito devido \u00e0 pessoa humana&#8221; (Prof. F\u00e1bio).<\/p>\n<p>As cartas s\u00e3o publicadas acompanhadas da seguinte Nota da Reda\u00e7\u00e3o &#8211; &#8220;A Folha respeita a opini\u00e3o de leitores que discordam da qualifica\u00e7\u00e3o aplicada em editorial ao regime militar brasileiro e publica algumas dessas manifesta\u00e7\u00f5es. Quanto aos professores Comparato e Benevides, figuras p\u00fablicas que at\u00e9 hoje n\u00e3o expressaram rep\u00fadio a ditaduras de esquerda, como aquela ainda vigente em Cuba, sua \u2018indigna\u00e7\u00e3o\u2019 \u00e9 obviamente \u2018c\u00ednica e mentirosa\u2019.&#8221;<\/p>\n<p>Pronto. Como disseram v\u00e1rios comentaristas, a Folha mostrou a sua cara e acabou dando um tiro no p\u00e9. Choveram cartas para o ombudsman do jornal &#8211; que se limitou a escrever, quase clandestino, que a resposta pecara por falta de &#8220;cordialidade&#8221;. Um manifesto de rep\u00fadio ao jornal e de solidariedade, organizado pelo professor Caio Navarro de Toledo, da Unicamp &#8211; com a primeira ades\u00e3o de Antonio Candido, Margarida Genevois e Goffredo da Silva Telles &#8211; passa imediatamente a circular na internet e, apesar do carnaval, conta com mais de 3 mil assinaturas. Neste, depoimentos veementes de acad\u00eamicos, jornalistas (inclusive nota do sindicato paulista), artistas, estudantes, professores do ensino fundamental e m\u00e9dio, al\u00e9m de blogs. V\u00edtimas da repress\u00e3o escrevem relatos de suas experi\u00eancias e at\u00e9 enviam fotos terr\u00edveis. A maioria lembra, tamb\u00e9m, o papel da empresa Folha da Manh\u00e3 na colabora\u00e7\u00e3o com a famigerada Oban. <\/p>\n<p><strong>O que explica essa inacredit\u00e1vel estupidez da Folha?<\/strong><\/p>\n<p>A meu ver, tr\u00eas pontos devem ser levantados: 1. A combativa atua\u00e7\u00e3o do advogado Comparato para impedir que os torturadores permane\u00e7am &#8220;anistiados&#8221; (aten\u00e7\u00e3o: o caso ser\u00e1 julgado em breve no STF!). 2. O insidioso revisionismo hist\u00f3rico, com certos acad\u00eamicos, pol\u00edticos e jornalistas, a quem n\u00e3o interessa a campanha pelo &#8220;Direito \u00e0 Mem\u00f3ria e \u00e0 Verdade&#8221;. 3. A poss\u00edvel derrota eleitoral do esquema PSDB-DEM, em 2010. (Um quarto ponto fica para &#8220;div\u00e3 de analista&#8221;: os termos da nota &#8211; n\u00e3o assinada &#8211; revelam raiva e rancor, extrapolando a mais elementar \u00e9tica jornal\u00edstica.)<\/p>\n<p>Dessa experi\u00eancia, para mim in\u00e9dita, ficou uma reflex\u00e3o dolorosa, provocada pela jornalista Elaine Tavares, do blog cearense Bodega Cultural, que reclama: &#8220;Sempre me causou esp\u00e9cie ver a intelectualidade de esquerda render-se ao feiti\u00e7o da Folha, que insistia em dizer que era o \u2018mais democr\u00e1tico\u2019 ou que \u2018pelo menos abria um espa\u00e7o para a diferen\u00e7a\u2019. Ora, o jornal dos Frias pode ser comparado \u00e0 velha historinha do lobo que estudou na Fran\u00e7a e voltou querendo ser amigo das ovelhas. Tanto insistiu que elas foram visit\u00e1-lo. Ent\u00e3o, j\u00e1 dentro da casa do lobo ele as comeu. Uma delas, moribunda, lamentou: \u2018Mas voc\u00ea disse que tinha mudado\u2019&#8230; E ele, sincero: \u2018Eu mudei, mas n\u00e3o h\u00e1 como mudar os h\u00e1bitos alimentares\u2019. E assim \u00e9 com a Folha (&#8230;). S\u00e3o os h\u00e1bitos alimentares&#8221;.<\/p>\n<p>O que fazer? Muito. H\u00e1 a imprensa independente. H\u00e1 a internet. H\u00e1 todo um movimento pela democratiza\u00e7\u00e3o da informa\u00e7\u00e3o e da comunica\u00e7\u00e3o. H\u00e1 a luta &#8211; que sabemos constante &#8211; pela justi\u00e7a, pela verdade, pela rep\u00fablica, pela democracia. Onde quer que estejamos.<\/p>\n<div id=\"themify_builder_content-2214\" data-postid=\"2214\" class=\"themify_builder_content themify_builder_content-2214 themify_builder themify_builder_front\">\n\t<\/div>\n<!-- \/themify_builder_content -->","protected":false},"excerpt":{"rendered":"<p>Maria Victoria Benevides Quase ningu\u00e9m l\u00ea editorial de jornais, mas quase todos leem a se\u00e7\u00e3o de cartas. E foi assim que tudo come\u00e7ou. Os fatos: a Folha de S.Paulo, em editorial de 17\/2, aplica a express\u00e3o &#8220;ditabranda&#8221; ao regime militar que prendeu, torturou, estuprou e assassinou. O primeiro leitor que escreve protestando recebe uma resposta [&hellip;]<\/p>\n","protected":false},"author":5,"featured_media":0,"comment_status":"open","ping_status":"open","sticky":false,"template":"","format":"standard","meta":{"ngg_post_thumbnail":0,"footnotes":""},"categories":[9],"tags":[27,288],"yoast_head":"<!-- This site is optimized with the Yoast SEO plugin v23.5 - https:\/\/yoast.com\/wordpress\/plugins\/seo\/ -->\n<title>&#039;Ditabranda&#039; para quem? - O Arcanjo no ar<\/title>\n<meta name=\"robots\" content=\"index, follow, max-snippet:-1, max-image-preview:large, max-video-preview:-1\" \/>\n<link rel=\"canonical\" href=\"https:\/\/www.oarcanjo.net\/site\/ditabranda-para-quem\/\" \/>\n<meta property=\"og:locale\" content=\"pt_BR\" \/>\n<meta property=\"og:type\" content=\"article\" \/>\n<meta property=\"og:title\" content=\"&#039;Ditabranda&#039; para quem? - O Arcanjo no ar\" \/>\n<meta property=\"og:description\" content=\"Maria Victoria Benevides Quase ningu\u00e9m l\u00ea editorial de jornais, mas quase todos leem a se\u00e7\u00e3o de cartas. E foi assim que tudo come\u00e7ou. Os fatos: a Folha de S.Paulo, em editorial de 17\/2, aplica a express\u00e3o &#8220;ditabranda&#8221; ao regime militar que prendeu, torturou, estuprou e assassinou. O primeiro leitor que escreve protestando recebe uma resposta [&hellip;]\" \/>\n<meta property=\"og:url\" content=\"https:\/\/www.oarcanjo.net\/site\/ditabranda-para-quem\/\" \/>\n<meta property=\"og:site_name\" content=\"O Arcanjo no ar\" \/>\n<meta property=\"article:publisher\" content=\"https:\/\/www.facebook.com\/OArcanjoNoAr\/\" \/>\n<meta property=\"article:published_time\" content=\"2009-03-07T01:50:09+00:00\" \/>\n<meta property=\"article:modified_time\" content=\"2009-03-07T01:50:51+00:00\" \/>\n<meta property=\"og:image\" content=\"https:\/\/www.oarcanjo.net\/site\/wp-content\/uploads\/logo-o-arcanjo-no-ar-facebook.png\" \/>\n\t<meta property=\"og:image:width\" content=\"300\" \/>\n\t<meta property=\"og:image:height\" content=\"300\" \/>\n\t<meta property=\"og:image:type\" content=\"image\/png\" \/>\n<meta name=\"author\" content=\"editor\" \/>\n<meta name=\"twitter:card\" content=\"summary_large_image\" \/>\n<meta name=\"twitter:label1\" content=\"Escrito por\" \/>\n\t<meta name=\"twitter:data1\" content=\"editor\" \/>\n\t<meta name=\"twitter:label2\" content=\"Est. tempo de leitura\" \/>\n\t<meta name=\"twitter:data2\" content=\"4 minutos\" \/>\n<script type=\"application\/ld+json\" class=\"yoast-schema-graph\">{\"@context\":\"https:\/\/schema.org\",\"@graph\":[{\"@type\":\"Article\",\"@id\":\"https:\/\/www.oarcanjo.net\/site\/ditabranda-para-quem\/#article\",\"isPartOf\":{\"@id\":\"https:\/\/www.oarcanjo.net\/site\/ditabranda-para-quem\/\"},\"author\":{\"name\":\"editor\",\"@id\":\"https:\/\/www.oarcanjo.net\/site\/#\/schema\/person\/f7024d007863202483a31326673a0838\"},\"headline\":\"&#8216;Ditabranda&#8217; para quem?\",\"datePublished\":\"2009-03-07T01:50:09+00:00\",\"dateModified\":\"2009-03-07T01:50:51+00:00\",\"mainEntityOfPage\":{\"@id\":\"https:\/\/www.oarcanjo.net\/site\/ditabranda-para-quem\/\"},\"wordCount\":771,\"commentCount\":0,\"publisher\":{\"@id\":\"https:\/\/www.oarcanjo.net\/site\/#organization\"},\"keywords\":[\"comunica\u00e7\u00e3o\",\"Imprensa\"],\"articleSection\":[\"Reflex\u00f5es\"],\"inLanguage\":\"pt-BR\",\"potentialAction\":[{\"@type\":\"CommentAction\",\"name\":\"Comment\",\"target\":[\"https:\/\/www.oarcanjo.net\/site\/ditabranda-para-quem\/#respond\"]}]},{\"@type\":\"WebPage\",\"@id\":\"https:\/\/www.oarcanjo.net\/site\/ditabranda-para-quem\/\",\"url\":\"https:\/\/www.oarcanjo.net\/site\/ditabranda-para-quem\/\",\"name\":\"'Ditabranda' para quem? - O Arcanjo no ar\",\"isPartOf\":{\"@id\":\"https:\/\/www.oarcanjo.net\/site\/#website\"},\"datePublished\":\"2009-03-07T01:50:09+00:00\",\"dateModified\":\"2009-03-07T01:50:51+00:00\",\"breadcrumb\":{\"@id\":\"https:\/\/www.oarcanjo.net\/site\/ditabranda-para-quem\/#breadcrumb\"},\"inLanguage\":\"pt-BR\",\"potentialAction\":[{\"@type\":\"ReadAction\",\"target\":[\"https:\/\/www.oarcanjo.net\/site\/ditabranda-para-quem\/\"]}]},{\"@type\":\"BreadcrumbList\",\"@id\":\"https:\/\/www.oarcanjo.net\/site\/ditabranda-para-quem\/#breadcrumb\",\"itemListElement\":[{\"@type\":\"ListItem\",\"position\":1,\"name\":\"In\u00edcio\",\"item\":\"https:\/\/www.oarcanjo.net\/site\/\"},{\"@type\":\"ListItem\",\"position\":2,\"name\":\"&#8216;Ditabranda&#8217; para quem?\"}]},{\"@type\":\"WebSite\",\"@id\":\"https:\/\/www.oarcanjo.net\/site\/#website\",\"url\":\"https:\/\/www.oarcanjo.net\/site\/\",\"name\":\"O Arcanjo no ar\",\"description\":\"Site da Par\u00f3quia S\u00e3o Miguel Arcanjo (Arquidiocese de SP)\",\"publisher\":{\"@id\":\"https:\/\/www.oarcanjo.net\/site\/#organization\"},\"potentialAction\":[{\"@type\":\"SearchAction\",\"target\":{\"@type\":\"EntryPoint\",\"urlTemplate\":\"https:\/\/www.oarcanjo.net\/site\/?s={search_term_string}\"},\"query-input\":{\"@type\":\"PropertyValueSpecification\",\"valueRequired\":true,\"valueName\":\"search_term_string\"}}],\"inLanguage\":\"pt-BR\"},{\"@type\":\"Organization\",\"@id\":\"https:\/\/www.oarcanjo.net\/site\/#organization\",\"name\":\"Par\u00f3quia S\u00e3o Miguel Arcanjo\",\"url\":\"https:\/\/www.oarcanjo.net\/site\/\",\"logo\":{\"@type\":\"ImageObject\",\"inLanguage\":\"pt-BR\",\"@id\":\"https:\/\/www.oarcanjo.net\/site\/#\/schema\/logo\/image\/\",\"url\":\"https:\/\/www.oarcanjo.net\/site\/wp-content\/uploads\/LogoOArcanjo.png\",\"contentUrl\":\"https:\/\/www.oarcanjo.net\/site\/wp-content\/uploads\/LogoOArcanjo.png\",\"width\":319,\"height\":99,\"caption\":\"Par\u00f3quia S\u00e3o Miguel Arcanjo\"},\"image\":{\"@id\":\"https:\/\/www.oarcanjo.net\/site\/#\/schema\/logo\/image\/\"},\"sameAs\":[\"https:\/\/www.facebook.com\/OArcanjoNoAr\/\"]},{\"@type\":\"Person\",\"@id\":\"https:\/\/www.oarcanjo.net\/site\/#\/schema\/person\/f7024d007863202483a31326673a0838\",\"name\":\"editor\",\"sameAs\":[\"http:\/\/www.oarcanjo.net\"]}]}<\/script>\n<!-- \/ Yoast SEO plugin. -->","yoast_head_json":{"title":"'Ditabranda' para quem? - O Arcanjo no ar","robots":{"index":"index","follow":"follow","max-snippet":"max-snippet:-1","max-image-preview":"max-image-preview:large","max-video-preview":"max-video-preview:-1"},"canonical":"https:\/\/www.oarcanjo.net\/site\/ditabranda-para-quem\/","og_locale":"pt_BR","og_type":"article","og_title":"'Ditabranda' para quem? - O Arcanjo no ar","og_description":"Maria Victoria Benevides Quase ningu\u00e9m l\u00ea editorial de jornais, mas quase todos leem a se\u00e7\u00e3o de cartas. E foi assim que tudo come\u00e7ou. Os fatos: a Folha de S.Paulo, em editorial de 17\/2, aplica a express\u00e3o &#8220;ditabranda&#8221; ao regime militar que prendeu, torturou, estuprou e assassinou. O primeiro leitor que escreve protestando recebe uma resposta [&hellip;]","og_url":"https:\/\/www.oarcanjo.net\/site\/ditabranda-para-quem\/","og_site_name":"O Arcanjo no ar","article_publisher":"https:\/\/www.facebook.com\/OArcanjoNoAr\/","article_published_time":"2009-03-07T01:50:09+00:00","article_modified_time":"2009-03-07T01:50:51+00:00","og_image":[{"width":300,"height":300,"url":"https:\/\/www.oarcanjo.net\/site\/wp-content\/uploads\/logo-o-arcanjo-no-ar-facebook.png","type":"image\/png"}],"author":"editor","twitter_card":"summary_large_image","twitter_misc":{"Escrito por":"editor","Est. tempo de leitura":"4 minutos"},"schema":{"@context":"https:\/\/schema.org","@graph":[{"@type":"Article","@id":"https:\/\/www.oarcanjo.net\/site\/ditabranda-para-quem\/#article","isPartOf":{"@id":"https:\/\/www.oarcanjo.net\/site\/ditabranda-para-quem\/"},"author":{"name":"editor","@id":"https:\/\/www.oarcanjo.net\/site\/#\/schema\/person\/f7024d007863202483a31326673a0838"},"headline":"&#8216;Ditabranda&#8217; para quem?","datePublished":"2009-03-07T01:50:09+00:00","dateModified":"2009-03-07T01:50:51+00:00","mainEntityOfPage":{"@id":"https:\/\/www.oarcanjo.net\/site\/ditabranda-para-quem\/"},"wordCount":771,"commentCount":0,"publisher":{"@id":"https:\/\/www.oarcanjo.net\/site\/#organization"},"keywords":["comunica\u00e7\u00e3o","Imprensa"],"articleSection":["Reflex\u00f5es"],"inLanguage":"pt-BR","potentialAction":[{"@type":"CommentAction","name":"Comment","target":["https:\/\/www.oarcanjo.net\/site\/ditabranda-para-quem\/#respond"]}]},{"@type":"WebPage","@id":"https:\/\/www.oarcanjo.net\/site\/ditabranda-para-quem\/","url":"https:\/\/www.oarcanjo.net\/site\/ditabranda-para-quem\/","name":"'Ditabranda' para quem? - O Arcanjo no ar","isPartOf":{"@id":"https:\/\/www.oarcanjo.net\/site\/#website"},"datePublished":"2009-03-07T01:50:09+00:00","dateModified":"2009-03-07T01:50:51+00:00","breadcrumb":{"@id":"https:\/\/www.oarcanjo.net\/site\/ditabranda-para-quem\/#breadcrumb"},"inLanguage":"pt-BR","potentialAction":[{"@type":"ReadAction","target":["https:\/\/www.oarcanjo.net\/site\/ditabranda-para-quem\/"]}]},{"@type":"BreadcrumbList","@id":"https:\/\/www.oarcanjo.net\/site\/ditabranda-para-quem\/#breadcrumb","itemListElement":[{"@type":"ListItem","position":1,"name":"In\u00edcio","item":"https:\/\/www.oarcanjo.net\/site\/"},{"@type":"ListItem","position":2,"name":"&#8216;Ditabranda&#8217; para quem?"}]},{"@type":"WebSite","@id":"https:\/\/www.oarcanjo.net\/site\/#website","url":"https:\/\/www.oarcanjo.net\/site\/","name":"O Arcanjo no ar","description":"Site da Par\u00f3quia S\u00e3o Miguel Arcanjo (Arquidiocese de SP)","publisher":{"@id":"https:\/\/www.oarcanjo.net\/site\/#organization"},"potentialAction":[{"@type":"SearchAction","target":{"@type":"EntryPoint","urlTemplate":"https:\/\/www.oarcanjo.net\/site\/?s={search_term_string}"},"query-input":{"@type":"PropertyValueSpecification","valueRequired":true,"valueName":"search_term_string"}}],"inLanguage":"pt-BR"},{"@type":"Organization","@id":"https:\/\/www.oarcanjo.net\/site\/#organization","name":"Par\u00f3quia S\u00e3o Miguel Arcanjo","url":"https:\/\/www.oarcanjo.net\/site\/","logo":{"@type":"ImageObject","inLanguage":"pt-BR","@id":"https:\/\/www.oarcanjo.net\/site\/#\/schema\/logo\/image\/","url":"https:\/\/www.oarcanjo.net\/site\/wp-content\/uploads\/LogoOArcanjo.png","contentUrl":"https:\/\/www.oarcanjo.net\/site\/wp-content\/uploads\/LogoOArcanjo.png","width":319,"height":99,"caption":"Par\u00f3quia S\u00e3o Miguel Arcanjo"},"image":{"@id":"https:\/\/www.oarcanjo.net\/site\/#\/schema\/logo\/image\/"},"sameAs":["https:\/\/www.facebook.com\/OArcanjoNoAr\/"]},{"@type":"Person","@id":"https:\/\/www.oarcanjo.net\/site\/#\/schema\/person\/f7024d007863202483a31326673a0838","name":"editor","sameAs":["http:\/\/www.oarcanjo.net"]}]}},"publishpress_future_action":{"enabled":false,"date":"2026-05-07 17:18:22","action":"category","newStatus":"draft","terms":[],"taxonomy":"category"},"publishpress_future_workflow_manual_trigger":{"enabledWorkflows":[]},"_links":{"self":[{"href":"https:\/\/www.oarcanjo.net\/site\/wp-json\/wp\/v2\/posts\/2214"}],"collection":[{"href":"https:\/\/www.oarcanjo.net\/site\/wp-json\/wp\/v2\/posts"}],"about":[{"href":"https:\/\/www.oarcanjo.net\/site\/wp-json\/wp\/v2\/types\/post"}],"author":[{"embeddable":true,"href":"https:\/\/www.oarcanjo.net\/site\/wp-json\/wp\/v2\/users\/5"}],"replies":[{"embeddable":true,"href":"https:\/\/www.oarcanjo.net\/site\/wp-json\/wp\/v2\/comments?post=2214"}],"version-history":[{"count":0,"href":"https:\/\/www.oarcanjo.net\/site\/wp-json\/wp\/v2\/posts\/2214\/revisions"}],"wp:attachment":[{"href":"https:\/\/www.oarcanjo.net\/site\/wp-json\/wp\/v2\/media?parent=2214"}],"wp:term":[{"taxonomy":"category","embeddable":true,"href":"https:\/\/www.oarcanjo.net\/site\/wp-json\/wp\/v2\/categories?post=2214"},{"taxonomy":"post_tag","embeddable":true,"href":"https:\/\/www.oarcanjo.net\/site\/wp-json\/wp\/v2\/tags?post=2214"}],"curies":[{"name":"wp","href":"https:\/\/api.w.org\/{rel}","templated":true}]}}