
{"id":2217,"date":"2009-03-06T22:52:45","date_gmt":"2009-03-07T01:52:45","guid":{"rendered":"http:\/\/www.oarcanjo.net\/site\/?p=2217"},"modified":"2009-03-06T22:52:45","modified_gmt":"2009-03-07T01:52:45","slug":"a-mao-invisivel","status":"publish","type":"post","link":"https:\/\/www.oarcanjo.net\/site\/a-mao-invisivel\/","title":{"rendered":"A m\u00e3o invis\u00edvel"},"content":{"rendered":"<p>Frei Betto<\/p>\n<p>Desde crian\u00e7a tenho, como todo mundo, meus medos. J\u00e1 foram maiores: medo de ver meu pai bravo, de ser obrigado a comer jil\u00f3, de tirar zero na prova de matem\u00e1tica. Medo, sob a ditadura, de me ver abordado por uma viatura policial. Medo, sob a chuva capixaba, de que meu barraco na favela, erguido \u00e0 beira de um precip\u00edcio, fosse levado pelas \u00e1guas.<\/p>\n<p>Hoje, coleciono outros medos. Um deles, medo da m\u00e3o invis\u00edvel do Mercado. Ali\u00e1s, do que \u00e9 invis\u00edvel s\u00f3 n\u00e3o temo Deus. Temo bact\u00e9rias e extraterrestres. As primeiras, combato com antibi\u00f3ticos &#8211; termo inapropriado, pois significa &#8220;contra a vida&#8221; e, no entanto, os inoculamos para favorec\u00ea-la.<\/p>\n<p>Quanto aos extraterrestres, fiquei menos temeroso ao saber que o mais longo alcance no espa\u00e7o conseguido por nossa tecnologia \u00e9 atingido pelas emiss\u00f5es televisivas. Com certeza, ao capt\u00e1-las, os exploradores interplanet\u00e1rios chegaram \u00e0 conclus\u00e3o de que na Terra n\u00e3o h\u00e1 vida inteligente&#8230;<\/p>\n<p>Volto \u00e0 m\u00e3o invis\u00edvel do Mercado. Onde ele a enfia? De prefer\u00eancia, no nosso bolso. Em especial, no dos mais pobres. Ela \u00e9 invis\u00edvel porque safada, como todo delito praticado \u00e0s escondidas. Por exemplo, o Mercado pratica extors\u00e3o no bolso dos mais pobres atrav\u00e9s dos impostos embutidos em produtos e servi\u00e7os. Tudo poderia nos custar mais barato se n\u00e3o fosse essa m\u00e3o-boba que se imiscui no que consumimos.<\/p>\n<p>Agora que o Mercado entrou em crise &#8211; pois a bolha que inflou estourou na cara dele &#8211; onde anda enfiando a sua m\u00e3o invis\u00edvel? A resposta \u00e9 vis\u00edvel: no bolso do governo. Nos EUA, o Mercado, nos estertores da administra\u00e7\u00e3o Bush (de infeliz mem\u00f3ria), meteu a m\u00e3o em US$ 830 bilh\u00f5es e, agora, arranca mais US$ 900 bilh\u00f5es da rec\u00e9m empossada administra\u00e7\u00e3o Obama. Tudo pra enfiar essa fortuna no bolso furado do sistema financeiro.<\/p>\n<p>Ali\u00e1s, a m\u00e3o invis\u00edvel do Mercado ignora o bolso dos cidad\u00e3os. Viciada, sempre beneficia o bolso dos ricos. \u00c9 o caso do Brasil. Diante da crise (e das pr\u00f3ximas elei\u00e7\u00f5es) o governo trata de anabolizar o PAC, de modo que a m\u00e3o do Mercado possa abastecer, o quanto antes, o bolso das empreiteiras e das empresas privadas encarregadas das obras.<\/p>\n<p>Minha av\u00f3 advertia: &#8220;Veja l\u00e1, menino, onde p\u00f5e esta m\u00e3o!&#8221; E me obrigava a lav\u00e1-la antes de sentar \u00e0 mesa. Acho que a m\u00e3o do Mercado \u00e9 invis\u00edvel porque jamais se lava. Ao contr\u00e1rio, lava dinheiro sem se lavar da sujeira que a impregna. \u00c9 o que deduzo ao ler a not\u00edcia de que, nos para\u00edsos fiscais, a liquidez dos grandes bancos foi assegurada, nos \u00faltimos anos, gra\u00e7as aos dep\u00f3sitos do narcotr\u00e1fico.<\/p>\n<p>A m\u00e3o pode ser invis\u00edvel, mas suas impress\u00f5es digitais n\u00e3o. Onde o Mercado bota a m\u00e3o fica a marca. Sobretudo quando tira a m\u00e3o, deixando ao relento milhares de desempregados, jogados na rua da inadimpl\u00eancia, enforcados em d\u00edvidas astron\u00f4micas.<\/p>\n<p>O Mercado \u00e9 como um deus. Voc\u00ea cr\u00ea nele, p\u00f5e f\u00e9 nele, venera-o, faz sacrif\u00edcios para agrad\u00e1-lo, sente-se culpado quando d\u00e1 um passo em falso em rela\u00e7\u00e3o a ele &#8211; ainda que a culpa seja dele, como no caso da compra de a\u00e7\u00f5es que ele lhe vendeu prometendo fortunas e, agora, elas valem uma ninharia.<\/p>\n<p>Como um deus, s\u00f3 se pode conhec\u00ea-lo por seus efeitos: a Bolsa, o sal\u00e1rio, a hipoteca, o cr\u00e9dito, a d\u00edvida etc. Ele se manifesta por meio de sua cria\u00e7\u00e3o, sem no entanto se deixar ver ou localizar. Ningu\u00e9m sabe exatamente a cara que tem e o lugar onde se esconde, embora seja onipresente. At\u00e9 na vela vendida \u00e0 porta da igreja ele se faz presente. E mete a m\u00e3o, a famosa m\u00e3o invis\u00edvel, a temida m\u00e3o invis\u00edvel, essa m\u00e3o mais execr\u00e1vel que a de tarados que ousam enfi\u00e1-la sob a saia da mulher de p\u00e9 no \u00f4nibus.<\/p>\n<p>Nem adiante gritar: &#8220;Tira essa m\u00e3o da\u00ed!&#8221; Apesar de a m\u00e3o invis\u00edvel manipular descaradamente nossa qualidade de vida, privilegiando uns poucos e asfixiando a maioria, dela ningu\u00e9m se livra. Como \u00e9 invis\u00edvel, n\u00e3o se pode amput\u00e1-la. S\u00f3 resta uma sa\u00edda: cortar a cabe\u00e7a do Mercado. Mas isso \u00e9 outra hist\u00f3ria. Hoje falei da m\u00e3o. A cabe\u00e7a fica pra outro dia.<\/p>\n<div id=\"themify_builder_content-2217\" data-postid=\"2217\" class=\"themify_builder_content themify_builder_content-2217 themify_builder themify_builder_front\">\n\t<\/div>\n<!-- \/themify_builder_content -->","protected":false},"excerpt":{"rendered":"<p>Frei Betto Desde crian\u00e7a tenho, como todo mundo, meus medos. J\u00e1 foram maiores: medo de ver meu pai bravo, de ser obrigado a comer jil\u00f3, de tirar zero na prova de matem\u00e1tica. Medo, sob a ditadura, de me ver abordado por uma viatura policial. Medo, sob a chuva capixaba, de que meu barraco na favela, [&hellip;]<\/p>\n","protected":false},"author":5,"featured_media":0,"comment_status":"open","ping_status":"open","sticky":false,"template":"","format":"standard","meta":{"ngg_post_thumbnail":0,"footnotes":""},"categories":[9],"tags":[36,318],"yoast_head":"<!-- This site is optimized with the Yoast SEO plugin v23.5 - https:\/\/yoast.com\/wordpress\/plugins\/seo\/ -->\n<title>A m\u00e3o invis\u00edvel - O Arcanjo no ar<\/title>\n<meta name=\"robots\" content=\"index, follow, max-snippet:-1, max-image-preview:large, max-video-preview:-1\" \/>\n<link rel=\"canonical\" href=\"https:\/\/www.oarcanjo.net\/site\/a-mao-invisivel\/\" \/>\n<meta property=\"og:locale\" content=\"pt_BR\" \/>\n<meta property=\"og:type\" content=\"article\" \/>\n<meta property=\"og:title\" content=\"A m\u00e3o invis\u00edvel - O Arcanjo no ar\" \/>\n<meta property=\"og:description\" content=\"Frei Betto Desde crian\u00e7a tenho, como todo mundo, meus medos. J\u00e1 foram maiores: medo de ver meu pai bravo, de ser obrigado a comer jil\u00f3, de tirar zero na prova de matem\u00e1tica. Medo, sob a ditadura, de me ver abordado por uma viatura policial. Medo, sob a chuva capixaba, de que meu barraco na favela, [&hellip;]\" \/>\n<meta property=\"og:url\" content=\"https:\/\/www.oarcanjo.net\/site\/a-mao-invisivel\/\" \/>\n<meta property=\"og:site_name\" content=\"O Arcanjo no ar\" \/>\n<meta property=\"article:publisher\" content=\"https:\/\/www.facebook.com\/OArcanjoNoAr\/\" \/>\n<meta property=\"article:published_time\" content=\"2009-03-07T01:52:45+00:00\" \/>\n<meta property=\"og:image\" content=\"https:\/\/www.oarcanjo.net\/site\/wp-content\/uploads\/logo-o-arcanjo-no-ar-facebook.png\" \/>\n\t<meta property=\"og:image:width\" content=\"300\" \/>\n\t<meta property=\"og:image:height\" content=\"300\" \/>\n\t<meta property=\"og:image:type\" content=\"image\/png\" \/>\n<meta name=\"author\" content=\"editor\" \/>\n<meta name=\"twitter:card\" content=\"summary_large_image\" \/>\n<meta name=\"twitter:label1\" content=\"Escrito por\" \/>\n\t<meta name=\"twitter:data1\" content=\"editor\" \/>\n\t<meta name=\"twitter:label2\" content=\"Est. tempo de leitura\" \/>\n\t<meta name=\"twitter:data2\" content=\"4 minutos\" \/>\n<script type=\"application\/ld+json\" class=\"yoast-schema-graph\">{\"@context\":\"https:\/\/schema.org\",\"@graph\":[{\"@type\":\"Article\",\"@id\":\"https:\/\/www.oarcanjo.net\/site\/a-mao-invisivel\/#article\",\"isPartOf\":{\"@id\":\"https:\/\/www.oarcanjo.net\/site\/a-mao-invisivel\/\"},\"author\":{\"name\":\"editor\",\"@id\":\"https:\/\/www.oarcanjo.net\/site\/#\/schema\/person\/f7024d007863202483a31326673a0838\"},\"headline\":\"A m\u00e3o invis\u00edvel\",\"datePublished\":\"2009-03-07T01:52:45+00:00\",\"dateModified\":\"2009-03-07T01:52:45+00:00\",\"mainEntityOfPage\":{\"@id\":\"https:\/\/www.oarcanjo.net\/site\/a-mao-invisivel\/\"},\"wordCount\":760,\"commentCount\":1,\"publisher\":{\"@id\":\"https:\/\/www.oarcanjo.net\/site\/#organization\"},\"keywords\":[\"crise\",\"mercado\"],\"articleSection\":[\"Reflex\u00f5es\"],\"inLanguage\":\"pt-BR\",\"potentialAction\":[{\"@type\":\"CommentAction\",\"name\":\"Comment\",\"target\":[\"https:\/\/www.oarcanjo.net\/site\/a-mao-invisivel\/#respond\"]}]},{\"@type\":\"WebPage\",\"@id\":\"https:\/\/www.oarcanjo.net\/site\/a-mao-invisivel\/\",\"url\":\"https:\/\/www.oarcanjo.net\/site\/a-mao-invisivel\/\",\"name\":\"A m\u00e3o invis\u00edvel - O Arcanjo no ar\",\"isPartOf\":{\"@id\":\"https:\/\/www.oarcanjo.net\/site\/#website\"},\"datePublished\":\"2009-03-07T01:52:45+00:00\",\"dateModified\":\"2009-03-07T01:52:45+00:00\",\"breadcrumb\":{\"@id\":\"https:\/\/www.oarcanjo.net\/site\/a-mao-invisivel\/#breadcrumb\"},\"inLanguage\":\"pt-BR\",\"potentialAction\":[{\"@type\":\"ReadAction\",\"target\":[\"https:\/\/www.oarcanjo.net\/site\/a-mao-invisivel\/\"]}]},{\"@type\":\"BreadcrumbList\",\"@id\":\"https:\/\/www.oarcanjo.net\/site\/a-mao-invisivel\/#breadcrumb\",\"itemListElement\":[{\"@type\":\"ListItem\",\"position\":1,\"name\":\"In\u00edcio\",\"item\":\"https:\/\/www.oarcanjo.net\/site\/\"},{\"@type\":\"ListItem\",\"position\":2,\"name\":\"A m\u00e3o invis\u00edvel\"}]},{\"@type\":\"WebSite\",\"@id\":\"https:\/\/www.oarcanjo.net\/site\/#website\",\"url\":\"https:\/\/www.oarcanjo.net\/site\/\",\"name\":\"O Arcanjo no ar\",\"description\":\"Site da Par\u00f3quia S\u00e3o Miguel Arcanjo (Arquidiocese de SP)\",\"publisher\":{\"@id\":\"https:\/\/www.oarcanjo.net\/site\/#organization\"},\"potentialAction\":[{\"@type\":\"SearchAction\",\"target\":{\"@type\":\"EntryPoint\",\"urlTemplate\":\"https:\/\/www.oarcanjo.net\/site\/?s={search_term_string}\"},\"query-input\":{\"@type\":\"PropertyValueSpecification\",\"valueRequired\":true,\"valueName\":\"search_term_string\"}}],\"inLanguage\":\"pt-BR\"},{\"@type\":\"Organization\",\"@id\":\"https:\/\/www.oarcanjo.net\/site\/#organization\",\"name\":\"Par\u00f3quia S\u00e3o Miguel Arcanjo\",\"url\":\"https:\/\/www.oarcanjo.net\/site\/\",\"logo\":{\"@type\":\"ImageObject\",\"inLanguage\":\"pt-BR\",\"@id\":\"https:\/\/www.oarcanjo.net\/site\/#\/schema\/logo\/image\/\",\"url\":\"https:\/\/www.oarcanjo.net\/site\/wp-content\/uploads\/LogoOArcanjo.png\",\"contentUrl\":\"https:\/\/www.oarcanjo.net\/site\/wp-content\/uploads\/LogoOArcanjo.png\",\"width\":319,\"height\":99,\"caption\":\"Par\u00f3quia S\u00e3o Miguel Arcanjo\"},\"image\":{\"@id\":\"https:\/\/www.oarcanjo.net\/site\/#\/schema\/logo\/image\/\"},\"sameAs\":[\"https:\/\/www.facebook.com\/OArcanjoNoAr\/\"]},{\"@type\":\"Person\",\"@id\":\"https:\/\/www.oarcanjo.net\/site\/#\/schema\/person\/f7024d007863202483a31326673a0838\",\"name\":\"editor\",\"sameAs\":[\"http:\/\/www.oarcanjo.net\"]}]}<\/script>\n<!-- \/ Yoast SEO plugin. -->","yoast_head_json":{"title":"A m\u00e3o invis\u00edvel - O Arcanjo no ar","robots":{"index":"index","follow":"follow","max-snippet":"max-snippet:-1","max-image-preview":"max-image-preview:large","max-video-preview":"max-video-preview:-1"},"canonical":"https:\/\/www.oarcanjo.net\/site\/a-mao-invisivel\/","og_locale":"pt_BR","og_type":"article","og_title":"A m\u00e3o invis\u00edvel - O Arcanjo no ar","og_description":"Frei Betto Desde crian\u00e7a tenho, como todo mundo, meus medos. J\u00e1 foram maiores: medo de ver meu pai bravo, de ser obrigado a comer jil\u00f3, de tirar zero na prova de matem\u00e1tica. Medo, sob a ditadura, de me ver abordado por uma viatura policial. Medo, sob a chuva capixaba, de que meu barraco na favela, [&hellip;]","og_url":"https:\/\/www.oarcanjo.net\/site\/a-mao-invisivel\/","og_site_name":"O Arcanjo no ar","article_publisher":"https:\/\/www.facebook.com\/OArcanjoNoAr\/","article_published_time":"2009-03-07T01:52:45+00:00","og_image":[{"width":300,"height":300,"url":"https:\/\/www.oarcanjo.net\/site\/wp-content\/uploads\/logo-o-arcanjo-no-ar-facebook.png","type":"image\/png"}],"author":"editor","twitter_card":"summary_large_image","twitter_misc":{"Escrito por":"editor","Est. tempo de leitura":"4 minutos"},"schema":{"@context":"https:\/\/schema.org","@graph":[{"@type":"Article","@id":"https:\/\/www.oarcanjo.net\/site\/a-mao-invisivel\/#article","isPartOf":{"@id":"https:\/\/www.oarcanjo.net\/site\/a-mao-invisivel\/"},"author":{"name":"editor","@id":"https:\/\/www.oarcanjo.net\/site\/#\/schema\/person\/f7024d007863202483a31326673a0838"},"headline":"A m\u00e3o invis\u00edvel","datePublished":"2009-03-07T01:52:45+00:00","dateModified":"2009-03-07T01:52:45+00:00","mainEntityOfPage":{"@id":"https:\/\/www.oarcanjo.net\/site\/a-mao-invisivel\/"},"wordCount":760,"commentCount":1,"publisher":{"@id":"https:\/\/www.oarcanjo.net\/site\/#organization"},"keywords":["crise","mercado"],"articleSection":["Reflex\u00f5es"],"inLanguage":"pt-BR","potentialAction":[{"@type":"CommentAction","name":"Comment","target":["https:\/\/www.oarcanjo.net\/site\/a-mao-invisivel\/#respond"]}]},{"@type":"WebPage","@id":"https:\/\/www.oarcanjo.net\/site\/a-mao-invisivel\/","url":"https:\/\/www.oarcanjo.net\/site\/a-mao-invisivel\/","name":"A m\u00e3o invis\u00edvel - O Arcanjo no ar","isPartOf":{"@id":"https:\/\/www.oarcanjo.net\/site\/#website"},"datePublished":"2009-03-07T01:52:45+00:00","dateModified":"2009-03-07T01:52:45+00:00","breadcrumb":{"@id":"https:\/\/www.oarcanjo.net\/site\/a-mao-invisivel\/#breadcrumb"},"inLanguage":"pt-BR","potentialAction":[{"@type":"ReadAction","target":["https:\/\/www.oarcanjo.net\/site\/a-mao-invisivel\/"]}]},{"@type":"BreadcrumbList","@id":"https:\/\/www.oarcanjo.net\/site\/a-mao-invisivel\/#breadcrumb","itemListElement":[{"@type":"ListItem","position":1,"name":"In\u00edcio","item":"https:\/\/www.oarcanjo.net\/site\/"},{"@type":"ListItem","position":2,"name":"A m\u00e3o invis\u00edvel"}]},{"@type":"WebSite","@id":"https:\/\/www.oarcanjo.net\/site\/#website","url":"https:\/\/www.oarcanjo.net\/site\/","name":"O Arcanjo no ar","description":"Site da Par\u00f3quia S\u00e3o Miguel Arcanjo (Arquidiocese de SP)","publisher":{"@id":"https:\/\/www.oarcanjo.net\/site\/#organization"},"potentialAction":[{"@type":"SearchAction","target":{"@type":"EntryPoint","urlTemplate":"https:\/\/www.oarcanjo.net\/site\/?s={search_term_string}"},"query-input":{"@type":"PropertyValueSpecification","valueRequired":true,"valueName":"search_term_string"}}],"inLanguage":"pt-BR"},{"@type":"Organization","@id":"https:\/\/www.oarcanjo.net\/site\/#organization","name":"Par\u00f3quia S\u00e3o Miguel Arcanjo","url":"https:\/\/www.oarcanjo.net\/site\/","logo":{"@type":"ImageObject","inLanguage":"pt-BR","@id":"https:\/\/www.oarcanjo.net\/site\/#\/schema\/logo\/image\/","url":"https:\/\/www.oarcanjo.net\/site\/wp-content\/uploads\/LogoOArcanjo.png","contentUrl":"https:\/\/www.oarcanjo.net\/site\/wp-content\/uploads\/LogoOArcanjo.png","width":319,"height":99,"caption":"Par\u00f3quia S\u00e3o Miguel Arcanjo"},"image":{"@id":"https:\/\/www.oarcanjo.net\/site\/#\/schema\/logo\/image\/"},"sameAs":["https:\/\/www.facebook.com\/OArcanjoNoAr\/"]},{"@type":"Person","@id":"https:\/\/www.oarcanjo.net\/site\/#\/schema\/person\/f7024d007863202483a31326673a0838","name":"editor","sameAs":["http:\/\/www.oarcanjo.net"]}]}},"publishpress_future_action":{"enabled":false,"date":"2026-05-07 18:47:32","action":"category","newStatus":"draft","terms":[],"taxonomy":"category"},"publishpress_future_workflow_manual_trigger":{"enabledWorkflows":[]},"_links":{"self":[{"href":"https:\/\/www.oarcanjo.net\/site\/wp-json\/wp\/v2\/posts\/2217"}],"collection":[{"href":"https:\/\/www.oarcanjo.net\/site\/wp-json\/wp\/v2\/posts"}],"about":[{"href":"https:\/\/www.oarcanjo.net\/site\/wp-json\/wp\/v2\/types\/post"}],"author":[{"embeddable":true,"href":"https:\/\/www.oarcanjo.net\/site\/wp-json\/wp\/v2\/users\/5"}],"replies":[{"embeddable":true,"href":"https:\/\/www.oarcanjo.net\/site\/wp-json\/wp\/v2\/comments?post=2217"}],"version-history":[{"count":0,"href":"https:\/\/www.oarcanjo.net\/site\/wp-json\/wp\/v2\/posts\/2217\/revisions"}],"wp:attachment":[{"href":"https:\/\/www.oarcanjo.net\/site\/wp-json\/wp\/v2\/media?parent=2217"}],"wp:term":[{"taxonomy":"category","embeddable":true,"href":"https:\/\/www.oarcanjo.net\/site\/wp-json\/wp\/v2\/categories?post=2217"},{"taxonomy":"post_tag","embeddable":true,"href":"https:\/\/www.oarcanjo.net\/site\/wp-json\/wp\/v2\/tags?post=2217"}],"curies":[{"name":"wp","href":"https:\/\/api.w.org\/{rel}","templated":true}]}}