
{"id":2219,"date":"2009-03-06T22:59:32","date_gmt":"2009-03-07T01:59:32","guid":{"rendered":"http:\/\/www.oarcanjo.net\/site\/?p=2219"},"modified":"2009-03-06T22:59:32","modified_gmt":"2009-03-07T01:59:32","slug":"enciclica-sobre-economia-sera-mais-voltada-para-a-etica-e-menos-para-a-estrutura","status":"publish","type":"post","link":"https:\/\/www.oarcanjo.net\/site\/enciclica-sobre-economia-sera-mais-voltada-para-a-etica-e-menos-para-a-estrutura\/","title":{"rendered":"Enc\u00edclica sobre economia ser\u00e1 mais voltada para a \u00e9tica e menos para a estrutura"},"content":{"rendered":"<p>Efetivamente tirando o \u00eaxito de sua pr\u00f3pria enc\u00edclica a ser publicada sobre temas sociais, o Papa Bento XVI insistiu na semana passa que, por tr\u00e1s da atual crise econ\u00f4mica global, a gan\u00e2ncia est\u00e1 \u00e0 espreita, enraizada no pecado original, e que a reforma da arquitetura econ\u00f4mica global ser\u00e1 de pouco uso sem a convers\u00e3o dos cora\u00e7\u00f5es dos indiv\u00edduos.<\/p>\n<p>\u201cOnde n\u00e3o h\u00e1 pessoas justas, n\u00e3o h\u00e1 justi\u00e7a\u201d, disse Bento. \u201cPor isso, a educa\u00e7\u00e3o na justi\u00e7a deve ser uma prioridade, inclusive poder\u00edamos dizer que \u00e9 prioridade. (&#8230;) Boas estruturas n\u00e3o podem ser desenvolvidas se est\u00e3o opostas pelo ego\u00edsmo, incluindo o das pessoas de grande compet\u00eancia t\u00e9cnica\u201d.<\/p>\n<p>Os coment\u00e1rios surgiram no dia 26 de fevereiro em uma sess\u00e3o de perguntas e respostas de Bento com padres da diocese de Roma, como parte da observ\u00e2ncia quaresmal do Vaticano.<\/p>\n<p>A \u201cpr\u00e9-estr\u00e9ia\u201d desse dia sugere duas id\u00e9ias sobre a nova enc\u00edclica:<\/p>\n<p>* Ela se concentrar\u00e1 menos na an\u00e1lise estrutural do que em premissas \u00e9ticas e espirituais da justi\u00e7a econ\u00f4mica; <\/p>\n<p>* Em vez de colocar em discord\u00e2ncia o ativismo social e a piedade pessoal, \u00e0s vezes referidos como espiritualidades \u201chorizontal\u201d e \u201cvertical\u201d, Bento parece mais inclinado a argumentar que os dois s\u00e3o mutuamente dependentes. <\/p>\n<p>Espera-se que o Vaticano publique a nova carta enc\u00edclica de Bento, a terceira de seu pontificado, no final de mar\u00e7o. Intitulada &#8220;Caridade na Verdade&#8221; (Caritas in Veritate), o documento estava planejado para aparecer em setembro de 2008, mas a erup\u00e7\u00e3o da crise econ\u00f4mica obrigou o papa a revisar o texto.<\/p>\n<p>Materiais pr\u00e9-publica\u00e7\u00e3o preparados no ano passado indicaram que a enc\u00edclica cont\u00e9m duas amplas se\u00e7\u00f5es: uma revis\u00e3o do magist\u00e9rio social dos papas Paulo VI e Jo\u00e3o Paulo II, e ent\u00e3o as reflex\u00f5es de Bento sobre as maiores preocupa\u00e7\u00f5es sociais como as amea\u00e7as \u00e0 vida humana por nascer, a pobreza, quest\u00f5es de guerra e paz, terrorismo, globaliza\u00e7\u00e3o e ambientalismo. Em seu tratamento a essas quest\u00f5es, diz-se que Bento recorre a argumentos da lei natural, designados a serem abertos a todos, assim como \u00e0 B\u00edblia.<\/p>\n<p>Em seus coment\u00e1rios daquela quinta-feira, o papa disse que est\u00e1 trabalhando na enc\u00edclica \u201ch\u00e1 muito tempo\u201d.<\/p>\n<p>\u201cAo longo do caminho, vejo como \u00e9 dif\u00edcil falar com compet\u00eancia, porque se n\u00e3o se enfrenta com compet\u00eancia uma certa realidade econ\u00f4mica, [o tratamento] n\u00e3o ser\u00e1 cr\u00edvel\u201d, disse o papa.<\/p>\n<p>Uma carta enc\u00edclica ou circular \u00e9 geralmente usada para expressar a forma mais longa e mais desenvolvida do magist\u00e9rio papal.<\/p>\n<p>Bento falou sobre a economia no dia 26 em resposta a um padre que trabalha em um bairro pobre na periferia de Roma, que perguntou se a Igreja n\u00e3o est\u00e1 obrigada a \u201cdenunciar um sistema econ\u00f4mico e financeiro que \u00e9 injusto desde suas ra\u00edzes\u201d.<\/p>\n<p>Em sua resposta, Bento diferenciou dois n\u00edveis: a macrojusti\u00e7a, no sentido da dimens\u00e3o \u00e9tica dos sistemas econ\u00f4micos nacionais e internacionais, e a microjusti\u00e7a, referindo-se \u00e0s escolhas \u00e9ticas dos indiv\u00edduos. Sua tese era de que, enquanto a Igreja \u00e9 obrigada a denunciar as injusti\u00e7as no seu primeiro n\u00edvel, como \u201cos erros fundamentais agora revelados no colapso dos grandes bancos norte-americanos\u201d, sua contribui\u00e7\u00e3o \u00fanica \u00e9 promover a mudan\u00e7a de cora\u00e7\u00e3o no segundo n\u00edvel.<\/p>\n<p>Bento insistiu que a crise econ\u00f4mica n\u00e3o pode ser entendida simplesmente em termos t\u00e9cnicos como um colapso do mecanismo econ\u00f4mico, mas deve ser vista espiritualmente como uma li\u00e7\u00e3o objetiva dos perigos da gan\u00e2ncia, do autointeresse e de privilegiar os desejos do seu pr\u00f3prio grupo sobre o bem comum.<\/p>\n<p>\u201cNo fim, \u00e9 a avareza humana como pecado, ou, como diz a Carta aos Colossenses, avareza como idolatria\u201d, disse o papa. \u201cDevemos denunciar essa idolatrias que est\u00e1 contra o verdadeiro Deus e a falsifica\u00e7\u00e3o da imagem de Deus como um outro Deus, \u2018mammon\u2019 [o deus da avareza]\u201d.<\/p>\n<p>O pecado original, argumentou Bento, distorce tanto a raz\u00e3o quanto os desejos humanos, permitindo que a for\u00e7a dos interesses estreitos prevale\u00e7am sobre o bem de todos.<\/p>\n<p>\u201cTalvez seja pessimismo, mas me parece realismo: como h\u00e1 o pecado original, nunca alcan\u00e7aremos uma corre\u00e7\u00e3o radical e total\u201d, disse o papa. \u201cPor\u00e9m, devemos fazer de tudo em favor de corre\u00e7\u00f5es pelo menos provis\u00f3rias, suficientes para permitir que a humanidade viva e para obstaculizar a domina\u00e7\u00e3o do ego\u00edsmo, que se apresenta sob pretextos de ci\u00eancia e de economia nacional e internacional\u201d.<\/p>\n<p>Nesse sentido, disse o papa, o \u201ctrabalho humilde, cotidiano\u201d dos p\u00e1rocos e das lideran\u00e7as espirituais \u00e9, na verdade, \u201cfundamental, n\u00e3o apenas para a par\u00f3quia, mas para a humanidade\u201d.<\/p>\n<p>\u201cSe n\u00e3o anunciamos a macrojusti\u00e7a, a microjusti\u00e7a n\u00e3o crescer\u00e1\u201d, afirmou Bento. \u201cMas, por outra parte, se n\u00e3o fazemos o trabalho muito humilde da microjusti\u00e7a, tamb\u00e9m a macrojusti\u00e7a n\u00e3o crescer\u00e1. E sempre, como disse na minha primeira enc\u00edclica, com todos os sistemas que possam crescer no mundo, com todos os sistemas que podem crescer no mundo, a caridade sempre permanece necess\u00e1ria\u201d.<\/p>\n<div id=\"themify_builder_content-2219\" data-postid=\"2219\" class=\"themify_builder_content themify_builder_content-2219 themify_builder themify_builder_front\">\n\t<\/div>\n<!-- \/themify_builder_content -->","protected":false},"excerpt":{"rendered":"<p>Efetivamente tirando o \u00eaxito de sua pr\u00f3pria enc\u00edclica a ser publicada sobre temas sociais, o Papa Bento XVI insistiu na semana passa que, por tr\u00e1s da atual crise econ\u00f4mica global, a gan\u00e2ncia est\u00e1 \u00e0 espreita, enraizada no pecado original, e que a reforma da arquitetura econ\u00f4mica global ser\u00e1 de pouco uso sem a convers\u00e3o dos [&hellip;]<\/p>\n","protected":false},"author":5,"featured_media":0,"comment_status":"open","ping_status":"open","sticky":false,"template":"","format":"standard","meta":{"ngg_post_thumbnail":0,"footnotes":""},"categories":[8],"tags":[36,320,319],"yoast_head":"<!-- This site is optimized with the Yoast SEO plugin v23.5 - https:\/\/yoast.com\/wordpress\/plugins\/seo\/ -->\n<title>Enc\u00edclica sobre economia ser\u00e1 mais voltada para a \u00e9tica e menos para a estrutura - O Arcanjo no ar<\/title>\n<meta name=\"robots\" content=\"index, follow, max-snippet:-1, max-image-preview:large, max-video-preview:-1\" \/>\n<link rel=\"canonical\" href=\"https:\/\/www.oarcanjo.net\/site\/enciclica-sobre-economia-sera-mais-voltada-para-a-etica-e-menos-para-a-estrutura\/\" \/>\n<meta property=\"og:locale\" content=\"pt_BR\" \/>\n<meta property=\"og:type\" content=\"article\" \/>\n<meta property=\"og:title\" content=\"Enc\u00edclica sobre economia ser\u00e1 mais voltada para a \u00e9tica e menos para a estrutura - O Arcanjo no ar\" \/>\n<meta property=\"og:description\" content=\"Efetivamente tirando o \u00eaxito de sua pr\u00f3pria enc\u00edclica a ser publicada sobre temas sociais, o Papa Bento XVI insistiu na semana passa que, por tr\u00e1s da atual crise econ\u00f4mica global, a gan\u00e2ncia est\u00e1 \u00e0 espreita, enraizada no pecado original, e que a reforma da arquitetura econ\u00f4mica global ser\u00e1 de pouco uso sem a convers\u00e3o dos [&hellip;]\" \/>\n<meta property=\"og:url\" content=\"https:\/\/www.oarcanjo.net\/site\/enciclica-sobre-economia-sera-mais-voltada-para-a-etica-e-menos-para-a-estrutura\/\" \/>\n<meta property=\"og:site_name\" content=\"O Arcanjo no ar\" \/>\n<meta property=\"article:publisher\" content=\"https:\/\/www.facebook.com\/OArcanjoNoAr\/\" \/>\n<meta property=\"article:published_time\" content=\"2009-03-07T01:59:32+00:00\" \/>\n<meta property=\"og:image\" content=\"https:\/\/www.oarcanjo.net\/site\/wp-content\/uploads\/logo-o-arcanjo-no-ar-facebook.png\" \/>\n\t<meta property=\"og:image:width\" content=\"300\" \/>\n\t<meta property=\"og:image:height\" content=\"300\" \/>\n\t<meta property=\"og:image:type\" content=\"image\/png\" \/>\n<meta name=\"author\" content=\"editor\" \/>\n<meta name=\"twitter:card\" content=\"summary_large_image\" \/>\n<meta name=\"twitter:label1\" content=\"Escrito por\" \/>\n\t<meta name=\"twitter:data1\" content=\"editor\" \/>\n\t<meta name=\"twitter:label2\" content=\"Est. tempo de leitura\" \/>\n\t<meta name=\"twitter:data2\" content=\"4 minutos\" \/>\n<script type=\"application\/ld+json\" class=\"yoast-schema-graph\">{\"@context\":\"https:\/\/schema.org\",\"@graph\":[{\"@type\":\"Article\",\"@id\":\"https:\/\/www.oarcanjo.net\/site\/enciclica-sobre-economia-sera-mais-voltada-para-a-etica-e-menos-para-a-estrutura\/#article\",\"isPartOf\":{\"@id\":\"https:\/\/www.oarcanjo.net\/site\/enciclica-sobre-economia-sera-mais-voltada-para-a-etica-e-menos-para-a-estrutura\/\"},\"author\":{\"name\":\"editor\",\"@id\":\"https:\/\/www.oarcanjo.net\/site\/#\/schema\/person\/f7024d007863202483a31326673a0838\"},\"headline\":\"Enc\u00edclica sobre economia ser\u00e1 mais voltada para a \u00e9tica e menos para a estrutura\",\"datePublished\":\"2009-03-07T01:59:32+00:00\",\"dateModified\":\"2009-03-07T01:59:32+00:00\",\"mainEntityOfPage\":{\"@id\":\"https:\/\/www.oarcanjo.net\/site\/enciclica-sobre-economia-sera-mais-voltada-para-a-etica-e-menos-para-a-estrutura\/\"},\"wordCount\":890,\"commentCount\":0,\"publisher\":{\"@id\":\"https:\/\/www.oarcanjo.net\/site\/#organization\"},\"keywords\":[\"crise\",\"economia\",\"enc\u00edclica\"],\"articleSection\":[\"Not\u00edcias\"],\"inLanguage\":\"pt-BR\",\"potentialAction\":[{\"@type\":\"CommentAction\",\"name\":\"Comment\",\"target\":[\"https:\/\/www.oarcanjo.net\/site\/enciclica-sobre-economia-sera-mais-voltada-para-a-etica-e-menos-para-a-estrutura\/#respond\"]}]},{\"@type\":\"WebPage\",\"@id\":\"https:\/\/www.oarcanjo.net\/site\/enciclica-sobre-economia-sera-mais-voltada-para-a-etica-e-menos-para-a-estrutura\/\",\"url\":\"https:\/\/www.oarcanjo.net\/site\/enciclica-sobre-economia-sera-mais-voltada-para-a-etica-e-menos-para-a-estrutura\/\",\"name\":\"Enc\u00edclica sobre economia ser\u00e1 mais voltada para a \u00e9tica e menos para a estrutura - O Arcanjo no ar\",\"isPartOf\":{\"@id\":\"https:\/\/www.oarcanjo.net\/site\/#website\"},\"datePublished\":\"2009-03-07T01:59:32+00:00\",\"dateModified\":\"2009-03-07T01:59:32+00:00\",\"breadcrumb\":{\"@id\":\"https:\/\/www.oarcanjo.net\/site\/enciclica-sobre-economia-sera-mais-voltada-para-a-etica-e-menos-para-a-estrutura\/#breadcrumb\"},\"inLanguage\":\"pt-BR\",\"potentialAction\":[{\"@type\":\"ReadAction\",\"target\":[\"https:\/\/www.oarcanjo.net\/site\/enciclica-sobre-economia-sera-mais-voltada-para-a-etica-e-menos-para-a-estrutura\/\"]}]},{\"@type\":\"BreadcrumbList\",\"@id\":\"https:\/\/www.oarcanjo.net\/site\/enciclica-sobre-economia-sera-mais-voltada-para-a-etica-e-menos-para-a-estrutura\/#breadcrumb\",\"itemListElement\":[{\"@type\":\"ListItem\",\"position\":1,\"name\":\"In\u00edcio\",\"item\":\"https:\/\/www.oarcanjo.net\/site\/\"},{\"@type\":\"ListItem\",\"position\":2,\"name\":\"Enc\u00edclica sobre economia ser\u00e1 mais voltada para a \u00e9tica e menos para a estrutura\"}]},{\"@type\":\"WebSite\",\"@id\":\"https:\/\/www.oarcanjo.net\/site\/#website\",\"url\":\"https:\/\/www.oarcanjo.net\/site\/\",\"name\":\"O Arcanjo no ar\",\"description\":\"Site da Par\u00f3quia S\u00e3o Miguel Arcanjo (Arquidiocese de SP)\",\"publisher\":{\"@id\":\"https:\/\/www.oarcanjo.net\/site\/#organization\"},\"potentialAction\":[{\"@type\":\"SearchAction\",\"target\":{\"@type\":\"EntryPoint\",\"urlTemplate\":\"https:\/\/www.oarcanjo.net\/site\/?s={search_term_string}\"},\"query-input\":{\"@type\":\"PropertyValueSpecification\",\"valueRequired\":true,\"valueName\":\"search_term_string\"}}],\"inLanguage\":\"pt-BR\"},{\"@type\":\"Organization\",\"@id\":\"https:\/\/www.oarcanjo.net\/site\/#organization\",\"name\":\"Par\u00f3quia S\u00e3o Miguel Arcanjo\",\"url\":\"https:\/\/www.oarcanjo.net\/site\/\",\"logo\":{\"@type\":\"ImageObject\",\"inLanguage\":\"pt-BR\",\"@id\":\"https:\/\/www.oarcanjo.net\/site\/#\/schema\/logo\/image\/\",\"url\":\"https:\/\/www.oarcanjo.net\/site\/wp-content\/uploads\/LogoOArcanjo.png\",\"contentUrl\":\"https:\/\/www.oarcanjo.net\/site\/wp-content\/uploads\/LogoOArcanjo.png\",\"width\":319,\"height\":99,\"caption\":\"Par\u00f3quia S\u00e3o Miguel Arcanjo\"},\"image\":{\"@id\":\"https:\/\/www.oarcanjo.net\/site\/#\/schema\/logo\/image\/\"},\"sameAs\":[\"https:\/\/www.facebook.com\/OArcanjoNoAr\/\"]},{\"@type\":\"Person\",\"@id\":\"https:\/\/www.oarcanjo.net\/site\/#\/schema\/person\/f7024d007863202483a31326673a0838\",\"name\":\"editor\",\"sameAs\":[\"http:\/\/www.oarcanjo.net\"]}]}<\/script>\n<!-- \/ Yoast SEO plugin. -->","yoast_head_json":{"title":"Enc\u00edclica sobre economia ser\u00e1 mais voltada para a \u00e9tica e menos para a estrutura - O Arcanjo no ar","robots":{"index":"index","follow":"follow","max-snippet":"max-snippet:-1","max-image-preview":"max-image-preview:large","max-video-preview":"max-video-preview:-1"},"canonical":"https:\/\/www.oarcanjo.net\/site\/enciclica-sobre-economia-sera-mais-voltada-para-a-etica-e-menos-para-a-estrutura\/","og_locale":"pt_BR","og_type":"article","og_title":"Enc\u00edclica sobre economia ser\u00e1 mais voltada para a \u00e9tica e menos para a estrutura - O Arcanjo no ar","og_description":"Efetivamente tirando o \u00eaxito de sua pr\u00f3pria enc\u00edclica a ser publicada sobre temas sociais, o Papa Bento XVI insistiu na semana passa que, por tr\u00e1s da atual crise econ\u00f4mica global, a gan\u00e2ncia est\u00e1 \u00e0 espreita, enraizada no pecado original, e que a reforma da arquitetura econ\u00f4mica global ser\u00e1 de pouco uso sem a convers\u00e3o dos [&hellip;]","og_url":"https:\/\/www.oarcanjo.net\/site\/enciclica-sobre-economia-sera-mais-voltada-para-a-etica-e-menos-para-a-estrutura\/","og_site_name":"O Arcanjo no ar","article_publisher":"https:\/\/www.facebook.com\/OArcanjoNoAr\/","article_published_time":"2009-03-07T01:59:32+00:00","og_image":[{"width":300,"height":300,"url":"https:\/\/www.oarcanjo.net\/site\/wp-content\/uploads\/logo-o-arcanjo-no-ar-facebook.png","type":"image\/png"}],"author":"editor","twitter_card":"summary_large_image","twitter_misc":{"Escrito por":"editor","Est. tempo de leitura":"4 minutos"},"schema":{"@context":"https:\/\/schema.org","@graph":[{"@type":"Article","@id":"https:\/\/www.oarcanjo.net\/site\/enciclica-sobre-economia-sera-mais-voltada-para-a-etica-e-menos-para-a-estrutura\/#article","isPartOf":{"@id":"https:\/\/www.oarcanjo.net\/site\/enciclica-sobre-economia-sera-mais-voltada-para-a-etica-e-menos-para-a-estrutura\/"},"author":{"name":"editor","@id":"https:\/\/www.oarcanjo.net\/site\/#\/schema\/person\/f7024d007863202483a31326673a0838"},"headline":"Enc\u00edclica sobre economia ser\u00e1 mais voltada para a \u00e9tica e menos para a estrutura","datePublished":"2009-03-07T01:59:32+00:00","dateModified":"2009-03-07T01:59:32+00:00","mainEntityOfPage":{"@id":"https:\/\/www.oarcanjo.net\/site\/enciclica-sobre-economia-sera-mais-voltada-para-a-etica-e-menos-para-a-estrutura\/"},"wordCount":890,"commentCount":0,"publisher":{"@id":"https:\/\/www.oarcanjo.net\/site\/#organization"},"keywords":["crise","economia","enc\u00edclica"],"articleSection":["Not\u00edcias"],"inLanguage":"pt-BR","potentialAction":[{"@type":"CommentAction","name":"Comment","target":["https:\/\/www.oarcanjo.net\/site\/enciclica-sobre-economia-sera-mais-voltada-para-a-etica-e-menos-para-a-estrutura\/#respond"]}]},{"@type":"WebPage","@id":"https:\/\/www.oarcanjo.net\/site\/enciclica-sobre-economia-sera-mais-voltada-para-a-etica-e-menos-para-a-estrutura\/","url":"https:\/\/www.oarcanjo.net\/site\/enciclica-sobre-economia-sera-mais-voltada-para-a-etica-e-menos-para-a-estrutura\/","name":"Enc\u00edclica sobre economia ser\u00e1 mais voltada para a \u00e9tica e menos para a estrutura - O Arcanjo no ar","isPartOf":{"@id":"https:\/\/www.oarcanjo.net\/site\/#website"},"datePublished":"2009-03-07T01:59:32+00:00","dateModified":"2009-03-07T01:59:32+00:00","breadcrumb":{"@id":"https:\/\/www.oarcanjo.net\/site\/enciclica-sobre-economia-sera-mais-voltada-para-a-etica-e-menos-para-a-estrutura\/#breadcrumb"},"inLanguage":"pt-BR","potentialAction":[{"@type":"ReadAction","target":["https:\/\/www.oarcanjo.net\/site\/enciclica-sobre-economia-sera-mais-voltada-para-a-etica-e-menos-para-a-estrutura\/"]}]},{"@type":"BreadcrumbList","@id":"https:\/\/www.oarcanjo.net\/site\/enciclica-sobre-economia-sera-mais-voltada-para-a-etica-e-menos-para-a-estrutura\/#breadcrumb","itemListElement":[{"@type":"ListItem","position":1,"name":"In\u00edcio","item":"https:\/\/www.oarcanjo.net\/site\/"},{"@type":"ListItem","position":2,"name":"Enc\u00edclica sobre economia ser\u00e1 mais voltada para a \u00e9tica e menos para a estrutura"}]},{"@type":"WebSite","@id":"https:\/\/www.oarcanjo.net\/site\/#website","url":"https:\/\/www.oarcanjo.net\/site\/","name":"O Arcanjo no ar","description":"Site da Par\u00f3quia S\u00e3o Miguel Arcanjo (Arquidiocese de SP)","publisher":{"@id":"https:\/\/www.oarcanjo.net\/site\/#organization"},"potentialAction":[{"@type":"SearchAction","target":{"@type":"EntryPoint","urlTemplate":"https:\/\/www.oarcanjo.net\/site\/?s={search_term_string}"},"query-input":{"@type":"PropertyValueSpecification","valueRequired":true,"valueName":"search_term_string"}}],"inLanguage":"pt-BR"},{"@type":"Organization","@id":"https:\/\/www.oarcanjo.net\/site\/#organization","name":"Par\u00f3quia S\u00e3o Miguel Arcanjo","url":"https:\/\/www.oarcanjo.net\/site\/","logo":{"@type":"ImageObject","inLanguage":"pt-BR","@id":"https:\/\/www.oarcanjo.net\/site\/#\/schema\/logo\/image\/","url":"https:\/\/www.oarcanjo.net\/site\/wp-content\/uploads\/LogoOArcanjo.png","contentUrl":"https:\/\/www.oarcanjo.net\/site\/wp-content\/uploads\/LogoOArcanjo.png","width":319,"height":99,"caption":"Par\u00f3quia S\u00e3o Miguel Arcanjo"},"image":{"@id":"https:\/\/www.oarcanjo.net\/site\/#\/schema\/logo\/image\/"},"sameAs":["https:\/\/www.facebook.com\/OArcanjoNoAr\/"]},{"@type":"Person","@id":"https:\/\/www.oarcanjo.net\/site\/#\/schema\/person\/f7024d007863202483a31326673a0838","name":"editor","sameAs":["http:\/\/www.oarcanjo.net"]}]}},"publishpress_future_action":{"enabled":false,"date":"2026-05-07 11:29:00","action":"category","newStatus":"draft","terms":[],"taxonomy":"category"},"publishpress_future_workflow_manual_trigger":{"enabledWorkflows":[]},"_links":{"self":[{"href":"https:\/\/www.oarcanjo.net\/site\/wp-json\/wp\/v2\/posts\/2219"}],"collection":[{"href":"https:\/\/www.oarcanjo.net\/site\/wp-json\/wp\/v2\/posts"}],"about":[{"href":"https:\/\/www.oarcanjo.net\/site\/wp-json\/wp\/v2\/types\/post"}],"author":[{"embeddable":true,"href":"https:\/\/www.oarcanjo.net\/site\/wp-json\/wp\/v2\/users\/5"}],"replies":[{"embeddable":true,"href":"https:\/\/www.oarcanjo.net\/site\/wp-json\/wp\/v2\/comments?post=2219"}],"version-history":[{"count":0,"href":"https:\/\/www.oarcanjo.net\/site\/wp-json\/wp\/v2\/posts\/2219\/revisions"}],"wp:attachment":[{"href":"https:\/\/www.oarcanjo.net\/site\/wp-json\/wp\/v2\/media?parent=2219"}],"wp:term":[{"taxonomy":"category","embeddable":true,"href":"https:\/\/www.oarcanjo.net\/site\/wp-json\/wp\/v2\/categories?post=2219"},{"taxonomy":"post_tag","embeddable":true,"href":"https:\/\/www.oarcanjo.net\/site\/wp-json\/wp\/v2\/tags?post=2219"}],"curies":[{"name":"wp","href":"https:\/\/api.w.org\/{rel}","templated":true}]}}