
{"id":2221,"date":"2009-03-07T03:29:55","date_gmt":"2009-03-07T06:29:55","guid":{"rendered":"http:\/\/www.oarcanjo.net\/site\/?p=2221"},"modified":"2009-03-11T09:21:12","modified_gmt":"2009-03-11T12:21:12","slug":"10-plano-de-pastoral-para-ser-igreja-missionaria","status":"publish","type":"post","link":"https:\/\/www.oarcanjo.net\/site\/10-plano-de-pastoral-para-ser-igreja-missionaria\/","title":{"rendered":"10\u00ba Plano de Pastoral para ser Igreja mission\u00e1ria"},"content":{"rendered":"<p><em>V\u00e1lido entre 2009 e 2012, documento orienta para renova\u00e7\u00e3o das estruturas eclesiais, a partir da convers\u00e3o pastoral e do testemunho dos disc\u00edpulos que tiveram um encontro pessoal com Cristo<\/em><\/p>\n<p><strong><font face=\"arial\" size=\"3\" color=\"#550055\">Miss\u00e3o Pastoral &#8211; SERVIR a Cristo, especialmente nos pobres e nos sofredores<\/font><\/strong><\/p>\n<p><img loading=\"lazy\" decoding=\"async\" src=\"http:\/\/www.oarcanjo.net\/site\/wp-content\/uploads\/missaopastoral.gif\" alt=\"Miss\u00e3o Pastoral\" title=\"Miss\u00e3o Pastoral\" align=\"left\" hspace=\"3\" width=\"248\" height=\"300\" \/><strong>Em rela\u00e7\u00e3o \u00e0 pessoa<\/strong><br \/>\n &#8211; incentivar para a pr\u00e1tica constante da caridade pessoal e das obras de miseric\u00f3rdia;<br \/>\n &#8211; acolher e orientar as pessoas, com delicadeza e caridade;<br \/>\n &#8211; dar aten\u00e7\u00e3o \u00e0s necessidades b\u00e1sicas de sa\u00fade, trabalho, educa\u00e7\u00e3o, moradia, alimenta\u00e7\u00e3o;<br \/>\n &#8211; atuar na \u00e1rea da educa\u00e7\u00e3o;<br \/>\n &#8211; formar para a capacidade cr\u00edtica;<br \/>\n &#8211; oferecer servi\u00e7os de terapia e aconselhamento.<\/p>\n<p><strong>Em rela\u00e7\u00e3o \u00e0 comunidade<\/strong><\/p>\n<p> &#8211; promover, \u00e0 luz da op\u00e7\u00e3o pelos pobres, o servi\u00e7o da caridade e da solidariedade, nas dimens\u00f5es da assist\u00eancia social, da promo\u00e7\u00e3o humana e da transforma\u00e7\u00e3o da sociedade;<br \/>\n &#8211; educar para o relacionamento solid\u00e1rio e fraterno;<br \/>\n &#8211; valorizar e defender a fam\u00edlia;<br \/>\n &#8211; atender \u00e0 popula\u00e7\u00e3o carente e aos n\u00facleos de conviv\u00eancia, tais como albergues, pens\u00f5es e corti\u00e7os;<br \/>\n &#8211; oferecer atendimento de profissionais (m\u00e9dicos, dentistas, psic\u00f3logos, advogados);<br \/>\n &#8211; manter centros de refer\u00eancia para a terceira idade, balc\u00e3o de empregos, esportes, projetos de m\u00fasicas, biblioteca comunit\u00e1ria, capoeira, creches e centros de juventude.<\/p>\n<p><strong>Em rela\u00e7\u00e3o \u00e0 sociedade<\/strong><\/p>\n<p> &#8211; servir a sociedade, qualificando para o trabalho social e pol\u00edtico;<br \/>\n &#8211; conhecer e estudar documentos sociais da CNBB;<br \/>\n &#8211; realizar cursos para aprofundar a Doutrina Social da Igreja;<br \/>\n &#8211; formar para a cidadania e participar na sensibiliza\u00e7\u00e3o e lutas em favor da cidadania;<br \/>\n &#8211; formar para a Pastoral F\u00e9 e Pol\u00edtica;<br \/>\n &#8211; despertar, incentivar e organizar o trabalho volunt\u00e1rio;<br \/>\n &#8211; animar e investir nas pastorais sociais em cada par\u00f3quia e comunidade;<br \/>\n &#8211; articular os servi\u00e7os sociais das par\u00f3quias, comunidades, entidades, escolas, universidades e hospitais;<br \/>\n &#8211; fortalecer o F\u00f3rum das Pastorais Sociais nos v\u00e1rios n\u00edveis da organiza\u00e7\u00e3o da Arquidiocese;<br \/>\n &#8211; participar das confer\u00eancias, comiss\u00f5es, conselhos e outras inst\u00e2ncias democr\u00e1ticas, fazendo-se presente nos processos decis\u00f3rios e de controle social da sociedade;<br \/>\n &#8211; envolver-se na elabora\u00e7\u00e3o e concretiza\u00e7\u00e3o de pol\u00edticas p\u00fablicas e monitoramento das a\u00e7\u00f5es do Estado;<br \/>\n &#8211; realizar a Semana Social ou de F\u00e9 e Compromisso Social;<br \/>\n &#8211; assumir as Campanhas da Fraternidade como instrumento da evangeliza\u00e7\u00e3o;<br \/>\n &#8211; defender o meio ambiente;<br \/>\n &#8211; apoiar a cria\u00e7\u00e3o de um Conselho Municipal de Seguran\u00e7a Alimentar;<br \/>\n &#8211; incentivar \u00e0s cooperativas formadas pela popula\u00e7\u00e3o de rua, \u00e0 economia solid\u00e1ria e a projetos de gera\u00e7\u00e3o de renda;<br \/>\n &#8211; conhecer e buscar apoio da C\u00e1ritas Arquidiocesana e das regi\u00f5es episcopais.<\/p>\n<p><strong>DESTAQUES<\/strong><\/p>\n<p> &#8211; servi\u00e7o aos migrantes e imigrantes;<br \/>\n &#8211; aos moradores de rua;<br \/>\n &#8211; aos doentes e enfermos;<br \/>\n &#8211; aos dependentes qu\u00edmicos;<br \/>\n &#8211; aos detentos, egressos e suas fam\u00edlias;<br \/>\n &#8211; \u00e0 popula\u00e7\u00e3o ind\u00edgena;<br \/>\n &#8211; defender a vida n\u00e3o nascida, das crian\u00e7as e adolescentes em situa\u00e7\u00e3o de vulnerabilidade social, dos jovens, idosos e da popula\u00e7\u00e3o ind\u00edgena.<\/p>\n<p><strong><font face=\"arial\" size=\"3\" color=\"#550055\">Miss\u00e3o Prof\u00e9tica &#8211; ANUNCIAR a Palavra de Deus e formar novos disc\u00edpulos-mission\u00e1rios<\/font><\/strong><\/p>\n<p><img loading=\"lazy\" decoding=\"async\" src=\"http:\/\/www.oarcanjo.net\/site\/wp-content\/uploads\/missaoprofetica.gif\" alt=\"Miss\u00e3o Prof\u00e9tica\" title=\"Miss\u00e3o Prof\u00e9tica\" align=\"right\" hspace=\"3\" width=\"233\" height=\"300\" \/><strong>Em rela\u00e7\u00e3o \u00e0 pessoa<\/strong><\/p>\n<p> &#8211; anunciar pessoalmente a palavra de Deus ao doente, ao encarcerado, ao sofredor, ao jovem;<br \/>\n &#8211; ajudar a criar o h\u00e1bito de leitura di\u00e1ria da B\u00edblia;<br \/>\n &#8211; preparar a comunidade para que possa colaborar com o sacerdote na miss\u00e3o de anunciar o Evangelho.<\/p>\n<p><strong>Em rela\u00e7\u00e3o \u00e0 comunidade<\/strong><\/p>\n<p> &#8211; ter linguagem simples, clara e objetiva para evangelizar;<br \/>\n &#8211; proclamar a palavra de Deus em todos os momentos da vida da comunidade: nascimentos, celebra\u00e7\u00f5es, vel\u00f3rios, prepara\u00e7\u00e3o e administra\u00e7\u00e3o dos sacramentos, festas e comemora\u00e7\u00f5es;<br \/>\n &#8211; motivar para leitura e estudo da B\u00edblia;<br \/>\n &#8211; organizar cursos b\u00edblicos;<br \/>\n &#8211; utilizar leitura orante da B\u00edblia;<br \/>\n &#8211; investir nas escolas da Palavra;<br \/>\n &#8211; motivar a participa\u00e7\u00e3o em cursos de teologia para leigos. <\/p>\n<p><strong>Em rela\u00e7\u00e3o \u00e0 sociedade<\/strong><\/p>\n<p> &#8211; promover a\u00e7\u00f5es lit\u00fargicas que unam a f\u00e9 e a vida, considerando espa\u00e7os de trabalho, moradia, sa\u00fade, educa\u00e7\u00e3o e lazer;<br \/>\n &#8211; trazer a realidade para as celebra\u00e7\u00f5es (epidemias, viol\u00eancia, fome, dia do bairro, festas, dias c\u00edvicos);<br \/>\n &#8211; visitar fam\u00edlias, pr\u00e9dios, escolas, f\u00e1bricas, hospitais, pris\u00f5es, unidades de interna\u00e7\u00e3o, albergues, abrigos, funda\u00e7\u00f5es;<br \/>\n &#8211; testemunhar o Cristo nos espa\u00e7os de trabalho, moradia e lazer;<br \/>\n &#8211; garantir presen\u00e7a cat\u00f3lica nas atividades t\u00e9cnicas e profissionais, com compet\u00eancia;<br \/>\n &#8211; formar grupos de reflex\u00e3o para evangelizar o &#8220;mundo do trabalho&#8221;;<br \/>\n &#8211; assumir com mais empenho os meios de comunica\u00e7\u00e3o social como instrumentos da a\u00e7\u00e3o evangelizadora, com especial aten\u00e7\u00e3o aos ve\u00edculos de comunica\u00e7\u00e3o pr\u00f3prios da Arquidiocese (O S\u00c3O PAULO, r\u00e1dio &#8220;9 de Julho&#8221;, site e folheto &#8220;Povo de Deus&#8221;);<br \/>\n &#8211; estimular a capacidade cr\u00edtica, diante da manipula\u00e7\u00e3o da opini\u00e3o p\u00fablica pela m\u00eddia;<br \/>\n &#8211; promover iniciativas pela democratiza\u00e7\u00e3o da informa\u00e7\u00e3o;<br \/>\n &#8211; utilizar os recursos da internet e contra seu mau uso;<br \/>\n &#8211; investir na forma\u00e7\u00e3o de comunicadores;<br \/>\n &#8211; incentivar a pastoral da Comunica\u00e7\u00e3o nas v\u00e1rias inst\u00e2ncias da Arquidiocese.<\/p>\n<p><strong>DESTAQUES<\/strong><\/p>\n<p> &#8211; preparar para a proclama\u00e7\u00e3o da Palavra por meio de cursos e uso de subs\u00eddios e roteiros homil\u00e9ticos;<br \/>\n &#8211; incentivar o dia semanal da palavra de Deus nas par\u00f3quias e comunidades, com celebra\u00e7\u00f5es, c\u00edrculos b\u00edblicos, estudos da Palavra, grupos de rua e pr\u00e9dios;<br \/>\n &#8211; atender \u00e0 piedade e \u00e0 religiosidade popular;<br \/>\n &#8211; realizar campanhas para que todos os cat\u00f3licos tenham a B\u00edblia;<br \/>\n &#8211; acolher e estudar as orienta\u00e7\u00f5es do S\u00ednodo sobre a palavra de Deus;<br \/>\n &#8211; evangelizar nos c\u00edrculos b\u00edblicos, grupos de rua e pr\u00e9dios;<br \/>\n &#8211; acentuar nos que fazem catequizandos o conhecimento da voca\u00e7\u00e3o batismal;<br \/>\n &#8211; assumir o Diret\u00f3rio Nacional de Catequese.<\/p>\n<p><strong><font face=\"arial\" size=\"3\" color=\"#550055\">Miss\u00e3o Sacerdotal &#8211; CELEBRAR e SANTIFICAR a vida das pessoas na comunidade e na cidade<\/font><\/strong><\/p>\n<p><img loading=\"lazy\" decoding=\"async\" src=\"http:\/\/www.oarcanjo.net\/site\/wp-content\/uploads\/missaosacerdotal.gif\" alt=\"Miss\u00e3o Sacerdotal\" title=\"Miss\u00e3o Sacerdotal\" align=\"left\" hspace=\"3\" width=\"218\" height=\"300\" \/><strong>Em rela\u00e7\u00e3o \u00e0 pessoa<\/strong><\/p>\n<p> &#8211; valorizar a confiss\u00e3o sacramental, com hor\u00e1rios adequados para atender o povo;<br \/>\n &#8211; motivar e formar para a vida sacramental, de santidade e eclesial;<br \/>\n &#8211; estimular a participa\u00e7\u00e3o nas celebra\u00e7\u00f5es, especialmente no domingo;<br \/>\n &#8211; orientar para uma vida de ora\u00e7\u00e3o.<\/p>\n<p><strong>Em rela\u00e7\u00e3o \u00e0 comunidade<\/strong><\/p>\n<p> &#8211; preparar e celebrar todos os sacramentos com a participa\u00e7\u00e3o da comunidade, em esp\u00edrito de acolhida;<br \/>\n &#8211; organizar momentos de ora\u00e7\u00e3o comunit\u00e1ria, no esp\u00edrito e metodologia da leitura orante da B\u00edblia;<br \/>\n &#8211; realizar retiros e encontros de espiritualidade e ora\u00e7\u00e3o;<br \/>\n &#8211; celebrar diariamente a Eucaristia nas par\u00f3quias e, sempre que o poss\u00edvel, nas comunidades;<br \/>\n &#8211; envolver mais os homens e os jovens na liturgia;<br \/>\n &#8211; valorizar a liturgia na vida das fam\u00edlias;<br \/>\n &#8211; motivar a participa\u00e7\u00e3o da comunidade em momentos fortes do bairro, com abertura para o ecumenismo;<br \/>\n &#8211; valorizar as ex\u00e9quias e novenas de Natal;<br \/>\n &#8211; celebrar nos c\u00edrculos b\u00edblicos, grupos de rua e pr\u00e9dios;<br \/>\n &#8211; manter as igrejas abertas todos os dias com acolhida e atendimento espiritual;<br \/>\n &#8211; adequar hor\u00e1rios de atendimento e de celebra\u00e7\u00f5es ao p\u00fablico, sobretudo \u00e0 noite;<br \/>\n &#8211; valorizar a piedade e a religiosidade popular;<br \/>\n &#8211; dar \u00eanfase \u00e0 dimens\u00e3o catequ\u00e9tica da liturgia.<\/p>\n<p><strong>Em rela\u00e7\u00e3o \u00e0 sociedade<\/strong><\/p>\n<p> &#8211; preparar celebra\u00e7\u00f5es lit\u00fargicas que unam a f\u00e9 \u00e0 vida;<br \/>\n &#8211; considerar os espa\u00e7os de trabalho, moradia, sa\u00fade, educa\u00e7\u00e3o e lazer, e trazer a realidade do povo, da cidade, do pa\u00eds e do mundo para as celebra\u00e7\u00f5es.<\/p>\n<p><strong>DESTAQUES<\/strong><\/p>\n<p> &#8211; domingo como o dia do Senhor;<br \/>\n &#8211; refletir sobre qual o sentido e a import\u00e2ncia do Dia do Senhor (domingo) e quais s\u00e3o os meios para santific\u00e1-lo;<br \/>\n &#8211; celebra\u00e7\u00e3o dominical da palavra de Deus, inclusive com ministros leigos;<br \/>\n &#8211; aprofundar a doutrina da Eucaristia;<br \/>\n &#8211; pastoral dominical &#8211; repensar as estruturas das par\u00f3quias e comunidades para que, no domingo, sejam oferecidos servi\u00e7os de atendimento aos fi\u00e9is, despertar a comunidade para o voluntariado, que colaborar\u00e1 com os atendimentos dominicais;<br \/>\n &#8211; Homilia &#8211; apresentar  a palavra de Deus com empenho e sabedoria, mantendo a rela\u00e7\u00e3o com a vida da comunidade e da cidade;<br \/>\n &#8211; habilidade comunicativa &#8211; linguagem clara e postura adequada;<br \/>\n &#8211; observa\u00e7\u00e3o das normas lit\u00fargicas.<\/p>\n<p><em>Ilustra\u00e7\u00f5es de Gabriel de Souza &#8211; O S\u00e3o Paulo &#8211; Edi\u00e7\u00e3o Especial<\/em><\/p>\n<div id=\"themify_builder_content-2221\" data-postid=\"2221\" class=\"themify_builder_content themify_builder_content-2221 themify_builder themify_builder_front\">\n\t<\/div>\n<!-- \/themify_builder_content -->","protected":false},"excerpt":{"rendered":"<p>V\u00e1lido entre 2009 e 2012, documento orienta para renova\u00e7\u00e3o das estruturas eclesiais, a partir da convers\u00e3o pastoral e do testemunho dos disc\u00edpulos que tiveram um encontro pessoal com Cristo Miss\u00e3o Pastoral &#8211; SERVIR a Cristo, especialmente nos pobres e nos sofredores Em rela\u00e7\u00e3o \u00e0 pessoa &#8211; incentivar para a pr\u00e1tica constante da caridade pessoal e [&hellip;]<\/p>\n","protected":false},"author":5,"featured_media":0,"comment_status":"open","ping_status":"open","sticky":false,"template":"","format":"standard","meta":{"ngg_post_thumbnail":0,"footnotes":""},"categories":[3,8],"tags":[285],"yoast_head":"<!-- This site is optimized with the Yoast SEO plugin v23.5 - https:\/\/yoast.com\/wordpress\/plugins\/seo\/ -->\n<title>10\u00ba Plano de Pastoral para ser Igreja mission\u00e1ria - O Arcanjo no ar<\/title>\n<meta name=\"robots\" content=\"index, follow, max-snippet:-1, max-image-preview:large, max-video-preview:-1\" \/>\n<link rel=\"canonical\" href=\"https:\/\/www.oarcanjo.net\/site\/10-plano-de-pastoral-para-ser-igreja-missionaria\/\" \/>\n<meta property=\"og:locale\" content=\"pt_BR\" \/>\n<meta property=\"og:type\" content=\"article\" \/>\n<meta property=\"og:title\" content=\"10\u00ba Plano de Pastoral para ser Igreja mission\u00e1ria - O Arcanjo no ar\" \/>\n<meta property=\"og:description\" content=\"V\u00e1lido entre 2009 e 2012, documento orienta para renova\u00e7\u00e3o das estruturas eclesiais, a partir da convers\u00e3o pastoral e do testemunho dos disc\u00edpulos que tiveram um encontro pessoal com Cristo Miss\u00e3o Pastoral &#8211; SERVIR a Cristo, especialmente nos pobres e nos sofredores Em rela\u00e7\u00e3o \u00e0 pessoa &#8211; incentivar para a pr\u00e1tica constante da caridade pessoal e [&hellip;]\" \/>\n<meta property=\"og:url\" content=\"https:\/\/www.oarcanjo.net\/site\/10-plano-de-pastoral-para-ser-igreja-missionaria\/\" \/>\n<meta property=\"og:site_name\" content=\"O Arcanjo no ar\" \/>\n<meta property=\"article:publisher\" content=\"https:\/\/www.facebook.com\/OArcanjoNoAr\/\" \/>\n<meta property=\"article:published_time\" content=\"2009-03-07T06:29:55+00:00\" \/>\n<meta property=\"article:modified_time\" content=\"2009-03-11T12:21:12+00:00\" \/>\n<meta property=\"og:image\" content=\"http:\/\/www.oarcanjo.net\/site\/wp-content\/uploads\/missaopastoral.gif\" \/>\n<meta name=\"author\" content=\"editor\" \/>\n<meta name=\"twitter:card\" content=\"summary_large_image\" \/>\n<meta name=\"twitter:label1\" content=\"Escrito por\" \/>\n\t<meta name=\"twitter:data1\" content=\"editor\" \/>\n\t<meta name=\"twitter:label2\" content=\"Est. tempo de leitura\" \/>\n\t<meta name=\"twitter:data2\" content=\"7 minutos\" \/>\n<script type=\"application\/ld+json\" class=\"yoast-schema-graph\">{\"@context\":\"https:\/\/schema.org\",\"@graph\":[{\"@type\":\"Article\",\"@id\":\"https:\/\/www.oarcanjo.net\/site\/10-plano-de-pastoral-para-ser-igreja-missionaria\/#article\",\"isPartOf\":{\"@id\":\"https:\/\/www.oarcanjo.net\/site\/10-plano-de-pastoral-para-ser-igreja-missionaria\/\"},\"author\":{\"name\":\"editor\",\"@id\":\"https:\/\/www.oarcanjo.net\/site\/#\/schema\/person\/f7024d007863202483a31326673a0838\"},\"headline\":\"10\u00ba Plano de Pastoral para ser Igreja mission\u00e1ria\",\"datePublished\":\"2009-03-07T06:29:55+00:00\",\"dateModified\":\"2009-03-11T12:21:12+00:00\",\"mainEntityOfPage\":{\"@id\":\"https:\/\/www.oarcanjo.net\/site\/10-plano-de-pastoral-para-ser-igreja-missionaria\/\"},\"wordCount\":1433,\"commentCount\":0,\"publisher\":{\"@id\":\"https:\/\/www.oarcanjo.net\/site\/#organization\"},\"image\":{\"@id\":\"https:\/\/www.oarcanjo.net\/site\/10-plano-de-pastoral-para-ser-igreja-missionaria\/#primaryimage\"},\"thumbnailUrl\":\"http:\/\/www.oarcanjo.net\/site\/wp-content\/uploads\/missaopastoral.gif\",\"keywords\":[\"10\u00ba Plano de Pastoral\"],\"articleSection\":[\"Destaques\",\"Not\u00edcias\"],\"inLanguage\":\"pt-BR\",\"potentialAction\":[{\"@type\":\"CommentAction\",\"name\":\"Comment\",\"target\":[\"https:\/\/www.oarcanjo.net\/site\/10-plano-de-pastoral-para-ser-igreja-missionaria\/#respond\"]}]},{\"@type\":\"WebPage\",\"@id\":\"https:\/\/www.oarcanjo.net\/site\/10-plano-de-pastoral-para-ser-igreja-missionaria\/\",\"url\":\"https:\/\/www.oarcanjo.net\/site\/10-plano-de-pastoral-para-ser-igreja-missionaria\/\",\"name\":\"10\u00ba Plano de Pastoral para ser Igreja mission\u00e1ria - O Arcanjo no ar\",\"isPartOf\":{\"@id\":\"https:\/\/www.oarcanjo.net\/site\/#website\"},\"primaryImageOfPage\":{\"@id\":\"https:\/\/www.oarcanjo.net\/site\/10-plano-de-pastoral-para-ser-igreja-missionaria\/#primaryimage\"},\"image\":{\"@id\":\"https:\/\/www.oarcanjo.net\/site\/10-plano-de-pastoral-para-ser-igreja-missionaria\/#primaryimage\"},\"thumbnailUrl\":\"http:\/\/www.oarcanjo.net\/site\/wp-content\/uploads\/missaopastoral.gif\",\"datePublished\":\"2009-03-07T06:29:55+00:00\",\"dateModified\":\"2009-03-11T12:21:12+00:00\",\"breadcrumb\":{\"@id\":\"https:\/\/www.oarcanjo.net\/site\/10-plano-de-pastoral-para-ser-igreja-missionaria\/#breadcrumb\"},\"inLanguage\":\"pt-BR\",\"potentialAction\":[{\"@type\":\"ReadAction\",\"target\":[\"https:\/\/www.oarcanjo.net\/site\/10-plano-de-pastoral-para-ser-igreja-missionaria\/\"]}]},{\"@type\":\"ImageObject\",\"inLanguage\":\"pt-BR\",\"@id\":\"https:\/\/www.oarcanjo.net\/site\/10-plano-de-pastoral-para-ser-igreja-missionaria\/#primaryimage\",\"url\":\"http:\/\/www.oarcanjo.net\/site\/wp-content\/uploads\/missaopastoral.gif\",\"contentUrl\":\"http:\/\/www.oarcanjo.net\/site\/wp-content\/uploads\/missaopastoral.gif\"},{\"@type\":\"BreadcrumbList\",\"@id\":\"https:\/\/www.oarcanjo.net\/site\/10-plano-de-pastoral-para-ser-igreja-missionaria\/#breadcrumb\",\"itemListElement\":[{\"@type\":\"ListItem\",\"position\":1,\"name\":\"In\u00edcio\",\"item\":\"https:\/\/www.oarcanjo.net\/site\/\"},{\"@type\":\"ListItem\",\"position\":2,\"name\":\"10\u00ba Plano de Pastoral para ser Igreja mission\u00e1ria\"}]},{\"@type\":\"WebSite\",\"@id\":\"https:\/\/www.oarcanjo.net\/site\/#website\",\"url\":\"https:\/\/www.oarcanjo.net\/site\/\",\"name\":\"O Arcanjo no ar\",\"description\":\"Site da Par\u00f3quia S\u00e3o Miguel Arcanjo (Arquidiocese de SP)\",\"publisher\":{\"@id\":\"https:\/\/www.oarcanjo.net\/site\/#organization\"},\"potentialAction\":[{\"@type\":\"SearchAction\",\"target\":{\"@type\":\"EntryPoint\",\"urlTemplate\":\"https:\/\/www.oarcanjo.net\/site\/?s={search_term_string}\"},\"query-input\":{\"@type\":\"PropertyValueSpecification\",\"valueRequired\":true,\"valueName\":\"search_term_string\"}}],\"inLanguage\":\"pt-BR\"},{\"@type\":\"Organization\",\"@id\":\"https:\/\/www.oarcanjo.net\/site\/#organization\",\"name\":\"Par\u00f3quia S\u00e3o Miguel Arcanjo\",\"url\":\"https:\/\/www.oarcanjo.net\/site\/\",\"logo\":{\"@type\":\"ImageObject\",\"inLanguage\":\"pt-BR\",\"@id\":\"https:\/\/www.oarcanjo.net\/site\/#\/schema\/logo\/image\/\",\"url\":\"https:\/\/www.oarcanjo.net\/site\/wp-content\/uploads\/LogoOArcanjo.png\",\"contentUrl\":\"https:\/\/www.oarcanjo.net\/site\/wp-content\/uploads\/LogoOArcanjo.png\",\"width\":319,\"height\":99,\"caption\":\"Par\u00f3quia S\u00e3o Miguel Arcanjo\"},\"image\":{\"@id\":\"https:\/\/www.oarcanjo.net\/site\/#\/schema\/logo\/image\/\"},\"sameAs\":[\"https:\/\/www.facebook.com\/OArcanjoNoAr\/\"]},{\"@type\":\"Person\",\"@id\":\"https:\/\/www.oarcanjo.net\/site\/#\/schema\/person\/f7024d007863202483a31326673a0838\",\"name\":\"editor\",\"sameAs\":[\"http:\/\/www.oarcanjo.net\"]}]}<\/script>\n<!-- \/ Yoast SEO plugin. -->","yoast_head_json":{"title":"10\u00ba Plano de Pastoral para ser Igreja mission\u00e1ria - O Arcanjo no ar","robots":{"index":"index","follow":"follow","max-snippet":"max-snippet:-1","max-image-preview":"max-image-preview:large","max-video-preview":"max-video-preview:-1"},"canonical":"https:\/\/www.oarcanjo.net\/site\/10-plano-de-pastoral-para-ser-igreja-missionaria\/","og_locale":"pt_BR","og_type":"article","og_title":"10\u00ba Plano de Pastoral para ser Igreja mission\u00e1ria - O Arcanjo no ar","og_description":"V\u00e1lido entre 2009 e 2012, documento orienta para renova\u00e7\u00e3o das estruturas eclesiais, a partir da convers\u00e3o pastoral e do testemunho dos disc\u00edpulos que tiveram um encontro pessoal com Cristo Miss\u00e3o Pastoral &#8211; SERVIR a Cristo, especialmente nos pobres e nos sofredores Em rela\u00e7\u00e3o \u00e0 pessoa &#8211; incentivar para a pr\u00e1tica constante da caridade pessoal e [&hellip;]","og_url":"https:\/\/www.oarcanjo.net\/site\/10-plano-de-pastoral-para-ser-igreja-missionaria\/","og_site_name":"O Arcanjo no ar","article_publisher":"https:\/\/www.facebook.com\/OArcanjoNoAr\/","article_published_time":"2009-03-07T06:29:55+00:00","article_modified_time":"2009-03-11T12:21:12+00:00","og_image":[{"url":"http:\/\/www.oarcanjo.net\/site\/wp-content\/uploads\/missaopastoral.gif"}],"author":"editor","twitter_card":"summary_large_image","twitter_misc":{"Escrito por":"editor","Est. tempo de leitura":"7 minutos"},"schema":{"@context":"https:\/\/schema.org","@graph":[{"@type":"Article","@id":"https:\/\/www.oarcanjo.net\/site\/10-plano-de-pastoral-para-ser-igreja-missionaria\/#article","isPartOf":{"@id":"https:\/\/www.oarcanjo.net\/site\/10-plano-de-pastoral-para-ser-igreja-missionaria\/"},"author":{"name":"editor","@id":"https:\/\/www.oarcanjo.net\/site\/#\/schema\/person\/f7024d007863202483a31326673a0838"},"headline":"10\u00ba Plano de Pastoral para ser Igreja mission\u00e1ria","datePublished":"2009-03-07T06:29:55+00:00","dateModified":"2009-03-11T12:21:12+00:00","mainEntityOfPage":{"@id":"https:\/\/www.oarcanjo.net\/site\/10-plano-de-pastoral-para-ser-igreja-missionaria\/"},"wordCount":1433,"commentCount":0,"publisher":{"@id":"https:\/\/www.oarcanjo.net\/site\/#organization"},"image":{"@id":"https:\/\/www.oarcanjo.net\/site\/10-plano-de-pastoral-para-ser-igreja-missionaria\/#primaryimage"},"thumbnailUrl":"http:\/\/www.oarcanjo.net\/site\/wp-content\/uploads\/missaopastoral.gif","keywords":["10\u00ba Plano de Pastoral"],"articleSection":["Destaques","Not\u00edcias"],"inLanguage":"pt-BR","potentialAction":[{"@type":"CommentAction","name":"Comment","target":["https:\/\/www.oarcanjo.net\/site\/10-plano-de-pastoral-para-ser-igreja-missionaria\/#respond"]}]},{"@type":"WebPage","@id":"https:\/\/www.oarcanjo.net\/site\/10-plano-de-pastoral-para-ser-igreja-missionaria\/","url":"https:\/\/www.oarcanjo.net\/site\/10-plano-de-pastoral-para-ser-igreja-missionaria\/","name":"10\u00ba Plano de Pastoral para ser Igreja mission\u00e1ria - O Arcanjo no ar","isPartOf":{"@id":"https:\/\/www.oarcanjo.net\/site\/#website"},"primaryImageOfPage":{"@id":"https:\/\/www.oarcanjo.net\/site\/10-plano-de-pastoral-para-ser-igreja-missionaria\/#primaryimage"},"image":{"@id":"https:\/\/www.oarcanjo.net\/site\/10-plano-de-pastoral-para-ser-igreja-missionaria\/#primaryimage"},"thumbnailUrl":"http:\/\/www.oarcanjo.net\/site\/wp-content\/uploads\/missaopastoral.gif","datePublished":"2009-03-07T06:29:55+00:00","dateModified":"2009-03-11T12:21:12+00:00","breadcrumb":{"@id":"https:\/\/www.oarcanjo.net\/site\/10-plano-de-pastoral-para-ser-igreja-missionaria\/#breadcrumb"},"inLanguage":"pt-BR","potentialAction":[{"@type":"ReadAction","target":["https:\/\/www.oarcanjo.net\/site\/10-plano-de-pastoral-para-ser-igreja-missionaria\/"]}]},{"@type":"ImageObject","inLanguage":"pt-BR","@id":"https:\/\/www.oarcanjo.net\/site\/10-plano-de-pastoral-para-ser-igreja-missionaria\/#primaryimage","url":"http:\/\/www.oarcanjo.net\/site\/wp-content\/uploads\/missaopastoral.gif","contentUrl":"http:\/\/www.oarcanjo.net\/site\/wp-content\/uploads\/missaopastoral.gif"},{"@type":"BreadcrumbList","@id":"https:\/\/www.oarcanjo.net\/site\/10-plano-de-pastoral-para-ser-igreja-missionaria\/#breadcrumb","itemListElement":[{"@type":"ListItem","position":1,"name":"In\u00edcio","item":"https:\/\/www.oarcanjo.net\/site\/"},{"@type":"ListItem","position":2,"name":"10\u00ba Plano de Pastoral para ser Igreja mission\u00e1ria"}]},{"@type":"WebSite","@id":"https:\/\/www.oarcanjo.net\/site\/#website","url":"https:\/\/www.oarcanjo.net\/site\/","name":"O Arcanjo no ar","description":"Site da Par\u00f3quia S\u00e3o Miguel Arcanjo (Arquidiocese de SP)","publisher":{"@id":"https:\/\/www.oarcanjo.net\/site\/#organization"},"potentialAction":[{"@type":"SearchAction","target":{"@type":"EntryPoint","urlTemplate":"https:\/\/www.oarcanjo.net\/site\/?s={search_term_string}"},"query-input":{"@type":"PropertyValueSpecification","valueRequired":true,"valueName":"search_term_string"}}],"inLanguage":"pt-BR"},{"@type":"Organization","@id":"https:\/\/www.oarcanjo.net\/site\/#organization","name":"Par\u00f3quia S\u00e3o Miguel Arcanjo","url":"https:\/\/www.oarcanjo.net\/site\/","logo":{"@type":"ImageObject","inLanguage":"pt-BR","@id":"https:\/\/www.oarcanjo.net\/site\/#\/schema\/logo\/image\/","url":"https:\/\/www.oarcanjo.net\/site\/wp-content\/uploads\/LogoOArcanjo.png","contentUrl":"https:\/\/www.oarcanjo.net\/site\/wp-content\/uploads\/LogoOArcanjo.png","width":319,"height":99,"caption":"Par\u00f3quia S\u00e3o Miguel Arcanjo"},"image":{"@id":"https:\/\/www.oarcanjo.net\/site\/#\/schema\/logo\/image\/"},"sameAs":["https:\/\/www.facebook.com\/OArcanjoNoAr\/"]},{"@type":"Person","@id":"https:\/\/www.oarcanjo.net\/site\/#\/schema\/person\/f7024d007863202483a31326673a0838","name":"editor","sameAs":["http:\/\/www.oarcanjo.net"]}]}},"publishpress_future_action":{"enabled":false,"date":"2026-05-07 09:55:23","action":"category","newStatus":"draft","terms":[],"taxonomy":"category"},"publishpress_future_workflow_manual_trigger":{"enabledWorkflows":[]},"_links":{"self":[{"href":"https:\/\/www.oarcanjo.net\/site\/wp-json\/wp\/v2\/posts\/2221"}],"collection":[{"href":"https:\/\/www.oarcanjo.net\/site\/wp-json\/wp\/v2\/posts"}],"about":[{"href":"https:\/\/www.oarcanjo.net\/site\/wp-json\/wp\/v2\/types\/post"}],"author":[{"embeddable":true,"href":"https:\/\/www.oarcanjo.net\/site\/wp-json\/wp\/v2\/users\/5"}],"replies":[{"embeddable":true,"href":"https:\/\/www.oarcanjo.net\/site\/wp-json\/wp\/v2\/comments?post=2221"}],"version-history":[{"count":0,"href":"https:\/\/www.oarcanjo.net\/site\/wp-json\/wp\/v2\/posts\/2221\/revisions"}],"wp:attachment":[{"href":"https:\/\/www.oarcanjo.net\/site\/wp-json\/wp\/v2\/media?parent=2221"}],"wp:term":[{"taxonomy":"category","embeddable":true,"href":"https:\/\/www.oarcanjo.net\/site\/wp-json\/wp\/v2\/categories?post=2221"},{"taxonomy":"post_tag","embeddable":true,"href":"https:\/\/www.oarcanjo.net\/site\/wp-json\/wp\/v2\/tags?post=2221"}],"curies":[{"name":"wp","href":"https:\/\/api.w.org\/{rel}","templated":true}]}}