
{"id":22214,"date":"2013-07-05T11:57:30","date_gmt":"2013-07-05T14:57:30","guid":{"rendered":"http:\/\/www.oarcanjo.net\/site\/?p=22214"},"modified":"2013-07-15T12:56:31","modified_gmt":"2013-07-15T15:56:31","slug":"papa-francisco-lanca-primeira-enciclica-lumen-fidei-a-luz-da-fe","status":"publish","type":"post","link":"https:\/\/www.oarcanjo.net\/site\/papa-francisco-lanca-primeira-enciclica-lumen-fidei-a-luz-da-fe\/","title":{"rendered":"Papa Francisco lan\u00e7a primeira Enc\u00edclica: Lumen Fidei (A Luz da F\u00e9)"},"content":{"rendered":"<\/p>\n<p>Car\u00edssimos e car\u00edssimas,<\/p>\n<p>Acabo de chegar de Roma, onde participei de v\u00e1rias reuni\u00f5es. E, apenas de volta, tenho a alegria de lhes remeter o texto da 1\u00aa Enc\u00edclica do Papa Francisco: Lumen fidei (A Luz da F\u00e9): o pr\u00f3prio Papa Francisco j\u00e1 havia dito que ela seria escrita \u201ca quatro m\u00e3os\u201d, pois Bento XVI a tinha deixado encaminhada antes de renunciar. Era sabido que Bento XVI queria escrever uma enc\u00edclica tamb\u00e9m sobre a f\u00e9, depois das que escreveu sobre a caridade (Deus Caritas est) e sobre a esperan\u00e7a (Spe salvi). Mas coube ao Papa Francisco nos presentear com esse texto belo e importante sobre a f\u00e9, justo no Ano da F\u00e9! Desejo a todos que o leiam com alegria e gratid\u00e3o.<\/p>\n<p>\u00c9 um motivo a mais para que vivamos intensamente nossa f\u00e9 e a renovemos ao longo deste Ano da F\u00e9. Teremos, a partir de agosto, v\u00e1rios momentos especiais para faz\u00ea-lo, sobretudo com as peregrina\u00e7\u00f5es que ser\u00e3o feitas para a Catedral Metropolitana, onde se far\u00e1 a renova\u00e7\u00e3o p\u00fablica e solene da profiss\u00e3o de f\u00e9 em v\u00e1rios grupos, conforme j\u00e1 foi divulgado na Carta Pastoral que lhes escrevi (\u201cSenhor, aumentai a nossa f\u00e9!\u201d).<\/p>\n<p>Que Deus nos d\u00ea a gra\u00e7a de uma f\u00e9 firme e perseverante, de uma esperan\u00e7a alegre e de uma caridade operosa!<\/p>\n<p>E que a Semana Mission\u00e1ria, que est\u00e1 \u00e0s portas, seja por todos vivida e aproveitada como uma gra\u00e7a de Deus em nossa Arquidiocese. Teremos jovens representantes de 58 pa\u00edses diversos, hospedados em nossas par\u00f3quias, col\u00e9gios, conventos e, sobretudo, nas casas das fam\u00edlias. Deus aben\u00e7oe a todos!<\/p>\n<p><em>Card. Dom Odilo P. Scherer<br \/>\nArcebispo de S\u00e3o Paulo<\/em><\/p>\n<p>Leia a vers\u00e3o em portugu\u00eas de Portugal da 1\u00aa Enc\u00edclica do Papa Francisco: Lumen fidei (A Luz da F\u00e9):<\/p>\n<iframe src=\"\/\/docs.google.com\/viewer?url=http%3A%2F%2Fwww.oarcanjo.net%2Fsite%2Fwp-content%2Fuploads%2Fpapa-francesco_20130629_enciclica-lumen-fidei_po.pdf&hl=pt_BR&embedded=true\" class=\"gde-frame\" style=\"width:100%; height:700px; border: none;\" scrolling=\"no\"><\/iframe>\n<p class=\"gde-text\"><a href=\"http:\/\/www.oarcanjo.net\/site\/wp-content\/uploads\/papa-francesco_20130629_enciclica-lumen-fidei_po.pdf\" class=\"gde-link\">Download (PDF)<\/a><\/p>\n<div id=\"themify_builder_content-22214\" data-postid=\"22214\" class=\"themify_builder_content themify_builder_content-22214 themify_builder themify_builder_front\">\n\t<\/div>\n<!-- \/themify_builder_content -->","protected":false},"excerpt":{"rendered":"<p>Car\u00edssimos e car\u00edssimas, Acabo de chegar de Roma, onde participei de v\u00e1rias reuni\u00f5es. E, apenas de volta, tenho a alegria de lhes remeter o texto da 1\u00aa Enc\u00edclica do Papa Francisco: Lumen fidei (A Luz da F\u00e9): o pr\u00f3prio Papa Francisco j\u00e1 havia dito que ela seria escrita \u201ca quatro m\u00e3os\u201d, pois Bento XVI a [&hellip;]<\/p>\n","protected":false},"author":5,"featured_media":0,"comment_status":"open","ping_status":"open","sticky":false,"template":"","format":"standard","meta":{"ngg_post_thumbnail":0,"footnotes":""},"categories":[8],"tags":[2530,2531,3213,100,2532,2272],"yoast_head":"<!-- This site is optimized with the Yoast SEO plugin v23.5 - https:\/\/yoast.com\/wordpress\/plugins\/seo\/ -->\n<title>Papa Francisco lan\u00e7a primeira Enc\u00edclica: Lumen Fidei (A Luz da F\u00e9) - O Arcanjo no ar<\/title>\n<meta name=\"robots\" content=\"index, follow, max-snippet:-1, max-image-preview:large, max-video-preview:-1\" \/>\n<link rel=\"canonical\" href=\"https:\/\/www.oarcanjo.net\/site\/papa-francisco-lanca-primeira-enciclica-lumen-fidei-a-luz-da-fe\/\" \/>\n<meta property=\"og:locale\" content=\"pt_BR\" \/>\n<meta property=\"og:type\" content=\"article\" \/>\n<meta property=\"og:title\" content=\"Papa Francisco lan\u00e7a primeira Enc\u00edclica: Lumen Fidei (A Luz da F\u00e9) - O Arcanjo no ar\" \/>\n<meta property=\"og:description\" content=\"Car\u00edssimos e car\u00edssimas, Acabo de chegar de Roma, onde participei de v\u00e1rias reuni\u00f5es. E, apenas de volta, tenho a alegria de lhes remeter o texto da 1\u00aa Enc\u00edclica do Papa Francisco: Lumen fidei (A Luz da F\u00e9): o pr\u00f3prio Papa Francisco j\u00e1 havia dito que ela seria escrita \u201ca quatro m\u00e3os\u201d, pois Bento XVI a [&hellip;]\" \/>\n<meta property=\"og:url\" content=\"https:\/\/www.oarcanjo.net\/site\/papa-francisco-lanca-primeira-enciclica-lumen-fidei-a-luz-da-fe\/\" \/>\n<meta property=\"og:site_name\" content=\"O Arcanjo no ar\" \/>\n<meta property=\"article:publisher\" content=\"https:\/\/www.facebook.com\/OArcanjoNoAr\/\" \/>\n<meta property=\"article:published_time\" content=\"2013-07-05T14:57:30+00:00\" \/>\n<meta property=\"article:modified_time\" content=\"2013-07-15T15:56:31+00:00\" \/>\n<meta property=\"og:image\" content=\"https:\/\/www.oarcanjo.net\/site\/wp-content\/uploads\/logo-o-arcanjo-no-ar-facebook.png\" \/>\n\t<meta property=\"og:image:width\" content=\"300\" \/>\n\t<meta property=\"og:image:height\" content=\"300\" \/>\n\t<meta property=\"og:image:type\" content=\"image\/png\" \/>\n<meta name=\"author\" content=\"editor\" \/>\n<meta name=\"twitter:card\" content=\"summary_large_image\" \/>\n<meta name=\"twitter:label1\" content=\"Escrito por\" \/>\n\t<meta name=\"twitter:data1\" content=\"editor\" \/>\n\t<meta name=\"twitter:label2\" content=\"Est. tempo de leitura\" \/>\n\t<meta name=\"twitter:data2\" content=\"2 minutos\" \/>\n<script type=\"application\/ld+json\" class=\"yoast-schema-graph\">{\"@context\":\"https:\/\/schema.org\",\"@graph\":[{\"@type\":\"Article\",\"@id\":\"https:\/\/www.oarcanjo.net\/site\/papa-francisco-lanca-primeira-enciclica-lumen-fidei-a-luz-da-fe\/#article\",\"isPartOf\":{\"@id\":\"https:\/\/www.oarcanjo.net\/site\/papa-francisco-lanca-primeira-enciclica-lumen-fidei-a-luz-da-fe\/\"},\"author\":{\"name\":\"editor\",\"@id\":\"https:\/\/www.oarcanjo.net\/site\/#\/schema\/person\/f7024d007863202483a31326673a0838\"},\"headline\":\"Papa Francisco lan\u00e7a primeira Enc\u00edclica: Lumen Fidei (A Luz da F\u00e9)\",\"datePublished\":\"2013-07-05T14:57:30+00:00\",\"dateModified\":\"2013-07-15T15:56:31+00:00\",\"mainEntityOfPage\":{\"@id\":\"https:\/\/www.oarcanjo.net\/site\/papa-francisco-lanca-primeira-enciclica-lumen-fidei-a-luz-da-fe\/\"},\"wordCount\":341,\"commentCount\":0,\"publisher\":{\"@id\":\"https:\/\/www.oarcanjo.net\/site\/#organization\"},\"keywords\":[\"1\u00aa Enc\u00edclica do Papa Francisco\",\"A Luz da F\u00e9\",\"Ano da F\u00e9\",\"caridade\",\"Lumen fidei\",\"Semana Mission\u00e1ria\"],\"articleSection\":[\"Not\u00edcias\"],\"inLanguage\":\"pt-BR\",\"potentialAction\":[{\"@type\":\"CommentAction\",\"name\":\"Comment\",\"target\":[\"https:\/\/www.oarcanjo.net\/site\/papa-francisco-lanca-primeira-enciclica-lumen-fidei-a-luz-da-fe\/#respond\"]}]},{\"@type\":\"WebPage\",\"@id\":\"https:\/\/www.oarcanjo.net\/site\/papa-francisco-lanca-primeira-enciclica-lumen-fidei-a-luz-da-fe\/\",\"url\":\"https:\/\/www.oarcanjo.net\/site\/papa-francisco-lanca-primeira-enciclica-lumen-fidei-a-luz-da-fe\/\",\"name\":\"Papa Francisco lan\u00e7a primeira Enc\u00edclica: Lumen Fidei (A Luz da F\u00e9) - O Arcanjo no ar\",\"isPartOf\":{\"@id\":\"https:\/\/www.oarcanjo.net\/site\/#website\"},\"datePublished\":\"2013-07-05T14:57:30+00:00\",\"dateModified\":\"2013-07-15T15:56:31+00:00\",\"breadcrumb\":{\"@id\":\"https:\/\/www.oarcanjo.net\/site\/papa-francisco-lanca-primeira-enciclica-lumen-fidei-a-luz-da-fe\/#breadcrumb\"},\"inLanguage\":\"pt-BR\",\"potentialAction\":[{\"@type\":\"ReadAction\",\"target\":[\"https:\/\/www.oarcanjo.net\/site\/papa-francisco-lanca-primeira-enciclica-lumen-fidei-a-luz-da-fe\/\"]}]},{\"@type\":\"BreadcrumbList\",\"@id\":\"https:\/\/www.oarcanjo.net\/site\/papa-francisco-lanca-primeira-enciclica-lumen-fidei-a-luz-da-fe\/#breadcrumb\",\"itemListElement\":[{\"@type\":\"ListItem\",\"position\":1,\"name\":\"In\u00edcio\",\"item\":\"https:\/\/www.oarcanjo.net\/site\/\"},{\"@type\":\"ListItem\",\"position\":2,\"name\":\"Papa Francisco lan\u00e7a primeira Enc\u00edclica: Lumen Fidei (A Luz da F\u00e9)\"}]},{\"@type\":\"WebSite\",\"@id\":\"https:\/\/www.oarcanjo.net\/site\/#website\",\"url\":\"https:\/\/www.oarcanjo.net\/site\/\",\"name\":\"O Arcanjo no ar\",\"description\":\"Site da Par\u00f3quia S\u00e3o Miguel Arcanjo (Arquidiocese de SP)\",\"publisher\":{\"@id\":\"https:\/\/www.oarcanjo.net\/site\/#organization\"},\"potentialAction\":[{\"@type\":\"SearchAction\",\"target\":{\"@type\":\"EntryPoint\",\"urlTemplate\":\"https:\/\/www.oarcanjo.net\/site\/?s={search_term_string}\"},\"query-input\":{\"@type\":\"PropertyValueSpecification\",\"valueRequired\":true,\"valueName\":\"search_term_string\"}}],\"inLanguage\":\"pt-BR\"},{\"@type\":\"Organization\",\"@id\":\"https:\/\/www.oarcanjo.net\/site\/#organization\",\"name\":\"Par\u00f3quia S\u00e3o Miguel Arcanjo\",\"url\":\"https:\/\/www.oarcanjo.net\/site\/\",\"logo\":{\"@type\":\"ImageObject\",\"inLanguage\":\"pt-BR\",\"@id\":\"https:\/\/www.oarcanjo.net\/site\/#\/schema\/logo\/image\/\",\"url\":\"https:\/\/www.oarcanjo.net\/site\/wp-content\/uploads\/LogoOArcanjo.png\",\"contentUrl\":\"https:\/\/www.oarcanjo.net\/site\/wp-content\/uploads\/LogoOArcanjo.png\",\"width\":319,\"height\":99,\"caption\":\"Par\u00f3quia S\u00e3o Miguel Arcanjo\"},\"image\":{\"@id\":\"https:\/\/www.oarcanjo.net\/site\/#\/schema\/logo\/image\/\"},\"sameAs\":[\"https:\/\/www.facebook.com\/OArcanjoNoAr\/\"]},{\"@type\":\"Person\",\"@id\":\"https:\/\/www.oarcanjo.net\/site\/#\/schema\/person\/f7024d007863202483a31326673a0838\",\"name\":\"editor\",\"sameAs\":[\"http:\/\/www.oarcanjo.net\"]}]}<\/script>\n<!-- \/ Yoast SEO plugin. -->","yoast_head_json":{"title":"Papa Francisco lan\u00e7a primeira Enc\u00edclica: Lumen Fidei (A Luz da F\u00e9) - O Arcanjo no ar","robots":{"index":"index","follow":"follow","max-snippet":"max-snippet:-1","max-image-preview":"max-image-preview:large","max-video-preview":"max-video-preview:-1"},"canonical":"https:\/\/www.oarcanjo.net\/site\/papa-francisco-lanca-primeira-enciclica-lumen-fidei-a-luz-da-fe\/","og_locale":"pt_BR","og_type":"article","og_title":"Papa Francisco lan\u00e7a primeira Enc\u00edclica: Lumen Fidei (A Luz da F\u00e9) - O Arcanjo no ar","og_description":"Car\u00edssimos e car\u00edssimas, Acabo de chegar de Roma, onde participei de v\u00e1rias reuni\u00f5es. E, apenas de volta, tenho a alegria de lhes remeter o texto da 1\u00aa Enc\u00edclica do Papa Francisco: Lumen fidei (A Luz da F\u00e9): o pr\u00f3prio Papa Francisco j\u00e1 havia dito que ela seria escrita \u201ca quatro m\u00e3os\u201d, pois Bento XVI a [&hellip;]","og_url":"https:\/\/www.oarcanjo.net\/site\/papa-francisco-lanca-primeira-enciclica-lumen-fidei-a-luz-da-fe\/","og_site_name":"O Arcanjo no ar","article_publisher":"https:\/\/www.facebook.com\/OArcanjoNoAr\/","article_published_time":"2013-07-05T14:57:30+00:00","article_modified_time":"2013-07-15T15:56:31+00:00","og_image":[{"width":300,"height":300,"url":"https:\/\/www.oarcanjo.net\/site\/wp-content\/uploads\/logo-o-arcanjo-no-ar-facebook.png","type":"image\/png"}],"author":"editor","twitter_card":"summary_large_image","twitter_misc":{"Escrito por":"editor","Est. tempo de leitura":"2 minutos"},"schema":{"@context":"https:\/\/schema.org","@graph":[{"@type":"Article","@id":"https:\/\/www.oarcanjo.net\/site\/papa-francisco-lanca-primeira-enciclica-lumen-fidei-a-luz-da-fe\/#article","isPartOf":{"@id":"https:\/\/www.oarcanjo.net\/site\/papa-francisco-lanca-primeira-enciclica-lumen-fidei-a-luz-da-fe\/"},"author":{"name":"editor","@id":"https:\/\/www.oarcanjo.net\/site\/#\/schema\/person\/f7024d007863202483a31326673a0838"},"headline":"Papa Francisco lan\u00e7a primeira Enc\u00edclica: Lumen Fidei (A Luz da F\u00e9)","datePublished":"2013-07-05T14:57:30+00:00","dateModified":"2013-07-15T15:56:31+00:00","mainEntityOfPage":{"@id":"https:\/\/www.oarcanjo.net\/site\/papa-francisco-lanca-primeira-enciclica-lumen-fidei-a-luz-da-fe\/"},"wordCount":341,"commentCount":0,"publisher":{"@id":"https:\/\/www.oarcanjo.net\/site\/#organization"},"keywords":["1\u00aa Enc\u00edclica do Papa Francisco","A Luz da F\u00e9","Ano da F\u00e9","caridade","Lumen fidei","Semana Mission\u00e1ria"],"articleSection":["Not\u00edcias"],"inLanguage":"pt-BR","potentialAction":[{"@type":"CommentAction","name":"Comment","target":["https:\/\/www.oarcanjo.net\/site\/papa-francisco-lanca-primeira-enciclica-lumen-fidei-a-luz-da-fe\/#respond"]}]},{"@type":"WebPage","@id":"https:\/\/www.oarcanjo.net\/site\/papa-francisco-lanca-primeira-enciclica-lumen-fidei-a-luz-da-fe\/","url":"https:\/\/www.oarcanjo.net\/site\/papa-francisco-lanca-primeira-enciclica-lumen-fidei-a-luz-da-fe\/","name":"Papa Francisco lan\u00e7a primeira Enc\u00edclica: Lumen Fidei (A Luz da F\u00e9) - O Arcanjo no ar","isPartOf":{"@id":"https:\/\/www.oarcanjo.net\/site\/#website"},"datePublished":"2013-07-05T14:57:30+00:00","dateModified":"2013-07-15T15:56:31+00:00","breadcrumb":{"@id":"https:\/\/www.oarcanjo.net\/site\/papa-francisco-lanca-primeira-enciclica-lumen-fidei-a-luz-da-fe\/#breadcrumb"},"inLanguage":"pt-BR","potentialAction":[{"@type":"ReadAction","target":["https:\/\/www.oarcanjo.net\/site\/papa-francisco-lanca-primeira-enciclica-lumen-fidei-a-luz-da-fe\/"]}]},{"@type":"BreadcrumbList","@id":"https:\/\/www.oarcanjo.net\/site\/papa-francisco-lanca-primeira-enciclica-lumen-fidei-a-luz-da-fe\/#breadcrumb","itemListElement":[{"@type":"ListItem","position":1,"name":"In\u00edcio","item":"https:\/\/www.oarcanjo.net\/site\/"},{"@type":"ListItem","position":2,"name":"Papa Francisco lan\u00e7a primeira Enc\u00edclica: Lumen Fidei (A Luz da F\u00e9)"}]},{"@type":"WebSite","@id":"https:\/\/www.oarcanjo.net\/site\/#website","url":"https:\/\/www.oarcanjo.net\/site\/","name":"O Arcanjo no ar","description":"Site da Par\u00f3quia S\u00e3o Miguel Arcanjo (Arquidiocese de SP)","publisher":{"@id":"https:\/\/www.oarcanjo.net\/site\/#organization"},"potentialAction":[{"@type":"SearchAction","target":{"@type":"EntryPoint","urlTemplate":"https:\/\/www.oarcanjo.net\/site\/?s={search_term_string}"},"query-input":{"@type":"PropertyValueSpecification","valueRequired":true,"valueName":"search_term_string"}}],"inLanguage":"pt-BR"},{"@type":"Organization","@id":"https:\/\/www.oarcanjo.net\/site\/#organization","name":"Par\u00f3quia S\u00e3o Miguel Arcanjo","url":"https:\/\/www.oarcanjo.net\/site\/","logo":{"@type":"ImageObject","inLanguage":"pt-BR","@id":"https:\/\/www.oarcanjo.net\/site\/#\/schema\/logo\/image\/","url":"https:\/\/www.oarcanjo.net\/site\/wp-content\/uploads\/LogoOArcanjo.png","contentUrl":"https:\/\/www.oarcanjo.net\/site\/wp-content\/uploads\/LogoOArcanjo.png","width":319,"height":99,"caption":"Par\u00f3quia S\u00e3o Miguel Arcanjo"},"image":{"@id":"https:\/\/www.oarcanjo.net\/site\/#\/schema\/logo\/image\/"},"sameAs":["https:\/\/www.facebook.com\/OArcanjoNoAr\/"]},{"@type":"Person","@id":"https:\/\/www.oarcanjo.net\/site\/#\/schema\/person\/f7024d007863202483a31326673a0838","name":"editor","sameAs":["http:\/\/www.oarcanjo.net"]}]}},"publishpress_future_action":{"enabled":false,"date":"2026-05-09 10:35:28","action":"category","newStatus":"draft","terms":[],"taxonomy":"category"},"publishpress_future_workflow_manual_trigger":{"enabledWorkflows":[]},"_links":{"self":[{"href":"https:\/\/www.oarcanjo.net\/site\/wp-json\/wp\/v2\/posts\/22214"}],"collection":[{"href":"https:\/\/www.oarcanjo.net\/site\/wp-json\/wp\/v2\/posts"}],"about":[{"href":"https:\/\/www.oarcanjo.net\/site\/wp-json\/wp\/v2\/types\/post"}],"author":[{"embeddable":true,"href":"https:\/\/www.oarcanjo.net\/site\/wp-json\/wp\/v2\/users\/5"}],"replies":[{"embeddable":true,"href":"https:\/\/www.oarcanjo.net\/site\/wp-json\/wp\/v2\/comments?post=22214"}],"version-history":[{"count":0,"href":"https:\/\/www.oarcanjo.net\/site\/wp-json\/wp\/v2\/posts\/22214\/revisions"}],"wp:attachment":[{"href":"https:\/\/www.oarcanjo.net\/site\/wp-json\/wp\/v2\/media?parent=22214"}],"wp:term":[{"taxonomy":"category","embeddable":true,"href":"https:\/\/www.oarcanjo.net\/site\/wp-json\/wp\/v2\/categories?post=22214"},{"taxonomy":"post_tag","embeddable":true,"href":"https:\/\/www.oarcanjo.net\/site\/wp-json\/wp\/v2\/tags?post=22214"}],"curies":[{"name":"wp","href":"https:\/\/api.w.org\/{rel}","templated":true}]}}