
{"id":22243,"date":"2013-07-08T09:58:40","date_gmt":"2013-07-08T12:58:40","guid":{"rendered":"http:\/\/www.oarcanjo.net\/site\/?p=22243"},"modified":"2013-07-08T09:58:40","modified_gmt":"2013-07-08T12:58:40","slug":"jovens-lituanos-chegam-sexta-feira-para-a-jmj","status":"publish","type":"post","link":"https:\/\/www.oarcanjo.net\/site\/jovens-lituanos-chegam-sexta-feira-para-a-jmj\/","title":{"rendered":"Jovens lituanos chegam sexta-feira para a JMJ"},"content":{"rendered":"<p>Chegam na sexta-feira, 12\/07, os jovens lituanos que ser\u00e3o acolhidos pela comunidade S\u00e3o Miguel para participar da Semana Mission\u00e1ria, evento que antecede a Jornada Mundial da Juventude (JMJ). Na v\u00e9spera, 11\/07, o cardeal arcebispo de S\u00e3o Paulo, Dom Odilo Scherer, celebra missa ao meio-dia pelo menino boliviano morto no colo da m\u00e3e durante um assalto. E o Papa Francisco faz uma visita in\u00e9dita e carregada de simbolismo nesta segunda-feira &#8211; veja nos avisos da semana:<\/p>\n<p><iframe loading=\"lazy\" width=\"560\" height=\"315\" src=\"\/\/www.youtube.com\/embed\/QEIKcgkbB6U?rel=0\" frameborder=\"0\" allowfullscreen><\/iframe><\/p>\n<div id=\"themify_builder_content-22243\" data-postid=\"22243\" class=\"themify_builder_content themify_builder_content-22243 themify_builder themify_builder_front\">\n\t<\/div>\n<!-- \/themify_builder_content -->","protected":false},"excerpt":{"rendered":"<p>Chegam na sexta-feira, 12\/07, os jovens lituanos que ser\u00e3o acolhidos pela comunidade S\u00e3o Miguel para participar da Semana Mission\u00e1ria, evento que antecede a Jornada Mundial da Juventude (JMJ). Na v\u00e9spera, 11\/07, o cardeal arcebispo de S\u00e3o Paulo, Dom Odilo Scherer, celebra missa ao meio-dia pelo menino boliviano morto no colo da m\u00e3e durante um assalto. E o Papa Francisco faz uma visita in\u00e9dita e carregada de simbolismo nesta segunda-feira &#8211; veja nos avisos da semana<\/p>\n","protected":false},"author":5,"featured_media":0,"comment_status":"open","ping_status":"open","sticky":false,"template":"","format":"standard","meta":{"ngg_post_thumbnail":0,"footnotes":""},"categories":[476,8],"tags":[2538,1544,2537,1937,1938,2536,2433,885,231,88,20],"yoast_head":"<!-- This site is optimized with the Yoast SEO plugin v23.5 - https:\/\/yoast.com\/wordpress\/plugins\/seo\/ -->\n<title>Jovens lituanos chegam sexta-feira para a JMJ - O Arcanjo no ar<\/title>\n<meta name=\"robots\" content=\"index, follow, max-snippet:-1, max-image-preview:large, max-video-preview:-1\" \/>\n<link rel=\"canonical\" href=\"https:\/\/www.oarcanjo.net\/site\/jovens-lituanos-chegam-sexta-feira-para-a-jmj\/\" \/>\n<meta property=\"og:locale\" content=\"pt_BR\" \/>\n<meta property=\"og:type\" content=\"article\" \/>\n<meta property=\"og:title\" content=\"Jovens lituanos chegam sexta-feira para a JMJ - O Arcanjo no ar\" \/>\n<meta property=\"og:description\" content=\"Chegam na sexta-feira, 12\/07, os jovens lituanos que ser\u00e3o acolhidos pela comunidade S\u00e3o Miguel para participar da Semana Mission\u00e1ria, evento que antecede a Jornada Mundial da Juventude (JMJ). Na v\u00e9spera, 11\/07, o cardeal arcebispo de S\u00e3o Paulo, Dom Odilo Scherer, celebra missa ao meio-dia pelo menino boliviano morto no colo da m\u00e3e durante um assalto. E o Papa Francisco faz uma visita in\u00e9dita e carregada de simbolismo nesta segunda-feira - veja nos avisos da semana\" \/>\n<meta property=\"og:url\" content=\"https:\/\/www.oarcanjo.net\/site\/jovens-lituanos-chegam-sexta-feira-para-a-jmj\/\" \/>\n<meta property=\"og:site_name\" content=\"O Arcanjo no ar\" \/>\n<meta property=\"article:publisher\" content=\"https:\/\/www.facebook.com\/OArcanjoNoAr\/\" \/>\n<meta property=\"article:published_time\" content=\"2013-07-08T12:58:40+00:00\" \/>\n<meta property=\"og:image\" content=\"https:\/\/www.oarcanjo.net\/site\/wp-content\/uploads\/logo-o-arcanjo-no-ar-facebook.png\" \/>\n\t<meta property=\"og:image:width\" content=\"300\" \/>\n\t<meta property=\"og:image:height\" content=\"300\" \/>\n\t<meta property=\"og:image:type\" content=\"image\/png\" \/>\n<meta name=\"author\" content=\"editor\" \/>\n<meta name=\"twitter:card\" content=\"summary_large_image\" \/>\n<meta name=\"twitter:label1\" content=\"Escrito por\" \/>\n\t<meta name=\"twitter:data1\" content=\"editor\" \/>\n<script type=\"application\/ld+json\" class=\"yoast-schema-graph\">{\"@context\":\"https:\/\/schema.org\",\"@graph\":[{\"@type\":\"Article\",\"@id\":\"https:\/\/www.oarcanjo.net\/site\/jovens-lituanos-chegam-sexta-feira-para-a-jmj\/#article\",\"isPartOf\":{\"@id\":\"https:\/\/www.oarcanjo.net\/site\/jovens-lituanos-chegam-sexta-feira-para-a-jmj\/\"},\"author\":{\"name\":\"editor\",\"@id\":\"https:\/\/www.oarcanjo.net\/site\/#\/schema\/person\/f7024d007863202483a31326673a0838\"},\"headline\":\"Jovens lituanos chegam sexta-feira para a JMJ\",\"datePublished\":\"2013-07-08T12:58:40+00:00\",\"dateModified\":\"2013-07-08T12:58:40+00:00\",\"mainEntityOfPage\":{\"@id\":\"https:\/\/www.oarcanjo.net\/site\/jovens-lituanos-chegam-sexta-feira-para-a-jmj\/\"},\"wordCount\":87,\"commentCount\":0,\"publisher\":{\"@id\":\"https:\/\/www.oarcanjo.net\/site\/#organization\"},\"keywords\":[\"bolivianos\",\"Dom Odilo Scherer\",\"imigrantes\",\"JMJ\",\"Jornada Mundial da Juventude\",\"Lampedusa\",\"Papa Francisco\",\"Santa Paulina\",\"seguran\u00e7a\",\"solidariedade\",\"viol\u00eancia\"],\"articleSection\":[\"Avisos\",\"Not\u00edcias\"],\"inLanguage\":\"pt-BR\",\"potentialAction\":[{\"@type\":\"CommentAction\",\"name\":\"Comment\",\"target\":[\"https:\/\/www.oarcanjo.net\/site\/jovens-lituanos-chegam-sexta-feira-para-a-jmj\/#respond\"]}]},{\"@type\":\"WebPage\",\"@id\":\"https:\/\/www.oarcanjo.net\/site\/jovens-lituanos-chegam-sexta-feira-para-a-jmj\/\",\"url\":\"https:\/\/www.oarcanjo.net\/site\/jovens-lituanos-chegam-sexta-feira-para-a-jmj\/\",\"name\":\"Jovens lituanos chegam sexta-feira para a JMJ - O Arcanjo no ar\",\"isPartOf\":{\"@id\":\"https:\/\/www.oarcanjo.net\/site\/#website\"},\"datePublished\":\"2013-07-08T12:58:40+00:00\",\"dateModified\":\"2013-07-08T12:58:40+00:00\",\"breadcrumb\":{\"@id\":\"https:\/\/www.oarcanjo.net\/site\/jovens-lituanos-chegam-sexta-feira-para-a-jmj\/#breadcrumb\"},\"inLanguage\":\"pt-BR\",\"potentialAction\":[{\"@type\":\"ReadAction\",\"target\":[\"https:\/\/www.oarcanjo.net\/site\/jovens-lituanos-chegam-sexta-feira-para-a-jmj\/\"]}]},{\"@type\":\"BreadcrumbList\",\"@id\":\"https:\/\/www.oarcanjo.net\/site\/jovens-lituanos-chegam-sexta-feira-para-a-jmj\/#breadcrumb\",\"itemListElement\":[{\"@type\":\"ListItem\",\"position\":1,\"name\":\"In\u00edcio\",\"item\":\"https:\/\/www.oarcanjo.net\/site\/\"},{\"@type\":\"ListItem\",\"position\":2,\"name\":\"Jovens lituanos chegam sexta-feira para a JMJ\"}]},{\"@type\":\"WebSite\",\"@id\":\"https:\/\/www.oarcanjo.net\/site\/#website\",\"url\":\"https:\/\/www.oarcanjo.net\/site\/\",\"name\":\"O Arcanjo no ar\",\"description\":\"Site da Par\u00f3quia S\u00e3o Miguel Arcanjo (Arquidiocese de SP)\",\"publisher\":{\"@id\":\"https:\/\/www.oarcanjo.net\/site\/#organization\"},\"potentialAction\":[{\"@type\":\"SearchAction\",\"target\":{\"@type\":\"EntryPoint\",\"urlTemplate\":\"https:\/\/www.oarcanjo.net\/site\/?s={search_term_string}\"},\"query-input\":{\"@type\":\"PropertyValueSpecification\",\"valueRequired\":true,\"valueName\":\"search_term_string\"}}],\"inLanguage\":\"pt-BR\"},{\"@type\":\"Organization\",\"@id\":\"https:\/\/www.oarcanjo.net\/site\/#organization\",\"name\":\"Par\u00f3quia S\u00e3o Miguel Arcanjo\",\"url\":\"https:\/\/www.oarcanjo.net\/site\/\",\"logo\":{\"@type\":\"ImageObject\",\"inLanguage\":\"pt-BR\",\"@id\":\"https:\/\/www.oarcanjo.net\/site\/#\/schema\/logo\/image\/\",\"url\":\"https:\/\/www.oarcanjo.net\/site\/wp-content\/uploads\/LogoOArcanjo.png\",\"contentUrl\":\"https:\/\/www.oarcanjo.net\/site\/wp-content\/uploads\/LogoOArcanjo.png\",\"width\":319,\"height\":99,\"caption\":\"Par\u00f3quia S\u00e3o Miguel Arcanjo\"},\"image\":{\"@id\":\"https:\/\/www.oarcanjo.net\/site\/#\/schema\/logo\/image\/\"},\"sameAs\":[\"https:\/\/www.facebook.com\/OArcanjoNoAr\/\"]},{\"@type\":\"Person\",\"@id\":\"https:\/\/www.oarcanjo.net\/site\/#\/schema\/person\/f7024d007863202483a31326673a0838\",\"name\":\"editor\",\"sameAs\":[\"http:\/\/www.oarcanjo.net\"]}]}<\/script>\n<!-- \/ Yoast SEO plugin. -->","yoast_head_json":{"title":"Jovens lituanos chegam sexta-feira para a JMJ - O Arcanjo no ar","robots":{"index":"index","follow":"follow","max-snippet":"max-snippet:-1","max-image-preview":"max-image-preview:large","max-video-preview":"max-video-preview:-1"},"canonical":"https:\/\/www.oarcanjo.net\/site\/jovens-lituanos-chegam-sexta-feira-para-a-jmj\/","og_locale":"pt_BR","og_type":"article","og_title":"Jovens lituanos chegam sexta-feira para a JMJ - O Arcanjo no ar","og_description":"Chegam na sexta-feira, 12\/07, os jovens lituanos que ser\u00e3o acolhidos pela comunidade S\u00e3o Miguel para participar da Semana Mission\u00e1ria, evento que antecede a Jornada Mundial da Juventude (JMJ). Na v\u00e9spera, 11\/07, o cardeal arcebispo de S\u00e3o Paulo, Dom Odilo Scherer, celebra missa ao meio-dia pelo menino boliviano morto no colo da m\u00e3e durante um assalto. E o Papa Francisco faz uma visita in\u00e9dita e carregada de simbolismo nesta segunda-feira - veja nos avisos da semana","og_url":"https:\/\/www.oarcanjo.net\/site\/jovens-lituanos-chegam-sexta-feira-para-a-jmj\/","og_site_name":"O Arcanjo no ar","article_publisher":"https:\/\/www.facebook.com\/OArcanjoNoAr\/","article_published_time":"2013-07-08T12:58:40+00:00","og_image":[{"width":300,"height":300,"url":"https:\/\/www.oarcanjo.net\/site\/wp-content\/uploads\/logo-o-arcanjo-no-ar-facebook.png","type":"image\/png"}],"author":"editor","twitter_card":"summary_large_image","twitter_misc":{"Escrito por":"editor"},"schema":{"@context":"https:\/\/schema.org","@graph":[{"@type":"Article","@id":"https:\/\/www.oarcanjo.net\/site\/jovens-lituanos-chegam-sexta-feira-para-a-jmj\/#article","isPartOf":{"@id":"https:\/\/www.oarcanjo.net\/site\/jovens-lituanos-chegam-sexta-feira-para-a-jmj\/"},"author":{"name":"editor","@id":"https:\/\/www.oarcanjo.net\/site\/#\/schema\/person\/f7024d007863202483a31326673a0838"},"headline":"Jovens lituanos chegam sexta-feira para a JMJ","datePublished":"2013-07-08T12:58:40+00:00","dateModified":"2013-07-08T12:58:40+00:00","mainEntityOfPage":{"@id":"https:\/\/www.oarcanjo.net\/site\/jovens-lituanos-chegam-sexta-feira-para-a-jmj\/"},"wordCount":87,"commentCount":0,"publisher":{"@id":"https:\/\/www.oarcanjo.net\/site\/#organization"},"keywords":["bolivianos","Dom Odilo Scherer","imigrantes","JMJ","Jornada Mundial da Juventude","Lampedusa","Papa Francisco","Santa Paulina","seguran\u00e7a","solidariedade","viol\u00eancia"],"articleSection":["Avisos","Not\u00edcias"],"inLanguage":"pt-BR","potentialAction":[{"@type":"CommentAction","name":"Comment","target":["https:\/\/www.oarcanjo.net\/site\/jovens-lituanos-chegam-sexta-feira-para-a-jmj\/#respond"]}]},{"@type":"WebPage","@id":"https:\/\/www.oarcanjo.net\/site\/jovens-lituanos-chegam-sexta-feira-para-a-jmj\/","url":"https:\/\/www.oarcanjo.net\/site\/jovens-lituanos-chegam-sexta-feira-para-a-jmj\/","name":"Jovens lituanos chegam sexta-feira para a JMJ - O Arcanjo no ar","isPartOf":{"@id":"https:\/\/www.oarcanjo.net\/site\/#website"},"datePublished":"2013-07-08T12:58:40+00:00","dateModified":"2013-07-08T12:58:40+00:00","breadcrumb":{"@id":"https:\/\/www.oarcanjo.net\/site\/jovens-lituanos-chegam-sexta-feira-para-a-jmj\/#breadcrumb"},"inLanguage":"pt-BR","potentialAction":[{"@type":"ReadAction","target":["https:\/\/www.oarcanjo.net\/site\/jovens-lituanos-chegam-sexta-feira-para-a-jmj\/"]}]},{"@type":"BreadcrumbList","@id":"https:\/\/www.oarcanjo.net\/site\/jovens-lituanos-chegam-sexta-feira-para-a-jmj\/#breadcrumb","itemListElement":[{"@type":"ListItem","position":1,"name":"In\u00edcio","item":"https:\/\/www.oarcanjo.net\/site\/"},{"@type":"ListItem","position":2,"name":"Jovens lituanos chegam sexta-feira para a JMJ"}]},{"@type":"WebSite","@id":"https:\/\/www.oarcanjo.net\/site\/#website","url":"https:\/\/www.oarcanjo.net\/site\/","name":"O Arcanjo no ar","description":"Site da Par\u00f3quia S\u00e3o Miguel Arcanjo (Arquidiocese de SP)","publisher":{"@id":"https:\/\/www.oarcanjo.net\/site\/#organization"},"potentialAction":[{"@type":"SearchAction","target":{"@type":"EntryPoint","urlTemplate":"https:\/\/www.oarcanjo.net\/site\/?s={search_term_string}"},"query-input":{"@type":"PropertyValueSpecification","valueRequired":true,"valueName":"search_term_string"}}],"inLanguage":"pt-BR"},{"@type":"Organization","@id":"https:\/\/www.oarcanjo.net\/site\/#organization","name":"Par\u00f3quia S\u00e3o Miguel Arcanjo","url":"https:\/\/www.oarcanjo.net\/site\/","logo":{"@type":"ImageObject","inLanguage":"pt-BR","@id":"https:\/\/www.oarcanjo.net\/site\/#\/schema\/logo\/image\/","url":"https:\/\/www.oarcanjo.net\/site\/wp-content\/uploads\/LogoOArcanjo.png","contentUrl":"https:\/\/www.oarcanjo.net\/site\/wp-content\/uploads\/LogoOArcanjo.png","width":319,"height":99,"caption":"Par\u00f3quia S\u00e3o Miguel Arcanjo"},"image":{"@id":"https:\/\/www.oarcanjo.net\/site\/#\/schema\/logo\/image\/"},"sameAs":["https:\/\/www.facebook.com\/OArcanjoNoAr\/"]},{"@type":"Person","@id":"https:\/\/www.oarcanjo.net\/site\/#\/schema\/person\/f7024d007863202483a31326673a0838","name":"editor","sameAs":["http:\/\/www.oarcanjo.net"]}]}},"publishpress_future_action":{"enabled":false,"date":"2026-05-07 10:09:22","action":"category","newStatus":"draft","terms":[],"taxonomy":"category"},"publishpress_future_workflow_manual_trigger":{"enabledWorkflows":[]},"_links":{"self":[{"href":"https:\/\/www.oarcanjo.net\/site\/wp-json\/wp\/v2\/posts\/22243"}],"collection":[{"href":"https:\/\/www.oarcanjo.net\/site\/wp-json\/wp\/v2\/posts"}],"about":[{"href":"https:\/\/www.oarcanjo.net\/site\/wp-json\/wp\/v2\/types\/post"}],"author":[{"embeddable":true,"href":"https:\/\/www.oarcanjo.net\/site\/wp-json\/wp\/v2\/users\/5"}],"replies":[{"embeddable":true,"href":"https:\/\/www.oarcanjo.net\/site\/wp-json\/wp\/v2\/comments?post=22243"}],"version-history":[{"count":0,"href":"https:\/\/www.oarcanjo.net\/site\/wp-json\/wp\/v2\/posts\/22243\/revisions"}],"wp:attachment":[{"href":"https:\/\/www.oarcanjo.net\/site\/wp-json\/wp\/v2\/media?parent=22243"}],"wp:term":[{"taxonomy":"category","embeddable":true,"href":"https:\/\/www.oarcanjo.net\/site\/wp-json\/wp\/v2\/categories?post=22243"},{"taxonomy":"post_tag","embeddable":true,"href":"https:\/\/www.oarcanjo.net\/site\/wp-json\/wp\/v2\/tags?post=22243"}],"curies":[{"name":"wp","href":"https:\/\/api.w.org\/{rel}","templated":true}]}}