
{"id":22252,"date":"2013-07-08T20:24:09","date_gmt":"2013-07-08T23:24:09","guid":{"rendered":"http:\/\/www.oarcanjo.net\/site\/?p=22252"},"modified":"2013-07-08T20:37:59","modified_gmt":"2013-07-08T23:37:59","slug":"pe-lombardi-visita-do-papa-a-lampedusa-um-chamado-a-consciencia-de-todos","status":"publish","type":"post","link":"https:\/\/www.oarcanjo.net\/site\/pe-lombardi-visita-do-papa-a-lampedusa-um-chamado-a-consciencia-de-todos\/","title":{"rendered":"Pe. Lombardi: visita do Papa a Lampedusa, um chamado \u00e0 consci\u00eancia de todos"},"content":{"rendered":"<\/p>\n<p>Cidade do VAticano (RV) &#8211; Um &#8220;evento inacredit\u00e1vel, intenso, hist\u00f3rico e significativo realizado no espa\u00e7o de poucas horas&#8221;: foi o que disse o diretor da Sala de Imprensa da Santa S\u00e9, Pe. Federico Lombardi, numa coletiva com os jornalistas, definindo a viagem do Papa Francisco \u00e0 ilha de Lampedusa \u2013 sul da It\u00e1lia.<\/p>\n<p>Segundo o sacerdote jesu\u00edta, &#8220;o Papa ficou muito impressionado com o acolhimento dos habitantes da ilha&#8221;, aos quais dirigiu um caloroso agradecimento e &#8220;o convite a continuarem sendo um exemplo tamb\u00e9m de acolhimento e de responsabilidade em favor destas pessoas em dificuldade, que chegam \u00e0 costa de Lampedusa, pr\u00f3ximo \u00e0s casas deles. Certamente, essa \u00e9 a mensagem fundamental desta viagem&#8221;, precisou.<\/p>\n<p>Para o Papa era importante que se entendesse o significado desta sua visita: um &#8220;gesto importante e significativo \u2013 como disse na homilia \u2013 de &#8216;chorar por aqueles que morreram no caminho rumo a uma condi\u00e7\u00e3o melhor de vida&#8217;; de solidariedade com todos aqueles que sofrem neste mesmo caminho e de solidariedade e encorajamento para com todos aqueles que se empenham efetivamente em acolh\u00ea-los e a permitir-lhes que prossigam rumo a uma vida melhor; de encorajamento tamb\u00e9m muito forte para quem, em n\u00edvel inclusive de responsabilidade, pode buscar criar condi\u00e7\u00f5es melhores para que esta vida nova, para estas pessoas que sofreram tanto e que sofrem, possa realizar-se realmente&#8221;.<\/p>\n<p>&#8220;Certamente \u2013 explicou Pe. Lombardi \u2013 foi tamb\u00e9m um dia de festa crist\u00e3, de renova\u00e7\u00e3o da consci\u00eancia. Mas n\u00e3o nos esque\u00e7amos da for\u00e7a da Liturgia, que queria ser tamb\u00e9m uma Liturgia de penit\u00eancia e de convers\u00e3o, com mensagens fortes voltadas para a responsabilidade.&#8221;<\/p>\n<p>O diretor da Sala de Imprensa da Santa S\u00e9 disse ter podido falar ao Santo Padre sobre a repercuss\u00e3o da visita, que a mensagem parece ter sido acolhida, inclusive em n\u00edvel internacional, com grande disponibilidade e com grande aten\u00e7\u00e3o.<\/p>\n<p>Isso certamente deixou o Papa muito contente \u2013 acrescentou Pe. Lombardi: &#8220;o sentido de uma miss\u00e3o cumprida com intensidade e que alcan\u00e7a a sua finalidade de tocar as consci\u00eancias, de despertar a consci\u00eancia do mundo de hoje&#8221;.<\/p>\n<p>Em seguida, o religioso falou sobre a Igreja em Agrigento, &#8220;uma Igreja que se faz verdadeiramente parte ativa deste compromisso de acolhimento e de solidariedade para com os imigrados&#8221;.<\/p>\n<p>Portanto \u2013 ressaltou \u2013, trata-se de &#8220;um balan\u00e7o extremamente positivo&#8221;, uma viagem &#8220;que \u2013 no espa\u00e7o de quatro horas \u2013 deu ao mundo um verdadeiro testemunho, que esperamos permane\u00e7a! Certamente, essa \u00e9 a esperan\u00e7a do Papa. Mas creio que n\u00e3o lhe faltar\u00e3o ocasi\u00f5es para nos recordar estas coisas e para tamb\u00e9m evoc\u00e1-las com outros sinais extremamente fortes&#8221;, acrescentou.<\/p>\n<p>Pe. Lombardi recordou tamb\u00e9m o &#8220;sentido de responsabilidade e de empenho na organiza\u00e7\u00e3o desta visita, que foi organizada no espa\u00e7o de uma semana&#8230; no espa\u00e7o de cinco dias. Portanto, todos fizeram muito: os marinheiros, as for\u00e7as de seguran\u00e7a, a prefeita, os volunt\u00e1rios, a Igreja&#8230; todos realmente se mobilizaram a fim de que esta visita alcan\u00e7asse o seu significado e a sua finalidade. E o Papa \u00e9 extremamente grato por isso&#8221;.<\/p>\n<p>Respondendo a uma pergunta sobre o chamado do Papa \u00e0s responsabilidades institucionais em rela\u00e7\u00e3o ao drama da imigra\u00e7\u00e3o, o diretor da Sala de Imprensa da Santa S\u00e9 disse que o Pont\u00edfice &#8220;fala sempre a todos, \u00e0 consci\u00eancia de todos, segundo a responsabilidade de cada um. Portanto, n\u00e3o exime ningu\u00e9m desta responsabilidade.<\/p>\n<p>Inclusive, nestes casos, ele se coloca em quest\u00e3o sempre em primeira pessoa. Evidentemente, segundo a responsabilidade de cada um tamb\u00e9m nos n\u00edveis mais altos&#8221;.<br \/>\nPortanto \u2013 acrescentou \u2013, h\u00e1 certamente um chamado a quem tem um poder efetivo de influenciar nas decis\u00f5es que t\u00eam conseq\u00fc\u00eancias de car\u00e1ter econ\u00f4mico, social e pol\u00edtico de amplo alcance&#8221;, mas &#8220;n\u00e3o h\u00e1 de modo algum uma acusa\u00e7\u00e3o a algu\u00e9m especificadamente&#8221;, porque &#8220;h\u00e1 um chamada \u00e0 responsabilidade absolutamente a todos, a partir das popula\u00e7\u00f5es que podem acolher e ajudar&#8221;. (RL)<\/p>\n<div id=\"themify_builder_content-22252\" data-postid=\"22252\" class=\"themify_builder_content themify_builder_content-22252 themify_builder themify_builder_front\">\n\t<\/div>\n<!-- \/themify_builder_content -->","protected":false},"excerpt":{"rendered":"<p>Cidade do VAticano (RV) &#8211; Um &#8220;evento inacredit\u00e1vel, intenso, hist\u00f3rico e significativo realizado no espa\u00e7o de poucas horas&#8221;: foi o que disse o diretor da Sala de Imprensa da Santa S\u00e9, Pe. Federico Lombardi, numa coletiva com os jornalistas, definindo a viagem do Papa Francisco \u00e0 ilha de Lampedusa \u2013 sul da It\u00e1lia. Segundo o [&hellip;]<\/p>\n","protected":false},"author":5,"featured_media":0,"comment_status":"open","ping_status":"open","sticky":false,"template":"","format":"standard","meta":{"ngg_post_thumbnail":0,"footnotes":""},"categories":[8],"tags":[2539,2536,3204,2433,2540],"yoast_head":"<!-- This site is optimized with the Yoast SEO plugin v23.5 - https:\/\/yoast.com\/wordpress\/plugins\/seo\/ -->\n<title>Pe. Lombardi: visita do Papa a Lampedusa, um chamado \u00e0 consci\u00eancia de todos - O Arcanjo no ar<\/title>\n<meta name=\"robots\" content=\"index, follow, max-snippet:-1, max-image-preview:large, max-video-preview:-1\" \/>\n<link rel=\"canonical\" href=\"https:\/\/www.oarcanjo.net\/site\/pe-lombardi-visita-do-papa-a-lampedusa-um-chamado-a-consciencia-de-todos\/\" \/>\n<meta property=\"og:locale\" content=\"pt_BR\" \/>\n<meta property=\"og:type\" content=\"article\" \/>\n<meta property=\"og:title\" content=\"Pe. Lombardi: visita do Papa a Lampedusa, um chamado \u00e0 consci\u00eancia de todos - O Arcanjo no ar\" \/>\n<meta property=\"og:description\" content=\"Cidade do VAticano (RV) &#8211; Um &#8220;evento inacredit\u00e1vel, intenso, hist\u00f3rico e significativo realizado no espa\u00e7o de poucas horas&#8221;: foi o que disse o diretor da Sala de Imprensa da Santa S\u00e9, Pe. Federico Lombardi, numa coletiva com os jornalistas, definindo a viagem do Papa Francisco \u00e0 ilha de Lampedusa \u2013 sul da It\u00e1lia. Segundo o [&hellip;]\" \/>\n<meta property=\"og:url\" content=\"https:\/\/www.oarcanjo.net\/site\/pe-lombardi-visita-do-papa-a-lampedusa-um-chamado-a-consciencia-de-todos\/\" \/>\n<meta property=\"og:site_name\" content=\"O Arcanjo no ar\" \/>\n<meta property=\"article:publisher\" content=\"https:\/\/www.facebook.com\/OArcanjoNoAr\/\" \/>\n<meta property=\"article:published_time\" content=\"2013-07-08T23:24:09+00:00\" \/>\n<meta property=\"article:modified_time\" content=\"2013-07-08T23:37:59+00:00\" \/>\n<meta property=\"og:image\" content=\"https:\/\/www.oarcanjo.net\/site\/wp-content\/uploads\/logo-o-arcanjo-no-ar-facebook.png\" \/>\n\t<meta property=\"og:image:width\" content=\"300\" \/>\n\t<meta property=\"og:image:height\" content=\"300\" \/>\n\t<meta property=\"og:image:type\" content=\"image\/png\" \/>\n<meta name=\"author\" content=\"editor\" \/>\n<meta name=\"twitter:card\" content=\"summary_large_image\" \/>\n<meta name=\"twitter:label1\" content=\"Escrito por\" \/>\n\t<meta name=\"twitter:data1\" content=\"editor\" \/>\n\t<meta name=\"twitter:label2\" content=\"Est. tempo de leitura\" \/>\n\t<meta name=\"twitter:data2\" content=\"3 minutos\" \/>\n<script type=\"application\/ld+json\" class=\"yoast-schema-graph\">{\"@context\":\"https:\/\/schema.org\",\"@graph\":[{\"@type\":\"Article\",\"@id\":\"https:\/\/www.oarcanjo.net\/site\/pe-lombardi-visita-do-papa-a-lampedusa-um-chamado-a-consciencia-de-todos\/#article\",\"isPartOf\":{\"@id\":\"https:\/\/www.oarcanjo.net\/site\/pe-lombardi-visita-do-papa-a-lampedusa-um-chamado-a-consciencia-de-todos\/\"},\"author\":{\"name\":\"editor\",\"@id\":\"https:\/\/www.oarcanjo.net\/site\/#\/schema\/person\/f7024d007863202483a31326673a0838\"},\"headline\":\"Pe. Lombardi: visita do Papa a Lampedusa, um chamado \u00e0 consci\u00eancia de todos\",\"datePublished\":\"2013-07-08T23:24:09+00:00\",\"dateModified\":\"2013-07-08T23:37:59+00:00\",\"mainEntityOfPage\":{\"@id\":\"https:\/\/www.oarcanjo.net\/site\/pe-lombardi-visita-do-papa-a-lampedusa-um-chamado-a-consciencia-de-todos\/\"},\"wordCount\":691,\"commentCount\":0,\"publisher\":{\"@id\":\"https:\/\/www.oarcanjo.net\/site\/#organization\"},\"keywords\":[\"Consci\u00eancia\",\"Lampedusa\",\"Liturgia\",\"Papa Francisco\",\"Santo Padre\"],\"articleSection\":[\"Not\u00edcias\"],\"inLanguage\":\"pt-BR\",\"potentialAction\":[{\"@type\":\"CommentAction\",\"name\":\"Comment\",\"target\":[\"https:\/\/www.oarcanjo.net\/site\/pe-lombardi-visita-do-papa-a-lampedusa-um-chamado-a-consciencia-de-todos\/#respond\"]}]},{\"@type\":\"WebPage\",\"@id\":\"https:\/\/www.oarcanjo.net\/site\/pe-lombardi-visita-do-papa-a-lampedusa-um-chamado-a-consciencia-de-todos\/\",\"url\":\"https:\/\/www.oarcanjo.net\/site\/pe-lombardi-visita-do-papa-a-lampedusa-um-chamado-a-consciencia-de-todos\/\",\"name\":\"Pe. Lombardi: visita do Papa a Lampedusa, um chamado \u00e0 consci\u00eancia de todos - O Arcanjo no ar\",\"isPartOf\":{\"@id\":\"https:\/\/www.oarcanjo.net\/site\/#website\"},\"datePublished\":\"2013-07-08T23:24:09+00:00\",\"dateModified\":\"2013-07-08T23:37:59+00:00\",\"breadcrumb\":{\"@id\":\"https:\/\/www.oarcanjo.net\/site\/pe-lombardi-visita-do-papa-a-lampedusa-um-chamado-a-consciencia-de-todos\/#breadcrumb\"},\"inLanguage\":\"pt-BR\",\"potentialAction\":[{\"@type\":\"ReadAction\",\"target\":[\"https:\/\/www.oarcanjo.net\/site\/pe-lombardi-visita-do-papa-a-lampedusa-um-chamado-a-consciencia-de-todos\/\"]}]},{\"@type\":\"BreadcrumbList\",\"@id\":\"https:\/\/www.oarcanjo.net\/site\/pe-lombardi-visita-do-papa-a-lampedusa-um-chamado-a-consciencia-de-todos\/#breadcrumb\",\"itemListElement\":[{\"@type\":\"ListItem\",\"position\":1,\"name\":\"In\u00edcio\",\"item\":\"https:\/\/www.oarcanjo.net\/site\/\"},{\"@type\":\"ListItem\",\"position\":2,\"name\":\"Pe. Lombardi: visita do Papa a Lampedusa, um chamado \u00e0 consci\u00eancia de todos\"}]},{\"@type\":\"WebSite\",\"@id\":\"https:\/\/www.oarcanjo.net\/site\/#website\",\"url\":\"https:\/\/www.oarcanjo.net\/site\/\",\"name\":\"O Arcanjo no ar\",\"description\":\"Site da Par\u00f3quia S\u00e3o Miguel Arcanjo (Arquidiocese de SP)\",\"publisher\":{\"@id\":\"https:\/\/www.oarcanjo.net\/site\/#organization\"},\"potentialAction\":[{\"@type\":\"SearchAction\",\"target\":{\"@type\":\"EntryPoint\",\"urlTemplate\":\"https:\/\/www.oarcanjo.net\/site\/?s={search_term_string}\"},\"query-input\":{\"@type\":\"PropertyValueSpecification\",\"valueRequired\":true,\"valueName\":\"search_term_string\"}}],\"inLanguage\":\"pt-BR\"},{\"@type\":\"Organization\",\"@id\":\"https:\/\/www.oarcanjo.net\/site\/#organization\",\"name\":\"Par\u00f3quia S\u00e3o Miguel Arcanjo\",\"url\":\"https:\/\/www.oarcanjo.net\/site\/\",\"logo\":{\"@type\":\"ImageObject\",\"inLanguage\":\"pt-BR\",\"@id\":\"https:\/\/www.oarcanjo.net\/site\/#\/schema\/logo\/image\/\",\"url\":\"https:\/\/www.oarcanjo.net\/site\/wp-content\/uploads\/LogoOArcanjo.png\",\"contentUrl\":\"https:\/\/www.oarcanjo.net\/site\/wp-content\/uploads\/LogoOArcanjo.png\",\"width\":319,\"height\":99,\"caption\":\"Par\u00f3quia S\u00e3o Miguel Arcanjo\"},\"image\":{\"@id\":\"https:\/\/www.oarcanjo.net\/site\/#\/schema\/logo\/image\/\"},\"sameAs\":[\"https:\/\/www.facebook.com\/OArcanjoNoAr\/\"]},{\"@type\":\"Person\",\"@id\":\"https:\/\/www.oarcanjo.net\/site\/#\/schema\/person\/f7024d007863202483a31326673a0838\",\"name\":\"editor\",\"sameAs\":[\"http:\/\/www.oarcanjo.net\"]}]}<\/script>\n<!-- \/ Yoast SEO plugin. -->","yoast_head_json":{"title":"Pe. Lombardi: visita do Papa a Lampedusa, um chamado \u00e0 consci\u00eancia de todos - O Arcanjo no ar","robots":{"index":"index","follow":"follow","max-snippet":"max-snippet:-1","max-image-preview":"max-image-preview:large","max-video-preview":"max-video-preview:-1"},"canonical":"https:\/\/www.oarcanjo.net\/site\/pe-lombardi-visita-do-papa-a-lampedusa-um-chamado-a-consciencia-de-todos\/","og_locale":"pt_BR","og_type":"article","og_title":"Pe. Lombardi: visita do Papa a Lampedusa, um chamado \u00e0 consci\u00eancia de todos - O Arcanjo no ar","og_description":"Cidade do VAticano (RV) &#8211; Um &#8220;evento inacredit\u00e1vel, intenso, hist\u00f3rico e significativo realizado no espa\u00e7o de poucas horas&#8221;: foi o que disse o diretor da Sala de Imprensa da Santa S\u00e9, Pe. Federico Lombardi, numa coletiva com os jornalistas, definindo a viagem do Papa Francisco \u00e0 ilha de Lampedusa \u2013 sul da It\u00e1lia. Segundo o [&hellip;]","og_url":"https:\/\/www.oarcanjo.net\/site\/pe-lombardi-visita-do-papa-a-lampedusa-um-chamado-a-consciencia-de-todos\/","og_site_name":"O Arcanjo no ar","article_publisher":"https:\/\/www.facebook.com\/OArcanjoNoAr\/","article_published_time":"2013-07-08T23:24:09+00:00","article_modified_time":"2013-07-08T23:37:59+00:00","og_image":[{"width":300,"height":300,"url":"https:\/\/www.oarcanjo.net\/site\/wp-content\/uploads\/logo-o-arcanjo-no-ar-facebook.png","type":"image\/png"}],"author":"editor","twitter_card":"summary_large_image","twitter_misc":{"Escrito por":"editor","Est. tempo de leitura":"3 minutos"},"schema":{"@context":"https:\/\/schema.org","@graph":[{"@type":"Article","@id":"https:\/\/www.oarcanjo.net\/site\/pe-lombardi-visita-do-papa-a-lampedusa-um-chamado-a-consciencia-de-todos\/#article","isPartOf":{"@id":"https:\/\/www.oarcanjo.net\/site\/pe-lombardi-visita-do-papa-a-lampedusa-um-chamado-a-consciencia-de-todos\/"},"author":{"name":"editor","@id":"https:\/\/www.oarcanjo.net\/site\/#\/schema\/person\/f7024d007863202483a31326673a0838"},"headline":"Pe. Lombardi: visita do Papa a Lampedusa, um chamado \u00e0 consci\u00eancia de todos","datePublished":"2013-07-08T23:24:09+00:00","dateModified":"2013-07-08T23:37:59+00:00","mainEntityOfPage":{"@id":"https:\/\/www.oarcanjo.net\/site\/pe-lombardi-visita-do-papa-a-lampedusa-um-chamado-a-consciencia-de-todos\/"},"wordCount":691,"commentCount":0,"publisher":{"@id":"https:\/\/www.oarcanjo.net\/site\/#organization"},"keywords":["Consci\u00eancia","Lampedusa","Liturgia","Papa Francisco","Santo Padre"],"articleSection":["Not\u00edcias"],"inLanguage":"pt-BR","potentialAction":[{"@type":"CommentAction","name":"Comment","target":["https:\/\/www.oarcanjo.net\/site\/pe-lombardi-visita-do-papa-a-lampedusa-um-chamado-a-consciencia-de-todos\/#respond"]}]},{"@type":"WebPage","@id":"https:\/\/www.oarcanjo.net\/site\/pe-lombardi-visita-do-papa-a-lampedusa-um-chamado-a-consciencia-de-todos\/","url":"https:\/\/www.oarcanjo.net\/site\/pe-lombardi-visita-do-papa-a-lampedusa-um-chamado-a-consciencia-de-todos\/","name":"Pe. Lombardi: visita do Papa a Lampedusa, um chamado \u00e0 consci\u00eancia de todos - O Arcanjo no ar","isPartOf":{"@id":"https:\/\/www.oarcanjo.net\/site\/#website"},"datePublished":"2013-07-08T23:24:09+00:00","dateModified":"2013-07-08T23:37:59+00:00","breadcrumb":{"@id":"https:\/\/www.oarcanjo.net\/site\/pe-lombardi-visita-do-papa-a-lampedusa-um-chamado-a-consciencia-de-todos\/#breadcrumb"},"inLanguage":"pt-BR","potentialAction":[{"@type":"ReadAction","target":["https:\/\/www.oarcanjo.net\/site\/pe-lombardi-visita-do-papa-a-lampedusa-um-chamado-a-consciencia-de-todos\/"]}]},{"@type":"BreadcrumbList","@id":"https:\/\/www.oarcanjo.net\/site\/pe-lombardi-visita-do-papa-a-lampedusa-um-chamado-a-consciencia-de-todos\/#breadcrumb","itemListElement":[{"@type":"ListItem","position":1,"name":"In\u00edcio","item":"https:\/\/www.oarcanjo.net\/site\/"},{"@type":"ListItem","position":2,"name":"Pe. Lombardi: visita do Papa a Lampedusa, um chamado \u00e0 consci\u00eancia de todos"}]},{"@type":"WebSite","@id":"https:\/\/www.oarcanjo.net\/site\/#website","url":"https:\/\/www.oarcanjo.net\/site\/","name":"O Arcanjo no ar","description":"Site da Par\u00f3quia S\u00e3o Miguel Arcanjo (Arquidiocese de SP)","publisher":{"@id":"https:\/\/www.oarcanjo.net\/site\/#organization"},"potentialAction":[{"@type":"SearchAction","target":{"@type":"EntryPoint","urlTemplate":"https:\/\/www.oarcanjo.net\/site\/?s={search_term_string}"},"query-input":{"@type":"PropertyValueSpecification","valueRequired":true,"valueName":"search_term_string"}}],"inLanguage":"pt-BR"},{"@type":"Organization","@id":"https:\/\/www.oarcanjo.net\/site\/#organization","name":"Par\u00f3quia S\u00e3o Miguel Arcanjo","url":"https:\/\/www.oarcanjo.net\/site\/","logo":{"@type":"ImageObject","inLanguage":"pt-BR","@id":"https:\/\/www.oarcanjo.net\/site\/#\/schema\/logo\/image\/","url":"https:\/\/www.oarcanjo.net\/site\/wp-content\/uploads\/LogoOArcanjo.png","contentUrl":"https:\/\/www.oarcanjo.net\/site\/wp-content\/uploads\/LogoOArcanjo.png","width":319,"height":99,"caption":"Par\u00f3quia S\u00e3o Miguel Arcanjo"},"image":{"@id":"https:\/\/www.oarcanjo.net\/site\/#\/schema\/logo\/image\/"},"sameAs":["https:\/\/www.facebook.com\/OArcanjoNoAr\/"]},{"@type":"Person","@id":"https:\/\/www.oarcanjo.net\/site\/#\/schema\/person\/f7024d007863202483a31326673a0838","name":"editor","sameAs":["http:\/\/www.oarcanjo.net"]}]}},"publishpress_future_action":{"enabled":false,"date":"2026-05-07 08:08:01","action":"category","newStatus":"draft","terms":[],"taxonomy":"category"},"publishpress_future_workflow_manual_trigger":{"enabledWorkflows":[]},"_links":{"self":[{"href":"https:\/\/www.oarcanjo.net\/site\/wp-json\/wp\/v2\/posts\/22252"}],"collection":[{"href":"https:\/\/www.oarcanjo.net\/site\/wp-json\/wp\/v2\/posts"}],"about":[{"href":"https:\/\/www.oarcanjo.net\/site\/wp-json\/wp\/v2\/types\/post"}],"author":[{"embeddable":true,"href":"https:\/\/www.oarcanjo.net\/site\/wp-json\/wp\/v2\/users\/5"}],"replies":[{"embeddable":true,"href":"https:\/\/www.oarcanjo.net\/site\/wp-json\/wp\/v2\/comments?post=22252"}],"version-history":[{"count":0,"href":"https:\/\/www.oarcanjo.net\/site\/wp-json\/wp\/v2\/posts\/22252\/revisions"}],"wp:attachment":[{"href":"https:\/\/www.oarcanjo.net\/site\/wp-json\/wp\/v2\/media?parent=22252"}],"wp:term":[{"taxonomy":"category","embeddable":true,"href":"https:\/\/www.oarcanjo.net\/site\/wp-json\/wp\/v2\/categories?post=22252"},{"taxonomy":"post_tag","embeddable":true,"href":"https:\/\/www.oarcanjo.net\/site\/wp-json\/wp\/v2\/tags?post=22252"}],"curies":[{"name":"wp","href":"https:\/\/api.w.org\/{rel}","templated":true}]}}