
{"id":22271,"date":"2013-07-12T19:36:29","date_gmt":"2013-07-12T22:36:29","guid":{"rendered":"http:\/\/www.oarcanjo.net\/site\/?p=22271"},"modified":"2013-07-13T01:22:59","modified_gmt":"2013-07-13T04:22:59","slug":"lituanos-sejam-bem-vindos-ao-brasil","status":"publish","type":"post","link":"https:\/\/www.oarcanjo.net\/site\/lituanos-sejam-bem-vindos-ao-brasil\/","title":{"rendered":"Jovens Lituanos bem vindos ao Brasil JMJ"},"content":{"rendered":"<p>JAUNIME , SVEIKI\u00a0 ATVYKE \u012e\u00a0 BRAZILIJ\u0104 &#8211; S\u00c3O\u00a0 PAULO\u00a0 MIEST\u0104 .<br \/>\n\u0160VENTO\u00a0 MIKOLO\u00a0 ARKANGELO\u00a0 PARAPIJA .<br \/>\nPASAULIO\u00a0 JAUNIMO\u00a0 DIENOS\u00a0&#8211; MISIJ\u0172\u00a0 SAVAIT\u0116<\/p>\n<p>Sejam bem vindos ao Brasil &#8211; S\u00e3o Paulo &#8211; Par\u00f3quia S\u00e3o Miguel Arcanjo &#8211; Jornada Mundial da Juventude &#8211; Semana Mission\u00e1ria<\/p>\n<p>Litwini zapraszamy do Brazylii &#8211; S\u00e3o Paulo &#8211; St Michael Archangel Parish<\/p>\n<p>Nesta sexta-feira, os jovens peregrinos lituanos foram acolhidos na Par\u00f3quia S\u00e3o Miguel Arcanjo. Depois de viajarem por 16 horas, chegaram no aeroporto de Guarulhos. Pe J\u00falio, Mariana \u00a0e a Gislene estavam l\u00e1 para a recep\u00e7\u00e3o. Depois \u00f4nibus at\u00e9 o Tatuap\u00e9, na sequ\u00eancia o Metr\u00f4 para o Bel\u00e9m.<\/p>\n<p>Na Par\u00f3quia, as fam\u00edlias acolhedoras e flores para os nossos visitantes. Os grupos foram sendo direcionados \u00e0s fam\u00edlias. Int\u00e9rpretes de ingl\u00eas, al\u00e9m da Gislene, l\u00e1 estava o Carlinhos, jovem da nossa comunidade.<\/p>\n<p>Semana intensa de atividades, preparando a viagem ao Rio de Janeiro e o encontro com o Papa Francisco. Amanh\u00e3, s\u00e1bado, almo\u00e7o. Domingo, missa das dez com a participa\u00e7\u00e3o dos nossos jovens visitantes. O Jos\u00e9 Vaisknoras (de origem Lituana e morador da Vila Zelina) j\u00e1 confirmou presen\u00e7a e a tradu\u00e7\u00e3o para as boas vindas.<\/p>\n<p>Conhe\u00e7a um pouco mais dos lituanos acessando <a href=\"http:\/\/www.rambynas.com\/\">http:\/\/www.rambynas.com\/<\/a><\/p>\n<p>Antes do Pe Julio dar a b\u00ean\u00e7\u00e3o final, brasileiros e lituanos rezaram a Ave Maria, nos dois idiomas.<\/p>\n<p>Vejam as fotos<\/p>\nngg_shortcode_0_placeholder\n<div id=\"themify_builder_content-22271\" data-postid=\"22271\" class=\"themify_builder_content themify_builder_content-22271 themify_builder themify_builder_front\">\n\t<\/div>\n<!-- \/themify_builder_content -->","protected":false},"excerpt":{"rendered":"<p>JAUNIME , SVEIKI\u00a0 ATVYKE \u012e\u00a0 BRAZILIJ\u0104 &#8211; S\u00c3O\u00a0 PAULO\u00a0 MIEST\u0104 . \u0160VENTO\u00a0 MIKOLO\u00a0 ARKANGELO\u00a0 PARAPIJA . PASAULIO\u00a0 JAUNIMO\u00a0 DIENOS\u00a0&#8211; MISIJ\u0172\u00a0 SAVAIT\u0116 Sejam bem vindos ao Brasil &#8211; S\u00e3o Paulo &#8211; Par\u00f3quia S\u00e3o Miguel Arcanjo &#8211; Jornada Mundial da Juventude &#8211; Semana Mission\u00e1ria Litwini zapraszamy do Brazylii &#8211; S\u00e3o Paulo &#8211; St Michael Archangel Parish Nesta [&hellip;]<\/p>\n","protected":false},"author":10,"featured_media":0,"comment_status":"open","ping_status":"open","sticky":false,"template":"","format":"standard","meta":{"ngg_post_thumbnail":0,"footnotes":""},"categories":[395,8],"tags":[2544,2545],"yoast_head":"<!-- This site is optimized with the Yoast SEO plugin v23.5 - https:\/\/yoast.com\/wordpress\/plugins\/seo\/ -->\n<title>Jovens Lituanos bem vindos ao Brasil JMJ - O Arcanjo no ar<\/title>\n<meta name=\"robots\" content=\"index, follow, max-snippet:-1, max-image-preview:large, max-video-preview:-1\" \/>\n<link rel=\"canonical\" href=\"https:\/\/www.oarcanjo.net\/site\/lituanos-sejam-bem-vindos-ao-brasil\/\" \/>\n<meta property=\"og:locale\" content=\"pt_BR\" \/>\n<meta property=\"og:type\" content=\"article\" \/>\n<meta property=\"og:title\" content=\"Jovens Lituanos bem vindos ao Brasil JMJ - O Arcanjo no ar\" \/>\n<meta property=\"og:description\" content=\"JAUNIME , SVEIKI\u00a0 ATVYKE \u012e\u00a0 BRAZILIJ\u0104 &#8211; S\u00c3O\u00a0 PAULO\u00a0 MIEST\u0104 . \u0160VENTO\u00a0 MIKOLO\u00a0 ARKANGELO\u00a0 PARAPIJA . PASAULIO\u00a0 JAUNIMO\u00a0 DIENOS\u00a0&#8211; MISIJ\u0172\u00a0 SAVAIT\u0116 Sejam bem vindos ao Brasil &#8211; S\u00e3o Paulo &#8211; Par\u00f3quia S\u00e3o Miguel Arcanjo &#8211; Jornada Mundial da Juventude &#8211; Semana Mission\u00e1ria Litwini zapraszamy do Brazylii &#8211; S\u00e3o Paulo &#8211; St Michael Archangel Parish Nesta [&hellip;]\" \/>\n<meta property=\"og:url\" content=\"https:\/\/www.oarcanjo.net\/site\/lituanos-sejam-bem-vindos-ao-brasil\/\" \/>\n<meta property=\"og:site_name\" content=\"O Arcanjo no ar\" \/>\n<meta property=\"article:publisher\" content=\"https:\/\/www.facebook.com\/OArcanjoNoAr\/\" \/>\n<meta property=\"article:published_time\" content=\"2013-07-12T22:36:29+00:00\" \/>\n<meta property=\"article:modified_time\" content=\"2013-07-13T04:22:59+00:00\" \/>\n<meta property=\"og:image\" content=\"https:\/\/www.oarcanjo.net\/site\/wp-content\/uploads\/logo-o-arcanjo-no-ar-facebook.png\" \/>\n\t<meta property=\"og:image:width\" content=\"300\" \/>\n\t<meta property=\"og:image:height\" content=\"300\" \/>\n\t<meta property=\"og:image:type\" content=\"image\/png\" \/>\n<meta name=\"author\" content=\"carlos\" \/>\n<meta name=\"twitter:card\" content=\"summary_large_image\" \/>\n<meta name=\"twitter:label1\" content=\"Escrito por\" \/>\n\t<meta name=\"twitter:data1\" content=\"carlos\" \/>\n\t<meta name=\"twitter:label2\" content=\"Est. tempo de leitura\" \/>\n\t<meta name=\"twitter:data2\" content=\"1 minuto\" \/>\n<script type=\"application\/ld+json\" class=\"yoast-schema-graph\">{\"@context\":\"https:\/\/schema.org\",\"@graph\":[{\"@type\":\"Article\",\"@id\":\"https:\/\/www.oarcanjo.net\/site\/lituanos-sejam-bem-vindos-ao-brasil\/#article\",\"isPartOf\":{\"@id\":\"https:\/\/www.oarcanjo.net\/site\/lituanos-sejam-bem-vindos-ao-brasil\/\"},\"author\":{\"name\":\"carlos\",\"@id\":\"https:\/\/www.oarcanjo.net\/site\/#\/schema\/person\/f7870e710d8c8c30673de3a0ac2e451d\"},\"headline\":\"Jovens Lituanos bem vindos ao Brasil JMJ\",\"datePublished\":\"2013-07-12T22:36:29+00:00\",\"dateModified\":\"2013-07-13T04:22:59+00:00\",\"mainEntityOfPage\":{\"@id\":\"https:\/\/www.oarcanjo.net\/site\/lituanos-sejam-bem-vindos-ao-brasil\/\"},\"wordCount\":249,\"commentCount\":0,\"publisher\":{\"@id\":\"https:\/\/www.oarcanjo.net\/site\/#organization\"},\"keywords\":[\"jovens lituanos chegaram\",\"jovens na semana mission\u00e1ria\"],\"articleSection\":[\"Jovens\",\"Not\u00edcias\"],\"inLanguage\":\"pt-BR\",\"potentialAction\":[{\"@type\":\"CommentAction\",\"name\":\"Comment\",\"target\":[\"https:\/\/www.oarcanjo.net\/site\/lituanos-sejam-bem-vindos-ao-brasil\/#respond\"]}]},{\"@type\":\"WebPage\",\"@id\":\"https:\/\/www.oarcanjo.net\/site\/lituanos-sejam-bem-vindos-ao-brasil\/\",\"url\":\"https:\/\/www.oarcanjo.net\/site\/lituanos-sejam-bem-vindos-ao-brasil\/\",\"name\":\"Jovens Lituanos bem vindos ao Brasil JMJ - O Arcanjo no ar\",\"isPartOf\":{\"@id\":\"https:\/\/www.oarcanjo.net\/site\/#website\"},\"datePublished\":\"2013-07-12T22:36:29+00:00\",\"dateModified\":\"2013-07-13T04:22:59+00:00\",\"breadcrumb\":{\"@id\":\"https:\/\/www.oarcanjo.net\/site\/lituanos-sejam-bem-vindos-ao-brasil\/#breadcrumb\"},\"inLanguage\":\"pt-BR\",\"potentialAction\":[{\"@type\":\"ReadAction\",\"target\":[\"https:\/\/www.oarcanjo.net\/site\/lituanos-sejam-bem-vindos-ao-brasil\/\"]}]},{\"@type\":\"BreadcrumbList\",\"@id\":\"https:\/\/www.oarcanjo.net\/site\/lituanos-sejam-bem-vindos-ao-brasil\/#breadcrumb\",\"itemListElement\":[{\"@type\":\"ListItem\",\"position\":1,\"name\":\"In\u00edcio\",\"item\":\"https:\/\/www.oarcanjo.net\/site\/\"},{\"@type\":\"ListItem\",\"position\":2,\"name\":\"Jovens Lituanos bem vindos ao Brasil JMJ\"}]},{\"@type\":\"WebSite\",\"@id\":\"https:\/\/www.oarcanjo.net\/site\/#website\",\"url\":\"https:\/\/www.oarcanjo.net\/site\/\",\"name\":\"O Arcanjo no ar\",\"description\":\"Site da Par\u00f3quia S\u00e3o Miguel Arcanjo (Arquidiocese de SP)\",\"publisher\":{\"@id\":\"https:\/\/www.oarcanjo.net\/site\/#organization\"},\"potentialAction\":[{\"@type\":\"SearchAction\",\"target\":{\"@type\":\"EntryPoint\",\"urlTemplate\":\"https:\/\/www.oarcanjo.net\/site\/?s={search_term_string}\"},\"query-input\":{\"@type\":\"PropertyValueSpecification\",\"valueRequired\":true,\"valueName\":\"search_term_string\"}}],\"inLanguage\":\"pt-BR\"},{\"@type\":\"Organization\",\"@id\":\"https:\/\/www.oarcanjo.net\/site\/#organization\",\"name\":\"Par\u00f3quia S\u00e3o Miguel Arcanjo\",\"url\":\"https:\/\/www.oarcanjo.net\/site\/\",\"logo\":{\"@type\":\"ImageObject\",\"inLanguage\":\"pt-BR\",\"@id\":\"https:\/\/www.oarcanjo.net\/site\/#\/schema\/logo\/image\/\",\"url\":\"https:\/\/www.oarcanjo.net\/site\/wp-content\/uploads\/LogoOArcanjo.png\",\"contentUrl\":\"https:\/\/www.oarcanjo.net\/site\/wp-content\/uploads\/LogoOArcanjo.png\",\"width\":319,\"height\":99,\"caption\":\"Par\u00f3quia S\u00e3o Miguel Arcanjo\"},\"image\":{\"@id\":\"https:\/\/www.oarcanjo.net\/site\/#\/schema\/logo\/image\/\"},\"sameAs\":[\"https:\/\/www.facebook.com\/OArcanjoNoAr\/\"]},{\"@type\":\"Person\",\"@id\":\"https:\/\/www.oarcanjo.net\/site\/#\/schema\/person\/f7870e710d8c8c30673de3a0ac2e451d\",\"name\":\"carlos\"}]}<\/script>\n<!-- \/ Yoast SEO plugin. -->","yoast_head_json":{"title":"Jovens Lituanos bem vindos ao Brasil JMJ - O Arcanjo no ar","robots":{"index":"index","follow":"follow","max-snippet":"max-snippet:-1","max-image-preview":"max-image-preview:large","max-video-preview":"max-video-preview:-1"},"canonical":"https:\/\/www.oarcanjo.net\/site\/lituanos-sejam-bem-vindos-ao-brasil\/","og_locale":"pt_BR","og_type":"article","og_title":"Jovens Lituanos bem vindos ao Brasil JMJ - O Arcanjo no ar","og_description":"JAUNIME , SVEIKI\u00a0 ATVYKE \u012e\u00a0 BRAZILIJ\u0104 &#8211; S\u00c3O\u00a0 PAULO\u00a0 MIEST\u0104 . \u0160VENTO\u00a0 MIKOLO\u00a0 ARKANGELO\u00a0 PARAPIJA . PASAULIO\u00a0 JAUNIMO\u00a0 DIENOS\u00a0&#8211; MISIJ\u0172\u00a0 SAVAIT\u0116 Sejam bem vindos ao Brasil &#8211; S\u00e3o Paulo &#8211; Par\u00f3quia S\u00e3o Miguel Arcanjo &#8211; Jornada Mundial da Juventude &#8211; Semana Mission\u00e1ria Litwini zapraszamy do Brazylii &#8211; S\u00e3o Paulo &#8211; St Michael Archangel Parish Nesta [&hellip;]","og_url":"https:\/\/www.oarcanjo.net\/site\/lituanos-sejam-bem-vindos-ao-brasil\/","og_site_name":"O Arcanjo no ar","article_publisher":"https:\/\/www.facebook.com\/OArcanjoNoAr\/","article_published_time":"2013-07-12T22:36:29+00:00","article_modified_time":"2013-07-13T04:22:59+00:00","og_image":[{"width":300,"height":300,"url":"https:\/\/www.oarcanjo.net\/site\/wp-content\/uploads\/logo-o-arcanjo-no-ar-facebook.png","type":"image\/png"}],"author":"carlos","twitter_card":"summary_large_image","twitter_misc":{"Escrito por":"carlos","Est. tempo de leitura":"1 minuto"},"schema":{"@context":"https:\/\/schema.org","@graph":[{"@type":"Article","@id":"https:\/\/www.oarcanjo.net\/site\/lituanos-sejam-bem-vindos-ao-brasil\/#article","isPartOf":{"@id":"https:\/\/www.oarcanjo.net\/site\/lituanos-sejam-bem-vindos-ao-brasil\/"},"author":{"name":"carlos","@id":"https:\/\/www.oarcanjo.net\/site\/#\/schema\/person\/f7870e710d8c8c30673de3a0ac2e451d"},"headline":"Jovens Lituanos bem vindos ao Brasil JMJ","datePublished":"2013-07-12T22:36:29+00:00","dateModified":"2013-07-13T04:22:59+00:00","mainEntityOfPage":{"@id":"https:\/\/www.oarcanjo.net\/site\/lituanos-sejam-bem-vindos-ao-brasil\/"},"wordCount":249,"commentCount":0,"publisher":{"@id":"https:\/\/www.oarcanjo.net\/site\/#organization"},"keywords":["jovens lituanos chegaram","jovens na semana mission\u00e1ria"],"articleSection":["Jovens","Not\u00edcias"],"inLanguage":"pt-BR","potentialAction":[{"@type":"CommentAction","name":"Comment","target":["https:\/\/www.oarcanjo.net\/site\/lituanos-sejam-bem-vindos-ao-brasil\/#respond"]}]},{"@type":"WebPage","@id":"https:\/\/www.oarcanjo.net\/site\/lituanos-sejam-bem-vindos-ao-brasil\/","url":"https:\/\/www.oarcanjo.net\/site\/lituanos-sejam-bem-vindos-ao-brasil\/","name":"Jovens Lituanos bem vindos ao Brasil JMJ - O Arcanjo no ar","isPartOf":{"@id":"https:\/\/www.oarcanjo.net\/site\/#website"},"datePublished":"2013-07-12T22:36:29+00:00","dateModified":"2013-07-13T04:22:59+00:00","breadcrumb":{"@id":"https:\/\/www.oarcanjo.net\/site\/lituanos-sejam-bem-vindos-ao-brasil\/#breadcrumb"},"inLanguage":"pt-BR","potentialAction":[{"@type":"ReadAction","target":["https:\/\/www.oarcanjo.net\/site\/lituanos-sejam-bem-vindos-ao-brasil\/"]}]},{"@type":"BreadcrumbList","@id":"https:\/\/www.oarcanjo.net\/site\/lituanos-sejam-bem-vindos-ao-brasil\/#breadcrumb","itemListElement":[{"@type":"ListItem","position":1,"name":"In\u00edcio","item":"https:\/\/www.oarcanjo.net\/site\/"},{"@type":"ListItem","position":2,"name":"Jovens Lituanos bem vindos ao Brasil JMJ"}]},{"@type":"WebSite","@id":"https:\/\/www.oarcanjo.net\/site\/#website","url":"https:\/\/www.oarcanjo.net\/site\/","name":"O Arcanjo no ar","description":"Site da Par\u00f3quia S\u00e3o Miguel Arcanjo (Arquidiocese de SP)","publisher":{"@id":"https:\/\/www.oarcanjo.net\/site\/#organization"},"potentialAction":[{"@type":"SearchAction","target":{"@type":"EntryPoint","urlTemplate":"https:\/\/www.oarcanjo.net\/site\/?s={search_term_string}"},"query-input":{"@type":"PropertyValueSpecification","valueRequired":true,"valueName":"search_term_string"}}],"inLanguage":"pt-BR"},{"@type":"Organization","@id":"https:\/\/www.oarcanjo.net\/site\/#organization","name":"Par\u00f3quia S\u00e3o Miguel Arcanjo","url":"https:\/\/www.oarcanjo.net\/site\/","logo":{"@type":"ImageObject","inLanguage":"pt-BR","@id":"https:\/\/www.oarcanjo.net\/site\/#\/schema\/logo\/image\/","url":"https:\/\/www.oarcanjo.net\/site\/wp-content\/uploads\/LogoOArcanjo.png","contentUrl":"https:\/\/www.oarcanjo.net\/site\/wp-content\/uploads\/LogoOArcanjo.png","width":319,"height":99,"caption":"Par\u00f3quia S\u00e3o Miguel Arcanjo"},"image":{"@id":"https:\/\/www.oarcanjo.net\/site\/#\/schema\/logo\/image\/"},"sameAs":["https:\/\/www.facebook.com\/OArcanjoNoAr\/"]},{"@type":"Person","@id":"https:\/\/www.oarcanjo.net\/site\/#\/schema\/person\/f7870e710d8c8c30673de3a0ac2e451d","name":"carlos"}]}},"publishpress_future_action":{"enabled":false,"date":"2026-05-07 04:23:40","action":"category","newStatus":"draft","terms":[],"taxonomy":"category"},"publishpress_future_workflow_manual_trigger":{"enabledWorkflows":[]},"_links":{"self":[{"href":"https:\/\/www.oarcanjo.net\/site\/wp-json\/wp\/v2\/posts\/22271"}],"collection":[{"href":"https:\/\/www.oarcanjo.net\/site\/wp-json\/wp\/v2\/posts"}],"about":[{"href":"https:\/\/www.oarcanjo.net\/site\/wp-json\/wp\/v2\/types\/post"}],"author":[{"embeddable":true,"href":"https:\/\/www.oarcanjo.net\/site\/wp-json\/wp\/v2\/users\/10"}],"replies":[{"embeddable":true,"href":"https:\/\/www.oarcanjo.net\/site\/wp-json\/wp\/v2\/comments?post=22271"}],"version-history":[{"count":0,"href":"https:\/\/www.oarcanjo.net\/site\/wp-json\/wp\/v2\/posts\/22271\/revisions"}],"wp:attachment":[{"href":"https:\/\/www.oarcanjo.net\/site\/wp-json\/wp\/v2\/media?parent=22271"}],"wp:term":[{"taxonomy":"category","embeddable":true,"href":"https:\/\/www.oarcanjo.net\/site\/wp-json\/wp\/v2\/categories?post=22271"},{"taxonomy":"post_tag","embeddable":true,"href":"https:\/\/www.oarcanjo.net\/site\/wp-json\/wp\/v2\/tags?post=22271"}],"curies":[{"name":"wp","href":"https:\/\/api.w.org\/{rel}","templated":true}]}}