
{"id":22302,"date":"2013-07-16T17:38:11","date_gmt":"2013-07-16T20:38:11","guid":{"rendered":"http:\/\/www.oarcanjo.net\/site\/?p=22302"},"modified":"2013-07-16T17:38:11","modified_gmt":"2013-07-16T20:38:11","slug":"os-jovens-ja-chegaram","status":"publish","type":"post","link":"https:\/\/www.oarcanjo.net\/site\/os-jovens-ja-chegaram\/","title":{"rendered":"Os jovens j\u00e1 chegaram!"},"content":{"rendered":"<p>A Jornada Mundial da Juventude (JMJ) est\u00e1 come\u00e7ando. Ainda n\u00e3o oficialmente, no Rio de Janeiro, onde acontecer\u00e1 de 23 a 28; mas nas dioceses do Brasil inteiro, que realizam a Pr\u00e9-Jornada, com o nome de Semana Mission\u00e1ria, a partir do dia 16.<\/p>\n<p>Na Arquidiocese de S\u00e3o Paulo, as par\u00f3quias, comunidades, congrega\u00e7\u00f5es religiosas, movimentos e organiza\u00e7\u00f5es juvenis realizar\u00e3o a Semana Mission\u00e1ria junto com delega\u00e7\u00f5es jovens de 58 pa\u00edses diversos. Ser\u00e3o aproximadamente 10 mil h\u00f3spedes acolhidos, sobretudo, em casas de fam\u00edlias.<\/p>\n<p>A acolhida e a hospitalidade fazem parte do esp\u00edrito da JMJ: abrir as portas das casas requer abrir primeiro as portas do cora\u00e7\u00e3o para receber, na pr\u00f3pria vida, algu\u00e9m que nunca se viu nem conheceu; \u201cN\u00e3o negligencieis a hospitalidade\u201d, recomenda a Carta aos Hebreus (cf. Hb 13,2); isso anda esquecido, por causa dos evidentes riscos que todos os dias s\u00e3o enfrentados com a viol\u00eancia, os assaltos e arrast\u00f5es&#8230; Mas, nem por isso, ficou abolido!<\/p>\n<p>A JMJ ajuda a ampliar nossa percep\u00e7\u00e3o da realidade da pr\u00f3pria Igreja: uma grande fam\u00edlia, formada por gente de todos os povos, casa comum, onde se vive a mesma f\u00e9 e a vida \u00e9 orientada pelos mesmos caminhos indicados por Deus nos Mandamentos; fam\u00edlia grande, onde todos est\u00e3o profundamente unidos por la\u00e7os de viva fraternidade espiritual, membros de um mesmo povo de Deus, no qual ningu\u00e9m mais deve se sentir estrangeiro, pois todos t\u00eam uma p\u00e1tria comum e s\u00e3o \u201cconcidad\u00e3os dos santos\u201d (cf. Ef 2,19).<\/p>\n<p>Um dos efeitos mais marcantes da JMJ, a come\u00e7ar pela Semana Mission\u00e1ria, \u00e9 a percep\u00e7\u00e3o da unidade da f\u00e9 na mesma Igreja, apesar das diferen\u00e7as de cultura, ra\u00e7a, l\u00edngua e na\u00e7\u00e3o. \u00c9 belo cair na conta que o mesmo Pai-Nosso \u00e9 rezado por pessoas do mundo inteiro, a mesma missa, a mesma profiss\u00e3o de f\u00e9, a mesma esperan\u00e7a \u00e9 compartilhada, a mesma miss\u00e3o&#8230; Todos est\u00e3o unidos em Cristo, conduzidos pelo mesmo Pastor vis\u00edvel, em nome do Supremo Pastor.<\/p>\n<p>A Semana Mission\u00e1ria tem tr\u00eas grandes propostas: a partilha da f\u00e9 na ora\u00e7\u00e3o; o interc\u00e2mbio cultural e a a\u00e7\u00e3o solid\u00e1ria; iniciativas e atividades para alcan\u00e7ar essas metas est\u00e3o a cargo das organiza\u00e7\u00f5es locais, sobretudo nas par\u00f3quias.<\/p>\n<p>Os jovens das nossas muitas comunidades, apoiados por numerosos volunt\u00e1rios, tamb\u00e9m adultos, far\u00e3o a experi\u00eancia da ora\u00e7\u00e3o junto com os jovens peregrinos dos outros pa\u00edses; muitos de nossos irm\u00e3os vivem a f\u00e9 em situa\u00e7\u00f5es marcadas por enormes desafios e sofrimentos e poder\u00e3o ouvir de outros experi\u00eancias semelhantes; somos edificados reciprocamente pelo testemunho da f\u00e9 vivida em circunst\u00e2ncias diversas.<\/p>\n<p>Tamb\u00e9m o interc\u00e2mbio cultural \u00e9 relevante; os jovens vindos de longe querem conhecer algo de S\u00e3o Paulo e do Brasil, de nosso modo de viver e de nossos \u201cbens culturais\u201d. Mas tamb\u00e9m n\u00f3s teremos a ocasi\u00e3o de conhecer algo sobre a cultura dos povos e pa\u00edses que esses jovens h\u00f3spedes representam. Boa ocasi\u00e3o para uma abertura de horizontes e de um enriquecimento cultural rec\u00edproco. Conhecemos e valorizamos melhor a n\u00f3s mesmos quando aprendemos a conhecer os outros&#8230;<\/p>\n<p>N\u00e3o ficam fora das programa\u00e7\u00f5es as iniciativas de solidariedade social para com os que sofrem. Sim, pobres, doentes, idosos, prisioneiros, dependentes qu\u00edmicos, a popula\u00e7\u00e3o de rua e todos os que sofrem devem receber a \u201cboa nova\u201d do conforto e da esperan\u00e7a, que se expressa na vida e na a\u00e7\u00e3o da Igreja; mais ainda, quando se trata de iniciativas que envolvem os jovens: estes precisam conhecer o lado sofrido da condi\u00e7\u00e3o humana e, ao mesmo tempo, crescer na sensibilidade para com todos os irm\u00e3os que sofrem, a fim de assumir suas dores e se motivarem para aliviar os sofrimentos super\u00e1veis dos irm\u00e3os. E os jovens vindos de longe tamb\u00e9m poder\u00e3o compartilhar hist\u00f3rias de dor e sofrimento de seus pa\u00edses, junto com o testemunho sobre as a\u00e7\u00f5es solid\u00e1rias que l\u00e1 se desenvolvem.<\/p>\n<p>Desejo que a Semana Mission\u00e1ria seja uma b\u00ean\u00e7\u00e3o fecunda para os jovens peregrinos e para os jovens de nossa Arquidiocese! S\u00e3o Paulo, mission\u00e1rio dos povos e patrono de nossa Arquidiocese, interceda por todos n\u00f3s!<\/p>\n<p><em>Publicado em O S\u00c3O PAULO, ed. de 16\/07\/2013<\/em><br \/>\n<em>Cardeal Odilo Pedro Scherer<\/em><br \/>\n<em>Arcebispo de S\u00e3o Paulo<\/em><br \/>\n<em><a title=\"@DomOdiloScherer\" href=\"http:\/\/twitter.com\/DomOdiloScherer\" target=\"_blank\">@DomOdiloScherer<\/a><\/em><\/p>\n<div id=\"themify_builder_content-22302\" data-postid=\"22302\" class=\"themify_builder_content themify_builder_content-22302 themify_builder themify_builder_front\">\n\t<\/div>\n<!-- \/themify_builder_content -->","protected":false},"excerpt":{"rendered":"<p>A Jornada Mundial da Juventude (JMJ) est\u00e1 come\u00e7ando. Ainda n\u00e3o oficialmente, no Rio de Janeiro, onde acontecer\u00e1 de 23 a 28; mas nas dioceses do Brasil inteiro, que realizam a Pr\u00e9-Jornada, com o nome de Semana Mission\u00e1ria, a partir do dia 16. Na Arquidiocese de S\u00e3o Paulo, as par\u00f3quias, comunidades, congrega\u00e7\u00f5es religiosas, movimentos e organiza\u00e7\u00f5es [&hellip;]<\/p>\n","protected":false},"author":5,"featured_media":0,"comment_status":"open","ping_status":"open","sticky":false,"template":"","format":"standard","meta":{"ngg_post_thumbnail":0,"footnotes":""},"categories":[9],"tags":[559,239,1132,1937,2547,2272],"yoast_head":"<!-- This site is optimized with the Yoast SEO plugin v23.5 - https:\/\/yoast.com\/wordpress\/plugins\/seo\/ -->\n<title>Os jovens j\u00e1 chegaram! - O Arcanjo no ar<\/title>\n<meta name=\"robots\" content=\"index, follow, max-snippet:-1, max-image-preview:large, max-video-preview:-1\" \/>\n<link rel=\"canonical\" href=\"https:\/\/www.oarcanjo.net\/site\/os-jovens-ja-chegaram\/\" \/>\n<meta property=\"og:locale\" content=\"pt_BR\" \/>\n<meta property=\"og:type\" content=\"article\" \/>\n<meta property=\"og:title\" content=\"Os jovens j\u00e1 chegaram! - O Arcanjo no ar\" \/>\n<meta property=\"og:description\" content=\"A Jornada Mundial da Juventude (JMJ) est\u00e1 come\u00e7ando. Ainda n\u00e3o oficialmente, no Rio de Janeiro, onde acontecer\u00e1 de 23 a 28; mas nas dioceses do Brasil inteiro, que realizam a Pr\u00e9-Jornada, com o nome de Semana Mission\u00e1ria, a partir do dia 16. Na Arquidiocese de S\u00e3o Paulo, as par\u00f3quias, comunidades, congrega\u00e7\u00f5es religiosas, movimentos e organiza\u00e7\u00f5es [&hellip;]\" \/>\n<meta property=\"og:url\" content=\"https:\/\/www.oarcanjo.net\/site\/os-jovens-ja-chegaram\/\" \/>\n<meta property=\"og:site_name\" content=\"O Arcanjo no ar\" \/>\n<meta property=\"article:publisher\" content=\"https:\/\/www.facebook.com\/OArcanjoNoAr\/\" \/>\n<meta property=\"article:published_time\" content=\"2013-07-16T20:38:11+00:00\" \/>\n<meta property=\"og:image\" content=\"https:\/\/www.oarcanjo.net\/site\/wp-content\/uploads\/logo-o-arcanjo-no-ar-facebook.png\" \/>\n\t<meta property=\"og:image:width\" content=\"300\" \/>\n\t<meta property=\"og:image:height\" content=\"300\" \/>\n\t<meta property=\"og:image:type\" content=\"image\/png\" \/>\n<meta name=\"author\" content=\"editor\" \/>\n<meta name=\"twitter:card\" content=\"summary_large_image\" \/>\n<meta name=\"twitter:label1\" content=\"Escrito por\" \/>\n\t<meta name=\"twitter:data1\" content=\"editor\" \/>\n\t<meta name=\"twitter:label2\" content=\"Est. tempo de leitura\" \/>\n\t<meta name=\"twitter:data2\" content=\"4 minutos\" \/>\n<script type=\"application\/ld+json\" class=\"yoast-schema-graph\">{\"@context\":\"https:\/\/schema.org\",\"@graph\":[{\"@type\":\"Article\",\"@id\":\"https:\/\/www.oarcanjo.net\/site\/os-jovens-ja-chegaram\/#article\",\"isPartOf\":{\"@id\":\"https:\/\/www.oarcanjo.net\/site\/os-jovens-ja-chegaram\/\"},\"author\":{\"name\":\"editor\",\"@id\":\"https:\/\/www.oarcanjo.net\/site\/#\/schema\/person\/f7024d007863202483a31326673a0838\"},\"headline\":\"Os jovens j\u00e1 chegaram!\",\"datePublished\":\"2013-07-16T20:38:11+00:00\",\"dateModified\":\"2013-07-16T20:38:11+00:00\",\"mainEntityOfPage\":{\"@id\":\"https:\/\/www.oarcanjo.net\/site\/os-jovens-ja-chegaram\/\"},\"wordCount\":760,\"commentCount\":0,\"publisher\":{\"@id\":\"https:\/\/www.oarcanjo.net\/site\/#organization\"},\"keywords\":[\"acolhida\",\"Arquidiocese de S\u00e3o Paulo\",\"Hospitalidade\",\"JMJ\",\"Jornada Mundial da Juventude Rio 2013\",\"Semana Mission\u00e1ria\"],\"articleSection\":[\"Reflex\u00f5es\"],\"inLanguage\":\"pt-BR\",\"potentialAction\":[{\"@type\":\"CommentAction\",\"name\":\"Comment\",\"target\":[\"https:\/\/www.oarcanjo.net\/site\/os-jovens-ja-chegaram\/#respond\"]}]},{\"@type\":\"WebPage\",\"@id\":\"https:\/\/www.oarcanjo.net\/site\/os-jovens-ja-chegaram\/\",\"url\":\"https:\/\/www.oarcanjo.net\/site\/os-jovens-ja-chegaram\/\",\"name\":\"Os jovens j\u00e1 chegaram! - O Arcanjo no ar\",\"isPartOf\":{\"@id\":\"https:\/\/www.oarcanjo.net\/site\/#website\"},\"datePublished\":\"2013-07-16T20:38:11+00:00\",\"dateModified\":\"2013-07-16T20:38:11+00:00\",\"breadcrumb\":{\"@id\":\"https:\/\/www.oarcanjo.net\/site\/os-jovens-ja-chegaram\/#breadcrumb\"},\"inLanguage\":\"pt-BR\",\"potentialAction\":[{\"@type\":\"ReadAction\",\"target\":[\"https:\/\/www.oarcanjo.net\/site\/os-jovens-ja-chegaram\/\"]}]},{\"@type\":\"BreadcrumbList\",\"@id\":\"https:\/\/www.oarcanjo.net\/site\/os-jovens-ja-chegaram\/#breadcrumb\",\"itemListElement\":[{\"@type\":\"ListItem\",\"position\":1,\"name\":\"In\u00edcio\",\"item\":\"https:\/\/www.oarcanjo.net\/site\/\"},{\"@type\":\"ListItem\",\"position\":2,\"name\":\"Os jovens j\u00e1 chegaram!\"}]},{\"@type\":\"WebSite\",\"@id\":\"https:\/\/www.oarcanjo.net\/site\/#website\",\"url\":\"https:\/\/www.oarcanjo.net\/site\/\",\"name\":\"O Arcanjo no ar\",\"description\":\"Site da Par\u00f3quia S\u00e3o Miguel Arcanjo (Arquidiocese de SP)\",\"publisher\":{\"@id\":\"https:\/\/www.oarcanjo.net\/site\/#organization\"},\"potentialAction\":[{\"@type\":\"SearchAction\",\"target\":{\"@type\":\"EntryPoint\",\"urlTemplate\":\"https:\/\/www.oarcanjo.net\/site\/?s={search_term_string}\"},\"query-input\":{\"@type\":\"PropertyValueSpecification\",\"valueRequired\":true,\"valueName\":\"search_term_string\"}}],\"inLanguage\":\"pt-BR\"},{\"@type\":\"Organization\",\"@id\":\"https:\/\/www.oarcanjo.net\/site\/#organization\",\"name\":\"Par\u00f3quia S\u00e3o Miguel Arcanjo\",\"url\":\"https:\/\/www.oarcanjo.net\/site\/\",\"logo\":{\"@type\":\"ImageObject\",\"inLanguage\":\"pt-BR\",\"@id\":\"https:\/\/www.oarcanjo.net\/site\/#\/schema\/logo\/image\/\",\"url\":\"https:\/\/www.oarcanjo.net\/site\/wp-content\/uploads\/LogoOArcanjo.png\",\"contentUrl\":\"https:\/\/www.oarcanjo.net\/site\/wp-content\/uploads\/LogoOArcanjo.png\",\"width\":319,\"height\":99,\"caption\":\"Par\u00f3quia S\u00e3o Miguel Arcanjo\"},\"image\":{\"@id\":\"https:\/\/www.oarcanjo.net\/site\/#\/schema\/logo\/image\/\"},\"sameAs\":[\"https:\/\/www.facebook.com\/OArcanjoNoAr\/\"]},{\"@type\":\"Person\",\"@id\":\"https:\/\/www.oarcanjo.net\/site\/#\/schema\/person\/f7024d007863202483a31326673a0838\",\"name\":\"editor\",\"sameAs\":[\"http:\/\/www.oarcanjo.net\"]}]}<\/script>\n<!-- \/ Yoast SEO plugin. -->","yoast_head_json":{"title":"Os jovens j\u00e1 chegaram! - O Arcanjo no ar","robots":{"index":"index","follow":"follow","max-snippet":"max-snippet:-1","max-image-preview":"max-image-preview:large","max-video-preview":"max-video-preview:-1"},"canonical":"https:\/\/www.oarcanjo.net\/site\/os-jovens-ja-chegaram\/","og_locale":"pt_BR","og_type":"article","og_title":"Os jovens j\u00e1 chegaram! - O Arcanjo no ar","og_description":"A Jornada Mundial da Juventude (JMJ) est\u00e1 come\u00e7ando. Ainda n\u00e3o oficialmente, no Rio de Janeiro, onde acontecer\u00e1 de 23 a 28; mas nas dioceses do Brasil inteiro, que realizam a Pr\u00e9-Jornada, com o nome de Semana Mission\u00e1ria, a partir do dia 16. Na Arquidiocese de S\u00e3o Paulo, as par\u00f3quias, comunidades, congrega\u00e7\u00f5es religiosas, movimentos e organiza\u00e7\u00f5es [&hellip;]","og_url":"https:\/\/www.oarcanjo.net\/site\/os-jovens-ja-chegaram\/","og_site_name":"O Arcanjo no ar","article_publisher":"https:\/\/www.facebook.com\/OArcanjoNoAr\/","article_published_time":"2013-07-16T20:38:11+00:00","og_image":[{"width":300,"height":300,"url":"https:\/\/www.oarcanjo.net\/site\/wp-content\/uploads\/logo-o-arcanjo-no-ar-facebook.png","type":"image\/png"}],"author":"editor","twitter_card":"summary_large_image","twitter_misc":{"Escrito por":"editor","Est. tempo de leitura":"4 minutos"},"schema":{"@context":"https:\/\/schema.org","@graph":[{"@type":"Article","@id":"https:\/\/www.oarcanjo.net\/site\/os-jovens-ja-chegaram\/#article","isPartOf":{"@id":"https:\/\/www.oarcanjo.net\/site\/os-jovens-ja-chegaram\/"},"author":{"name":"editor","@id":"https:\/\/www.oarcanjo.net\/site\/#\/schema\/person\/f7024d007863202483a31326673a0838"},"headline":"Os jovens j\u00e1 chegaram!","datePublished":"2013-07-16T20:38:11+00:00","dateModified":"2013-07-16T20:38:11+00:00","mainEntityOfPage":{"@id":"https:\/\/www.oarcanjo.net\/site\/os-jovens-ja-chegaram\/"},"wordCount":760,"commentCount":0,"publisher":{"@id":"https:\/\/www.oarcanjo.net\/site\/#organization"},"keywords":["acolhida","Arquidiocese de S\u00e3o Paulo","Hospitalidade","JMJ","Jornada Mundial da Juventude Rio 2013","Semana Mission\u00e1ria"],"articleSection":["Reflex\u00f5es"],"inLanguage":"pt-BR","potentialAction":[{"@type":"CommentAction","name":"Comment","target":["https:\/\/www.oarcanjo.net\/site\/os-jovens-ja-chegaram\/#respond"]}]},{"@type":"WebPage","@id":"https:\/\/www.oarcanjo.net\/site\/os-jovens-ja-chegaram\/","url":"https:\/\/www.oarcanjo.net\/site\/os-jovens-ja-chegaram\/","name":"Os jovens j\u00e1 chegaram! - O Arcanjo no ar","isPartOf":{"@id":"https:\/\/www.oarcanjo.net\/site\/#website"},"datePublished":"2013-07-16T20:38:11+00:00","dateModified":"2013-07-16T20:38:11+00:00","breadcrumb":{"@id":"https:\/\/www.oarcanjo.net\/site\/os-jovens-ja-chegaram\/#breadcrumb"},"inLanguage":"pt-BR","potentialAction":[{"@type":"ReadAction","target":["https:\/\/www.oarcanjo.net\/site\/os-jovens-ja-chegaram\/"]}]},{"@type":"BreadcrumbList","@id":"https:\/\/www.oarcanjo.net\/site\/os-jovens-ja-chegaram\/#breadcrumb","itemListElement":[{"@type":"ListItem","position":1,"name":"In\u00edcio","item":"https:\/\/www.oarcanjo.net\/site\/"},{"@type":"ListItem","position":2,"name":"Os jovens j\u00e1 chegaram!"}]},{"@type":"WebSite","@id":"https:\/\/www.oarcanjo.net\/site\/#website","url":"https:\/\/www.oarcanjo.net\/site\/","name":"O Arcanjo no ar","description":"Site da Par\u00f3quia S\u00e3o Miguel Arcanjo (Arquidiocese de SP)","publisher":{"@id":"https:\/\/www.oarcanjo.net\/site\/#organization"},"potentialAction":[{"@type":"SearchAction","target":{"@type":"EntryPoint","urlTemplate":"https:\/\/www.oarcanjo.net\/site\/?s={search_term_string}"},"query-input":{"@type":"PropertyValueSpecification","valueRequired":true,"valueName":"search_term_string"}}],"inLanguage":"pt-BR"},{"@type":"Organization","@id":"https:\/\/www.oarcanjo.net\/site\/#organization","name":"Par\u00f3quia S\u00e3o Miguel Arcanjo","url":"https:\/\/www.oarcanjo.net\/site\/","logo":{"@type":"ImageObject","inLanguage":"pt-BR","@id":"https:\/\/www.oarcanjo.net\/site\/#\/schema\/logo\/image\/","url":"https:\/\/www.oarcanjo.net\/site\/wp-content\/uploads\/LogoOArcanjo.png","contentUrl":"https:\/\/www.oarcanjo.net\/site\/wp-content\/uploads\/LogoOArcanjo.png","width":319,"height":99,"caption":"Par\u00f3quia S\u00e3o Miguel Arcanjo"},"image":{"@id":"https:\/\/www.oarcanjo.net\/site\/#\/schema\/logo\/image\/"},"sameAs":["https:\/\/www.facebook.com\/OArcanjoNoAr\/"]},{"@type":"Person","@id":"https:\/\/www.oarcanjo.net\/site\/#\/schema\/person\/f7024d007863202483a31326673a0838","name":"editor","sameAs":["http:\/\/www.oarcanjo.net"]}]}},"publishpress_future_action":{"enabled":false,"date":"2026-05-09 03:10:15","action":"category","newStatus":"draft","terms":[],"taxonomy":"category"},"publishpress_future_workflow_manual_trigger":{"enabledWorkflows":[]},"_links":{"self":[{"href":"https:\/\/www.oarcanjo.net\/site\/wp-json\/wp\/v2\/posts\/22302"}],"collection":[{"href":"https:\/\/www.oarcanjo.net\/site\/wp-json\/wp\/v2\/posts"}],"about":[{"href":"https:\/\/www.oarcanjo.net\/site\/wp-json\/wp\/v2\/types\/post"}],"author":[{"embeddable":true,"href":"https:\/\/www.oarcanjo.net\/site\/wp-json\/wp\/v2\/users\/5"}],"replies":[{"embeddable":true,"href":"https:\/\/www.oarcanjo.net\/site\/wp-json\/wp\/v2\/comments?post=22302"}],"version-history":[{"count":0,"href":"https:\/\/www.oarcanjo.net\/site\/wp-json\/wp\/v2\/posts\/22302\/revisions"}],"wp:attachment":[{"href":"https:\/\/www.oarcanjo.net\/site\/wp-json\/wp\/v2\/media?parent=22302"}],"wp:term":[{"taxonomy":"category","embeddable":true,"href":"https:\/\/www.oarcanjo.net\/site\/wp-json\/wp\/v2\/categories?post=22302"},{"taxonomy":"post_tag","embeddable":true,"href":"https:\/\/www.oarcanjo.net\/site\/wp-json\/wp\/v2\/tags?post=22302"}],"curies":[{"name":"wp","href":"https:\/\/api.w.org\/{rel}","templated":true}]}}