
{"id":22424,"date":"2013-07-22T19:16:19","date_gmt":"2013-07-22T22:16:19","guid":{"rendered":"http:\/\/www.oarcanjo.net\/site\/?p=22424"},"modified":"2013-07-29T01:19:37","modified_gmt":"2013-07-29T04:19:37","slug":"video-o-primeiro-discurso-do-papa-francisco-no-brasil","status":"publish","type":"post","link":"https:\/\/www.oarcanjo.net\/site\/video-o-primeiro-discurso-do-papa-francisco-no-brasil\/","title":{"rendered":"V\u00cdDEO: o primeiro discurso do Papa Francisco no Brasil"},"content":{"rendered":"<p>Assista \u00e0 primeira fala do Papa Francisco no Brasil, na solenidade oficial realizada no Pal\u00e1cio Guanabara, sede do governo do Rio de Janeiro, com a presen\u00e7a de diversas autoridades, inclusive a presidente Dilma Rousseff. O papa chegou ao pa\u00eds para participar da Jornada Mundial da Juventude.<\/p>\n<p><iframe loading=\"lazy\" frameborder=\"0\" height=\"315\" src=\"\/\/www.youtube.com\/embed\/nz1a4rVeBBc?rel=0\" width=\"420\"><\/iframe><\/p>\n<p><em>V\u00eddeo gerado pela Rede Vida de Televis\u00e3o<\/em><\/p>\n<p><strong>Transcri\u00e7\u00e3o &#8211; Jornada Mundial da Juventude<\/strong><\/p>\n<p>Senhora Presidenta,<br \/>\nIlustres Autoridades,<br \/>\nIrm\u00e3os e amigos!<\/p>\n<p>Quis Deus na sua amorosa provid\u00eancia que a primeira viagem internacional do meu Pontificado me consentisse voltar \u00e0 amada Am\u00e9rica Latina, precisamente ao Brasil, na\u00e7\u00e3o que se gloria de seus s\u00f3lidos la\u00e7os com a S\u00e9 Apost\u00f3lica e dos profundos sentimentos de f\u00e9 e amizade que sempre a uniram de modo singular ao Sucessor de Pedro. Dou gra\u00e7as a Deus pela sua benignidade.<\/p>\n<p>Aprendi que para ter acesso ao Povo Brasileiro, \u00e9 preciso ingressar pelo portal do seu imenso cora\u00e7\u00e3o; por isso permitam-me que nesta hora eu possa bater delicadamente a esta porta. Pe\u00e7o licen\u00e7a para entrar e transcorrer esta semana com voc\u00eas. N\u00e3o tenho ouro nem prata, mas trago o que de mais precioso me foi dado: Jesus Cristo! Venho em seu Nome,para alimentar a chama de amor fraterno que arde em cada cora\u00e7\u00e3o; e desejo que chegue a todos e a cada um a minha sauda\u00e7\u00e3o: \u201cA paz de Cristo esteja com voc\u00eas!\u201d<\/p>\n<p>Sa\u00fado com defer\u00eancia a Senhora Presidenta e os ilustres membros do seu Governo. Obrigado pelo seu generoso acolhimento e por suas palavras que externaram a alegria dos brasileiros pela minha presen\u00e7a em sua P\u00e1tria. Cumprimento tamb\u00e9m o Senhor Governador deste Estado, que amavelmente nos recebe na Sede do Governo, e o Senhor Prefeito do Rio de Janeiro, bem como os Membros do Corpo Diplom\u00e1tico acreditado junto ao Governo Brasileiro, as demais Autoridades presentes e todos quantos se prodigalizaram para tornar realidade esta minha visita.<\/p>\n<p>Quero dirigir uma palavra de afeto aos meus irm\u00e3os no Episcopado, sobre quem pousa a tarefa de guiar o Rebanho de Deus neste imenso Pa\u00eds, e \u00e0s suas amadas Igrejas Particulares. Esta minha visita outra coisa n\u00e3o quer sen\u00e3o continuara miss\u00e3o pastoral pr\u00f3pria do Bispo de Roma de confirmar os seus irm\u00e3os na F\u00e9 em Cristo, de anim\u00e1-los a testemunhar as raz\u00f5es da Esperan\u00e7a que d\u2019Ele vem e de incentiv\u00e1-los a oferecer a todos as inesgot\u00e1veis riquezas do seu Amor.<\/p>\n<p>O motivo principal da minha presen\u00e7a no Brasil, como \u00e9 sabido, transcende as suas fronteiras. Vim para a Jornada Mundial da Juventude. Vim para encontrar os jovens que vieram de todo o mundo, atra\u00eddos pelos bra\u00e7os abertos do Cristo Redentor. Eles querem agasalhar-se no seu abra\u00e7o para, junto de seu Cora\u00e7\u00e3o, ouvir de novo o seu potente e claro chamado: &#8220;Ide e fazei disc\u00edpulos entre todas as na\u00e7\u00f5es&#8221;.<\/p>\n<p>Estes jovens prov\u00eam dos diversos continentes, falam l\u00ednguas diferentes, s\u00e3o portadores de variegadas culturas e,todavia, em Cristo encontram as respostas para suas mais altas e comuns aspira\u00e7\u00f5es e podem saciar a fome de verdade l\u00edmpida e de amor aut\u00eantico que os irmanem para al\u00e9m de toda diversidade.<\/p>\n<p>Cristo abre espa\u00e7o para eles, pois sabe que energia alguma pode ser mais potente que aquela que se desprende do cora\u00e7\u00e3o dos jovens quando conquistados pela experi\u00eancia da sua amizade. Cristo \u201cbota f\u00e9\u201d nos jovens e confia-lhes o futuro de sua pr\u00f3pria causa: \u201cIde, fazei disc\u00edpulos\u201d. Ide para al\u00e9m das fronteiras do que \u00e9 humanamente poss\u00edvel e criem um mundo de irm\u00e3os. Tamb\u00e9m os jovens \u201cbotam f\u00e9\u201d em Cristo. Eles n\u00e3o t\u00eam medo de arriscar a \u00fanica vida que possuem porque sabem que n\u00e3o ser\u00e3o desiludidos.<\/p>\n<p>Ao iniciar esta minha visita ao Brasil, tenho consci\u00eancia de que, ao dirigir-me aos jovens, falarei \u00e0s suas fam\u00edlias,\u00e0s suas comunidades eclesiais e nacionais de origem, \u00e0s sociedades nas quais est\u00e3o inseridos, aos homens e \u00e0s mulheres dos quais, em grande medida, depende o futuro destas novas gera\u00e7\u00f5es.<\/p>\n<p>Os pais usam dizer por aqui: \u201cos filhos s\u00e3o a menina dos nossos olhos\u201d. Que bela express\u00e3o da sabedoria brasileira que aplica aos jovens a imagem da pupila dos olhos, janela pela qual entra a luz regalando-nos o milagre da vis\u00e3o! O que vai ser de n\u00f3s, se n\u00e3o tomarmos conta dos nossos olhos? Como haveremos de seguir em frente? O meu ausp\u00edcio \u00e9 que, nesta semana, cada um de n\u00f3s se deixe interpelar por esta desafiadora pergunta.<\/p>\n<p>A juventude \u00e9 a janela pela qual o futuro entra no mundo e, por isso, nos imp\u00f5e grandes desafios. A nossa gera\u00e7\u00e3o se demonstrar\u00e1 \u00e0 altura da promessa contida em cada jovem quando souber abrir-lhe espa\u00e7o; tutelar as condi\u00e7\u00f5es materiais e imateriais para o seu pleno desenvolvimento; oferecer a ele fundamentos s\u00f3lidos, sobre os quais construir a vida; garantir lhe seguran\u00e7a e educa\u00e7\u00e3o para que se torne aquilo que ele pode ser; transmitir-lhe valores duradouros pelos quais a vida mere\u00e7a ser vivida, assegurar-lhe um horizonte transcendente que responda \u00e0 sede de felicidade aut\u00eantica, suscitando nele a criatividade do bem; entregar-lhe a heran\u00e7a de um mundo que corresponda \u00e0 medida da vida humana; despertar nele as melhores potencialidades para que seja sujeito do pr\u00f3prio amanh\u00e3 e correspons\u00e1vel do destino de todos.<\/p>\n<p>Concluindo, pe\u00e7o a todos a delicadeza da aten\u00e7\u00e3o e, se poss\u00edvel, a necess\u00e1ria empatia para estabelecer um di\u00e1logo de amigos. Nesta hora, os bra\u00e7os do Papa se alargam para abra\u00e7ar a inteira na\u00e7\u00e3o brasileira, na sua complexa riqueza humana, cultural e religiosa. Desde a Amaz\u00f4nia at\u00e9 os pampas, dos sert\u00f5es at\u00e9 o Pantanal, dos vilarejos at\u00e9 as metr\u00f3poles,ningu\u00e9m se sinta exclu\u00eddo do afeto do Papa. Depois de amanh\u00e3, se Deus quiser, tenho em mente recordar-lhes todos a Nossa Senhora Aparecida, invocando sua prote\u00e7\u00e3o materna sobre seus lares e fam\u00edlias. Desde j\u00e1 a todos aben\u00e7\u00f4o. Obrigado pelo acolhimento!<\/p>\n<div id=\"themify_builder_content-22424\" data-postid=\"22424\" class=\"themify_builder_content themify_builder_content-22424 themify_builder themify_builder_front\">\n\t<\/div>\n<!-- \/themify_builder_content -->","protected":false},"excerpt":{"rendered":"<p>Assista \u00e0 primeira fala do Papa Francisco no Brasil, na solenidade oficial realizada no Pal\u00e1cio Guanabara, sede do governo do Rio de Janeiro, com a presen\u00e7a de diversas autoridades, inclusive a presidente Dilma Rousseff. O papa chegou ao pa\u00eds para participar da Jornada Mundial da Juventude. V\u00eddeo gerado pela Rede Vida de Televis\u00e3o Transcri\u00e7\u00e3o &#8211; [&hellip;]<\/p>\n","protected":false},"author":5,"featured_media":0,"comment_status":"open","ping_status":"open","sticky":false,"template":"","format":"standard","meta":{"ngg_post_thumbnail":0,"footnotes":""},"categories":[8,280],"tags":[1937,1938,2433,34],"yoast_head":"<!-- This site is optimized with the Yoast SEO plugin v23.5 - https:\/\/yoast.com\/wordpress\/plugins\/seo\/ -->\n<title>V\u00cdDEO: o primeiro discurso do Papa Francisco no Brasil - O Arcanjo no ar<\/title>\n<meta name=\"robots\" content=\"index, follow, max-snippet:-1, max-image-preview:large, max-video-preview:-1\" \/>\n<link rel=\"canonical\" href=\"https:\/\/www.oarcanjo.net\/site\/video-o-primeiro-discurso-do-papa-francisco-no-brasil\/\" \/>\n<meta property=\"og:locale\" content=\"pt_BR\" \/>\n<meta property=\"og:type\" content=\"article\" \/>\n<meta property=\"og:title\" content=\"V\u00cdDEO: o primeiro discurso do Papa Francisco no Brasil - O Arcanjo no ar\" \/>\n<meta property=\"og:description\" content=\"Assista \u00e0 primeira fala do Papa Francisco no Brasil, na solenidade oficial realizada no Pal\u00e1cio Guanabara, sede do governo do Rio de Janeiro, com a presen\u00e7a de diversas autoridades, inclusive a presidente Dilma Rousseff. O papa chegou ao pa\u00eds para participar da Jornada Mundial da Juventude. V\u00eddeo gerado pela Rede Vida de Televis\u00e3o Transcri\u00e7\u00e3o &#8211; [&hellip;]\" \/>\n<meta property=\"og:url\" content=\"https:\/\/www.oarcanjo.net\/site\/video-o-primeiro-discurso-do-papa-francisco-no-brasil\/\" \/>\n<meta property=\"og:site_name\" content=\"O Arcanjo no ar\" \/>\n<meta property=\"article:publisher\" content=\"https:\/\/www.facebook.com\/OArcanjoNoAr\/\" \/>\n<meta property=\"article:published_time\" content=\"2013-07-22T22:16:19+00:00\" \/>\n<meta property=\"article:modified_time\" content=\"2013-07-29T04:19:37+00:00\" \/>\n<meta property=\"og:image\" content=\"https:\/\/www.oarcanjo.net\/site\/wp-content\/uploads\/logo-o-arcanjo-no-ar-facebook.png\" \/>\n\t<meta property=\"og:image:width\" content=\"300\" \/>\n\t<meta property=\"og:image:height\" content=\"300\" \/>\n\t<meta property=\"og:image:type\" content=\"image\/png\" \/>\n<meta name=\"author\" content=\"editor\" \/>\n<meta name=\"twitter:card\" content=\"summary_large_image\" \/>\n<meta name=\"twitter:label1\" content=\"Escrito por\" \/>\n\t<meta name=\"twitter:data1\" content=\"editor\" \/>\n\t<meta name=\"twitter:label2\" content=\"Est. tempo de leitura\" \/>\n\t<meta name=\"twitter:data2\" content=\"5 minutos\" \/>\n<script type=\"application\/ld+json\" class=\"yoast-schema-graph\">{\"@context\":\"https:\/\/schema.org\",\"@graph\":[{\"@type\":\"Article\",\"@id\":\"https:\/\/www.oarcanjo.net\/site\/video-o-primeiro-discurso-do-papa-francisco-no-brasil\/#article\",\"isPartOf\":{\"@id\":\"https:\/\/www.oarcanjo.net\/site\/video-o-primeiro-discurso-do-papa-francisco-no-brasil\/\"},\"author\":{\"name\":\"editor\",\"@id\":\"https:\/\/www.oarcanjo.net\/site\/#\/schema\/person\/f7024d007863202483a31326673a0838\"},\"headline\":\"V\u00cdDEO: o primeiro discurso do Papa Francisco no Brasil\",\"datePublished\":\"2013-07-22T22:16:19+00:00\",\"dateModified\":\"2013-07-29T04:19:37+00:00\",\"mainEntityOfPage\":{\"@id\":\"https:\/\/www.oarcanjo.net\/site\/video-o-primeiro-discurso-do-papa-francisco-no-brasil\/\"},\"wordCount\":1049,\"commentCount\":0,\"publisher\":{\"@id\":\"https:\/\/www.oarcanjo.net\/site\/#organization\"},\"keywords\":[\"JMJ\",\"Jornada Mundial da Juventude\",\"Papa Francisco\",\"vaticano\"],\"articleSection\":[\"Not\u00edcias\",\"V\u00eddeos\"],\"inLanguage\":\"pt-BR\",\"potentialAction\":[{\"@type\":\"CommentAction\",\"name\":\"Comment\",\"target\":[\"https:\/\/www.oarcanjo.net\/site\/video-o-primeiro-discurso-do-papa-francisco-no-brasil\/#respond\"]}]},{\"@type\":\"WebPage\",\"@id\":\"https:\/\/www.oarcanjo.net\/site\/video-o-primeiro-discurso-do-papa-francisco-no-brasil\/\",\"url\":\"https:\/\/www.oarcanjo.net\/site\/video-o-primeiro-discurso-do-papa-francisco-no-brasil\/\",\"name\":\"V\u00cdDEO: o primeiro discurso do Papa Francisco no Brasil - O Arcanjo no ar\",\"isPartOf\":{\"@id\":\"https:\/\/www.oarcanjo.net\/site\/#website\"},\"datePublished\":\"2013-07-22T22:16:19+00:00\",\"dateModified\":\"2013-07-29T04:19:37+00:00\",\"breadcrumb\":{\"@id\":\"https:\/\/www.oarcanjo.net\/site\/video-o-primeiro-discurso-do-papa-francisco-no-brasil\/#breadcrumb\"},\"inLanguage\":\"pt-BR\",\"potentialAction\":[{\"@type\":\"ReadAction\",\"target\":[\"https:\/\/www.oarcanjo.net\/site\/video-o-primeiro-discurso-do-papa-francisco-no-brasil\/\"]}]},{\"@type\":\"BreadcrumbList\",\"@id\":\"https:\/\/www.oarcanjo.net\/site\/video-o-primeiro-discurso-do-papa-francisco-no-brasil\/#breadcrumb\",\"itemListElement\":[{\"@type\":\"ListItem\",\"position\":1,\"name\":\"In\u00edcio\",\"item\":\"https:\/\/www.oarcanjo.net\/site\/\"},{\"@type\":\"ListItem\",\"position\":2,\"name\":\"V\u00cdDEO: o primeiro discurso do Papa Francisco no Brasil\"}]},{\"@type\":\"WebSite\",\"@id\":\"https:\/\/www.oarcanjo.net\/site\/#website\",\"url\":\"https:\/\/www.oarcanjo.net\/site\/\",\"name\":\"O Arcanjo no ar\",\"description\":\"Site da Par\u00f3quia S\u00e3o Miguel Arcanjo (Arquidiocese de SP)\",\"publisher\":{\"@id\":\"https:\/\/www.oarcanjo.net\/site\/#organization\"},\"potentialAction\":[{\"@type\":\"SearchAction\",\"target\":{\"@type\":\"EntryPoint\",\"urlTemplate\":\"https:\/\/www.oarcanjo.net\/site\/?s={search_term_string}\"},\"query-input\":{\"@type\":\"PropertyValueSpecification\",\"valueRequired\":true,\"valueName\":\"search_term_string\"}}],\"inLanguage\":\"pt-BR\"},{\"@type\":\"Organization\",\"@id\":\"https:\/\/www.oarcanjo.net\/site\/#organization\",\"name\":\"Par\u00f3quia S\u00e3o Miguel Arcanjo\",\"url\":\"https:\/\/www.oarcanjo.net\/site\/\",\"logo\":{\"@type\":\"ImageObject\",\"inLanguage\":\"pt-BR\",\"@id\":\"https:\/\/www.oarcanjo.net\/site\/#\/schema\/logo\/image\/\",\"url\":\"https:\/\/www.oarcanjo.net\/site\/wp-content\/uploads\/LogoOArcanjo.png\",\"contentUrl\":\"https:\/\/www.oarcanjo.net\/site\/wp-content\/uploads\/LogoOArcanjo.png\",\"width\":319,\"height\":99,\"caption\":\"Par\u00f3quia S\u00e3o Miguel Arcanjo\"},\"image\":{\"@id\":\"https:\/\/www.oarcanjo.net\/site\/#\/schema\/logo\/image\/\"},\"sameAs\":[\"https:\/\/www.facebook.com\/OArcanjoNoAr\/\"]},{\"@type\":\"Person\",\"@id\":\"https:\/\/www.oarcanjo.net\/site\/#\/schema\/person\/f7024d007863202483a31326673a0838\",\"name\":\"editor\",\"sameAs\":[\"http:\/\/www.oarcanjo.net\"]}]}<\/script>\n<!-- \/ Yoast SEO plugin. -->","yoast_head_json":{"title":"V\u00cdDEO: o primeiro discurso do Papa Francisco no Brasil - O Arcanjo no ar","robots":{"index":"index","follow":"follow","max-snippet":"max-snippet:-1","max-image-preview":"max-image-preview:large","max-video-preview":"max-video-preview:-1"},"canonical":"https:\/\/www.oarcanjo.net\/site\/video-o-primeiro-discurso-do-papa-francisco-no-brasil\/","og_locale":"pt_BR","og_type":"article","og_title":"V\u00cdDEO: o primeiro discurso do Papa Francisco no Brasil - O Arcanjo no ar","og_description":"Assista \u00e0 primeira fala do Papa Francisco no Brasil, na solenidade oficial realizada no Pal\u00e1cio Guanabara, sede do governo do Rio de Janeiro, com a presen\u00e7a de diversas autoridades, inclusive a presidente Dilma Rousseff. O papa chegou ao pa\u00eds para participar da Jornada Mundial da Juventude. V\u00eddeo gerado pela Rede Vida de Televis\u00e3o Transcri\u00e7\u00e3o &#8211; [&hellip;]","og_url":"https:\/\/www.oarcanjo.net\/site\/video-o-primeiro-discurso-do-papa-francisco-no-brasil\/","og_site_name":"O Arcanjo no ar","article_publisher":"https:\/\/www.facebook.com\/OArcanjoNoAr\/","article_published_time":"2013-07-22T22:16:19+00:00","article_modified_time":"2013-07-29T04:19:37+00:00","og_image":[{"width":300,"height":300,"url":"https:\/\/www.oarcanjo.net\/site\/wp-content\/uploads\/logo-o-arcanjo-no-ar-facebook.png","type":"image\/png"}],"author":"editor","twitter_card":"summary_large_image","twitter_misc":{"Escrito por":"editor","Est. tempo de leitura":"5 minutos"},"schema":{"@context":"https:\/\/schema.org","@graph":[{"@type":"Article","@id":"https:\/\/www.oarcanjo.net\/site\/video-o-primeiro-discurso-do-papa-francisco-no-brasil\/#article","isPartOf":{"@id":"https:\/\/www.oarcanjo.net\/site\/video-o-primeiro-discurso-do-papa-francisco-no-brasil\/"},"author":{"name":"editor","@id":"https:\/\/www.oarcanjo.net\/site\/#\/schema\/person\/f7024d007863202483a31326673a0838"},"headline":"V\u00cdDEO: o primeiro discurso do Papa Francisco no Brasil","datePublished":"2013-07-22T22:16:19+00:00","dateModified":"2013-07-29T04:19:37+00:00","mainEntityOfPage":{"@id":"https:\/\/www.oarcanjo.net\/site\/video-o-primeiro-discurso-do-papa-francisco-no-brasil\/"},"wordCount":1049,"commentCount":0,"publisher":{"@id":"https:\/\/www.oarcanjo.net\/site\/#organization"},"keywords":["JMJ","Jornada Mundial da Juventude","Papa Francisco","vaticano"],"articleSection":["Not\u00edcias","V\u00eddeos"],"inLanguage":"pt-BR","potentialAction":[{"@type":"CommentAction","name":"Comment","target":["https:\/\/www.oarcanjo.net\/site\/video-o-primeiro-discurso-do-papa-francisco-no-brasil\/#respond"]}]},{"@type":"WebPage","@id":"https:\/\/www.oarcanjo.net\/site\/video-o-primeiro-discurso-do-papa-francisco-no-brasil\/","url":"https:\/\/www.oarcanjo.net\/site\/video-o-primeiro-discurso-do-papa-francisco-no-brasil\/","name":"V\u00cdDEO: o primeiro discurso do Papa Francisco no Brasil - O Arcanjo no ar","isPartOf":{"@id":"https:\/\/www.oarcanjo.net\/site\/#website"},"datePublished":"2013-07-22T22:16:19+00:00","dateModified":"2013-07-29T04:19:37+00:00","breadcrumb":{"@id":"https:\/\/www.oarcanjo.net\/site\/video-o-primeiro-discurso-do-papa-francisco-no-brasil\/#breadcrumb"},"inLanguage":"pt-BR","potentialAction":[{"@type":"ReadAction","target":["https:\/\/www.oarcanjo.net\/site\/video-o-primeiro-discurso-do-papa-francisco-no-brasil\/"]}]},{"@type":"BreadcrumbList","@id":"https:\/\/www.oarcanjo.net\/site\/video-o-primeiro-discurso-do-papa-francisco-no-brasil\/#breadcrumb","itemListElement":[{"@type":"ListItem","position":1,"name":"In\u00edcio","item":"https:\/\/www.oarcanjo.net\/site\/"},{"@type":"ListItem","position":2,"name":"V\u00cdDEO: o primeiro discurso do Papa Francisco no Brasil"}]},{"@type":"WebSite","@id":"https:\/\/www.oarcanjo.net\/site\/#website","url":"https:\/\/www.oarcanjo.net\/site\/","name":"O Arcanjo no ar","description":"Site da Par\u00f3quia S\u00e3o Miguel Arcanjo (Arquidiocese de SP)","publisher":{"@id":"https:\/\/www.oarcanjo.net\/site\/#organization"},"potentialAction":[{"@type":"SearchAction","target":{"@type":"EntryPoint","urlTemplate":"https:\/\/www.oarcanjo.net\/site\/?s={search_term_string}"},"query-input":{"@type":"PropertyValueSpecification","valueRequired":true,"valueName":"search_term_string"}}],"inLanguage":"pt-BR"},{"@type":"Organization","@id":"https:\/\/www.oarcanjo.net\/site\/#organization","name":"Par\u00f3quia S\u00e3o Miguel Arcanjo","url":"https:\/\/www.oarcanjo.net\/site\/","logo":{"@type":"ImageObject","inLanguage":"pt-BR","@id":"https:\/\/www.oarcanjo.net\/site\/#\/schema\/logo\/image\/","url":"https:\/\/www.oarcanjo.net\/site\/wp-content\/uploads\/LogoOArcanjo.png","contentUrl":"https:\/\/www.oarcanjo.net\/site\/wp-content\/uploads\/LogoOArcanjo.png","width":319,"height":99,"caption":"Par\u00f3quia S\u00e3o Miguel Arcanjo"},"image":{"@id":"https:\/\/www.oarcanjo.net\/site\/#\/schema\/logo\/image\/"},"sameAs":["https:\/\/www.facebook.com\/OArcanjoNoAr\/"]},{"@type":"Person","@id":"https:\/\/www.oarcanjo.net\/site\/#\/schema\/person\/f7024d007863202483a31326673a0838","name":"editor","sameAs":["http:\/\/www.oarcanjo.net"]}]}},"publishpress_future_action":{"enabled":false,"date":"2026-05-10 10:04:13","action":"category","newStatus":"draft","terms":[],"taxonomy":"category"},"publishpress_future_workflow_manual_trigger":{"enabledWorkflows":[]},"_links":{"self":[{"href":"https:\/\/www.oarcanjo.net\/site\/wp-json\/wp\/v2\/posts\/22424"}],"collection":[{"href":"https:\/\/www.oarcanjo.net\/site\/wp-json\/wp\/v2\/posts"}],"about":[{"href":"https:\/\/www.oarcanjo.net\/site\/wp-json\/wp\/v2\/types\/post"}],"author":[{"embeddable":true,"href":"https:\/\/www.oarcanjo.net\/site\/wp-json\/wp\/v2\/users\/5"}],"replies":[{"embeddable":true,"href":"https:\/\/www.oarcanjo.net\/site\/wp-json\/wp\/v2\/comments?post=22424"}],"version-history":[{"count":0,"href":"https:\/\/www.oarcanjo.net\/site\/wp-json\/wp\/v2\/posts\/22424\/revisions"}],"wp:attachment":[{"href":"https:\/\/www.oarcanjo.net\/site\/wp-json\/wp\/v2\/media?parent=22424"}],"wp:term":[{"taxonomy":"category","embeddable":true,"href":"https:\/\/www.oarcanjo.net\/site\/wp-json\/wp\/v2\/categories?post=22424"},{"taxonomy":"post_tag","embeddable":true,"href":"https:\/\/www.oarcanjo.net\/site\/wp-json\/wp\/v2\/tags?post=22424"}],"curies":[{"name":"wp","href":"https:\/\/api.w.org\/{rel}","templated":true}]}}