
{"id":22495,"date":"2013-07-27T21:58:26","date_gmt":"2013-07-28T00:58:26","guid":{"rendered":"http:\/\/www.oarcanjo.net\/site\/?p=22495"},"modified":"2013-07-27T21:58:26","modified_gmt":"2013-07-28T00:58:26","slug":"o-papa-em-minha-casa","status":"publish","type":"post","link":"https:\/\/www.oarcanjo.net\/site\/o-papa-em-minha-casa\/","title":{"rendered":"O Papa em minha casa"},"content":{"rendered":"<p style=\"text-align: justify;\">Pe. Alfredo J. Gon\u00e7alves, CS<\/p>\n<div style=\"text-align: justify;\"><em><strong>Quinta-feira, 25 de Julho de 2013. Casa 81, Bairro Varginha, Rio de Janeiro, Brasil. Passa a caravana do Papa que visita a cidade para a V Jornada Mundial da Juventude. Inesperadamente, o pastor se det\u00e9m e entra naquela humilde moradia.<\/strong><\/em><\/div>\n<p style=\"text-align: justify;\">Como n\u00e3o lembrar os passos de Jesus, relatados pelos quatro evangelistas\u00a0! Nestes, a caravana de Jesus, como sabemos, jamais atropelava uma dor ou um grito de socorro. Ao menor sinal de sofrimento, Jesus se detinha, n\u00e3o raro enfrentando a resist\u00eancia dos pr\u00f3prios ap\u00f3stolos. Para o Mestre, mais do que a confiss\u00e3o religiosa ou o cumprimento da lei, a necessidade do pobre convertia-se em parada obrigat\u00f3ria.<\/p>\n<p style=\"text-align: justify;\">Prevalecia o primado da acolhida, da justi\u00e7a e do direito, da miseric\u00f3rdia e da compaix\u00e3o para com as \u00ab\u00a0multid\u00f5es cansadas e abatidas\u00a0\u00bb (Mt 9, 35-38).<\/p>\n<p style=\"text-align: justify;\">Na Casa 81, como nas demais habita\u00e7\u00f5es ao redor, quem sabe quantos dramas, quantas tens\u00f5es e quanto sofrimento habitam aquele espa\u00e7o restrito, reservado e familiar\u00a0! Quem sabe quantos problemas relativos ao trabalho, \u00e0 habita\u00e7\u00e3o, \u00e0 sa\u00fade, \u00e0 educa\u00e7\u00e3o, ao transporte, \u00e0 seguran\u00e7a\u00a0!&#8230; Quem sabe, tamb\u00e9m, quantas \u00ab\u00a0alegrias e esperan\u00e7as, tristezas e ang\u00fastias\u00a0\u00bb, quantas dores e temores, lutas, fracassos e vit\u00f3rias abrigam aquela simples casa\u00a0! Ou ainda, quantos sonhos e esperan\u00e7as ali nasceram, cresceram, morreram ou se realizaram\u00a0! Nessa, como nas casas vizinhas e em centenas de bairros perif\u00e9ricos do Rio, bem como das outras capitais e de todo o Brasil, os embates do cotidiano se desenrolam, misturando risos e l\u00e1grimas, sonhos e lutas, correria e inquieta\u00e7\u00f5es.<\/p>\n<p style=\"text-align: justify;\">Sim, uma casa como milh\u00f5es de outras. Pobre, sim, mas talvez rica de vida e alegria, festa e entusiasmo, como poucos pal\u00e1cios suntuosos\u00a0; talvez dilacerada por divis\u00f5es e conflitos familiares, doen\u00e7a, desemprego e pobreza, mas aberta \u00e0 hospitalidade de quem necessita, como poucas mans\u00f5es de alto luxo\u00a0; talvez sem saber se ter\u00e0 p\u00e3o \u00e0 mesa no dia seguinte, mas sempre pronta \u00e0 solidariedade com o pr\u00f3ximo, como poucas fam\u00edlias milion\u00e1rias. Uma casa onde \u00e9 mais duro o combate pela sobreviv\u00eancia, certamente, mas onde em geral o afeto cimenta as rela\u00e7\u00f5es humanas de forma mais s\u00f3lida, transparente e duradoura.<\/p>\n<p style=\"text-align: justify;\">Bem ali, o Papa Francisco se det\u00e9m e entra na humilde casa, visita aquela fam\u00edlia at\u00e9 ent\u00e3o desconhecida. Abra\u00e7a e beija as pessoas, ouve e fala com grande aten\u00e7\u00e3o, enche o espa\u00e7o com seu sorriso largo e seu cora\u00e7\u00e3o em festa no meio da multid\u00e3o. Um pastor que conhece o seu povo, da mesma forma que este tamb\u00e9m o vem conhecendo sempre mais, na sua grandeza de alma e simplicidade de gestos. Al\u00e9m de Jesus, imposs\u00edvel n\u00e3o lembrar o pobre de Assis, do qual o pont\u00edfice escolheu n\u00e3o somente o nome, mas tamb\u00e9m o louvor a Deus atrav\u00e9s de uma alegria contagiante, cheia de f\u00e9, confian\u00e7a e entusiasmo juvenil e inebriante.<\/p>\n<p style=\"text-align: justify;\">O gesto do Papa traz de volta a saudosa lembran\u00e7a do chamado \u00ab\u00a0trabalho de formiguinha\u00a0\u00bb ou \u00ab\u00a0trabalho de base\u00a0\u00bb na pastoral de conjunto de d\u00e9cadas passadas. Visita \u00e0s fam\u00edlias mais necessitadas, presen\u00e7a nos por\u00f5es e nas periferias da sociedade, contato vivo com as pessoas em seu ambiente &#8211; pr\u00e1tica muito utilizada nas miss\u00f5es populares e na evangeliza\u00e7\u00e3o dos lugares mais afastados. Visita que marca, conforta e deixa marcas de esperan\u00e7a e de paz\u2026 Mas de forma particular atitude que, uma vez mais, remonta \u00e0 pr\u00e1tica pastoral do profeta itinerante de Nazar\u00e9. A Boa Nova de Jesus Cristo \u00e9 proclamada muito mais pelas ruas e aldeias do que no templo. Muito mais entre pescadores, camponeses, povo de rua, gente indefesa, doente e marginalizada do que entre os fariseus, escribas e saduceus. Basta conferir a par\u00e1bola do Bom Samaritano (Lc 10,13-35).<\/p>\n<p style=\"text-align: justify;\">Muitas vezes o interior de cada fam\u00edlia esconde \u00ab\u00a0pequenos infernos\u00a0\u00bb de sofrimento humano. Feridas vivas que custam a cicatrizar. Basta olhar para o interior de nossa pr\u00f3pria casa. Quantas chagas abertas, quantas m\u00e1goas, quantos la\u00e7os rompidos\u00a0! A presen\u00e7a de um representante de Deus em meio a esse sofrimento torna-se uma grande ben\u00e7\u00e3o\u00a0: um sacerdote, um religioso ou religiosa, um mission\u00e1rio ou mission\u00e1ria, um agente pastoral\u2026 Queiram ou n\u00e3o, do ponto de vista da f\u00e9 popular,\u00a0 essas pessoas ligadas \u00e0 Igreja, ou que em nome desta percorrem bairros e ruas, s\u00e3o protagonistas da Boa Nova de Jesus Cristo. O simples fato de entrar numa casa, onde \u00e0s vezes reina a divis\u00e3o e o rancor, o \u00e1lcool, a droga e a viol\u00eancia, \u00e9 como reafirmar que Deus n\u00e3o abandona aquelas pessoas. O Pai de Jesus jamais fecha a porta a quem bate, jamais vira o rosto a quem o procura. Reza-se no Credo que Jesus \u00ab\u00a0desceu aos infernos\u00a0\u00bb para arrancar-nos da\u00ed e elevar-nos ao c\u00e9u do seu Reino.<\/p>\n<p style=\"text-align: justify;\">Semelhante presen\u00e7a se concretiza num olhar de misericordioso, num ouvido atento e compreensivo, numa palavra de conforto e de paz, num toque de for\u00e7a e alento, num bra\u00e7o estendido, num sorriso de f\u00e9 e esperan\u00e7a. Eis uma verdadeira forma de evangeliza\u00e7\u00e3o. Quando tudo isso vem refor\u00e7ado pela visita do Pont\u00edfice da Igreja, evidente que se refor\u00e7a, ao mesmo tempo, a \u00ab\u00a0op\u00e7\u00e3o preferencial pelos pobres\u00a0\u00bb, como tamb\u00e9m a miss\u00e3o continental, grande compromisso com o Documento de Aparecida, da V Confer\u00eancia do Episcopado Latino-americano e Caribenho.<\/p>\n<p style=\"text-align: justify;\">Essa visita ao Rio de Janeiro, para o encontro com os jovens, representa oxig\u00eanio renovado numa Igreja que vem dando sinais de asfixia. Promessa de mudan\u00e7as nas atitudes e nas rela\u00e7\u00f5es. Vassoura nova para retirar o mofo dos cantos frios e obscuros, labir\u00ednticos,\u00a0de n\u00e3o poucos setores da Igreja; para limpar o lixo acumulado sob o tapete ou o verniz da diplomacia ritualista e da hipocrisia formal\u00a0; para remover as teias de aranha que impedem rela\u00e7\u00f5es abertas e saud\u00e1veis e, ao esmo tempo, a partir do pr\u00f3prio Evangelho, tecem vias tortuosas e distorcidas.\u00a0 Oxal\u00e1 estejamos diante dos primeiros raios de uma nova aurora ou das flores de uma nova e vicejante primavera.<\/p>\n<p style=\"text-align: justify;\">&nbsp;<\/p>\n<div id=\"themify_builder_content-22495\" data-postid=\"22495\" class=\"themify_builder_content themify_builder_content-22495 themify_builder themify_builder_front\">\n\t<\/div>\n<!-- \/themify_builder_content -->","protected":false},"excerpt":{"rendered":"<p>Pe. Alfredo J. Gon\u00e7alves, CS Quinta-feira, 25 de Julho de 2013. Casa 81, Bairro Varginha, Rio de Janeiro, Brasil. Passa a caravana do Papa que visita a cidade para a V Jornada Mundial da Juventude. Inesperadamente, o pastor se det\u00e9m e entra naquela humilde moradia. Como n\u00e3o lembrar os passos de Jesus, relatados pelos quatro [&hellip;]<\/p>\n","protected":false},"author":15,"featured_media":0,"comment_status":"open","ping_status":"open","sticky":false,"template":"","format":"standard","meta":{"ngg_post_thumbnail":0,"footnotes":""},"categories":[9],"tags":[],"yoast_head":"<!-- This site is optimized with the Yoast SEO plugin v23.5 - https:\/\/yoast.com\/wordpress\/plugins\/seo\/ -->\n<title>O Papa em minha casa - O Arcanjo no ar<\/title>\n<meta name=\"robots\" content=\"index, follow, max-snippet:-1, max-image-preview:large, max-video-preview:-1\" \/>\n<link rel=\"canonical\" href=\"https:\/\/www.oarcanjo.net\/site\/o-papa-em-minha-casa\/\" \/>\n<meta property=\"og:locale\" content=\"pt_BR\" \/>\n<meta property=\"og:type\" content=\"article\" \/>\n<meta property=\"og:title\" content=\"O Papa em minha casa - O Arcanjo no ar\" \/>\n<meta property=\"og:description\" content=\"Pe. Alfredo J. Gon\u00e7alves, CS Quinta-feira, 25 de Julho de 2013. Casa 81, Bairro Varginha, Rio de Janeiro, Brasil. Passa a caravana do Papa que visita a cidade para a V Jornada Mundial da Juventude. Inesperadamente, o pastor se det\u00e9m e entra naquela humilde moradia. Como n\u00e3o lembrar os passos de Jesus, relatados pelos quatro [&hellip;]\" \/>\n<meta property=\"og:url\" content=\"https:\/\/www.oarcanjo.net\/site\/o-papa-em-minha-casa\/\" \/>\n<meta property=\"og:site_name\" content=\"O Arcanjo no ar\" \/>\n<meta property=\"article:publisher\" content=\"https:\/\/www.facebook.com\/OArcanjoNoAr\/\" \/>\n<meta property=\"article:published_time\" content=\"2013-07-28T00:58:26+00:00\" \/>\n<meta property=\"og:image\" content=\"https:\/\/www.oarcanjo.net\/site\/wp-content\/uploads\/logo-o-arcanjo-no-ar-facebook.png\" \/>\n\t<meta property=\"og:image:width\" content=\"300\" \/>\n\t<meta property=\"og:image:height\" content=\"300\" \/>\n\t<meta property=\"og:image:type\" content=\"image\/png\" \/>\n<meta name=\"author\" content=\"Alexandre Nunes\" \/>\n<meta name=\"twitter:card\" content=\"summary_large_image\" \/>\n<meta name=\"twitter:label1\" content=\"Escrito por\" \/>\n\t<meta name=\"twitter:data1\" content=\"Alexandre Nunes\" \/>\n\t<meta name=\"twitter:label2\" content=\"Est. tempo de leitura\" \/>\n\t<meta name=\"twitter:data2\" content=\"5 minutos\" \/>\n<script type=\"application\/ld+json\" class=\"yoast-schema-graph\">{\"@context\":\"https:\/\/schema.org\",\"@graph\":[{\"@type\":\"Article\",\"@id\":\"https:\/\/www.oarcanjo.net\/site\/o-papa-em-minha-casa\/#article\",\"isPartOf\":{\"@id\":\"https:\/\/www.oarcanjo.net\/site\/o-papa-em-minha-casa\/\"},\"author\":{\"name\":\"Alexandre Nunes\",\"@id\":\"https:\/\/www.oarcanjo.net\/site\/#\/schema\/person\/0a2ae077c1a09b69d29928e3b9f1c0d1\"},\"headline\":\"O Papa em minha casa\",\"datePublished\":\"2013-07-28T00:58:26+00:00\",\"dateModified\":\"2013-07-28T00:58:26+00:00\",\"mainEntityOfPage\":{\"@id\":\"https:\/\/www.oarcanjo.net\/site\/o-papa-em-minha-casa\/\"},\"wordCount\":1052,\"commentCount\":1,\"publisher\":{\"@id\":\"https:\/\/www.oarcanjo.net\/site\/#organization\"},\"articleSection\":[\"Reflex\u00f5es\"],\"inLanguage\":\"pt-BR\",\"potentialAction\":[{\"@type\":\"CommentAction\",\"name\":\"Comment\",\"target\":[\"https:\/\/www.oarcanjo.net\/site\/o-papa-em-minha-casa\/#respond\"]}]},{\"@type\":\"WebPage\",\"@id\":\"https:\/\/www.oarcanjo.net\/site\/o-papa-em-minha-casa\/\",\"url\":\"https:\/\/www.oarcanjo.net\/site\/o-papa-em-minha-casa\/\",\"name\":\"O Papa em minha casa - O Arcanjo no ar\",\"isPartOf\":{\"@id\":\"https:\/\/www.oarcanjo.net\/site\/#website\"},\"datePublished\":\"2013-07-28T00:58:26+00:00\",\"dateModified\":\"2013-07-28T00:58:26+00:00\",\"breadcrumb\":{\"@id\":\"https:\/\/www.oarcanjo.net\/site\/o-papa-em-minha-casa\/#breadcrumb\"},\"inLanguage\":\"pt-BR\",\"potentialAction\":[{\"@type\":\"ReadAction\",\"target\":[\"https:\/\/www.oarcanjo.net\/site\/o-papa-em-minha-casa\/\"]}]},{\"@type\":\"BreadcrumbList\",\"@id\":\"https:\/\/www.oarcanjo.net\/site\/o-papa-em-minha-casa\/#breadcrumb\",\"itemListElement\":[{\"@type\":\"ListItem\",\"position\":1,\"name\":\"In\u00edcio\",\"item\":\"https:\/\/www.oarcanjo.net\/site\/\"},{\"@type\":\"ListItem\",\"position\":2,\"name\":\"O Papa em minha casa\"}]},{\"@type\":\"WebSite\",\"@id\":\"https:\/\/www.oarcanjo.net\/site\/#website\",\"url\":\"https:\/\/www.oarcanjo.net\/site\/\",\"name\":\"O Arcanjo no ar\",\"description\":\"Site da Par\u00f3quia S\u00e3o Miguel Arcanjo (Arquidiocese de SP)\",\"publisher\":{\"@id\":\"https:\/\/www.oarcanjo.net\/site\/#organization\"},\"potentialAction\":[{\"@type\":\"SearchAction\",\"target\":{\"@type\":\"EntryPoint\",\"urlTemplate\":\"https:\/\/www.oarcanjo.net\/site\/?s={search_term_string}\"},\"query-input\":{\"@type\":\"PropertyValueSpecification\",\"valueRequired\":true,\"valueName\":\"search_term_string\"}}],\"inLanguage\":\"pt-BR\"},{\"@type\":\"Organization\",\"@id\":\"https:\/\/www.oarcanjo.net\/site\/#organization\",\"name\":\"Par\u00f3quia S\u00e3o Miguel Arcanjo\",\"url\":\"https:\/\/www.oarcanjo.net\/site\/\",\"logo\":{\"@type\":\"ImageObject\",\"inLanguage\":\"pt-BR\",\"@id\":\"https:\/\/www.oarcanjo.net\/site\/#\/schema\/logo\/image\/\",\"url\":\"https:\/\/www.oarcanjo.net\/site\/wp-content\/uploads\/LogoOArcanjo.png\",\"contentUrl\":\"https:\/\/www.oarcanjo.net\/site\/wp-content\/uploads\/LogoOArcanjo.png\",\"width\":319,\"height\":99,\"caption\":\"Par\u00f3quia S\u00e3o Miguel Arcanjo\"},\"image\":{\"@id\":\"https:\/\/www.oarcanjo.net\/site\/#\/schema\/logo\/image\/\"},\"sameAs\":[\"https:\/\/www.facebook.com\/OArcanjoNoAr\/\"]},{\"@type\":\"Person\",\"@id\":\"https:\/\/www.oarcanjo.net\/site\/#\/schema\/person\/0a2ae077c1a09b69d29928e3b9f1c0d1\",\"name\":\"Alexandre Nunes\",\"sameAs\":[\"http:\/\/alexandrenu.com\"]}]}<\/script>\n<!-- \/ Yoast SEO plugin. -->","yoast_head_json":{"title":"O Papa em minha casa - O Arcanjo no ar","robots":{"index":"index","follow":"follow","max-snippet":"max-snippet:-1","max-image-preview":"max-image-preview:large","max-video-preview":"max-video-preview:-1"},"canonical":"https:\/\/www.oarcanjo.net\/site\/o-papa-em-minha-casa\/","og_locale":"pt_BR","og_type":"article","og_title":"O Papa em minha casa - O Arcanjo no ar","og_description":"Pe. Alfredo J. Gon\u00e7alves, CS Quinta-feira, 25 de Julho de 2013. Casa 81, Bairro Varginha, Rio de Janeiro, Brasil. Passa a caravana do Papa que visita a cidade para a V Jornada Mundial da Juventude. Inesperadamente, o pastor se det\u00e9m e entra naquela humilde moradia. Como n\u00e3o lembrar os passos de Jesus, relatados pelos quatro [&hellip;]","og_url":"https:\/\/www.oarcanjo.net\/site\/o-papa-em-minha-casa\/","og_site_name":"O Arcanjo no ar","article_publisher":"https:\/\/www.facebook.com\/OArcanjoNoAr\/","article_published_time":"2013-07-28T00:58:26+00:00","og_image":[{"width":300,"height":300,"url":"https:\/\/www.oarcanjo.net\/site\/wp-content\/uploads\/logo-o-arcanjo-no-ar-facebook.png","type":"image\/png"}],"author":"Alexandre Nunes","twitter_card":"summary_large_image","twitter_misc":{"Escrito por":"Alexandre Nunes","Est. tempo de leitura":"5 minutos"},"schema":{"@context":"https:\/\/schema.org","@graph":[{"@type":"Article","@id":"https:\/\/www.oarcanjo.net\/site\/o-papa-em-minha-casa\/#article","isPartOf":{"@id":"https:\/\/www.oarcanjo.net\/site\/o-papa-em-minha-casa\/"},"author":{"name":"Alexandre Nunes","@id":"https:\/\/www.oarcanjo.net\/site\/#\/schema\/person\/0a2ae077c1a09b69d29928e3b9f1c0d1"},"headline":"O Papa em minha casa","datePublished":"2013-07-28T00:58:26+00:00","dateModified":"2013-07-28T00:58:26+00:00","mainEntityOfPage":{"@id":"https:\/\/www.oarcanjo.net\/site\/o-papa-em-minha-casa\/"},"wordCount":1052,"commentCount":1,"publisher":{"@id":"https:\/\/www.oarcanjo.net\/site\/#organization"},"articleSection":["Reflex\u00f5es"],"inLanguage":"pt-BR","potentialAction":[{"@type":"CommentAction","name":"Comment","target":["https:\/\/www.oarcanjo.net\/site\/o-papa-em-minha-casa\/#respond"]}]},{"@type":"WebPage","@id":"https:\/\/www.oarcanjo.net\/site\/o-papa-em-minha-casa\/","url":"https:\/\/www.oarcanjo.net\/site\/o-papa-em-minha-casa\/","name":"O Papa em minha casa - O Arcanjo no ar","isPartOf":{"@id":"https:\/\/www.oarcanjo.net\/site\/#website"},"datePublished":"2013-07-28T00:58:26+00:00","dateModified":"2013-07-28T00:58:26+00:00","breadcrumb":{"@id":"https:\/\/www.oarcanjo.net\/site\/o-papa-em-minha-casa\/#breadcrumb"},"inLanguage":"pt-BR","potentialAction":[{"@type":"ReadAction","target":["https:\/\/www.oarcanjo.net\/site\/o-papa-em-minha-casa\/"]}]},{"@type":"BreadcrumbList","@id":"https:\/\/www.oarcanjo.net\/site\/o-papa-em-minha-casa\/#breadcrumb","itemListElement":[{"@type":"ListItem","position":1,"name":"In\u00edcio","item":"https:\/\/www.oarcanjo.net\/site\/"},{"@type":"ListItem","position":2,"name":"O Papa em minha casa"}]},{"@type":"WebSite","@id":"https:\/\/www.oarcanjo.net\/site\/#website","url":"https:\/\/www.oarcanjo.net\/site\/","name":"O Arcanjo no ar","description":"Site da Par\u00f3quia S\u00e3o Miguel Arcanjo (Arquidiocese de SP)","publisher":{"@id":"https:\/\/www.oarcanjo.net\/site\/#organization"},"potentialAction":[{"@type":"SearchAction","target":{"@type":"EntryPoint","urlTemplate":"https:\/\/www.oarcanjo.net\/site\/?s={search_term_string}"},"query-input":{"@type":"PropertyValueSpecification","valueRequired":true,"valueName":"search_term_string"}}],"inLanguage":"pt-BR"},{"@type":"Organization","@id":"https:\/\/www.oarcanjo.net\/site\/#organization","name":"Par\u00f3quia S\u00e3o Miguel Arcanjo","url":"https:\/\/www.oarcanjo.net\/site\/","logo":{"@type":"ImageObject","inLanguage":"pt-BR","@id":"https:\/\/www.oarcanjo.net\/site\/#\/schema\/logo\/image\/","url":"https:\/\/www.oarcanjo.net\/site\/wp-content\/uploads\/LogoOArcanjo.png","contentUrl":"https:\/\/www.oarcanjo.net\/site\/wp-content\/uploads\/LogoOArcanjo.png","width":319,"height":99,"caption":"Par\u00f3quia S\u00e3o Miguel Arcanjo"},"image":{"@id":"https:\/\/www.oarcanjo.net\/site\/#\/schema\/logo\/image\/"},"sameAs":["https:\/\/www.facebook.com\/OArcanjoNoAr\/"]},{"@type":"Person","@id":"https:\/\/www.oarcanjo.net\/site\/#\/schema\/person\/0a2ae077c1a09b69d29928e3b9f1c0d1","name":"Alexandre Nunes","sameAs":["http:\/\/alexandrenu.com"]}]}},"publishpress_future_action":{"enabled":false,"date":"2026-05-09 03:21:35","action":"category","newStatus":"draft","terms":[],"taxonomy":"category"},"publishpress_future_workflow_manual_trigger":{"enabledWorkflows":[]},"_links":{"self":[{"href":"https:\/\/www.oarcanjo.net\/site\/wp-json\/wp\/v2\/posts\/22495"}],"collection":[{"href":"https:\/\/www.oarcanjo.net\/site\/wp-json\/wp\/v2\/posts"}],"about":[{"href":"https:\/\/www.oarcanjo.net\/site\/wp-json\/wp\/v2\/types\/post"}],"author":[{"embeddable":true,"href":"https:\/\/www.oarcanjo.net\/site\/wp-json\/wp\/v2\/users\/15"}],"replies":[{"embeddable":true,"href":"https:\/\/www.oarcanjo.net\/site\/wp-json\/wp\/v2\/comments?post=22495"}],"version-history":[{"count":0,"href":"https:\/\/www.oarcanjo.net\/site\/wp-json\/wp\/v2\/posts\/22495\/revisions"}],"wp:attachment":[{"href":"https:\/\/www.oarcanjo.net\/site\/wp-json\/wp\/v2\/media?parent=22495"}],"wp:term":[{"taxonomy":"category","embeddable":true,"href":"https:\/\/www.oarcanjo.net\/site\/wp-json\/wp\/v2\/categories?post=22495"},{"taxonomy":"post_tag","embeddable":true,"href":"https:\/\/www.oarcanjo.net\/site\/wp-json\/wp\/v2\/tags?post=22495"}],"curies":[{"name":"wp","href":"https:\/\/api.w.org\/{rel}","templated":true}]}}