
{"id":22503,"date":"2013-07-28T15:18:08","date_gmt":"2013-07-28T18:18:08","guid":{"rendered":"http:\/\/www.oarcanjo.net\/site\/?p=22503"},"modified":"2013-08-04T08:01:11","modified_gmt":"2013-08-04T11:01:11","slug":"video-proxima-edicao-da-jmj-sera-em-cracovia-polonia","status":"publish","type":"post","link":"https:\/\/www.oarcanjo.net\/site\/video-proxima-edicao-da-jmj-sera-em-cracovia-polonia\/","title":{"rendered":"V\u00cdDEO: Pr\u00f3xima edi\u00e7\u00e3o da JMJ ser\u00e1 em Crac\u00f3via, Pol\u00f4nia"},"content":{"rendered":"<p>Na Missa de Envio, celebrada no domingo, 28\/7, o Papa Francisco anunciou que a pr\u00f3xima edi\u00e7\u00e3o da Jornada Mundial da Juventude (JMJ) ser\u00e1 realizada em 2016 em Crac\u00f3via, na Pol\u00f4nia.<\/p>\n<p>Assista ao an\u00fancio no final da celebra\u00e7\u00e3o, que aconteceu na praia de Copacabana, Rio de Janeiro, e veja a homilia do Papa, com imagens da Rede Vida de Televis\u00e3o:<\/p>\n<p><iframe loading=\"lazy\" width=\"420\" height=\"315\" src=\"\/\/www.youtube.com\/embed\/JK0Oahk9rkE?rel=0\" frameborder=\"0\" allowfullscreen><\/iframe><\/p>\n<p><iframe loading=\"lazy\" width=\"420\" height=\"315\" src=\"\/\/www.youtube.com\/embed\/e3alrie4lAM?rel=0\" frameborder=\"0\" allowfullscreen><\/iframe><\/p>\n<div id=\"themify_builder_content-22503\" data-postid=\"22503\" class=\"themify_builder_content themify_builder_content-22503 themify_builder themify_builder_front\">\n\t<\/div>\n<!-- \/themify_builder_content -->","protected":false},"excerpt":{"rendered":"<p>Na Missa de Envio, celebrada no domingo, 28\/7, o Papa Francisco anunciou que a pr\u00f3xima edi\u00e7\u00e3o da Jornada Mundial da Juventude (JMJ) ser\u00e1 realizada em 2016 em Crac\u00f3via, na Pol\u00f4nia. Assista ao an\u00fancio no final da celebra\u00e7\u00e3o, que aconteceu na praia de Copacabana, Rio de Janeiro, e veja a homilia do Papa, com imagens da Rede Vida de Televis\u00e3o<\/p>\n","protected":false},"author":5,"featured_media":0,"comment_status":"open","ping_status":"open","sticky":false,"template":"","format":"standard","meta":{"ngg_post_thumbnail":0,"footnotes":""},"categories":[8,280],"tags":[2566,1937,1938,2433,2567],"yoast_head":"<!-- This site is optimized with the Yoast SEO plugin v23.5 - https:\/\/yoast.com\/wordpress\/plugins\/seo\/ -->\n<title>V\u00cdDEO: Pr\u00f3xima edi\u00e7\u00e3o da JMJ ser\u00e1 em Crac\u00f3via, Pol\u00f4nia - O Arcanjo no ar<\/title>\n<meta name=\"robots\" content=\"index, follow, max-snippet:-1, max-image-preview:large, max-video-preview:-1\" \/>\n<link rel=\"canonical\" href=\"https:\/\/www.oarcanjo.net\/site\/video-proxima-edicao-da-jmj-sera-em-cracovia-polonia\/\" \/>\n<meta property=\"og:locale\" content=\"pt_BR\" \/>\n<meta property=\"og:type\" content=\"article\" \/>\n<meta property=\"og:title\" content=\"V\u00cdDEO: Pr\u00f3xima edi\u00e7\u00e3o da JMJ ser\u00e1 em Crac\u00f3via, Pol\u00f4nia - O Arcanjo no ar\" \/>\n<meta property=\"og:description\" content=\"Na Missa de Envio, celebrada no domingo, 28\/7, o Papa Francisco anunciou que a pr\u00f3xima edi\u00e7\u00e3o da Jornada Mundial da Juventude (JMJ) ser\u00e1 realizada em 2016 em Crac\u00f3via, na Pol\u00f4nia. Assista ao an\u00fancio no final da celebra\u00e7\u00e3o, que aconteceu na praia de Copacabana, Rio de Janeiro, e veja a homilia do Papa, com imagens da Rede Vida de Televis\u00e3o\" \/>\n<meta property=\"og:url\" content=\"https:\/\/www.oarcanjo.net\/site\/video-proxima-edicao-da-jmj-sera-em-cracovia-polonia\/\" \/>\n<meta property=\"og:site_name\" content=\"O Arcanjo no ar\" \/>\n<meta property=\"article:publisher\" content=\"https:\/\/www.facebook.com\/OArcanjoNoAr\/\" \/>\n<meta property=\"article:published_time\" content=\"2013-07-28T18:18:08+00:00\" \/>\n<meta property=\"article:modified_time\" content=\"2013-08-04T11:01:11+00:00\" \/>\n<meta property=\"og:image\" content=\"https:\/\/www.oarcanjo.net\/site\/wp-content\/uploads\/logo-o-arcanjo-no-ar-facebook.png\" \/>\n\t<meta property=\"og:image:width\" content=\"300\" \/>\n\t<meta property=\"og:image:height\" content=\"300\" \/>\n\t<meta property=\"og:image:type\" content=\"image\/png\" \/>\n<meta name=\"author\" content=\"editor\" \/>\n<meta name=\"twitter:card\" content=\"summary_large_image\" \/>\n<meta name=\"twitter:label1\" content=\"Escrito por\" \/>\n\t<meta name=\"twitter:data1\" content=\"editor\" \/>\n<script type=\"application\/ld+json\" class=\"yoast-schema-graph\">{\"@context\":\"https:\/\/schema.org\",\"@graph\":[{\"@type\":\"Article\",\"@id\":\"https:\/\/www.oarcanjo.net\/site\/video-proxima-edicao-da-jmj-sera-em-cracovia-polonia\/#article\",\"isPartOf\":{\"@id\":\"https:\/\/www.oarcanjo.net\/site\/video-proxima-edicao-da-jmj-sera-em-cracovia-polonia\/\"},\"author\":{\"name\":\"editor\",\"@id\":\"https:\/\/www.oarcanjo.net\/site\/#\/schema\/person\/f7024d007863202483a31326673a0838\"},\"headline\":\"V\u00cdDEO: Pr\u00f3xima edi\u00e7\u00e3o da JMJ ser\u00e1 em Crac\u00f3via, Pol\u00f4nia\",\"datePublished\":\"2013-07-28T18:18:08+00:00\",\"dateModified\":\"2013-08-04T11:01:11+00:00\",\"mainEntityOfPage\":{\"@id\":\"https:\/\/www.oarcanjo.net\/site\/video-proxima-edicao-da-jmj-sera-em-cracovia-polonia\/\"},\"wordCount\":78,\"commentCount\":0,\"publisher\":{\"@id\":\"https:\/\/www.oarcanjo.net\/site\/#organization\"},\"keywords\":[\"Crac\u00f3via\",\"JMJ\",\"Jornada Mundial da Juventude\",\"Papa Francisco\",\"Pol\u00f4nia\"],\"articleSection\":[\"Not\u00edcias\",\"V\u00eddeos\"],\"inLanguage\":\"pt-BR\",\"potentialAction\":[{\"@type\":\"CommentAction\",\"name\":\"Comment\",\"target\":[\"https:\/\/www.oarcanjo.net\/site\/video-proxima-edicao-da-jmj-sera-em-cracovia-polonia\/#respond\"]}]},{\"@type\":\"WebPage\",\"@id\":\"https:\/\/www.oarcanjo.net\/site\/video-proxima-edicao-da-jmj-sera-em-cracovia-polonia\/\",\"url\":\"https:\/\/www.oarcanjo.net\/site\/video-proxima-edicao-da-jmj-sera-em-cracovia-polonia\/\",\"name\":\"V\u00cdDEO: Pr\u00f3xima edi\u00e7\u00e3o da JMJ ser\u00e1 em Crac\u00f3via, Pol\u00f4nia - O Arcanjo no ar\",\"isPartOf\":{\"@id\":\"https:\/\/www.oarcanjo.net\/site\/#website\"},\"datePublished\":\"2013-07-28T18:18:08+00:00\",\"dateModified\":\"2013-08-04T11:01:11+00:00\",\"breadcrumb\":{\"@id\":\"https:\/\/www.oarcanjo.net\/site\/video-proxima-edicao-da-jmj-sera-em-cracovia-polonia\/#breadcrumb\"},\"inLanguage\":\"pt-BR\",\"potentialAction\":[{\"@type\":\"ReadAction\",\"target\":[\"https:\/\/www.oarcanjo.net\/site\/video-proxima-edicao-da-jmj-sera-em-cracovia-polonia\/\"]}]},{\"@type\":\"BreadcrumbList\",\"@id\":\"https:\/\/www.oarcanjo.net\/site\/video-proxima-edicao-da-jmj-sera-em-cracovia-polonia\/#breadcrumb\",\"itemListElement\":[{\"@type\":\"ListItem\",\"position\":1,\"name\":\"In\u00edcio\",\"item\":\"https:\/\/www.oarcanjo.net\/site\/\"},{\"@type\":\"ListItem\",\"position\":2,\"name\":\"V\u00cdDEO: Pr\u00f3xima edi\u00e7\u00e3o da JMJ ser\u00e1 em Crac\u00f3via, Pol\u00f4nia\"}]},{\"@type\":\"WebSite\",\"@id\":\"https:\/\/www.oarcanjo.net\/site\/#website\",\"url\":\"https:\/\/www.oarcanjo.net\/site\/\",\"name\":\"O Arcanjo no ar\",\"description\":\"Site da Par\u00f3quia S\u00e3o Miguel Arcanjo (Arquidiocese de SP)\",\"publisher\":{\"@id\":\"https:\/\/www.oarcanjo.net\/site\/#organization\"},\"potentialAction\":[{\"@type\":\"SearchAction\",\"target\":{\"@type\":\"EntryPoint\",\"urlTemplate\":\"https:\/\/www.oarcanjo.net\/site\/?s={search_term_string}\"},\"query-input\":{\"@type\":\"PropertyValueSpecification\",\"valueRequired\":true,\"valueName\":\"search_term_string\"}}],\"inLanguage\":\"pt-BR\"},{\"@type\":\"Organization\",\"@id\":\"https:\/\/www.oarcanjo.net\/site\/#organization\",\"name\":\"Par\u00f3quia S\u00e3o Miguel Arcanjo\",\"url\":\"https:\/\/www.oarcanjo.net\/site\/\",\"logo\":{\"@type\":\"ImageObject\",\"inLanguage\":\"pt-BR\",\"@id\":\"https:\/\/www.oarcanjo.net\/site\/#\/schema\/logo\/image\/\",\"url\":\"https:\/\/www.oarcanjo.net\/site\/wp-content\/uploads\/LogoOArcanjo.png\",\"contentUrl\":\"https:\/\/www.oarcanjo.net\/site\/wp-content\/uploads\/LogoOArcanjo.png\",\"width\":319,\"height\":99,\"caption\":\"Par\u00f3quia S\u00e3o Miguel Arcanjo\"},\"image\":{\"@id\":\"https:\/\/www.oarcanjo.net\/site\/#\/schema\/logo\/image\/\"},\"sameAs\":[\"https:\/\/www.facebook.com\/OArcanjoNoAr\/\"]},{\"@type\":\"Person\",\"@id\":\"https:\/\/www.oarcanjo.net\/site\/#\/schema\/person\/f7024d007863202483a31326673a0838\",\"name\":\"editor\",\"sameAs\":[\"http:\/\/www.oarcanjo.net\"]}]}<\/script>\n<!-- \/ Yoast SEO plugin. -->","yoast_head_json":{"title":"V\u00cdDEO: Pr\u00f3xima edi\u00e7\u00e3o da JMJ ser\u00e1 em Crac\u00f3via, Pol\u00f4nia - O Arcanjo no ar","robots":{"index":"index","follow":"follow","max-snippet":"max-snippet:-1","max-image-preview":"max-image-preview:large","max-video-preview":"max-video-preview:-1"},"canonical":"https:\/\/www.oarcanjo.net\/site\/video-proxima-edicao-da-jmj-sera-em-cracovia-polonia\/","og_locale":"pt_BR","og_type":"article","og_title":"V\u00cdDEO: Pr\u00f3xima edi\u00e7\u00e3o da JMJ ser\u00e1 em Crac\u00f3via, Pol\u00f4nia - O Arcanjo no ar","og_description":"Na Missa de Envio, celebrada no domingo, 28\/7, o Papa Francisco anunciou que a pr\u00f3xima edi\u00e7\u00e3o da Jornada Mundial da Juventude (JMJ) ser\u00e1 realizada em 2016 em Crac\u00f3via, na Pol\u00f4nia. Assista ao an\u00fancio no final da celebra\u00e7\u00e3o, que aconteceu na praia de Copacabana, Rio de Janeiro, e veja a homilia do Papa, com imagens da Rede Vida de Televis\u00e3o","og_url":"https:\/\/www.oarcanjo.net\/site\/video-proxima-edicao-da-jmj-sera-em-cracovia-polonia\/","og_site_name":"O Arcanjo no ar","article_publisher":"https:\/\/www.facebook.com\/OArcanjoNoAr\/","article_published_time":"2013-07-28T18:18:08+00:00","article_modified_time":"2013-08-04T11:01:11+00:00","og_image":[{"width":300,"height":300,"url":"https:\/\/www.oarcanjo.net\/site\/wp-content\/uploads\/logo-o-arcanjo-no-ar-facebook.png","type":"image\/png"}],"author":"editor","twitter_card":"summary_large_image","twitter_misc":{"Escrito por":"editor"},"schema":{"@context":"https:\/\/schema.org","@graph":[{"@type":"Article","@id":"https:\/\/www.oarcanjo.net\/site\/video-proxima-edicao-da-jmj-sera-em-cracovia-polonia\/#article","isPartOf":{"@id":"https:\/\/www.oarcanjo.net\/site\/video-proxima-edicao-da-jmj-sera-em-cracovia-polonia\/"},"author":{"name":"editor","@id":"https:\/\/www.oarcanjo.net\/site\/#\/schema\/person\/f7024d007863202483a31326673a0838"},"headline":"V\u00cdDEO: Pr\u00f3xima edi\u00e7\u00e3o da JMJ ser\u00e1 em Crac\u00f3via, Pol\u00f4nia","datePublished":"2013-07-28T18:18:08+00:00","dateModified":"2013-08-04T11:01:11+00:00","mainEntityOfPage":{"@id":"https:\/\/www.oarcanjo.net\/site\/video-proxima-edicao-da-jmj-sera-em-cracovia-polonia\/"},"wordCount":78,"commentCount":0,"publisher":{"@id":"https:\/\/www.oarcanjo.net\/site\/#organization"},"keywords":["Crac\u00f3via","JMJ","Jornada Mundial da Juventude","Papa Francisco","Pol\u00f4nia"],"articleSection":["Not\u00edcias","V\u00eddeos"],"inLanguage":"pt-BR","potentialAction":[{"@type":"CommentAction","name":"Comment","target":["https:\/\/www.oarcanjo.net\/site\/video-proxima-edicao-da-jmj-sera-em-cracovia-polonia\/#respond"]}]},{"@type":"WebPage","@id":"https:\/\/www.oarcanjo.net\/site\/video-proxima-edicao-da-jmj-sera-em-cracovia-polonia\/","url":"https:\/\/www.oarcanjo.net\/site\/video-proxima-edicao-da-jmj-sera-em-cracovia-polonia\/","name":"V\u00cdDEO: Pr\u00f3xima edi\u00e7\u00e3o da JMJ ser\u00e1 em Crac\u00f3via, Pol\u00f4nia - O Arcanjo no ar","isPartOf":{"@id":"https:\/\/www.oarcanjo.net\/site\/#website"},"datePublished":"2013-07-28T18:18:08+00:00","dateModified":"2013-08-04T11:01:11+00:00","breadcrumb":{"@id":"https:\/\/www.oarcanjo.net\/site\/video-proxima-edicao-da-jmj-sera-em-cracovia-polonia\/#breadcrumb"},"inLanguage":"pt-BR","potentialAction":[{"@type":"ReadAction","target":["https:\/\/www.oarcanjo.net\/site\/video-proxima-edicao-da-jmj-sera-em-cracovia-polonia\/"]}]},{"@type":"BreadcrumbList","@id":"https:\/\/www.oarcanjo.net\/site\/video-proxima-edicao-da-jmj-sera-em-cracovia-polonia\/#breadcrumb","itemListElement":[{"@type":"ListItem","position":1,"name":"In\u00edcio","item":"https:\/\/www.oarcanjo.net\/site\/"},{"@type":"ListItem","position":2,"name":"V\u00cdDEO: Pr\u00f3xima edi\u00e7\u00e3o da JMJ ser\u00e1 em Crac\u00f3via, Pol\u00f4nia"}]},{"@type":"WebSite","@id":"https:\/\/www.oarcanjo.net\/site\/#website","url":"https:\/\/www.oarcanjo.net\/site\/","name":"O Arcanjo no ar","description":"Site da Par\u00f3quia S\u00e3o Miguel Arcanjo (Arquidiocese de SP)","publisher":{"@id":"https:\/\/www.oarcanjo.net\/site\/#organization"},"potentialAction":[{"@type":"SearchAction","target":{"@type":"EntryPoint","urlTemplate":"https:\/\/www.oarcanjo.net\/site\/?s={search_term_string}"},"query-input":{"@type":"PropertyValueSpecification","valueRequired":true,"valueName":"search_term_string"}}],"inLanguage":"pt-BR"},{"@type":"Organization","@id":"https:\/\/www.oarcanjo.net\/site\/#organization","name":"Par\u00f3quia S\u00e3o Miguel Arcanjo","url":"https:\/\/www.oarcanjo.net\/site\/","logo":{"@type":"ImageObject","inLanguage":"pt-BR","@id":"https:\/\/www.oarcanjo.net\/site\/#\/schema\/logo\/image\/","url":"https:\/\/www.oarcanjo.net\/site\/wp-content\/uploads\/LogoOArcanjo.png","contentUrl":"https:\/\/www.oarcanjo.net\/site\/wp-content\/uploads\/LogoOArcanjo.png","width":319,"height":99,"caption":"Par\u00f3quia S\u00e3o Miguel Arcanjo"},"image":{"@id":"https:\/\/www.oarcanjo.net\/site\/#\/schema\/logo\/image\/"},"sameAs":["https:\/\/www.facebook.com\/OArcanjoNoAr\/"]},{"@type":"Person","@id":"https:\/\/www.oarcanjo.net\/site\/#\/schema\/person\/f7024d007863202483a31326673a0838","name":"editor","sameAs":["http:\/\/www.oarcanjo.net"]}]}},"publishpress_future_action":{"enabled":false,"date":"2026-05-10 10:06:01","action":"category","newStatus":"draft","terms":[],"taxonomy":"category"},"publishpress_future_workflow_manual_trigger":{"enabledWorkflows":[]},"_links":{"self":[{"href":"https:\/\/www.oarcanjo.net\/site\/wp-json\/wp\/v2\/posts\/22503"}],"collection":[{"href":"https:\/\/www.oarcanjo.net\/site\/wp-json\/wp\/v2\/posts"}],"about":[{"href":"https:\/\/www.oarcanjo.net\/site\/wp-json\/wp\/v2\/types\/post"}],"author":[{"embeddable":true,"href":"https:\/\/www.oarcanjo.net\/site\/wp-json\/wp\/v2\/users\/5"}],"replies":[{"embeddable":true,"href":"https:\/\/www.oarcanjo.net\/site\/wp-json\/wp\/v2\/comments?post=22503"}],"version-history":[{"count":0,"href":"https:\/\/www.oarcanjo.net\/site\/wp-json\/wp\/v2\/posts\/22503\/revisions"}],"wp:attachment":[{"href":"https:\/\/www.oarcanjo.net\/site\/wp-json\/wp\/v2\/media?parent=22503"}],"wp:term":[{"taxonomy":"category","embeddable":true,"href":"https:\/\/www.oarcanjo.net\/site\/wp-json\/wp\/v2\/categories?post=22503"},{"taxonomy":"post_tag","embeddable":true,"href":"https:\/\/www.oarcanjo.net\/site\/wp-json\/wp\/v2\/tags?post=22503"}],"curies":[{"name":"wp","href":"https:\/\/api.w.org\/{rel}","templated":true}]}}