
{"id":22543,"date":"2013-08-05T10:00:36","date_gmt":"2013-08-05T13:00:36","guid":{"rendered":"http:\/\/www.oarcanjo.net\/site\/?p=22543"},"modified":"2013-08-05T11:40:01","modified_gmt":"2013-08-05T14:40:01","slug":"cardeal-raymundo-damasceno-na-reflexao-sobre-o-mes-vocacional-jesus-nunca-deixa-ninguem-sozinho","status":"publish","type":"post","link":"https:\/\/www.oarcanjo.net\/site\/cardeal-raymundo-damasceno-na-reflexao-sobre-o-mes-vocacional-jesus-nunca-deixa-ninguem-sozinho\/","title":{"rendered":"Cardeal Raymundo Damasceno, na reflex\u00e3o sobre o m\u00eas vocacional: \u201cJesus nunca deixa ningu\u00e9m sozinho!\u201d"},"content":{"rendered":"<p>O presidente da CNBB e arcebispo de Aparecida (SP), cardeal Raymundo Damasceno Assis, publicou um artigo em que apresenta uma reflex\u00e3o sobre o m\u00eas vocacional, celebrado pela Igreja no Brasil em agosto. No texto, ele parte da voca\u00e7\u00e3o fundamental de cada crist\u00e3o \u00e0 santidade, \u201cque recebemos no dia em que fomos batizados\u201d.<\/p>\n<p>A seguir, a \u00edntegra do texto:<\/p>\n<p style=\"padding-left: 30px;\"><em><strong>Agosto: m\u00eas vocacional<\/strong><\/em><\/p>\n<p style=\"padding-left: 30px;\"><em>No Brasil o m\u00eas de agosto \u00e9 sempre uma oportunidade para que possamos refletir sobre o chamado que Deus nos faz para vivermos de um modo mais concreto a nossa voca\u00e7\u00e3o \u00e0 santidade, que recebemos no dia em que fomos batizados.<\/em><\/p>\n<p style=\"padding-left: 30px;\"><em>Na primeira semana, lembramos a voca\u00e7\u00e3o sacerdotal, refletimos sobre a sua import\u00e2ncia para a Igreja e rezamos ao Senhor da messe para que envie oper\u00e1rios, de modo que n\u00e3o faltem padres para cuidar das mais diversas comunidades espalhadas pelo Brasil.<\/em><\/p>\n<p style=\"padding-left: 30px;\"><em>Em seguida, recordamos a voca\u00e7\u00e3o religiosa. Nossa mente se volta para os homens e mulheres que se consagraram a Deus atrav\u00e9s dos conselhos evang\u00e9licos da pobreza, castidade e obedi\u00eancia para viverem em comunidade segundo o carisma de seus fundadores e servirem \u00e0 Igreja e ao povo de Deus nos mais diferentes servi\u00e7os, sejam de natureza religiosa ou social. Lembramo-nos tamb\u00e9m dos mission\u00e1rios e mission\u00e1rias que deixaram suas terras e foram para os locais mais distantes no servi\u00e7o do Reino de Deus, anunciando Jesus Cristo aos que ainda n\u00e3o O conhecem.<\/em><\/p>\n<p style=\"padding-left: 30px;\"><em>H\u00e1 tamb\u00e9m outra voca\u00e7\u00e3o que n\u00e3o pode ser esquecida: a dos fi\u00e9is leigos e leigas que, atrav\u00e9s do exerc\u00edcio de minist\u00e9rios n\u00e3o ordenados, se fazem presentes nas comunidades eclesiais e no mundo e se dedicam \u00e0 evangeliza\u00e7\u00e3o na fam\u00edlia, no trabalho profissional e no seu ambiente social, para santificar o mundo e fazer com que ele deixe de ser a cidade dos homens para tornar-se a cidade de Deus. Dentre os diferentes minist\u00e9rios leigos, o \u00faltimo domingo de agosto destaca a catequese, comemorando o dia dos catequistas.<\/em><\/p>\n<p style=\"padding-left: 30px;\"><em>Grandes santos s\u00e3o lembrados neste m\u00eas, como: S\u00e3o Jo\u00e3o Maria Vianney, o Cura D\u2019Ars, padroeiro dos p\u00e1rocos; S\u00e3o Louren\u00e7o, padroeiro dos di\u00e1conos; Santo Afonso Maria de Lig\u00f3rio, fundador da Congrega\u00e7\u00e3o dos Mission\u00e1rios Redentoristas; S\u00e3o Tarc\u00edsio, padroeiro dos coroinhas; Santa Rosa de Lima, padroeira da Am\u00e9rica Latina e, de modo especial, nossa Santa M\u00e3e do C\u00e9u, Maria Sant\u00edssima, que \u00e9 recordada na solenidade da sua Assun\u00e7\u00e3o, nos apontando o feliz destino de todos os que dizem \u201cSim\u201d a Deus.<\/em><\/p>\n<p style=\"padding-left: 30px;\"><em>O tema vocacional \u00e9, de modo especial, voltado para os jovens. \u00c9 um apelo para que todos procurem ouvir a voz de Deus e dizer sim ao seu chamado para servirem concretamente ao seu Reino.<\/em><\/p>\n<p style=\"padding-left: 30px;\"><em>Rezemos para que a M\u00e3e Aparecida aben\u00e7oe a Igreja, e, especialmente, os jovens, a fim de que sejam fi\u00e9is no seguimento de Jesus Cristo e obedientes ao mandato de seu Fundador e Mestre: \u201cIde e fazei disc\u00edpulos meus todos os povos\u201d. O Papa Francisco, em sua homilia da Santa Missa para a 28\u00aa JMJ, afirma: \u201cN\u00e3o tenham medo! Quando vamos anunciar Cristo, Ele mesmo vai a nossa frente e nos guia. Ao enviar seus disc\u00edpulos em miss\u00e3o, Jesus prometeu: \u201cEu estou com voc\u00eas todos os dias\u201d (Mt 28,20). E isto \u00e9 verdade tamb\u00e9m para n\u00f3s! Jesus nunca deixa ningu\u00e9m sozinho! Sempre nos acompanha.\u201d<\/em><\/p>\n<p style=\"padding-left: 30px;\"><em>Cardeal Raymundo Damasceno Assis<\/em><br \/>\n<em>Arcebispo de Aparecida (SP)<\/em><br \/>\n<em>Presidente da CNBB<\/em><\/p>\n<p><em>Fonte: CNBB<\/em><\/p>\n<div id=\"themify_builder_content-22543\" data-postid=\"22543\" class=\"themify_builder_content themify_builder_content-22543 themify_builder themify_builder_front\">\n\t<\/div>\n<!-- \/themify_builder_content -->","protected":false},"excerpt":{"rendered":"<p>O presidente da CNBB e arcebispo de Aparecida (SP), cardeal Raymundo Damasceno Assis, publicou um artigo em que apresenta uma reflex\u00e3o sobre o m\u00eas vocacional, celebrado pela Igreja no Brasil em agosto. No texto, ele parte da voca\u00e7\u00e3o fundamental de cada crist\u00e3o \u00e0 santidade, \u201cque recebemos no dia em que fomos batizados\u201d. A seguir, a [&hellip;]<\/p>\n","protected":false},"author":5,"featured_media":0,"comment_status":"open","ping_status":"open","sticky":false,"template":"","format":"standard","meta":{"ngg_post_thumbnail":0,"footnotes":""},"categories":[8],"tags":[2569,63,987,2570,936,629],"yoast_head":"<!-- This site is optimized with the Yoast SEO plugin v23.5 - https:\/\/yoast.com\/wordpress\/plugins\/seo\/ -->\n<title>Cardeal Raymundo Damasceno, na reflex\u00e3o sobre o m\u00eas vocacional: \u201cJesus nunca deixa ningu\u00e9m sozinho!\u201d - O Arcanjo no ar<\/title>\n<meta name=\"robots\" content=\"index, follow, max-snippet:-1, max-image-preview:large, max-video-preview:-1\" \/>\n<link rel=\"canonical\" href=\"https:\/\/www.oarcanjo.net\/site\/cardeal-raymundo-damasceno-na-reflexao-sobre-o-mes-vocacional-jesus-nunca-deixa-ninguem-sozinho\/\" \/>\n<meta property=\"og:locale\" content=\"pt_BR\" \/>\n<meta property=\"og:type\" content=\"article\" \/>\n<meta property=\"og:title\" content=\"Cardeal Raymundo Damasceno, na reflex\u00e3o sobre o m\u00eas vocacional: \u201cJesus nunca deixa ningu\u00e9m sozinho!\u201d - O Arcanjo no ar\" \/>\n<meta property=\"og:description\" content=\"O presidente da CNBB e arcebispo de Aparecida (SP), cardeal Raymundo Damasceno Assis, publicou um artigo em que apresenta uma reflex\u00e3o sobre o m\u00eas vocacional, celebrado pela Igreja no Brasil em agosto. No texto, ele parte da voca\u00e7\u00e3o fundamental de cada crist\u00e3o \u00e0 santidade, \u201cque recebemos no dia em que fomos batizados\u201d. A seguir, a [&hellip;]\" \/>\n<meta property=\"og:url\" content=\"https:\/\/www.oarcanjo.net\/site\/cardeal-raymundo-damasceno-na-reflexao-sobre-o-mes-vocacional-jesus-nunca-deixa-ninguem-sozinho\/\" \/>\n<meta property=\"og:site_name\" content=\"O Arcanjo no ar\" \/>\n<meta property=\"article:publisher\" content=\"https:\/\/www.facebook.com\/OArcanjoNoAr\/\" \/>\n<meta property=\"article:published_time\" content=\"2013-08-05T13:00:36+00:00\" \/>\n<meta property=\"article:modified_time\" content=\"2013-08-05T14:40:01+00:00\" \/>\n<meta property=\"og:image\" content=\"https:\/\/www.oarcanjo.net\/site\/wp-content\/uploads\/logo-o-arcanjo-no-ar-facebook.png\" \/>\n\t<meta property=\"og:image:width\" content=\"300\" \/>\n\t<meta property=\"og:image:height\" content=\"300\" \/>\n\t<meta property=\"og:image:type\" content=\"image\/png\" \/>\n<meta name=\"author\" content=\"editor\" \/>\n<meta name=\"twitter:card\" content=\"summary_large_image\" \/>\n<meta name=\"twitter:label1\" content=\"Escrito por\" \/>\n\t<meta name=\"twitter:data1\" content=\"editor\" \/>\n\t<meta name=\"twitter:label2\" content=\"Est. tempo de leitura\" \/>\n\t<meta name=\"twitter:data2\" content=\"3 minutos\" \/>\n<script type=\"application\/ld+json\" class=\"yoast-schema-graph\">{\"@context\":\"https:\/\/schema.org\",\"@graph\":[{\"@type\":\"Article\",\"@id\":\"https:\/\/www.oarcanjo.net\/site\/cardeal-raymundo-damasceno-na-reflexao-sobre-o-mes-vocacional-jesus-nunca-deixa-ninguem-sozinho\/#article\",\"isPartOf\":{\"@id\":\"https:\/\/www.oarcanjo.net\/site\/cardeal-raymundo-damasceno-na-reflexao-sobre-o-mes-vocacional-jesus-nunca-deixa-ninguem-sozinho\/\"},\"author\":{\"name\":\"editor\",\"@id\":\"https:\/\/www.oarcanjo.net\/site\/#\/schema\/person\/f7024d007863202483a31326673a0838\"},\"headline\":\"Cardeal Raymundo Damasceno, na reflex\u00e3o sobre o m\u00eas vocacional: \u201cJesus nunca deixa ningu\u00e9m sozinho!\u201d\",\"datePublished\":\"2013-08-05T13:00:36+00:00\",\"dateModified\":\"2013-08-05T14:40:01+00:00\",\"mainEntityOfPage\":{\"@id\":\"https:\/\/www.oarcanjo.net\/site\/cardeal-raymundo-damasceno-na-reflexao-sobre-o-mes-vocacional-jesus-nunca-deixa-ninguem-sozinho\/\"},\"wordCount\":616,\"commentCount\":0,\"publisher\":{\"@id\":\"https:\/\/www.oarcanjo.net\/site\/#organization\"},\"keywords\":[\"Cardeal Raymundo Damasceno Assis\",\"CNBB\",\"Cura d\u2019Ars\",\"M\u00eas Vocacional\",\"S\u00e3o Jo\u00e3o Maria Vianney\",\"voca\u00e7\u00e3o\"],\"articleSection\":[\"Not\u00edcias\"],\"inLanguage\":\"pt-BR\",\"potentialAction\":[{\"@type\":\"CommentAction\",\"name\":\"Comment\",\"target\":[\"https:\/\/www.oarcanjo.net\/site\/cardeal-raymundo-damasceno-na-reflexao-sobre-o-mes-vocacional-jesus-nunca-deixa-ninguem-sozinho\/#respond\"]}]},{\"@type\":\"WebPage\",\"@id\":\"https:\/\/www.oarcanjo.net\/site\/cardeal-raymundo-damasceno-na-reflexao-sobre-o-mes-vocacional-jesus-nunca-deixa-ninguem-sozinho\/\",\"url\":\"https:\/\/www.oarcanjo.net\/site\/cardeal-raymundo-damasceno-na-reflexao-sobre-o-mes-vocacional-jesus-nunca-deixa-ninguem-sozinho\/\",\"name\":\"Cardeal Raymundo Damasceno, na reflex\u00e3o sobre o m\u00eas vocacional: \u201cJesus nunca deixa ningu\u00e9m sozinho!\u201d - O Arcanjo no ar\",\"isPartOf\":{\"@id\":\"https:\/\/www.oarcanjo.net\/site\/#website\"},\"datePublished\":\"2013-08-05T13:00:36+00:00\",\"dateModified\":\"2013-08-05T14:40:01+00:00\",\"breadcrumb\":{\"@id\":\"https:\/\/www.oarcanjo.net\/site\/cardeal-raymundo-damasceno-na-reflexao-sobre-o-mes-vocacional-jesus-nunca-deixa-ninguem-sozinho\/#breadcrumb\"},\"inLanguage\":\"pt-BR\",\"potentialAction\":[{\"@type\":\"ReadAction\",\"target\":[\"https:\/\/www.oarcanjo.net\/site\/cardeal-raymundo-damasceno-na-reflexao-sobre-o-mes-vocacional-jesus-nunca-deixa-ninguem-sozinho\/\"]}]},{\"@type\":\"BreadcrumbList\",\"@id\":\"https:\/\/www.oarcanjo.net\/site\/cardeal-raymundo-damasceno-na-reflexao-sobre-o-mes-vocacional-jesus-nunca-deixa-ninguem-sozinho\/#breadcrumb\",\"itemListElement\":[{\"@type\":\"ListItem\",\"position\":1,\"name\":\"In\u00edcio\",\"item\":\"https:\/\/www.oarcanjo.net\/site\/\"},{\"@type\":\"ListItem\",\"position\":2,\"name\":\"Cardeal Raymundo Damasceno, na reflex\u00e3o sobre o m\u00eas vocacional: \u201cJesus nunca deixa ningu\u00e9m sozinho!\u201d\"}]},{\"@type\":\"WebSite\",\"@id\":\"https:\/\/www.oarcanjo.net\/site\/#website\",\"url\":\"https:\/\/www.oarcanjo.net\/site\/\",\"name\":\"O Arcanjo no ar\",\"description\":\"Site da Par\u00f3quia S\u00e3o Miguel Arcanjo (Arquidiocese de SP)\",\"publisher\":{\"@id\":\"https:\/\/www.oarcanjo.net\/site\/#organization\"},\"potentialAction\":[{\"@type\":\"SearchAction\",\"target\":{\"@type\":\"EntryPoint\",\"urlTemplate\":\"https:\/\/www.oarcanjo.net\/site\/?s={search_term_string}\"},\"query-input\":{\"@type\":\"PropertyValueSpecification\",\"valueRequired\":true,\"valueName\":\"search_term_string\"}}],\"inLanguage\":\"pt-BR\"},{\"@type\":\"Organization\",\"@id\":\"https:\/\/www.oarcanjo.net\/site\/#organization\",\"name\":\"Par\u00f3quia S\u00e3o Miguel Arcanjo\",\"url\":\"https:\/\/www.oarcanjo.net\/site\/\",\"logo\":{\"@type\":\"ImageObject\",\"inLanguage\":\"pt-BR\",\"@id\":\"https:\/\/www.oarcanjo.net\/site\/#\/schema\/logo\/image\/\",\"url\":\"https:\/\/www.oarcanjo.net\/site\/wp-content\/uploads\/LogoOArcanjo.png\",\"contentUrl\":\"https:\/\/www.oarcanjo.net\/site\/wp-content\/uploads\/LogoOArcanjo.png\",\"width\":319,\"height\":99,\"caption\":\"Par\u00f3quia S\u00e3o Miguel Arcanjo\"},\"image\":{\"@id\":\"https:\/\/www.oarcanjo.net\/site\/#\/schema\/logo\/image\/\"},\"sameAs\":[\"https:\/\/www.facebook.com\/OArcanjoNoAr\/\"]},{\"@type\":\"Person\",\"@id\":\"https:\/\/www.oarcanjo.net\/site\/#\/schema\/person\/f7024d007863202483a31326673a0838\",\"name\":\"editor\",\"sameAs\":[\"http:\/\/www.oarcanjo.net\"]}]}<\/script>\n<!-- \/ Yoast SEO plugin. -->","yoast_head_json":{"title":"Cardeal Raymundo Damasceno, na reflex\u00e3o sobre o m\u00eas vocacional: \u201cJesus nunca deixa ningu\u00e9m sozinho!\u201d - O Arcanjo no ar","robots":{"index":"index","follow":"follow","max-snippet":"max-snippet:-1","max-image-preview":"max-image-preview:large","max-video-preview":"max-video-preview:-1"},"canonical":"https:\/\/www.oarcanjo.net\/site\/cardeal-raymundo-damasceno-na-reflexao-sobre-o-mes-vocacional-jesus-nunca-deixa-ninguem-sozinho\/","og_locale":"pt_BR","og_type":"article","og_title":"Cardeal Raymundo Damasceno, na reflex\u00e3o sobre o m\u00eas vocacional: \u201cJesus nunca deixa ningu\u00e9m sozinho!\u201d - O Arcanjo no ar","og_description":"O presidente da CNBB e arcebispo de Aparecida (SP), cardeal Raymundo Damasceno Assis, publicou um artigo em que apresenta uma reflex\u00e3o sobre o m\u00eas vocacional, celebrado pela Igreja no Brasil em agosto. No texto, ele parte da voca\u00e7\u00e3o fundamental de cada crist\u00e3o \u00e0 santidade, \u201cque recebemos no dia em que fomos batizados\u201d. A seguir, a [&hellip;]","og_url":"https:\/\/www.oarcanjo.net\/site\/cardeal-raymundo-damasceno-na-reflexao-sobre-o-mes-vocacional-jesus-nunca-deixa-ninguem-sozinho\/","og_site_name":"O Arcanjo no ar","article_publisher":"https:\/\/www.facebook.com\/OArcanjoNoAr\/","article_published_time":"2013-08-05T13:00:36+00:00","article_modified_time":"2013-08-05T14:40:01+00:00","og_image":[{"width":300,"height":300,"url":"https:\/\/www.oarcanjo.net\/site\/wp-content\/uploads\/logo-o-arcanjo-no-ar-facebook.png","type":"image\/png"}],"author":"editor","twitter_card":"summary_large_image","twitter_misc":{"Escrito por":"editor","Est. tempo de leitura":"3 minutos"},"schema":{"@context":"https:\/\/schema.org","@graph":[{"@type":"Article","@id":"https:\/\/www.oarcanjo.net\/site\/cardeal-raymundo-damasceno-na-reflexao-sobre-o-mes-vocacional-jesus-nunca-deixa-ninguem-sozinho\/#article","isPartOf":{"@id":"https:\/\/www.oarcanjo.net\/site\/cardeal-raymundo-damasceno-na-reflexao-sobre-o-mes-vocacional-jesus-nunca-deixa-ninguem-sozinho\/"},"author":{"name":"editor","@id":"https:\/\/www.oarcanjo.net\/site\/#\/schema\/person\/f7024d007863202483a31326673a0838"},"headline":"Cardeal Raymundo Damasceno, na reflex\u00e3o sobre o m\u00eas vocacional: \u201cJesus nunca deixa ningu\u00e9m sozinho!\u201d","datePublished":"2013-08-05T13:00:36+00:00","dateModified":"2013-08-05T14:40:01+00:00","mainEntityOfPage":{"@id":"https:\/\/www.oarcanjo.net\/site\/cardeal-raymundo-damasceno-na-reflexao-sobre-o-mes-vocacional-jesus-nunca-deixa-ninguem-sozinho\/"},"wordCount":616,"commentCount":0,"publisher":{"@id":"https:\/\/www.oarcanjo.net\/site\/#organization"},"keywords":["Cardeal Raymundo Damasceno Assis","CNBB","Cura d\u2019Ars","M\u00eas Vocacional","S\u00e3o Jo\u00e3o Maria Vianney","voca\u00e7\u00e3o"],"articleSection":["Not\u00edcias"],"inLanguage":"pt-BR","potentialAction":[{"@type":"CommentAction","name":"Comment","target":["https:\/\/www.oarcanjo.net\/site\/cardeal-raymundo-damasceno-na-reflexao-sobre-o-mes-vocacional-jesus-nunca-deixa-ninguem-sozinho\/#respond"]}]},{"@type":"WebPage","@id":"https:\/\/www.oarcanjo.net\/site\/cardeal-raymundo-damasceno-na-reflexao-sobre-o-mes-vocacional-jesus-nunca-deixa-ninguem-sozinho\/","url":"https:\/\/www.oarcanjo.net\/site\/cardeal-raymundo-damasceno-na-reflexao-sobre-o-mes-vocacional-jesus-nunca-deixa-ninguem-sozinho\/","name":"Cardeal Raymundo Damasceno, na reflex\u00e3o sobre o m\u00eas vocacional: \u201cJesus nunca deixa ningu\u00e9m sozinho!\u201d - O Arcanjo no ar","isPartOf":{"@id":"https:\/\/www.oarcanjo.net\/site\/#website"},"datePublished":"2013-08-05T13:00:36+00:00","dateModified":"2013-08-05T14:40:01+00:00","breadcrumb":{"@id":"https:\/\/www.oarcanjo.net\/site\/cardeal-raymundo-damasceno-na-reflexao-sobre-o-mes-vocacional-jesus-nunca-deixa-ninguem-sozinho\/#breadcrumb"},"inLanguage":"pt-BR","potentialAction":[{"@type":"ReadAction","target":["https:\/\/www.oarcanjo.net\/site\/cardeal-raymundo-damasceno-na-reflexao-sobre-o-mes-vocacional-jesus-nunca-deixa-ninguem-sozinho\/"]}]},{"@type":"BreadcrumbList","@id":"https:\/\/www.oarcanjo.net\/site\/cardeal-raymundo-damasceno-na-reflexao-sobre-o-mes-vocacional-jesus-nunca-deixa-ninguem-sozinho\/#breadcrumb","itemListElement":[{"@type":"ListItem","position":1,"name":"In\u00edcio","item":"https:\/\/www.oarcanjo.net\/site\/"},{"@type":"ListItem","position":2,"name":"Cardeal Raymundo Damasceno, na reflex\u00e3o sobre o m\u00eas vocacional: \u201cJesus nunca deixa ningu\u00e9m sozinho!\u201d"}]},{"@type":"WebSite","@id":"https:\/\/www.oarcanjo.net\/site\/#website","url":"https:\/\/www.oarcanjo.net\/site\/","name":"O Arcanjo no ar","description":"Site da Par\u00f3quia S\u00e3o Miguel Arcanjo (Arquidiocese de SP)","publisher":{"@id":"https:\/\/www.oarcanjo.net\/site\/#organization"},"potentialAction":[{"@type":"SearchAction","target":{"@type":"EntryPoint","urlTemplate":"https:\/\/www.oarcanjo.net\/site\/?s={search_term_string}"},"query-input":{"@type":"PropertyValueSpecification","valueRequired":true,"valueName":"search_term_string"}}],"inLanguage":"pt-BR"},{"@type":"Organization","@id":"https:\/\/www.oarcanjo.net\/site\/#organization","name":"Par\u00f3quia S\u00e3o Miguel Arcanjo","url":"https:\/\/www.oarcanjo.net\/site\/","logo":{"@type":"ImageObject","inLanguage":"pt-BR","@id":"https:\/\/www.oarcanjo.net\/site\/#\/schema\/logo\/image\/","url":"https:\/\/www.oarcanjo.net\/site\/wp-content\/uploads\/LogoOArcanjo.png","contentUrl":"https:\/\/www.oarcanjo.net\/site\/wp-content\/uploads\/LogoOArcanjo.png","width":319,"height":99,"caption":"Par\u00f3quia S\u00e3o Miguel Arcanjo"},"image":{"@id":"https:\/\/www.oarcanjo.net\/site\/#\/schema\/logo\/image\/"},"sameAs":["https:\/\/www.facebook.com\/OArcanjoNoAr\/"]},{"@type":"Person","@id":"https:\/\/www.oarcanjo.net\/site\/#\/schema\/person\/f7024d007863202483a31326673a0838","name":"editor","sameAs":["http:\/\/www.oarcanjo.net"]}]}},"publishpress_future_action":{"enabled":false,"date":"2026-05-07 09:49:52","action":"category","newStatus":"draft","terms":[],"taxonomy":"category"},"publishpress_future_workflow_manual_trigger":{"enabledWorkflows":[]},"_links":{"self":[{"href":"https:\/\/www.oarcanjo.net\/site\/wp-json\/wp\/v2\/posts\/22543"}],"collection":[{"href":"https:\/\/www.oarcanjo.net\/site\/wp-json\/wp\/v2\/posts"}],"about":[{"href":"https:\/\/www.oarcanjo.net\/site\/wp-json\/wp\/v2\/types\/post"}],"author":[{"embeddable":true,"href":"https:\/\/www.oarcanjo.net\/site\/wp-json\/wp\/v2\/users\/5"}],"replies":[{"embeddable":true,"href":"https:\/\/www.oarcanjo.net\/site\/wp-json\/wp\/v2\/comments?post=22543"}],"version-history":[{"count":0,"href":"https:\/\/www.oarcanjo.net\/site\/wp-json\/wp\/v2\/posts\/22543\/revisions"}],"wp:attachment":[{"href":"https:\/\/www.oarcanjo.net\/site\/wp-json\/wp\/v2\/media?parent=22543"}],"wp:term":[{"taxonomy":"category","embeddable":true,"href":"https:\/\/www.oarcanjo.net\/site\/wp-json\/wp\/v2\/categories?post=22543"},{"taxonomy":"post_tag","embeddable":true,"href":"https:\/\/www.oarcanjo.net\/site\/wp-json\/wp\/v2\/tags?post=22543"}],"curies":[{"name":"wp","href":"https:\/\/api.w.org\/{rel}","templated":true}]}}