
{"id":22547,"date":"2013-08-05T10:04:13","date_gmt":"2013-08-05T13:04:13","guid":{"rendered":"http:\/\/www.oarcanjo.net\/site\/?p=22547"},"modified":"2013-08-05T11:38:24","modified_gmt":"2013-08-05T14:38:24","slug":"peregrinacoes-do-ano-da-fe","status":"publish","type":"post","link":"https:\/\/www.oarcanjo.net\/site\/peregrinacoes-do-ano-da-fe\/","title":{"rendered":"Peregrina\u00e7\u00f5es do Ano da F\u00e9"},"content":{"rendered":"<p>Neste segundo semestre de 2013, a Arquidiocese de S\u00e3o Paulo, por ocasi\u00e3o do Ano da F\u00e9, convida seus fi\u00e9is a realizarem diversas peregrina\u00e7\u00f5es para a Catedral da S\u00e9. Por in\u00edcio ser\u00e3o a dos padres, no s\u00e1bado, 3.<\/p>\n<p>Como em agosto a Igreja do Brasil celebra o m\u00eas de ora\u00e7\u00e3o pelas voca\u00e7\u00f5es e a terceira semana \u00e9 dedicada \u00e0 ora\u00e7\u00e3o pelas voca\u00e7\u00f5es de especial consagra\u00e7\u00e3o a Deus na Vida Religiosa Consagrada e nas demais formas de consagra\u00e7\u00e3o da vida ao Reino de Deus, o cardeal dom Odilo Pedro Scherer, arcebispo metropolitano, convida os religiosos para, no dia 17, s\u00e1bado, \u00e0s 15h, realizarem a sua peregrina\u00e7\u00e3o para a Catedral.<\/p>\n<p>Em carta convite endere\u00e7ada a todos os religiosos\/as membros de Institutos de Vida Consagrada, Sociedades de Vida Apost\u00f3lica e demais membros de Comunidades de especial Consagra\u00e7\u00e3o a Deus na Arquidiocese de S\u00e3o Paulo, dom Odilo convoca \u00e0 participa\u00e7\u00e3o na celebra\u00e7\u00e3o.<\/p>\n<p><strong>Leia a \u00edntegra do convite<\/strong><\/p>\n<p style=\"padding-left: 30px;\"><em>\u201cMinhas queridas irm\u00e3s e irm\u00e3os, convido com insist\u00eancia todos a participarem dessa manifesta\u00e7\u00e3o p\u00fablica de nossa f\u00e9 cat\u00f3lica. Ser\u00e1 tamb\u00e9m um testemunho que ajudar\u00e1 a edificar na f\u00e9 tantos irm\u00e3os nossos. Quem, por motivos particulares, estiver impedido de unir-se a n\u00f3s nesta peregrina\u00e7\u00e3o \u00e0 Catedral da S\u00e9, una-se espiritualmente e tamb\u00e9m renove sua profiss\u00e3o de f\u00e9 e a alegria de sua consagra\u00e7\u00e3o a Deus\u201d destaca, no convite, o arcebispo.<\/em><\/p>\n<p><em>Fonte: Arquidiocese de S\u00e3o Paulo<\/em><\/p>\n<div id=\"themify_builder_content-22547\" data-postid=\"22547\" class=\"themify_builder_content themify_builder_content-22547 themify_builder themify_builder_front\">\n\t<\/div>\n<!-- \/themify_builder_content -->","protected":false},"excerpt":{"rendered":"<p>Neste segundo semestre de 2013, a Arquidiocese de S\u00e3o Paulo, por ocasi\u00e3o do Ano da F\u00e9, convida seus fi\u00e9is a realizarem diversas peregrina\u00e7\u00f5es para a Catedral da S\u00e9. Por in\u00edcio ser\u00e3o a dos padres, no s\u00e1bado, 3. Como em agosto a Igreja do Brasil celebra o m\u00eas de ora\u00e7\u00e3o pelas voca\u00e7\u00f5es e a terceira semana [&hellip;]<\/p>\n","protected":false},"author":5,"featured_media":0,"comment_status":"open","ping_status":"open","sticky":false,"template":"","format":"standard","meta":{"ngg_post_thumbnail":0,"footnotes":""},"categories":[2153,8],"tags":[3213,2571,609],"yoast_head":"<!-- This site is optimized with the Yoast SEO plugin v23.5 - https:\/\/yoast.com\/wordpress\/plugins\/seo\/ -->\n<title>Peregrina\u00e7\u00f5es do Ano da F\u00e9 - O Arcanjo no ar<\/title>\n<meta name=\"robots\" content=\"index, follow, max-snippet:-1, max-image-preview:large, max-video-preview:-1\" \/>\n<link rel=\"canonical\" href=\"https:\/\/www.oarcanjo.net\/site\/peregrinacoes-do-ano-da-fe\/\" \/>\n<meta property=\"og:locale\" content=\"pt_BR\" \/>\n<meta property=\"og:type\" content=\"article\" \/>\n<meta property=\"og:title\" content=\"Peregrina\u00e7\u00f5es do Ano da F\u00e9 - O Arcanjo no ar\" \/>\n<meta property=\"og:description\" content=\"Neste segundo semestre de 2013, a Arquidiocese de S\u00e3o Paulo, por ocasi\u00e3o do Ano da F\u00e9, convida seus fi\u00e9is a realizarem diversas peregrina\u00e7\u00f5es para a Catedral da S\u00e9. Por in\u00edcio ser\u00e3o a dos padres, no s\u00e1bado, 3. Como em agosto a Igreja do Brasil celebra o m\u00eas de ora\u00e7\u00e3o pelas voca\u00e7\u00f5es e a terceira semana [&hellip;]\" \/>\n<meta property=\"og:url\" content=\"https:\/\/www.oarcanjo.net\/site\/peregrinacoes-do-ano-da-fe\/\" \/>\n<meta property=\"og:site_name\" content=\"O Arcanjo no ar\" \/>\n<meta property=\"article:publisher\" content=\"https:\/\/www.facebook.com\/OArcanjoNoAr\/\" \/>\n<meta property=\"article:published_time\" content=\"2013-08-05T13:04:13+00:00\" \/>\n<meta property=\"article:modified_time\" content=\"2013-08-05T14:38:24+00:00\" \/>\n<meta property=\"og:image\" content=\"https:\/\/www.oarcanjo.net\/site\/wp-content\/uploads\/logo-o-arcanjo-no-ar-facebook.png\" \/>\n\t<meta property=\"og:image:width\" content=\"300\" \/>\n\t<meta property=\"og:image:height\" content=\"300\" \/>\n\t<meta property=\"og:image:type\" content=\"image\/png\" \/>\n<meta name=\"author\" content=\"editor\" \/>\n<meta name=\"twitter:card\" content=\"summary_large_image\" \/>\n<meta name=\"twitter:label1\" content=\"Escrito por\" \/>\n\t<meta name=\"twitter:data1\" content=\"editor\" \/>\n\t<meta name=\"twitter:label2\" content=\"Est. tempo de leitura\" \/>\n\t<meta name=\"twitter:data2\" content=\"1 minuto\" \/>\n<script type=\"application\/ld+json\" class=\"yoast-schema-graph\">{\"@context\":\"https:\/\/schema.org\",\"@graph\":[{\"@type\":\"Article\",\"@id\":\"https:\/\/www.oarcanjo.net\/site\/peregrinacoes-do-ano-da-fe\/#article\",\"isPartOf\":{\"@id\":\"https:\/\/www.oarcanjo.net\/site\/peregrinacoes-do-ano-da-fe\/\"},\"author\":{\"name\":\"editor\",\"@id\":\"https:\/\/www.oarcanjo.net\/site\/#\/schema\/person\/f7024d007863202483a31326673a0838\"},\"headline\":\"Peregrina\u00e7\u00f5es do Ano da F\u00e9\",\"datePublished\":\"2013-08-05T13:04:13+00:00\",\"dateModified\":\"2013-08-05T14:38:24+00:00\",\"mainEntityOfPage\":{\"@id\":\"https:\/\/www.oarcanjo.net\/site\/peregrinacoes-do-ano-da-fe\/\"},\"wordCount\":262,\"commentCount\":0,\"publisher\":{\"@id\":\"https:\/\/www.oarcanjo.net\/site\/#organization\"},\"keywords\":[\"Ano da F\u00e9\",\"Peregrina\u00e7\u00f5es\",\"voca\u00e7\u00f5es\"],\"articleSection\":[\"Ano da F\u00e9\",\"Not\u00edcias\"],\"inLanguage\":\"pt-BR\",\"potentialAction\":[{\"@type\":\"CommentAction\",\"name\":\"Comment\",\"target\":[\"https:\/\/www.oarcanjo.net\/site\/peregrinacoes-do-ano-da-fe\/#respond\"]}]},{\"@type\":\"WebPage\",\"@id\":\"https:\/\/www.oarcanjo.net\/site\/peregrinacoes-do-ano-da-fe\/\",\"url\":\"https:\/\/www.oarcanjo.net\/site\/peregrinacoes-do-ano-da-fe\/\",\"name\":\"Peregrina\u00e7\u00f5es do Ano da F\u00e9 - O Arcanjo no ar\",\"isPartOf\":{\"@id\":\"https:\/\/www.oarcanjo.net\/site\/#website\"},\"datePublished\":\"2013-08-05T13:04:13+00:00\",\"dateModified\":\"2013-08-05T14:38:24+00:00\",\"breadcrumb\":{\"@id\":\"https:\/\/www.oarcanjo.net\/site\/peregrinacoes-do-ano-da-fe\/#breadcrumb\"},\"inLanguage\":\"pt-BR\",\"potentialAction\":[{\"@type\":\"ReadAction\",\"target\":[\"https:\/\/www.oarcanjo.net\/site\/peregrinacoes-do-ano-da-fe\/\"]}]},{\"@type\":\"BreadcrumbList\",\"@id\":\"https:\/\/www.oarcanjo.net\/site\/peregrinacoes-do-ano-da-fe\/#breadcrumb\",\"itemListElement\":[{\"@type\":\"ListItem\",\"position\":1,\"name\":\"In\u00edcio\",\"item\":\"https:\/\/www.oarcanjo.net\/site\/\"},{\"@type\":\"ListItem\",\"position\":2,\"name\":\"Peregrina\u00e7\u00f5es do Ano da F\u00e9\"}]},{\"@type\":\"WebSite\",\"@id\":\"https:\/\/www.oarcanjo.net\/site\/#website\",\"url\":\"https:\/\/www.oarcanjo.net\/site\/\",\"name\":\"O Arcanjo no ar\",\"description\":\"Site da Par\u00f3quia S\u00e3o Miguel Arcanjo (Arquidiocese de SP)\",\"publisher\":{\"@id\":\"https:\/\/www.oarcanjo.net\/site\/#organization\"},\"potentialAction\":[{\"@type\":\"SearchAction\",\"target\":{\"@type\":\"EntryPoint\",\"urlTemplate\":\"https:\/\/www.oarcanjo.net\/site\/?s={search_term_string}\"},\"query-input\":{\"@type\":\"PropertyValueSpecification\",\"valueRequired\":true,\"valueName\":\"search_term_string\"}}],\"inLanguage\":\"pt-BR\"},{\"@type\":\"Organization\",\"@id\":\"https:\/\/www.oarcanjo.net\/site\/#organization\",\"name\":\"Par\u00f3quia S\u00e3o Miguel Arcanjo\",\"url\":\"https:\/\/www.oarcanjo.net\/site\/\",\"logo\":{\"@type\":\"ImageObject\",\"inLanguage\":\"pt-BR\",\"@id\":\"https:\/\/www.oarcanjo.net\/site\/#\/schema\/logo\/image\/\",\"url\":\"https:\/\/www.oarcanjo.net\/site\/wp-content\/uploads\/LogoOArcanjo.png\",\"contentUrl\":\"https:\/\/www.oarcanjo.net\/site\/wp-content\/uploads\/LogoOArcanjo.png\",\"width\":319,\"height\":99,\"caption\":\"Par\u00f3quia S\u00e3o Miguel Arcanjo\"},\"image\":{\"@id\":\"https:\/\/www.oarcanjo.net\/site\/#\/schema\/logo\/image\/\"},\"sameAs\":[\"https:\/\/www.facebook.com\/OArcanjoNoAr\/\"]},{\"@type\":\"Person\",\"@id\":\"https:\/\/www.oarcanjo.net\/site\/#\/schema\/person\/f7024d007863202483a31326673a0838\",\"name\":\"editor\",\"sameAs\":[\"http:\/\/www.oarcanjo.net\"]}]}<\/script>\n<!-- \/ Yoast SEO plugin. -->","yoast_head_json":{"title":"Peregrina\u00e7\u00f5es do Ano da F\u00e9 - O Arcanjo no ar","robots":{"index":"index","follow":"follow","max-snippet":"max-snippet:-1","max-image-preview":"max-image-preview:large","max-video-preview":"max-video-preview:-1"},"canonical":"https:\/\/www.oarcanjo.net\/site\/peregrinacoes-do-ano-da-fe\/","og_locale":"pt_BR","og_type":"article","og_title":"Peregrina\u00e7\u00f5es do Ano da F\u00e9 - O Arcanjo no ar","og_description":"Neste segundo semestre de 2013, a Arquidiocese de S\u00e3o Paulo, por ocasi\u00e3o do Ano da F\u00e9, convida seus fi\u00e9is a realizarem diversas peregrina\u00e7\u00f5es para a Catedral da S\u00e9. Por in\u00edcio ser\u00e3o a dos padres, no s\u00e1bado, 3. Como em agosto a Igreja do Brasil celebra o m\u00eas de ora\u00e7\u00e3o pelas voca\u00e7\u00f5es e a terceira semana [&hellip;]","og_url":"https:\/\/www.oarcanjo.net\/site\/peregrinacoes-do-ano-da-fe\/","og_site_name":"O Arcanjo no ar","article_publisher":"https:\/\/www.facebook.com\/OArcanjoNoAr\/","article_published_time":"2013-08-05T13:04:13+00:00","article_modified_time":"2013-08-05T14:38:24+00:00","og_image":[{"width":300,"height":300,"url":"https:\/\/www.oarcanjo.net\/site\/wp-content\/uploads\/logo-o-arcanjo-no-ar-facebook.png","type":"image\/png"}],"author":"editor","twitter_card":"summary_large_image","twitter_misc":{"Escrito por":"editor","Est. tempo de leitura":"1 minuto"},"schema":{"@context":"https:\/\/schema.org","@graph":[{"@type":"Article","@id":"https:\/\/www.oarcanjo.net\/site\/peregrinacoes-do-ano-da-fe\/#article","isPartOf":{"@id":"https:\/\/www.oarcanjo.net\/site\/peregrinacoes-do-ano-da-fe\/"},"author":{"name":"editor","@id":"https:\/\/www.oarcanjo.net\/site\/#\/schema\/person\/f7024d007863202483a31326673a0838"},"headline":"Peregrina\u00e7\u00f5es do Ano da F\u00e9","datePublished":"2013-08-05T13:04:13+00:00","dateModified":"2013-08-05T14:38:24+00:00","mainEntityOfPage":{"@id":"https:\/\/www.oarcanjo.net\/site\/peregrinacoes-do-ano-da-fe\/"},"wordCount":262,"commentCount":0,"publisher":{"@id":"https:\/\/www.oarcanjo.net\/site\/#organization"},"keywords":["Ano da F\u00e9","Peregrina\u00e7\u00f5es","voca\u00e7\u00f5es"],"articleSection":["Ano da F\u00e9","Not\u00edcias"],"inLanguage":"pt-BR","potentialAction":[{"@type":"CommentAction","name":"Comment","target":["https:\/\/www.oarcanjo.net\/site\/peregrinacoes-do-ano-da-fe\/#respond"]}]},{"@type":"WebPage","@id":"https:\/\/www.oarcanjo.net\/site\/peregrinacoes-do-ano-da-fe\/","url":"https:\/\/www.oarcanjo.net\/site\/peregrinacoes-do-ano-da-fe\/","name":"Peregrina\u00e7\u00f5es do Ano da F\u00e9 - O Arcanjo no ar","isPartOf":{"@id":"https:\/\/www.oarcanjo.net\/site\/#website"},"datePublished":"2013-08-05T13:04:13+00:00","dateModified":"2013-08-05T14:38:24+00:00","breadcrumb":{"@id":"https:\/\/www.oarcanjo.net\/site\/peregrinacoes-do-ano-da-fe\/#breadcrumb"},"inLanguage":"pt-BR","potentialAction":[{"@type":"ReadAction","target":["https:\/\/www.oarcanjo.net\/site\/peregrinacoes-do-ano-da-fe\/"]}]},{"@type":"BreadcrumbList","@id":"https:\/\/www.oarcanjo.net\/site\/peregrinacoes-do-ano-da-fe\/#breadcrumb","itemListElement":[{"@type":"ListItem","position":1,"name":"In\u00edcio","item":"https:\/\/www.oarcanjo.net\/site\/"},{"@type":"ListItem","position":2,"name":"Peregrina\u00e7\u00f5es do Ano da F\u00e9"}]},{"@type":"WebSite","@id":"https:\/\/www.oarcanjo.net\/site\/#website","url":"https:\/\/www.oarcanjo.net\/site\/","name":"O Arcanjo no ar","description":"Site da Par\u00f3quia S\u00e3o Miguel Arcanjo (Arquidiocese de SP)","publisher":{"@id":"https:\/\/www.oarcanjo.net\/site\/#organization"},"potentialAction":[{"@type":"SearchAction","target":{"@type":"EntryPoint","urlTemplate":"https:\/\/www.oarcanjo.net\/site\/?s={search_term_string}"},"query-input":{"@type":"PropertyValueSpecification","valueRequired":true,"valueName":"search_term_string"}}],"inLanguage":"pt-BR"},{"@type":"Organization","@id":"https:\/\/www.oarcanjo.net\/site\/#organization","name":"Par\u00f3quia S\u00e3o Miguel Arcanjo","url":"https:\/\/www.oarcanjo.net\/site\/","logo":{"@type":"ImageObject","inLanguage":"pt-BR","@id":"https:\/\/www.oarcanjo.net\/site\/#\/schema\/logo\/image\/","url":"https:\/\/www.oarcanjo.net\/site\/wp-content\/uploads\/LogoOArcanjo.png","contentUrl":"https:\/\/www.oarcanjo.net\/site\/wp-content\/uploads\/LogoOArcanjo.png","width":319,"height":99,"caption":"Par\u00f3quia S\u00e3o Miguel Arcanjo"},"image":{"@id":"https:\/\/www.oarcanjo.net\/site\/#\/schema\/logo\/image\/"},"sameAs":["https:\/\/www.facebook.com\/OArcanjoNoAr\/"]},{"@type":"Person","@id":"https:\/\/www.oarcanjo.net\/site\/#\/schema\/person\/f7024d007863202483a31326673a0838","name":"editor","sameAs":["http:\/\/www.oarcanjo.net"]}]}},"publishpress_future_action":{"enabled":false,"date":"2026-05-07 07:54:41","action":"category","newStatus":"draft","terms":[],"taxonomy":"category"},"publishpress_future_workflow_manual_trigger":{"enabledWorkflows":[]},"_links":{"self":[{"href":"https:\/\/www.oarcanjo.net\/site\/wp-json\/wp\/v2\/posts\/22547"}],"collection":[{"href":"https:\/\/www.oarcanjo.net\/site\/wp-json\/wp\/v2\/posts"}],"about":[{"href":"https:\/\/www.oarcanjo.net\/site\/wp-json\/wp\/v2\/types\/post"}],"author":[{"embeddable":true,"href":"https:\/\/www.oarcanjo.net\/site\/wp-json\/wp\/v2\/users\/5"}],"replies":[{"embeddable":true,"href":"https:\/\/www.oarcanjo.net\/site\/wp-json\/wp\/v2\/comments?post=22547"}],"version-history":[{"count":0,"href":"https:\/\/www.oarcanjo.net\/site\/wp-json\/wp\/v2\/posts\/22547\/revisions"}],"wp:attachment":[{"href":"https:\/\/www.oarcanjo.net\/site\/wp-json\/wp\/v2\/media?parent=22547"}],"wp:term":[{"taxonomy":"category","embeddable":true,"href":"https:\/\/www.oarcanjo.net\/site\/wp-json\/wp\/v2\/categories?post=22547"},{"taxonomy":"post_tag","embeddable":true,"href":"https:\/\/www.oarcanjo.net\/site\/wp-json\/wp\/v2\/tags?post=22547"}],"curies":[{"name":"wp","href":"https:\/\/api.w.org\/{rel}","templated":true}]}}