
{"id":22717,"date":"2013-08-17T23:28:44","date_gmt":"2013-08-18T02:28:44","guid":{"rendered":"http:\/\/www.oarcanjo.net\/site\/?p=22717"},"modified":"2013-08-18T20:07:04","modified_gmt":"2013-08-18T23:07:04","slug":"semana-de-frio-intenso","status":"publish","type":"post","link":"https:\/\/www.oarcanjo.net\/site\/semana-de-frio-intenso\/","title":{"rendered":"Semana de frio intenso"},"content":{"rendered":"<p>Nessa segunda semana de frio intenso, o Pe Julio, Danilo, Miguel, Alexandre Leone\u00a0e muitos outros colaboradores sa\u00edram para a distribui\u00e7\u00e3o aos sofredores de rua de cobertores , meias, bem como visita aos abrigos. Nesta semana o Cardel dom Odilo Pedro Scherer acompanhou os nossos volunt\u00e1rios.<\/p>\n<p><a href=\"http:\/\/www.oarcanjo.net\/site\/wp-content\/uploads\/9-graus-tempo-de-i-para-as-ruas.jpg\"><img loading=\"lazy\" decoding=\"async\" class=\"alignleft size-medium wp-image-22718\" title=\"9 graus - tempo de i para as ruas\" src=\"http:\/\/www.oarcanjo.net\/site\/wp-content\/uploads\/9-graus-tempo-de-i-para-as-ruas-300x224.jpg\" alt=\"\" width=\"300\" height=\"224\" srcset=\"https:\/\/www.oarcanjo.net\/site\/wp-content\/uploads\/9-graus-tempo-de-i-para-as-ruas-300x224.jpg 300w, https:\/\/www.oarcanjo.net\/site\/wp-content\/uploads\/9-graus-tempo-de-i-para-as-ruas.jpg 576w\" sizes=\"(max-width: 300px) 100vw, 300px\" \/><\/a><a href=\"http:\/\/www.oarcanjo.net\/site\/wp-content\/uploads\/frio-saindo-das-ruas.jpg\"><img loading=\"lazy\" decoding=\"async\" class=\"alignright size-medium wp-image-22719\" title=\"frio - saindo das ruas\" src=\"http:\/\/www.oarcanjo.net\/site\/wp-content\/uploads\/frio-saindo-das-ruas-300x224.jpg\" alt=\"\" width=\"300\" height=\"224\" srcset=\"https:\/\/www.oarcanjo.net\/site\/wp-content\/uploads\/frio-saindo-das-ruas-300x224.jpg 300w, https:\/\/www.oarcanjo.net\/site\/wp-content\/uploads\/frio-saindo-das-ruas.jpg 576w\" sizes=\"(max-width: 300px) 100vw, 300px\" \/><\/a><\/p>\n<p>&nbsp;<\/p>\n<p>&nbsp;<\/p>\n<p>&nbsp;<\/p>\n<p>&nbsp;<\/p>\n<p>&nbsp;<\/p>\n<p>&nbsp;<\/p>\n<p>&nbsp;<\/p>\n<p><a href=\"http:\/\/www.oarcanjo.net\/site\/wp-content\/uploads\/frio-saindo-das-ruas1.jpg\"><img loading=\"lazy\" decoding=\"async\" class=\"alignleft size-medium wp-image-22720\" title=\"frio - saindo das ruas\" src=\"http:\/\/www.oarcanjo.net\/site\/wp-content\/uploads\/frio-saindo-das-ruas1-300x224.jpg\" alt=\"\" width=\"300\" height=\"224\" srcset=\"https:\/\/www.oarcanjo.net\/site\/wp-content\/uploads\/frio-saindo-das-ruas1-300x224.jpg 300w, https:\/\/www.oarcanjo.net\/site\/wp-content\/uploads\/frio-saindo-das-ruas1.jpg 576w\" sizes=\"(max-width: 300px) 100vw, 300px\" \/><\/a><a href=\"http:\/\/www.oarcanjo.net\/site\/wp-content\/uploads\/danilo-e-companhia.jpg\"><img loading=\"lazy\" decoding=\"async\" class=\"alignright size-medium wp-image-22721\" title=\"danilo e companhia\" src=\"http:\/\/www.oarcanjo.net\/site\/wp-content\/uploads\/danilo-e-companhia-300x224.jpg\" alt=\"\" width=\"300\" height=\"224\" srcset=\"https:\/\/www.oarcanjo.net\/site\/wp-content\/uploads\/danilo-e-companhia-300x224.jpg 300w, https:\/\/www.oarcanjo.net\/site\/wp-content\/uploads\/danilo-e-companhia.jpg 577w\" sizes=\"(max-width: 300px) 100vw, 300px\" \/><\/a><a href=\"http:\/\/www.oarcanjo.net\/site\/wp-content\/uploads\/com-o-Cardeal.jpg\"><img loading=\"lazy\" decoding=\"async\" class=\"alignleft size-medium wp-image-22722\" title=\"com o Cardeal\" src=\"http:\/\/www.oarcanjo.net\/site\/wp-content\/uploads\/com-o-Cardeal-300x224.jpg\" alt=\"\" width=\"300\" height=\"224\" srcset=\"https:\/\/www.oarcanjo.net\/site\/wp-content\/uploads\/com-o-Cardeal-300x224.jpg 300w, https:\/\/www.oarcanjo.net\/site\/wp-content\/uploads\/com-o-Cardeal.jpg 576w\" sizes=\"(max-width: 300px) 100vw, 300px\" \/><\/a><a href=\"http:\/\/www.oarcanjo.net\/site\/wp-content\/uploads\/visita-de-dom-Odilo-ao-abrigo-emergencial.jpg\"><img loading=\"lazy\" decoding=\"async\" class=\"alignright size-medium wp-image-22723\" title=\"visita de dom Odilo ao abrigo emergencial\" src=\"http:\/\/www.oarcanjo.net\/site\/wp-content\/uploads\/visita-de-dom-Odilo-ao-abrigo-emergencial-300x224.jpg\" alt=\"\" width=\"300\" height=\"224\" srcset=\"https:\/\/www.oarcanjo.net\/site\/wp-content\/uploads\/visita-de-dom-Odilo-ao-abrigo-emergencial-300x224.jpg 300w, https:\/\/www.oarcanjo.net\/site\/wp-content\/uploads\/visita-de-dom-Odilo-ao-abrigo-emergencial.jpg 575w\" sizes=\"(max-width: 300px) 100vw, 300px\" \/><\/a><\/p>\n<div id=\"themify_builder_content-22717\" data-postid=\"22717\" class=\"themify_builder_content themify_builder_content-22717 themify_builder themify_builder_front\">\n\t<\/div>\n<!-- \/themify_builder_content -->","protected":false},"excerpt":{"rendered":"<p>Nessa segunda semana de frio intenso, o Pe Julio, Danilo, Miguel, Alexandre Leone\u00a0e muitos outros colaboradores sa\u00edram para a distribui\u00e7\u00e3o aos sofredores de rua de cobertores , meias, bem como visita aos abrigos. Nesta semana o Cardel dom Odilo Pedro Scherer acompanhou os nossos volunt\u00e1rios. &nbsp; &nbsp; &nbsp; &nbsp; &nbsp; &nbsp; &nbsp;<\/p>\n","protected":false},"author":10,"featured_media":0,"comment_status":"open","ping_status":"open","sticky":false,"template":"","format":"standard","meta":{"ngg_post_thumbnail":0,"footnotes":""},"categories":[8],"tags":[],"yoast_head":"<!-- This site is optimized with the Yoast SEO plugin v23.5 - https:\/\/yoast.com\/wordpress\/plugins\/seo\/ -->\n<title>Semana de frio intenso - O Arcanjo no ar<\/title>\n<meta name=\"robots\" content=\"index, follow, max-snippet:-1, max-image-preview:large, max-video-preview:-1\" \/>\n<link rel=\"canonical\" href=\"https:\/\/www.oarcanjo.net\/site\/semana-de-frio-intenso\/\" \/>\n<meta property=\"og:locale\" content=\"pt_BR\" \/>\n<meta property=\"og:type\" content=\"article\" \/>\n<meta property=\"og:title\" content=\"Semana de frio intenso - O Arcanjo no ar\" \/>\n<meta property=\"og:description\" content=\"Nessa segunda semana de frio intenso, o Pe Julio, Danilo, Miguel, Alexandre Leone\u00a0e muitos outros colaboradores sa\u00edram para a distribui\u00e7\u00e3o aos sofredores de rua de cobertores , meias, bem como visita aos abrigos. Nesta semana o Cardel dom Odilo Pedro Scherer acompanhou os nossos volunt\u00e1rios. &nbsp; &nbsp; &nbsp; &nbsp; &nbsp; &nbsp; &nbsp;\" \/>\n<meta property=\"og:url\" content=\"https:\/\/www.oarcanjo.net\/site\/semana-de-frio-intenso\/\" \/>\n<meta property=\"og:site_name\" content=\"O Arcanjo no ar\" \/>\n<meta property=\"article:publisher\" content=\"https:\/\/www.facebook.com\/OArcanjoNoAr\/\" \/>\n<meta property=\"article:published_time\" content=\"2013-08-18T02:28:44+00:00\" \/>\n<meta property=\"article:modified_time\" content=\"2013-08-18T23:07:04+00:00\" \/>\n<meta property=\"og:image\" content=\"http:\/\/www.oarcanjo.net\/site\/wp-content\/uploads\/9-graus-tempo-de-i-para-as-ruas-300x224.jpg\" \/>\n<meta name=\"author\" content=\"carlos\" \/>\n<meta name=\"twitter:card\" content=\"summary_large_image\" \/>\n<meta name=\"twitter:label1\" content=\"Escrito por\" \/>\n\t<meta name=\"twitter:data1\" content=\"carlos\" \/>\n<script type=\"application\/ld+json\" class=\"yoast-schema-graph\">{\"@context\":\"https:\/\/schema.org\",\"@graph\":[{\"@type\":\"Article\",\"@id\":\"https:\/\/www.oarcanjo.net\/site\/semana-de-frio-intenso\/#article\",\"isPartOf\":{\"@id\":\"https:\/\/www.oarcanjo.net\/site\/semana-de-frio-intenso\/\"},\"author\":{\"name\":\"carlos\",\"@id\":\"https:\/\/www.oarcanjo.net\/site\/#\/schema\/person\/f7870e710d8c8c30673de3a0ac2e451d\"},\"headline\":\"Semana de frio intenso\",\"datePublished\":\"2013-08-18T02:28:44+00:00\",\"dateModified\":\"2013-08-18T23:07:04+00:00\",\"mainEntityOfPage\":{\"@id\":\"https:\/\/www.oarcanjo.net\/site\/semana-de-frio-intenso\/\"},\"wordCount\":59,\"commentCount\":0,\"publisher\":{\"@id\":\"https:\/\/www.oarcanjo.net\/site\/#organization\"},\"image\":{\"@id\":\"https:\/\/www.oarcanjo.net\/site\/semana-de-frio-intenso\/#primaryimage\"},\"thumbnailUrl\":\"http:\/\/www.oarcanjo.net\/site\/wp-content\/uploads\/9-graus-tempo-de-i-para-as-ruas-300x224.jpg\",\"articleSection\":[\"Not\u00edcias\"],\"inLanguage\":\"pt-BR\",\"potentialAction\":[{\"@type\":\"CommentAction\",\"name\":\"Comment\",\"target\":[\"https:\/\/www.oarcanjo.net\/site\/semana-de-frio-intenso\/#respond\"]}]},{\"@type\":\"WebPage\",\"@id\":\"https:\/\/www.oarcanjo.net\/site\/semana-de-frio-intenso\/\",\"url\":\"https:\/\/www.oarcanjo.net\/site\/semana-de-frio-intenso\/\",\"name\":\"Semana de frio intenso - O Arcanjo no ar\",\"isPartOf\":{\"@id\":\"https:\/\/www.oarcanjo.net\/site\/#website\"},\"primaryImageOfPage\":{\"@id\":\"https:\/\/www.oarcanjo.net\/site\/semana-de-frio-intenso\/#primaryimage\"},\"image\":{\"@id\":\"https:\/\/www.oarcanjo.net\/site\/semana-de-frio-intenso\/#primaryimage\"},\"thumbnailUrl\":\"http:\/\/www.oarcanjo.net\/site\/wp-content\/uploads\/9-graus-tempo-de-i-para-as-ruas-300x224.jpg\",\"datePublished\":\"2013-08-18T02:28:44+00:00\",\"dateModified\":\"2013-08-18T23:07:04+00:00\",\"breadcrumb\":{\"@id\":\"https:\/\/www.oarcanjo.net\/site\/semana-de-frio-intenso\/#breadcrumb\"},\"inLanguage\":\"pt-BR\",\"potentialAction\":[{\"@type\":\"ReadAction\",\"target\":[\"https:\/\/www.oarcanjo.net\/site\/semana-de-frio-intenso\/\"]}]},{\"@type\":\"ImageObject\",\"inLanguage\":\"pt-BR\",\"@id\":\"https:\/\/www.oarcanjo.net\/site\/semana-de-frio-intenso\/#primaryimage\",\"url\":\"https:\/\/www.oarcanjo.net\/site\/wp-content\/uploads\/9-graus-tempo-de-i-para-as-ruas.jpg\",\"contentUrl\":\"https:\/\/www.oarcanjo.net\/site\/wp-content\/uploads\/9-graus-tempo-de-i-para-as-ruas.jpg\",\"width\":\"576\",\"height\":\"431\"},{\"@type\":\"BreadcrumbList\",\"@id\":\"https:\/\/www.oarcanjo.net\/site\/semana-de-frio-intenso\/#breadcrumb\",\"itemListElement\":[{\"@type\":\"ListItem\",\"position\":1,\"name\":\"In\u00edcio\",\"item\":\"https:\/\/www.oarcanjo.net\/site\/\"},{\"@type\":\"ListItem\",\"position\":2,\"name\":\"Semana de frio intenso\"}]},{\"@type\":\"WebSite\",\"@id\":\"https:\/\/www.oarcanjo.net\/site\/#website\",\"url\":\"https:\/\/www.oarcanjo.net\/site\/\",\"name\":\"O Arcanjo no ar\",\"description\":\"Site da Par\u00f3quia S\u00e3o Miguel Arcanjo (Arquidiocese de SP)\",\"publisher\":{\"@id\":\"https:\/\/www.oarcanjo.net\/site\/#organization\"},\"potentialAction\":[{\"@type\":\"SearchAction\",\"target\":{\"@type\":\"EntryPoint\",\"urlTemplate\":\"https:\/\/www.oarcanjo.net\/site\/?s={search_term_string}\"},\"query-input\":{\"@type\":\"PropertyValueSpecification\",\"valueRequired\":true,\"valueName\":\"search_term_string\"}}],\"inLanguage\":\"pt-BR\"},{\"@type\":\"Organization\",\"@id\":\"https:\/\/www.oarcanjo.net\/site\/#organization\",\"name\":\"Par\u00f3quia S\u00e3o Miguel Arcanjo\",\"url\":\"https:\/\/www.oarcanjo.net\/site\/\",\"logo\":{\"@type\":\"ImageObject\",\"inLanguage\":\"pt-BR\",\"@id\":\"https:\/\/www.oarcanjo.net\/site\/#\/schema\/logo\/image\/\",\"url\":\"https:\/\/www.oarcanjo.net\/site\/wp-content\/uploads\/LogoOArcanjo.png\",\"contentUrl\":\"https:\/\/www.oarcanjo.net\/site\/wp-content\/uploads\/LogoOArcanjo.png\",\"width\":319,\"height\":99,\"caption\":\"Par\u00f3quia S\u00e3o Miguel Arcanjo\"},\"image\":{\"@id\":\"https:\/\/www.oarcanjo.net\/site\/#\/schema\/logo\/image\/\"},\"sameAs\":[\"https:\/\/www.facebook.com\/OArcanjoNoAr\/\"]},{\"@type\":\"Person\",\"@id\":\"https:\/\/www.oarcanjo.net\/site\/#\/schema\/person\/f7870e710d8c8c30673de3a0ac2e451d\",\"name\":\"carlos\"}]}<\/script>\n<!-- \/ Yoast SEO plugin. -->","yoast_head_json":{"title":"Semana de frio intenso - O Arcanjo no ar","robots":{"index":"index","follow":"follow","max-snippet":"max-snippet:-1","max-image-preview":"max-image-preview:large","max-video-preview":"max-video-preview:-1"},"canonical":"https:\/\/www.oarcanjo.net\/site\/semana-de-frio-intenso\/","og_locale":"pt_BR","og_type":"article","og_title":"Semana de frio intenso - O Arcanjo no ar","og_description":"Nessa segunda semana de frio intenso, o Pe Julio, Danilo, Miguel, Alexandre Leone\u00a0e muitos outros colaboradores sa\u00edram para a distribui\u00e7\u00e3o aos sofredores de rua de cobertores , meias, bem como visita aos abrigos. Nesta semana o Cardel dom Odilo Pedro Scherer acompanhou os nossos volunt\u00e1rios. &nbsp; &nbsp; &nbsp; &nbsp; &nbsp; &nbsp; &nbsp;","og_url":"https:\/\/www.oarcanjo.net\/site\/semana-de-frio-intenso\/","og_site_name":"O Arcanjo no ar","article_publisher":"https:\/\/www.facebook.com\/OArcanjoNoAr\/","article_published_time":"2013-08-18T02:28:44+00:00","article_modified_time":"2013-08-18T23:07:04+00:00","og_image":[{"url":"http:\/\/www.oarcanjo.net\/site\/wp-content\/uploads\/9-graus-tempo-de-i-para-as-ruas-300x224.jpg"}],"author":"carlos","twitter_card":"summary_large_image","twitter_misc":{"Escrito por":"carlos"},"schema":{"@context":"https:\/\/schema.org","@graph":[{"@type":"Article","@id":"https:\/\/www.oarcanjo.net\/site\/semana-de-frio-intenso\/#article","isPartOf":{"@id":"https:\/\/www.oarcanjo.net\/site\/semana-de-frio-intenso\/"},"author":{"name":"carlos","@id":"https:\/\/www.oarcanjo.net\/site\/#\/schema\/person\/f7870e710d8c8c30673de3a0ac2e451d"},"headline":"Semana de frio intenso","datePublished":"2013-08-18T02:28:44+00:00","dateModified":"2013-08-18T23:07:04+00:00","mainEntityOfPage":{"@id":"https:\/\/www.oarcanjo.net\/site\/semana-de-frio-intenso\/"},"wordCount":59,"commentCount":0,"publisher":{"@id":"https:\/\/www.oarcanjo.net\/site\/#organization"},"image":{"@id":"https:\/\/www.oarcanjo.net\/site\/semana-de-frio-intenso\/#primaryimage"},"thumbnailUrl":"http:\/\/www.oarcanjo.net\/site\/wp-content\/uploads\/9-graus-tempo-de-i-para-as-ruas-300x224.jpg","articleSection":["Not\u00edcias"],"inLanguage":"pt-BR","potentialAction":[{"@type":"CommentAction","name":"Comment","target":["https:\/\/www.oarcanjo.net\/site\/semana-de-frio-intenso\/#respond"]}]},{"@type":"WebPage","@id":"https:\/\/www.oarcanjo.net\/site\/semana-de-frio-intenso\/","url":"https:\/\/www.oarcanjo.net\/site\/semana-de-frio-intenso\/","name":"Semana de frio intenso - O Arcanjo no ar","isPartOf":{"@id":"https:\/\/www.oarcanjo.net\/site\/#website"},"primaryImageOfPage":{"@id":"https:\/\/www.oarcanjo.net\/site\/semana-de-frio-intenso\/#primaryimage"},"image":{"@id":"https:\/\/www.oarcanjo.net\/site\/semana-de-frio-intenso\/#primaryimage"},"thumbnailUrl":"http:\/\/www.oarcanjo.net\/site\/wp-content\/uploads\/9-graus-tempo-de-i-para-as-ruas-300x224.jpg","datePublished":"2013-08-18T02:28:44+00:00","dateModified":"2013-08-18T23:07:04+00:00","breadcrumb":{"@id":"https:\/\/www.oarcanjo.net\/site\/semana-de-frio-intenso\/#breadcrumb"},"inLanguage":"pt-BR","potentialAction":[{"@type":"ReadAction","target":["https:\/\/www.oarcanjo.net\/site\/semana-de-frio-intenso\/"]}]},{"@type":"ImageObject","inLanguage":"pt-BR","@id":"https:\/\/www.oarcanjo.net\/site\/semana-de-frio-intenso\/#primaryimage","url":"https:\/\/www.oarcanjo.net\/site\/wp-content\/uploads\/9-graus-tempo-de-i-para-as-ruas.jpg","contentUrl":"https:\/\/www.oarcanjo.net\/site\/wp-content\/uploads\/9-graus-tempo-de-i-para-as-ruas.jpg","width":"576","height":"431"},{"@type":"BreadcrumbList","@id":"https:\/\/www.oarcanjo.net\/site\/semana-de-frio-intenso\/#breadcrumb","itemListElement":[{"@type":"ListItem","position":1,"name":"In\u00edcio","item":"https:\/\/www.oarcanjo.net\/site\/"},{"@type":"ListItem","position":2,"name":"Semana de frio intenso"}]},{"@type":"WebSite","@id":"https:\/\/www.oarcanjo.net\/site\/#website","url":"https:\/\/www.oarcanjo.net\/site\/","name":"O Arcanjo no ar","description":"Site da Par\u00f3quia S\u00e3o Miguel Arcanjo (Arquidiocese de SP)","publisher":{"@id":"https:\/\/www.oarcanjo.net\/site\/#organization"},"potentialAction":[{"@type":"SearchAction","target":{"@type":"EntryPoint","urlTemplate":"https:\/\/www.oarcanjo.net\/site\/?s={search_term_string}"},"query-input":{"@type":"PropertyValueSpecification","valueRequired":true,"valueName":"search_term_string"}}],"inLanguage":"pt-BR"},{"@type":"Organization","@id":"https:\/\/www.oarcanjo.net\/site\/#organization","name":"Par\u00f3quia S\u00e3o Miguel Arcanjo","url":"https:\/\/www.oarcanjo.net\/site\/","logo":{"@type":"ImageObject","inLanguage":"pt-BR","@id":"https:\/\/www.oarcanjo.net\/site\/#\/schema\/logo\/image\/","url":"https:\/\/www.oarcanjo.net\/site\/wp-content\/uploads\/LogoOArcanjo.png","contentUrl":"https:\/\/www.oarcanjo.net\/site\/wp-content\/uploads\/LogoOArcanjo.png","width":319,"height":99,"caption":"Par\u00f3quia S\u00e3o Miguel Arcanjo"},"image":{"@id":"https:\/\/www.oarcanjo.net\/site\/#\/schema\/logo\/image\/"},"sameAs":["https:\/\/www.facebook.com\/OArcanjoNoAr\/"]},{"@type":"Person","@id":"https:\/\/www.oarcanjo.net\/site\/#\/schema\/person\/f7870e710d8c8c30673de3a0ac2e451d","name":"carlos"}]}},"publishpress_future_action":{"enabled":false,"date":"2026-05-09 02:54:12","action":"category","newStatus":"draft","terms":[],"taxonomy":"category"},"publishpress_future_workflow_manual_trigger":{"enabledWorkflows":[]},"_links":{"self":[{"href":"https:\/\/www.oarcanjo.net\/site\/wp-json\/wp\/v2\/posts\/22717"}],"collection":[{"href":"https:\/\/www.oarcanjo.net\/site\/wp-json\/wp\/v2\/posts"}],"about":[{"href":"https:\/\/www.oarcanjo.net\/site\/wp-json\/wp\/v2\/types\/post"}],"author":[{"embeddable":true,"href":"https:\/\/www.oarcanjo.net\/site\/wp-json\/wp\/v2\/users\/10"}],"replies":[{"embeddable":true,"href":"https:\/\/www.oarcanjo.net\/site\/wp-json\/wp\/v2\/comments?post=22717"}],"version-history":[{"count":0,"href":"https:\/\/www.oarcanjo.net\/site\/wp-json\/wp\/v2\/posts\/22717\/revisions"}],"wp:attachment":[{"href":"https:\/\/www.oarcanjo.net\/site\/wp-json\/wp\/v2\/media?parent=22717"}],"wp:term":[{"taxonomy":"category","embeddable":true,"href":"https:\/\/www.oarcanjo.net\/site\/wp-json\/wp\/v2\/categories?post=22717"},{"taxonomy":"post_tag","embeddable":true,"href":"https:\/\/www.oarcanjo.net\/site\/wp-json\/wp\/v2\/tags?post=22717"}],"curies":[{"name":"wp","href":"https:\/\/api.w.org\/{rel}","templated":true}]}}