
{"id":22732,"date":"2013-08-19T11:41:48","date_gmt":"2013-08-19T14:41:48","guid":{"rendered":"http:\/\/www.oarcanjo.net\/site\/?p=22732"},"modified":"2013-08-20T11:48:37","modified_gmt":"2013-08-20T14:48:37","slug":"regiao-belem-fara-peregrinacao-a-catedral-da-se-dia-1-9","status":"publish","type":"post","link":"https:\/\/www.oarcanjo.net\/site\/regiao-belem-fara-peregrinacao-a-catedral-da-se-dia-1-9\/","title":{"rendered":"Regi\u00e3o Bel\u00e9m far\u00e1 peregrina\u00e7\u00e3o \u00e0 Catedral da S\u00e9 dia 1\u00ba\/9"},"content":{"rendered":"<p>Como parte das comemora\u00e7\u00f5es do Ano da F\u00e9, a Regi\u00e3o Bel\u00e9m far\u00e1 peregrina\u00e7\u00e3o \u00e0 Catedral da S\u00e9 dia 1\u00ba de setembro. A concentra\u00e7\u00e3o ser\u00e1 no P\u00e1teo do Col\u00e9gio, a partir das 14h, encerrando com missa presidida por Dom Odilo Scherer, cardeal arcebispo de S\u00e3o Paulo.<\/p>\n<p>Nos avisos da semana, Pe. Julio falou desse evento e dos Conselhos Participativos que ser\u00e3o eleitos nas subprefeituras da capital:<\/p>\n<p><iframe loading=\"lazy\" width=\"560\" height=\"315\" src=\"\/\/www.youtube.com\/embed\/y6d3l4C4KS4?rel=0\" frameborder=\"0\" allowfullscreen><\/iframe><\/p>\n<div id=\"themify_builder_content-22732\" data-postid=\"22732\" class=\"themify_builder_content themify_builder_content-22732 themify_builder themify_builder_front\">\n\t<\/div>\n<!-- \/themify_builder_content -->","protected":false},"excerpt":{"rendered":"<p>Como parte das comemora\u00e7\u00f5es do Ano da F\u00e9, a Regi\u00e3o Bel\u00e9m far\u00e1 peregrina\u00e7\u00e3o \u00e0 Catedral da S\u00e9 dia 1\u00ba de setembro. A concentra\u00e7\u00e3o ser\u00e1 no P\u00e1teo do Col\u00e9gio, a partir das 14h, encerrando com missa presidida por Dom Odilo Scherer, cardeal arcebispo de S\u00e3o Paulo<\/p>\n","protected":false},"author":5,"featured_media":0,"comment_status":"open","ping_status":"open","sticky":false,"template":"","format":"standard","meta":{"ngg_post_thumbnail":0,"footnotes":""},"categories":[476,8],"tags":[3213,2583,708,298,71,11,2584],"yoast_head":"<!-- This site is optimized with the Yoast SEO plugin v23.5 - https:\/\/yoast.com\/wordpress\/plugins\/seo\/ -->\n<title>Regi\u00e3o Bel\u00e9m far\u00e1 peregrina\u00e7\u00e3o \u00e0 Catedral da S\u00e9 dia 1\u00ba\/9 - O Arcanjo no ar<\/title>\n<meta name=\"robots\" content=\"index, follow, max-snippet:-1, max-image-preview:large, max-video-preview:-1\" \/>\n<link rel=\"canonical\" href=\"https:\/\/www.oarcanjo.net\/site\/regiao-belem-fara-peregrinacao-a-catedral-da-se-dia-1-9\/\" \/>\n<meta property=\"og:locale\" content=\"pt_BR\" \/>\n<meta property=\"og:type\" content=\"article\" \/>\n<meta property=\"og:title\" content=\"Regi\u00e3o Bel\u00e9m far\u00e1 peregrina\u00e7\u00e3o \u00e0 Catedral da S\u00e9 dia 1\u00ba\/9 - O Arcanjo no ar\" \/>\n<meta property=\"og:description\" content=\"Como parte das comemora\u00e7\u00f5es do Ano da F\u00e9, a Regi\u00e3o Bel\u00e9m far\u00e1 peregrina\u00e7\u00e3o \u00e0 Catedral da S\u00e9 dia 1\u00ba de setembro. A concentra\u00e7\u00e3o ser\u00e1 no P\u00e1teo do Col\u00e9gio, a partir das 14h, encerrando com missa presidida por Dom Odilo Scherer, cardeal arcebispo de S\u00e3o Paulo\" \/>\n<meta property=\"og:url\" content=\"https:\/\/www.oarcanjo.net\/site\/regiao-belem-fara-peregrinacao-a-catedral-da-se-dia-1-9\/\" \/>\n<meta property=\"og:site_name\" content=\"O Arcanjo no ar\" \/>\n<meta property=\"article:publisher\" content=\"https:\/\/www.facebook.com\/OArcanjoNoAr\/\" \/>\n<meta property=\"article:published_time\" content=\"2013-08-19T14:41:48+00:00\" \/>\n<meta property=\"article:modified_time\" content=\"2013-08-20T14:48:37+00:00\" \/>\n<meta property=\"og:image\" content=\"https:\/\/www.oarcanjo.net\/site\/wp-content\/uploads\/logo-o-arcanjo-no-ar-facebook.png\" \/>\n\t<meta property=\"og:image:width\" content=\"300\" \/>\n\t<meta property=\"og:image:height\" content=\"300\" \/>\n\t<meta property=\"og:image:type\" content=\"image\/png\" \/>\n<meta name=\"author\" content=\"editor\" \/>\n<meta name=\"twitter:card\" content=\"summary_large_image\" \/>\n<meta name=\"twitter:label1\" content=\"Escrito por\" \/>\n\t<meta name=\"twitter:data1\" content=\"editor\" \/>\n<script type=\"application\/ld+json\" class=\"yoast-schema-graph\">{\"@context\":\"https:\/\/schema.org\",\"@graph\":[{\"@type\":\"Article\",\"@id\":\"https:\/\/www.oarcanjo.net\/site\/regiao-belem-fara-peregrinacao-a-catedral-da-se-dia-1-9\/#article\",\"isPartOf\":{\"@id\":\"https:\/\/www.oarcanjo.net\/site\/regiao-belem-fara-peregrinacao-a-catedral-da-se-dia-1-9\/\"},\"author\":{\"name\":\"editor\",\"@id\":\"https:\/\/www.oarcanjo.net\/site\/#\/schema\/person\/f7024d007863202483a31326673a0838\"},\"headline\":\"Regi\u00e3o Bel\u00e9m far\u00e1 peregrina\u00e7\u00e3o \u00e0 Catedral da S\u00e9 dia 1\u00ba\/9\",\"datePublished\":\"2013-08-19T14:41:48+00:00\",\"dateModified\":\"2013-08-20T14:48:37+00:00\",\"mainEntityOfPage\":{\"@id\":\"https:\/\/www.oarcanjo.net\/site\/regiao-belem-fara-peregrinacao-a-catedral-da-se-dia-1-9\/\"},\"wordCount\":83,\"commentCount\":0,\"publisher\":{\"@id\":\"https:\/\/www.oarcanjo.net\/site\/#organization\"},\"keywords\":[\"Ano da F\u00e9\",\"conselho participativo\",\"participa\u00e7\u00e3o popular\",\"peregrina\u00e7\u00e3o\",\"pol\u00edtica\",\"S\u00e3o Paulo\",\"subprefeitura\"],\"articleSection\":[\"Avisos\",\"Not\u00edcias\"],\"inLanguage\":\"pt-BR\",\"potentialAction\":[{\"@type\":\"CommentAction\",\"name\":\"Comment\",\"target\":[\"https:\/\/www.oarcanjo.net\/site\/regiao-belem-fara-peregrinacao-a-catedral-da-se-dia-1-9\/#respond\"]}]},{\"@type\":\"WebPage\",\"@id\":\"https:\/\/www.oarcanjo.net\/site\/regiao-belem-fara-peregrinacao-a-catedral-da-se-dia-1-9\/\",\"url\":\"https:\/\/www.oarcanjo.net\/site\/regiao-belem-fara-peregrinacao-a-catedral-da-se-dia-1-9\/\",\"name\":\"Regi\u00e3o Bel\u00e9m far\u00e1 peregrina\u00e7\u00e3o \u00e0 Catedral da S\u00e9 dia 1\u00ba\/9 - O Arcanjo no ar\",\"isPartOf\":{\"@id\":\"https:\/\/www.oarcanjo.net\/site\/#website\"},\"datePublished\":\"2013-08-19T14:41:48+00:00\",\"dateModified\":\"2013-08-20T14:48:37+00:00\",\"breadcrumb\":{\"@id\":\"https:\/\/www.oarcanjo.net\/site\/regiao-belem-fara-peregrinacao-a-catedral-da-se-dia-1-9\/#breadcrumb\"},\"inLanguage\":\"pt-BR\",\"potentialAction\":[{\"@type\":\"ReadAction\",\"target\":[\"https:\/\/www.oarcanjo.net\/site\/regiao-belem-fara-peregrinacao-a-catedral-da-se-dia-1-9\/\"]}]},{\"@type\":\"BreadcrumbList\",\"@id\":\"https:\/\/www.oarcanjo.net\/site\/regiao-belem-fara-peregrinacao-a-catedral-da-se-dia-1-9\/#breadcrumb\",\"itemListElement\":[{\"@type\":\"ListItem\",\"position\":1,\"name\":\"In\u00edcio\",\"item\":\"https:\/\/www.oarcanjo.net\/site\/\"},{\"@type\":\"ListItem\",\"position\":2,\"name\":\"Regi\u00e3o Bel\u00e9m far\u00e1 peregrina\u00e7\u00e3o \u00e0 Catedral da S\u00e9 dia 1\u00ba\/9\"}]},{\"@type\":\"WebSite\",\"@id\":\"https:\/\/www.oarcanjo.net\/site\/#website\",\"url\":\"https:\/\/www.oarcanjo.net\/site\/\",\"name\":\"O Arcanjo no ar\",\"description\":\"Site da Par\u00f3quia S\u00e3o Miguel Arcanjo (Arquidiocese de SP)\",\"publisher\":{\"@id\":\"https:\/\/www.oarcanjo.net\/site\/#organization\"},\"potentialAction\":[{\"@type\":\"SearchAction\",\"target\":{\"@type\":\"EntryPoint\",\"urlTemplate\":\"https:\/\/www.oarcanjo.net\/site\/?s={search_term_string}\"},\"query-input\":{\"@type\":\"PropertyValueSpecification\",\"valueRequired\":true,\"valueName\":\"search_term_string\"}}],\"inLanguage\":\"pt-BR\"},{\"@type\":\"Organization\",\"@id\":\"https:\/\/www.oarcanjo.net\/site\/#organization\",\"name\":\"Par\u00f3quia S\u00e3o Miguel Arcanjo\",\"url\":\"https:\/\/www.oarcanjo.net\/site\/\",\"logo\":{\"@type\":\"ImageObject\",\"inLanguage\":\"pt-BR\",\"@id\":\"https:\/\/www.oarcanjo.net\/site\/#\/schema\/logo\/image\/\",\"url\":\"https:\/\/www.oarcanjo.net\/site\/wp-content\/uploads\/LogoOArcanjo.png\",\"contentUrl\":\"https:\/\/www.oarcanjo.net\/site\/wp-content\/uploads\/LogoOArcanjo.png\",\"width\":319,\"height\":99,\"caption\":\"Par\u00f3quia S\u00e3o Miguel Arcanjo\"},\"image\":{\"@id\":\"https:\/\/www.oarcanjo.net\/site\/#\/schema\/logo\/image\/\"},\"sameAs\":[\"https:\/\/www.facebook.com\/OArcanjoNoAr\/\"]},{\"@type\":\"Person\",\"@id\":\"https:\/\/www.oarcanjo.net\/site\/#\/schema\/person\/f7024d007863202483a31326673a0838\",\"name\":\"editor\",\"sameAs\":[\"http:\/\/www.oarcanjo.net\"]}]}<\/script>\n<!-- \/ Yoast SEO plugin. -->","yoast_head_json":{"title":"Regi\u00e3o Bel\u00e9m far\u00e1 peregrina\u00e7\u00e3o \u00e0 Catedral da S\u00e9 dia 1\u00ba\/9 - O Arcanjo no ar","robots":{"index":"index","follow":"follow","max-snippet":"max-snippet:-1","max-image-preview":"max-image-preview:large","max-video-preview":"max-video-preview:-1"},"canonical":"https:\/\/www.oarcanjo.net\/site\/regiao-belem-fara-peregrinacao-a-catedral-da-se-dia-1-9\/","og_locale":"pt_BR","og_type":"article","og_title":"Regi\u00e3o Bel\u00e9m far\u00e1 peregrina\u00e7\u00e3o \u00e0 Catedral da S\u00e9 dia 1\u00ba\/9 - O Arcanjo no ar","og_description":"Como parte das comemora\u00e7\u00f5es do Ano da F\u00e9, a Regi\u00e3o Bel\u00e9m far\u00e1 peregrina\u00e7\u00e3o \u00e0 Catedral da S\u00e9 dia 1\u00ba de setembro. A concentra\u00e7\u00e3o ser\u00e1 no P\u00e1teo do Col\u00e9gio, a partir das 14h, encerrando com missa presidida por Dom Odilo Scherer, cardeal arcebispo de S\u00e3o Paulo","og_url":"https:\/\/www.oarcanjo.net\/site\/regiao-belem-fara-peregrinacao-a-catedral-da-se-dia-1-9\/","og_site_name":"O Arcanjo no ar","article_publisher":"https:\/\/www.facebook.com\/OArcanjoNoAr\/","article_published_time":"2013-08-19T14:41:48+00:00","article_modified_time":"2013-08-20T14:48:37+00:00","og_image":[{"width":300,"height":300,"url":"https:\/\/www.oarcanjo.net\/site\/wp-content\/uploads\/logo-o-arcanjo-no-ar-facebook.png","type":"image\/png"}],"author":"editor","twitter_card":"summary_large_image","twitter_misc":{"Escrito por":"editor"},"schema":{"@context":"https:\/\/schema.org","@graph":[{"@type":"Article","@id":"https:\/\/www.oarcanjo.net\/site\/regiao-belem-fara-peregrinacao-a-catedral-da-se-dia-1-9\/#article","isPartOf":{"@id":"https:\/\/www.oarcanjo.net\/site\/regiao-belem-fara-peregrinacao-a-catedral-da-se-dia-1-9\/"},"author":{"name":"editor","@id":"https:\/\/www.oarcanjo.net\/site\/#\/schema\/person\/f7024d007863202483a31326673a0838"},"headline":"Regi\u00e3o Bel\u00e9m far\u00e1 peregrina\u00e7\u00e3o \u00e0 Catedral da S\u00e9 dia 1\u00ba\/9","datePublished":"2013-08-19T14:41:48+00:00","dateModified":"2013-08-20T14:48:37+00:00","mainEntityOfPage":{"@id":"https:\/\/www.oarcanjo.net\/site\/regiao-belem-fara-peregrinacao-a-catedral-da-se-dia-1-9\/"},"wordCount":83,"commentCount":0,"publisher":{"@id":"https:\/\/www.oarcanjo.net\/site\/#organization"},"keywords":["Ano da F\u00e9","conselho participativo","participa\u00e7\u00e3o popular","peregrina\u00e7\u00e3o","pol\u00edtica","S\u00e3o Paulo","subprefeitura"],"articleSection":["Avisos","Not\u00edcias"],"inLanguage":"pt-BR","potentialAction":[{"@type":"CommentAction","name":"Comment","target":["https:\/\/www.oarcanjo.net\/site\/regiao-belem-fara-peregrinacao-a-catedral-da-se-dia-1-9\/#respond"]}]},{"@type":"WebPage","@id":"https:\/\/www.oarcanjo.net\/site\/regiao-belem-fara-peregrinacao-a-catedral-da-se-dia-1-9\/","url":"https:\/\/www.oarcanjo.net\/site\/regiao-belem-fara-peregrinacao-a-catedral-da-se-dia-1-9\/","name":"Regi\u00e3o Bel\u00e9m far\u00e1 peregrina\u00e7\u00e3o \u00e0 Catedral da S\u00e9 dia 1\u00ba\/9 - O Arcanjo no ar","isPartOf":{"@id":"https:\/\/www.oarcanjo.net\/site\/#website"},"datePublished":"2013-08-19T14:41:48+00:00","dateModified":"2013-08-20T14:48:37+00:00","breadcrumb":{"@id":"https:\/\/www.oarcanjo.net\/site\/regiao-belem-fara-peregrinacao-a-catedral-da-se-dia-1-9\/#breadcrumb"},"inLanguage":"pt-BR","potentialAction":[{"@type":"ReadAction","target":["https:\/\/www.oarcanjo.net\/site\/regiao-belem-fara-peregrinacao-a-catedral-da-se-dia-1-9\/"]}]},{"@type":"BreadcrumbList","@id":"https:\/\/www.oarcanjo.net\/site\/regiao-belem-fara-peregrinacao-a-catedral-da-se-dia-1-9\/#breadcrumb","itemListElement":[{"@type":"ListItem","position":1,"name":"In\u00edcio","item":"https:\/\/www.oarcanjo.net\/site\/"},{"@type":"ListItem","position":2,"name":"Regi\u00e3o Bel\u00e9m far\u00e1 peregrina\u00e7\u00e3o \u00e0 Catedral da S\u00e9 dia 1\u00ba\/9"}]},{"@type":"WebSite","@id":"https:\/\/www.oarcanjo.net\/site\/#website","url":"https:\/\/www.oarcanjo.net\/site\/","name":"O Arcanjo no ar","description":"Site da Par\u00f3quia S\u00e3o Miguel Arcanjo (Arquidiocese de SP)","publisher":{"@id":"https:\/\/www.oarcanjo.net\/site\/#organization"},"potentialAction":[{"@type":"SearchAction","target":{"@type":"EntryPoint","urlTemplate":"https:\/\/www.oarcanjo.net\/site\/?s={search_term_string}"},"query-input":{"@type":"PropertyValueSpecification","valueRequired":true,"valueName":"search_term_string"}}],"inLanguage":"pt-BR"},{"@type":"Organization","@id":"https:\/\/www.oarcanjo.net\/site\/#organization","name":"Par\u00f3quia S\u00e3o Miguel Arcanjo","url":"https:\/\/www.oarcanjo.net\/site\/","logo":{"@type":"ImageObject","inLanguage":"pt-BR","@id":"https:\/\/www.oarcanjo.net\/site\/#\/schema\/logo\/image\/","url":"https:\/\/www.oarcanjo.net\/site\/wp-content\/uploads\/LogoOArcanjo.png","contentUrl":"https:\/\/www.oarcanjo.net\/site\/wp-content\/uploads\/LogoOArcanjo.png","width":319,"height":99,"caption":"Par\u00f3quia S\u00e3o Miguel Arcanjo"},"image":{"@id":"https:\/\/www.oarcanjo.net\/site\/#\/schema\/logo\/image\/"},"sameAs":["https:\/\/www.facebook.com\/OArcanjoNoAr\/"]},{"@type":"Person","@id":"https:\/\/www.oarcanjo.net\/site\/#\/schema\/person\/f7024d007863202483a31326673a0838","name":"editor","sameAs":["http:\/\/www.oarcanjo.net"]}]}},"publishpress_future_action":{"enabled":false,"date":"2026-05-09 01:25:14","action":"category","newStatus":"draft","terms":[],"taxonomy":"category"},"publishpress_future_workflow_manual_trigger":{"enabledWorkflows":[]},"_links":{"self":[{"href":"https:\/\/www.oarcanjo.net\/site\/wp-json\/wp\/v2\/posts\/22732"}],"collection":[{"href":"https:\/\/www.oarcanjo.net\/site\/wp-json\/wp\/v2\/posts"}],"about":[{"href":"https:\/\/www.oarcanjo.net\/site\/wp-json\/wp\/v2\/types\/post"}],"author":[{"embeddable":true,"href":"https:\/\/www.oarcanjo.net\/site\/wp-json\/wp\/v2\/users\/5"}],"replies":[{"embeddable":true,"href":"https:\/\/www.oarcanjo.net\/site\/wp-json\/wp\/v2\/comments?post=22732"}],"version-history":[{"count":0,"href":"https:\/\/www.oarcanjo.net\/site\/wp-json\/wp\/v2\/posts\/22732\/revisions"}],"wp:attachment":[{"href":"https:\/\/www.oarcanjo.net\/site\/wp-json\/wp\/v2\/media?parent=22732"}],"wp:term":[{"taxonomy":"category","embeddable":true,"href":"https:\/\/www.oarcanjo.net\/site\/wp-json\/wp\/v2\/categories?post=22732"},{"taxonomy":"post_tag","embeddable":true,"href":"https:\/\/www.oarcanjo.net\/site\/wp-json\/wp\/v2\/tags?post=22732"}],"curies":[{"name":"wp","href":"https:\/\/api.w.org\/{rel}","templated":true}]}}