
{"id":22736,"date":"2013-08-21T18:44:47","date_gmt":"2013-08-21T21:44:47","guid":{"rendered":"http:\/\/www.oarcanjo.net\/site\/?p=22736"},"modified":"2013-08-21T18:45:48","modified_gmt":"2013-08-21T21:45:48","slug":"tortura-nao-surpreende-pastoral-do-menor","status":"publish","type":"post","link":"https:\/\/www.oarcanjo.net\/site\/tortura-nao-surpreende-pastoral-do-menor\/","title":{"rendered":"Tortura n\u00e3o surpreende Pastoral do Menor"},"content":{"rendered":"<p>No domingo, 18, ao assistir ao programa \u201cFant\u00e1stico\u201d, da TV Globo, muitos brasileiros ficaram chocados diante das imagens exibidas em uma reportagem. A mat\u00e9ria relatava um espancamento sofrido por adolescentes infratores, internos na Funda\u00e7\u00e3o Casa, do Complexo da Vila Maria, unidade Jo\u00e3o do Pulo.<\/p>\n<p>Para tratar desse assunto, a coordenadora da Pastoral do Menor, Sueli Camargo, se encontrou com o bispo auxiliar da Arquidiocese e respons\u00e1vel pela coordena\u00e7\u00e3o da Caridade Justi\u00e7a e Paz, dom Milton Kenan J\u00fanior, na segunda-feira, 19, em uma reuni\u00e3o na qual participou o bispo em\u00e9rito da Diocese de Jacarezinho, dom Fernando Jos\u00e9 Penteado, representante do Centro de Defesa dos Direitos da Crian\u00e7a e do Adolescente (CEDECA), e Ivan Bezerra dos Santos, da Pastoral do Menor.<\/p>\n<p>Na ocasi\u00e3o, o bispo auxiliar da Arquidiocese escreveu uma nota \u2013 a \u00edntegra pode ser lida no box a baixo \u2013 na qual destaca que, ao longo destes anos de exist\u00eancia, n\u00e3o s\u00e3o poucas as den\u00fancias de maus-tratos contra a Funda\u00e7\u00e3o e seus agentes. Sueli Camargo apresentou para os bispos uma s\u00e9rie de documentos que foram protocolados junto \u00e0 Funda\u00e7\u00e3o Casa, com den\u00fancias de viol\u00eancia contra os adolescentes.<\/p>\n<p>Na nota, o Bispo escreve, ainda, que \u201cnum momento em que toda a Igreja volta sua aten\u00e7\u00e3o para a juventude, \u00e9 lament\u00e1vel que fatos como esses, que ocorreram nesta semana aconte\u00e7am\u201d.<\/p>\n<p>Durante a reuni\u00e3o, a coordenadora da Pastoral do Menor afirmou que \u201ca Pastoral tem h\u00e1 muito tempo denunciado os maus-tratos\u201d e que a diretora da Funda\u00e7\u00e3o Casa, Berenice Giannella tem conhecimento dos abusos e viola\u00e7\u00f5es de direitos que acontecem na Funda\u00e7\u00e3o, diferentemente do que afirmou para a TV Globo.<\/p>\n<p>\u201cN\u00e3o podemos nos calar\u201d, afirmou Sueli, que dias atr\u00e1s realizou uma visita ao Departamento de Execu\u00e7\u00f5es da Inf\u00e2ncia e Juventude (DEIJ), localizado no Br\u00e1s, centro da capital. Para ela, ali j\u00e1 se d\u00e1 in\u00edcio uma situa\u00e7\u00e3o de descaso e humilha\u00e7\u00e3o na qual ficam expostos fam\u00edlias e adolescentes, caracterizando total desrespeito a esta popula\u00e7\u00e3o.<\/p>\n<p>O grupo levantou propostas para que o trabalho realizado na Funda\u00e7\u00e3o possa ser acompanhado e monitorado mais de perto, tanto pelo Minist\u00e9rio P\u00fablico, quanto pela sociedade civil. E um dos acompanhamentos, de acordo com a equipe, foi a desvincula\u00e7\u00e3o da Ouvidoria da Funda\u00e7\u00e3o Casa da dire\u00e7\u00e3o da entidade, gerando assim um grupo mais aut\u00f4nomo para realizar investiga\u00e7\u00f5es diante das den\u00fancias apresentadas.<\/p>\n<p>As imagens, no entanto, apesar de cru\u00e9is, n\u00e3o s\u00e3o surpresa para a equipe da Pastoral do Menor da Arquidiocese de S\u00e3o Paulo, que h\u00e1 muito tempo tem denunciado as agress\u00f5es gratuitas que muitos internos t\u00eam sofrido na Funda\u00e7\u00e3o Casa.  As den\u00fancias chegam de diversas fontes: an\u00f4nimas; fam\u00edlias de internos e at\u00e9 de funcion\u00e1rios da Funda\u00e7\u00e3o Casa.<\/p>\n<p>O jornal O S\u00c3O PAULO, trabalhando ao lado da Pastoral do Menor, apresentou diversas reportagens contendo den\u00fancias de abusos e maus-tratos. Numa delas, \u201cPastoral defende reeducandos  em SP\u201d (edi\u00e7\u00e3o 2891, de mar\u00e7o de 2012), foram apresentados relat\u00f3rios, com fotos de jovens agredidos, por um grupo de monitoramento que acompanha os trabalhos na Funda\u00e7\u00e3o.<\/p>\n<p>Em mat\u00e9ria mais recente, julho deste ano (edi\u00e7\u00e3o 2960), foram apresentadas den\u00fancias feitas por duas m\u00e3es de internos do Complexo Raposo Tavares, unidade Yp\u00ea. De acordo com as m\u00e3es, os jovens foram agredidos e, diariamente, s\u00e3o amea\u00e7ados e provocados a \u201cvirar a casa\u201d \u2013 termo usado para designar rebeli\u00f5es \u2013, pois, dessa forma, as agress\u00f5es no momento de retomada da unidade, pela Tropa de Choque, se justificariam.<\/p>\n<p>&nbsp;<\/p>\n<h2><strong>Leia a \u00edntegra da nota de dom Milton Kenan Junior <\/strong><\/h2>\n<p style=\"padding-left: 30px;\">S\u00e3o Paulo, 19 de agosto de 2013.<\/p>\n<p style=\"padding-left: 30px;\">A todos os homens e mulheres de boa vontade da cidade de S\u00e3o Paulo<\/p>\n<p style=\"padding-left: 30px;\">As imagens apresentadas, neste fim de semana, em n\u00edvel nacional, pela Rede Globo, com cenas de espancamento de adolescentes na Unidade \u201cJo\u00e3o do Pulo\u201d, do Complexo Vila Maria, da Funda\u00e7\u00e3o Casa, na cidade de S\u00e3o Paulo, causaram-<br \/>\nnos perplexidade.<\/p>\n<p style=\"padding-left: 30px;\">Tais pr\u00e1ticas fazem-nos relembrar os per\u00edodos sombrios da hist\u00f3ria da nossa Na\u00e7\u00e3o, quando a viola\u00e7\u00e3o dos direitos humanos e o recurso \u00e0 tortura foram utilizados como instrumento de puni\u00e7\u00e3o e intimida\u00e7\u00e3o.<\/p>\n<p style=\"padding-left: 30px;\">\u00c9 importante ressaltar que, nestes \u00faltimos anos, n\u00e3o foram poucas as den\u00fancias de maus-tratos, espancamento e amea\u00e7as aos adolescentes em algumas unidades da Funda\u00e7\u00e3o Casa, cujos protocolos na pr\u00f3pria Funda\u00e7\u00e3o Casa, no Minist\u00e9rio P\u00fablico, no DEIJ comprovam os fatos.<\/p>\n<p style=\"padding-left: 30px;\">N\u00e3o podemos negar que, ap\u00f3s a publica\u00e7\u00e3o do Estatuto da Crian\u00e7a e do Adolescente (ECA), houve consider\u00e1vel evolu\u00e7\u00e3o no tratamento dispensado \u00e0 crian\u00e7a e ao adolescente. Entretanto, no que diz respeito ao adolescente em conflito com a Lei, h\u00e1 ainda um longo caminho a ser percorrido.<\/p>\n<p style=\"padding-left: 30px;\">Diante desses fatos, \u00e9 nossa esperan\u00e7a de que aqueles que adotam tais pr\u00e1ticas sejam punidos com o rigor da Lei.<\/p>\n<p style=\"padding-left: 30px;\">Um fator que deve ser considerado com particular aten\u00e7\u00e3o \u00e9 o da superlota\u00e7\u00e3o das unidades da Funda\u00e7\u00e3o Casa, que as torna inadequadas para acolher e atender todos os internados. N\u00e3o seria oportuno propor a qualifica\u00e7\u00e3o das medidas socioeducativas em meio aberto?<\/p>\n<p style=\"padding-left: 30px;\">Al\u00e9m das medidas preventivas, sugerimos a implanta\u00e7\u00e3o de monitoramento atrav\u00e9s de c\u00e2meras em todas as unidades, devendo ser supervisionadas pelo Minist\u00e9rio P\u00fablico, objetivando a garantia dos direitos dos funcion\u00e1rios e adolescentes em conflito com a Lei.<\/p>\n<p style=\"padding-left: 30px;\">Seria tamb\u00e9m oportuno desvincular a Ouvidoria da Funda\u00e7\u00e3o Casa, que j\u00e1 existe, da pr\u00f3pria Institui\u00e7\u00e3o, permitindo o acompanhamento da sociedade civil e mais transpar\u00eancia dos atos ali investigados.<\/p>\n<p style=\"padding-left: 30px;\">Num momento em que toda a Igreja volta sua aten\u00e7\u00e3o para a juventude, \u00e9 lament\u00e1vel que fatos como esses que ocorreram nesta semana aconte\u00e7am.<\/p>\n<p style=\"padding-left: 30px;\">Prevenir, amparar, educar s\u00e3o atitudes que garantem aos adolescentes e aos jovens um futuro melhor! A esperan\u00e7a n\u00e3o nos permite desistir! Anunciamos Jesus Cristo e denunciamos a intoler\u00e2ncia e as injusti\u00e7as, porque acreditamos que somente n\u2019Ele e a partir d\u2019Ele (Cristo) \u00e9 poss\u00edvel uma cultura de paz. Como S\u00e3o Francisco de Assis, rezamos: \u201cSenhor, fazei-nos instrumentos de vossa paz! Onde houver \u00f3dio, que eu leve o amor; onde houver ofensa que eu leve o perd\u00e3o&#8230;\u201d<\/p>\n<p style=\"padding-left: 30px;\">Uma Na\u00e7\u00e3o que n\u00e3o cuida dos seus jovens est\u00e1 fadada a desaparecer.<\/p>\n<p style=\"padding-left: 30px;\"><em>Dom Milton Kenan J\u00fanior<\/em><br \/>\n<em> Bispo respons\u00e1vel pela Coordena\u00e7\u00e3o da Caridade,<\/em><br \/>\n<em> Justi\u00e7a e Paz da Arquidiocese de S\u00e3o Paulo<\/em><\/p>\n<p><em>Fonte: O S\u00e3o Paulo<br \/>\n<\/em><\/p>\n<div id=\"themify_builder_content-22736\" data-postid=\"22736\" class=\"themify_builder_content themify_builder_content-22736 themify_builder themify_builder_front\">\n\t<\/div>\n<!-- \/themify_builder_content -->","protected":false},"excerpt":{"rendered":"<p>No domingo, 18, ao assistir ao programa \u201cFant\u00e1stico\u201d, da TV Globo, muitos brasileiros ficaram chocados diante das imagens exibidas em uma reportagem. A mat\u00e9ria relatava um espancamento sofrido por adolescentes infratores, internos na Funda\u00e7\u00e3o Casa, do Complexo da Vila Maria, unidade Jo\u00e3o do Pulo. Para tratar desse assunto, a coordenadora da Pastoral do Menor, Sueli [&hellip;]<\/p>\n","protected":false},"author":5,"featured_media":0,"comment_status":"open","ping_status":"open","sticky":false,"template":"","format":"standard","meta":{"ngg_post_thumbnail":0,"footnotes":""},"categories":[8],"tags":[2500,911,910,1757,262,738],"yoast_head":"<!-- This site is optimized with the Yoast SEO plugin v23.5 - https:\/\/yoast.com\/wordpress\/plugins\/seo\/ -->\n<title>Tortura n\u00e3o surpreende Pastoral do Menor - O Arcanjo no ar<\/title>\n<meta name=\"robots\" content=\"index, follow, max-snippet:-1, max-image-preview:large, max-video-preview:-1\" \/>\n<link rel=\"canonical\" href=\"https:\/\/www.oarcanjo.net\/site\/tortura-nao-surpreende-pastoral-do-menor\/\" \/>\n<meta property=\"og:locale\" content=\"pt_BR\" \/>\n<meta property=\"og:type\" content=\"article\" \/>\n<meta property=\"og:title\" content=\"Tortura n\u00e3o surpreende Pastoral do Menor - O Arcanjo no ar\" \/>\n<meta property=\"og:description\" content=\"No domingo, 18, ao assistir ao programa \u201cFant\u00e1stico\u201d, da TV Globo, muitos brasileiros ficaram chocados diante das imagens exibidas em uma reportagem. A mat\u00e9ria relatava um espancamento sofrido por adolescentes infratores, internos na Funda\u00e7\u00e3o Casa, do Complexo da Vila Maria, unidade Jo\u00e3o do Pulo. Para tratar desse assunto, a coordenadora da Pastoral do Menor, Sueli [&hellip;]\" \/>\n<meta property=\"og:url\" content=\"https:\/\/www.oarcanjo.net\/site\/tortura-nao-surpreende-pastoral-do-menor\/\" \/>\n<meta property=\"og:site_name\" content=\"O Arcanjo no ar\" \/>\n<meta property=\"article:publisher\" content=\"https:\/\/www.facebook.com\/OArcanjoNoAr\/\" \/>\n<meta property=\"article:published_time\" content=\"2013-08-21T21:44:47+00:00\" \/>\n<meta property=\"article:modified_time\" content=\"2013-08-21T21:45:48+00:00\" \/>\n<meta property=\"og:image\" content=\"https:\/\/www.oarcanjo.net\/site\/wp-content\/uploads\/logo-o-arcanjo-no-ar-facebook.png\" \/>\n\t<meta property=\"og:image:width\" content=\"300\" \/>\n\t<meta property=\"og:image:height\" content=\"300\" \/>\n\t<meta property=\"og:image:type\" content=\"image\/png\" \/>\n<meta name=\"author\" content=\"editor\" \/>\n<meta name=\"twitter:card\" content=\"summary_large_image\" \/>\n<meta name=\"twitter:label1\" content=\"Escrito por\" \/>\n\t<meta name=\"twitter:data1\" content=\"editor\" \/>\n\t<meta name=\"twitter:label2\" content=\"Est. tempo de leitura\" \/>\n\t<meta name=\"twitter:data2\" content=\"6 minutos\" \/>\n<script type=\"application\/ld+json\" class=\"yoast-schema-graph\">{\"@context\":\"https:\/\/schema.org\",\"@graph\":[{\"@type\":\"Article\",\"@id\":\"https:\/\/www.oarcanjo.net\/site\/tortura-nao-surpreende-pastoral-do-menor\/#article\",\"isPartOf\":{\"@id\":\"https:\/\/www.oarcanjo.net\/site\/tortura-nao-surpreende-pastoral-do-menor\/\"},\"author\":{\"name\":\"editor\",\"@id\":\"https:\/\/www.oarcanjo.net\/site\/#\/schema\/person\/f7024d007863202483a31326673a0838\"},\"headline\":\"Tortura n\u00e3o surpreende Pastoral do Menor\",\"datePublished\":\"2013-08-21T21:44:47+00:00\",\"dateModified\":\"2013-08-21T21:45:48+00:00\",\"mainEntityOfPage\":{\"@id\":\"https:\/\/www.oarcanjo.net\/site\/tortura-nao-surpreende-pastoral-do-menor\/\"},\"wordCount\":1131,\"commentCount\":0,\"publisher\":{\"@id\":\"https:\/\/www.oarcanjo.net\/site\/#organization\"},\"keywords\":[\"Dom Milton Kenan J\u00fanior\",\"ECA\",\"Estatuto da Crian\u00e7a e do Adolescente\",\"Funda\u00e7\u00e3o Casa\",\"Pastoral do Menor\",\"tortura\"],\"articleSection\":[\"Not\u00edcias\"],\"inLanguage\":\"pt-BR\",\"potentialAction\":[{\"@type\":\"CommentAction\",\"name\":\"Comment\",\"target\":[\"https:\/\/www.oarcanjo.net\/site\/tortura-nao-surpreende-pastoral-do-menor\/#respond\"]}]},{\"@type\":\"WebPage\",\"@id\":\"https:\/\/www.oarcanjo.net\/site\/tortura-nao-surpreende-pastoral-do-menor\/\",\"url\":\"https:\/\/www.oarcanjo.net\/site\/tortura-nao-surpreende-pastoral-do-menor\/\",\"name\":\"Tortura n\u00e3o surpreende Pastoral do Menor - O Arcanjo no ar\",\"isPartOf\":{\"@id\":\"https:\/\/www.oarcanjo.net\/site\/#website\"},\"datePublished\":\"2013-08-21T21:44:47+00:00\",\"dateModified\":\"2013-08-21T21:45:48+00:00\",\"breadcrumb\":{\"@id\":\"https:\/\/www.oarcanjo.net\/site\/tortura-nao-surpreende-pastoral-do-menor\/#breadcrumb\"},\"inLanguage\":\"pt-BR\",\"potentialAction\":[{\"@type\":\"ReadAction\",\"target\":[\"https:\/\/www.oarcanjo.net\/site\/tortura-nao-surpreende-pastoral-do-menor\/\"]}]},{\"@type\":\"BreadcrumbList\",\"@id\":\"https:\/\/www.oarcanjo.net\/site\/tortura-nao-surpreende-pastoral-do-menor\/#breadcrumb\",\"itemListElement\":[{\"@type\":\"ListItem\",\"position\":1,\"name\":\"In\u00edcio\",\"item\":\"https:\/\/www.oarcanjo.net\/site\/\"},{\"@type\":\"ListItem\",\"position\":2,\"name\":\"Tortura n\u00e3o surpreende Pastoral do Menor\"}]},{\"@type\":\"WebSite\",\"@id\":\"https:\/\/www.oarcanjo.net\/site\/#website\",\"url\":\"https:\/\/www.oarcanjo.net\/site\/\",\"name\":\"O Arcanjo no ar\",\"description\":\"Site da Par\u00f3quia S\u00e3o Miguel Arcanjo (Arquidiocese de SP)\",\"publisher\":{\"@id\":\"https:\/\/www.oarcanjo.net\/site\/#organization\"},\"potentialAction\":[{\"@type\":\"SearchAction\",\"target\":{\"@type\":\"EntryPoint\",\"urlTemplate\":\"https:\/\/www.oarcanjo.net\/site\/?s={search_term_string}\"},\"query-input\":{\"@type\":\"PropertyValueSpecification\",\"valueRequired\":true,\"valueName\":\"search_term_string\"}}],\"inLanguage\":\"pt-BR\"},{\"@type\":\"Organization\",\"@id\":\"https:\/\/www.oarcanjo.net\/site\/#organization\",\"name\":\"Par\u00f3quia S\u00e3o Miguel Arcanjo\",\"url\":\"https:\/\/www.oarcanjo.net\/site\/\",\"logo\":{\"@type\":\"ImageObject\",\"inLanguage\":\"pt-BR\",\"@id\":\"https:\/\/www.oarcanjo.net\/site\/#\/schema\/logo\/image\/\",\"url\":\"https:\/\/www.oarcanjo.net\/site\/wp-content\/uploads\/LogoOArcanjo.png\",\"contentUrl\":\"https:\/\/www.oarcanjo.net\/site\/wp-content\/uploads\/LogoOArcanjo.png\",\"width\":319,\"height\":99,\"caption\":\"Par\u00f3quia S\u00e3o Miguel Arcanjo\"},\"image\":{\"@id\":\"https:\/\/www.oarcanjo.net\/site\/#\/schema\/logo\/image\/\"},\"sameAs\":[\"https:\/\/www.facebook.com\/OArcanjoNoAr\/\"]},{\"@type\":\"Person\",\"@id\":\"https:\/\/www.oarcanjo.net\/site\/#\/schema\/person\/f7024d007863202483a31326673a0838\",\"name\":\"editor\",\"sameAs\":[\"http:\/\/www.oarcanjo.net\"]}]}<\/script>\n<!-- \/ Yoast SEO plugin. -->","yoast_head_json":{"title":"Tortura n\u00e3o surpreende Pastoral do Menor - O Arcanjo no ar","robots":{"index":"index","follow":"follow","max-snippet":"max-snippet:-1","max-image-preview":"max-image-preview:large","max-video-preview":"max-video-preview:-1"},"canonical":"https:\/\/www.oarcanjo.net\/site\/tortura-nao-surpreende-pastoral-do-menor\/","og_locale":"pt_BR","og_type":"article","og_title":"Tortura n\u00e3o surpreende Pastoral do Menor - O Arcanjo no ar","og_description":"No domingo, 18, ao assistir ao programa \u201cFant\u00e1stico\u201d, da TV Globo, muitos brasileiros ficaram chocados diante das imagens exibidas em uma reportagem. A mat\u00e9ria relatava um espancamento sofrido por adolescentes infratores, internos na Funda\u00e7\u00e3o Casa, do Complexo da Vila Maria, unidade Jo\u00e3o do Pulo. Para tratar desse assunto, a coordenadora da Pastoral do Menor, Sueli [&hellip;]","og_url":"https:\/\/www.oarcanjo.net\/site\/tortura-nao-surpreende-pastoral-do-menor\/","og_site_name":"O Arcanjo no ar","article_publisher":"https:\/\/www.facebook.com\/OArcanjoNoAr\/","article_published_time":"2013-08-21T21:44:47+00:00","article_modified_time":"2013-08-21T21:45:48+00:00","og_image":[{"width":300,"height":300,"url":"https:\/\/www.oarcanjo.net\/site\/wp-content\/uploads\/logo-o-arcanjo-no-ar-facebook.png","type":"image\/png"}],"author":"editor","twitter_card":"summary_large_image","twitter_misc":{"Escrito por":"editor","Est. tempo de leitura":"6 minutos"},"schema":{"@context":"https:\/\/schema.org","@graph":[{"@type":"Article","@id":"https:\/\/www.oarcanjo.net\/site\/tortura-nao-surpreende-pastoral-do-menor\/#article","isPartOf":{"@id":"https:\/\/www.oarcanjo.net\/site\/tortura-nao-surpreende-pastoral-do-menor\/"},"author":{"name":"editor","@id":"https:\/\/www.oarcanjo.net\/site\/#\/schema\/person\/f7024d007863202483a31326673a0838"},"headline":"Tortura n\u00e3o surpreende Pastoral do Menor","datePublished":"2013-08-21T21:44:47+00:00","dateModified":"2013-08-21T21:45:48+00:00","mainEntityOfPage":{"@id":"https:\/\/www.oarcanjo.net\/site\/tortura-nao-surpreende-pastoral-do-menor\/"},"wordCount":1131,"commentCount":0,"publisher":{"@id":"https:\/\/www.oarcanjo.net\/site\/#organization"},"keywords":["Dom Milton Kenan J\u00fanior","ECA","Estatuto da Crian\u00e7a e do Adolescente","Funda\u00e7\u00e3o Casa","Pastoral do Menor","tortura"],"articleSection":["Not\u00edcias"],"inLanguage":"pt-BR","potentialAction":[{"@type":"CommentAction","name":"Comment","target":["https:\/\/www.oarcanjo.net\/site\/tortura-nao-surpreende-pastoral-do-menor\/#respond"]}]},{"@type":"WebPage","@id":"https:\/\/www.oarcanjo.net\/site\/tortura-nao-surpreende-pastoral-do-menor\/","url":"https:\/\/www.oarcanjo.net\/site\/tortura-nao-surpreende-pastoral-do-menor\/","name":"Tortura n\u00e3o surpreende Pastoral do Menor - O Arcanjo no ar","isPartOf":{"@id":"https:\/\/www.oarcanjo.net\/site\/#website"},"datePublished":"2013-08-21T21:44:47+00:00","dateModified":"2013-08-21T21:45:48+00:00","breadcrumb":{"@id":"https:\/\/www.oarcanjo.net\/site\/tortura-nao-surpreende-pastoral-do-menor\/#breadcrumb"},"inLanguage":"pt-BR","potentialAction":[{"@type":"ReadAction","target":["https:\/\/www.oarcanjo.net\/site\/tortura-nao-surpreende-pastoral-do-menor\/"]}]},{"@type":"BreadcrumbList","@id":"https:\/\/www.oarcanjo.net\/site\/tortura-nao-surpreende-pastoral-do-menor\/#breadcrumb","itemListElement":[{"@type":"ListItem","position":1,"name":"In\u00edcio","item":"https:\/\/www.oarcanjo.net\/site\/"},{"@type":"ListItem","position":2,"name":"Tortura n\u00e3o surpreende Pastoral do Menor"}]},{"@type":"WebSite","@id":"https:\/\/www.oarcanjo.net\/site\/#website","url":"https:\/\/www.oarcanjo.net\/site\/","name":"O Arcanjo no ar","description":"Site da Par\u00f3quia S\u00e3o Miguel Arcanjo (Arquidiocese de SP)","publisher":{"@id":"https:\/\/www.oarcanjo.net\/site\/#organization"},"potentialAction":[{"@type":"SearchAction","target":{"@type":"EntryPoint","urlTemplate":"https:\/\/www.oarcanjo.net\/site\/?s={search_term_string}"},"query-input":{"@type":"PropertyValueSpecification","valueRequired":true,"valueName":"search_term_string"}}],"inLanguage":"pt-BR"},{"@type":"Organization","@id":"https:\/\/www.oarcanjo.net\/site\/#organization","name":"Par\u00f3quia S\u00e3o Miguel Arcanjo","url":"https:\/\/www.oarcanjo.net\/site\/","logo":{"@type":"ImageObject","inLanguage":"pt-BR","@id":"https:\/\/www.oarcanjo.net\/site\/#\/schema\/logo\/image\/","url":"https:\/\/www.oarcanjo.net\/site\/wp-content\/uploads\/LogoOArcanjo.png","contentUrl":"https:\/\/www.oarcanjo.net\/site\/wp-content\/uploads\/LogoOArcanjo.png","width":319,"height":99,"caption":"Par\u00f3quia S\u00e3o Miguel Arcanjo"},"image":{"@id":"https:\/\/www.oarcanjo.net\/site\/#\/schema\/logo\/image\/"},"sameAs":["https:\/\/www.facebook.com\/OArcanjoNoAr\/"]},{"@type":"Person","@id":"https:\/\/www.oarcanjo.net\/site\/#\/schema\/person\/f7024d007863202483a31326673a0838","name":"editor","sameAs":["http:\/\/www.oarcanjo.net"]}]}},"publishpress_future_action":{"enabled":false,"date":"2026-05-09 01:12:23","action":"category","newStatus":"draft","terms":[],"taxonomy":"category"},"publishpress_future_workflow_manual_trigger":{"enabledWorkflows":[]},"_links":{"self":[{"href":"https:\/\/www.oarcanjo.net\/site\/wp-json\/wp\/v2\/posts\/22736"}],"collection":[{"href":"https:\/\/www.oarcanjo.net\/site\/wp-json\/wp\/v2\/posts"}],"about":[{"href":"https:\/\/www.oarcanjo.net\/site\/wp-json\/wp\/v2\/types\/post"}],"author":[{"embeddable":true,"href":"https:\/\/www.oarcanjo.net\/site\/wp-json\/wp\/v2\/users\/5"}],"replies":[{"embeddable":true,"href":"https:\/\/www.oarcanjo.net\/site\/wp-json\/wp\/v2\/comments?post=22736"}],"version-history":[{"count":0,"href":"https:\/\/www.oarcanjo.net\/site\/wp-json\/wp\/v2\/posts\/22736\/revisions"}],"wp:attachment":[{"href":"https:\/\/www.oarcanjo.net\/site\/wp-json\/wp\/v2\/media?parent=22736"}],"wp:term":[{"taxonomy":"category","embeddable":true,"href":"https:\/\/www.oarcanjo.net\/site\/wp-json\/wp\/v2\/categories?post=22736"},{"taxonomy":"post_tag","embeddable":true,"href":"https:\/\/www.oarcanjo.net\/site\/wp-json\/wp\/v2\/tags?post=22736"}],"curies":[{"name":"wp","href":"https:\/\/api.w.org\/{rel}","templated":true}]}}