
{"id":22740,"date":"2013-08-22T11:30:54","date_gmt":"2013-08-22T14:30:54","guid":{"rendered":"http:\/\/www.oarcanjo.net\/site\/?p=22740"},"modified":"2013-09-20T12:04:35","modified_gmt":"2013-09-20T15:04:35","slug":"dom-milton-kenan-convoca-leigos-e-leigas-a-participarem-efetivamente-do-conselho-participativo-municipal","status":"publish","type":"post","link":"https:\/\/www.oarcanjo.net\/site\/dom-milton-kenan-convoca-leigos-e-leigas-a-participarem-efetivamente-do-conselho-participativo-municipal\/","title":{"rendered":"Dom Milton Kenan convoca leigos e leigas a participarem efetivamente do Conselho Participativo Municipal"},"content":{"rendered":"<p><em>Em carta enviada \u00e0s Par\u00f3quias, Dom Milton Kenan Junior, bispo auxiliar na Arquidiocese de S\u00e3o Paulo, respons\u00e1vel pela Regi\u00e3o Episcopal Brasil\u00e2ndia, diz que &#8220;A presen\u00e7a dos fi\u00e9is, leigos e leigas, nos Conselhos Participativos representar\u00e1 o exerc\u00edcio do servi\u00e7o solid\u00e1rio para a constru\u00e7\u00e3o de uma cidade justa e digna, capaz de gerar bem estar e felicidade para todos e todas que nela habitam.&#8221;<\/em><\/p>\n<p><strong>Clique <a title=\"Carta de Dom Milton Kenan Junior - Conselho Participativo Municipal\" href=\"http:\/\/www.regiaobelem.org.br\/wp-content\/uploads\/2013\/08\/Carta-Dom-Milton-Conselho-Participativo-Ago-2013.pdf\">aqui<\/a> para ler a <a title=\"Carta de Dom Milton Kenan Junior - Conselho Participativo Municipal\" href=\"http:\/\/www.regiaobelem.org.br\/wp-content\/uploads\/2013\/08\/Carta-Dom-Milton-Conselho-Participativo-Ago-2013.pdf\">carta de Dom Milton Kenan Junior<\/a><\/strong><\/p>\n<h2>Conselho Participativo Municipal ter\u00e1 elei\u00e7\u00f5es diretas em todas as subprefeituras<\/h2>\n<p>Dia 01 de agosto, pr\u00f3ximo passado, o prefeito Fernando Haddad assinou decreto regulamentando o funcionamento dos Conselhos Participativos.<\/p>\n<p>Em cada uma das 32 subprefeituras da cidade, ao lado dos subprefeitos, estar\u00e1 um grupo de cidad\u00e3os e cidad\u00e3s, eleitos diretamente  pelos mun\u00edcipes,  para tratar dos problemas e das a\u00e7\u00f5es a serem efetivadas no territ\u00f3rio da respectiva subprefeitura.<\/p>\n<p>A presen\u00e7a de representantes eleitos pela popula\u00e7\u00e3o junto aos subprefeitos \u00e9 resultado de uma longa luta de entidades que,  desde o ano 2000,  vem cobrando, dos sucessivos governos municipais e dos vereadores,   a import\u00e2ncia do controle exercido pela popula\u00e7\u00e3o sobre o trabalho que acontece nas subprefeituras.<\/p>\n<p>Cada uma  das subprefeituras da cidade de S\u00e3o Paulo \u00e9 muitas vezes maior, em n\u00famero de habitantes, do que muitos dos 644 munic\u00edpios do Estado. As subprefeituras s\u00e3o territ\u00f3rios complexos, a maioria delas com graves problemas de moradia, seguran\u00e7a, transporte e emprego, que trazem  imensos preju\u00edzos para a qualidade de vida da popula\u00e7\u00e3o.<\/p>\n<p>O governo dos territ\u00f3rios das subprefeituras n\u00e3o pode  ficar, exclusivamente, nas m\u00e3os dos  subprefeitos, muitas vezes sem conhecimento e viv\u00eancia dos problemas dos distritos que formam a subprefeitura.<\/p>\n<p>A popula\u00e7\u00e3o local e as entidades, igrejas, associa\u00e7\u00f5es de moradores  organizadas  no territ\u00f3rio precisam  dizer ao subprefeito quais as principais necessidades de cada distrito, precisam acompanhar as a\u00e7\u00f5es do subprefeito e fiscalizar sua atua\u00e7\u00e3o.<\/p>\n<p>Com esse controle e apoio dos Conselhos Participativos e com um  or\u00e7amento que permita atua\u00e7\u00e3o vigorosa,    os subprefeitos estar\u00e3o  fortalecidos em sua administra\u00e7\u00e3o e poder\u00e3o responder  aos mun\u00edcipes com a\u00e7\u00f5es significativas de melhora na qualidade de vida local.<\/p>\n<p>Junto com a popula\u00e7\u00e3o poder\u00e3o exigir a urgente e necess\u00e1ria descentraliza\u00e7\u00e3o das institui\u00e7\u00f5es  do governo municipal: \u00e9 preciso que as secretarias municipais se organizem para que, em cada subprefeitura  o mun\u00edcipe encontre  o atendimento de que necessita,  sem se deslocar para outras regi\u00f5es da cidade. O atendimento de sa\u00fade, educa\u00e7\u00e3o , lazer, emprego, variada documenta\u00e7\u00e3o, cultura devem ser realizados  nas subprefeituras.<\/p>\n<p>Nos s\u00e1bados,  24  e 31  de agosto, cada uma das subprefeituras promover\u00e1 audi\u00eancias p\u00fablicas para a composi\u00e7\u00e3o das  comiss\u00f5es eleitorais,  respons\u00e1veis por publicar o edital da elei\u00e7\u00e3o, receber a inscri\u00e7\u00e3o dos candidatos e organizar, as elei\u00e7\u00f5es para os Conselhos Participativos.<\/p>\n<p>Durante o m\u00eas de setembro, nas subprefeituras,  cada uma destas  Comiss\u00f5es Eleitorais receber\u00e1 as inscri\u00e7\u00f5es dos cidad\u00e3os e cidad\u00e3s interessados em se candidatar como conselheiro daquela subprefeitura.<\/p>\n<p>Os candidatos se apresentar\u00e3o pelo distrito onde moram e ser\u00e3o votados tamb\u00e9m pelos moradores daquele distrito, em elei\u00e7\u00f5es que acontecer\u00e3o no domingo, dia 08 de dezembro, em todas as subprefeituras, sendo o  n\u00famero de conselheiros em cada um dos conselhos participativos  proporcional ao n\u00famero de habitantes da subprefeitura.<\/p>\n<p>Como igreja, cada uma das comunidades e par\u00f3quias, pastorais e movimentos  t\u00eam a sua frente, neste momento das elei\u00e7\u00f5es das Comiss\u00f5es Eleitorais e  dos membros dos conselhos participativos,  excelente oportunidade,  e mesmo uma convoca\u00e7\u00e3o,  para se colocar a servi\u00e7o da vida plena  na cidade como candidatos \u00e0s Comiss\u00f5es Eleitorais ou aos Conselhos Participativos.<\/p>\n<p>Certamente, os Conselhos Participativos n\u00e3o s\u00e3o o   rem\u00e9dio para  a perversa   exclus\u00e3o que se estrutura na din\u00e2mica de crescimento da cidade de S\u00e3o Paulo.  Mas a presen\u00e7a dos crist\u00e3os nestes conselhos, certamente tamb\u00e9m,  ser\u00e1 o indicativo de que respostas solid\u00e1rias, includentes, \u00e9ticas,  democr\u00e1ticas, construtoras  de vida digna para todos e todas,  estar\u00e3o sendo buscadas e implementadas.<\/p>\n<p>Os s\u00e1bados 24 e   31 de agosto ser\u00e3o particularmente importantes para a presen\u00e7a cidad\u00e3 nas subprefeituras,  pois em cada uma delas, no dia 24 ou no dia 31,  estar\u00e3o acontecendo tr\u00eas eventos que v\u00e3o interferir na futura  qualidade de vida da cidade.<\/p>\n<p style=\"padding-left: 30px;\"><strong>Primeiro evento: <\/strong>ser\u00e3o eleitos os 5 membros que compor\u00e3o a Comiss\u00e3o Eleitoral respons\u00e1vel pelas elei\u00e7\u00f5es dos Conselhos Participativos.<\/p>\n<p style=\"padding-left: 30px;\"><strong>Segundo evento:<\/strong> a  Secretaria Municipal de Planejamento, Or\u00e7amento  e Gest\u00e3o apresentar\u00e1  \u00e0  popula\u00e7\u00e3o as modifica\u00e7\u00f5es que introduziu no Plano de Metas, depois das audi\u00eancias com a sociedade.<\/p>\n<p style=\"padding-left: 30px;\"><strong>Terceiro evento: <\/strong>as audi\u00eancias marcar\u00e3o o in\u00edcio de uma nova etapa do Ciclo Participativo de Planejamento e Or\u00e7amento, dando  in\u00edcio \u00e0s discuss\u00f5es em torno do Plano Plurianual 2014-2017 e da  Lei Or\u00e7ament\u00e1ria Anual  para 2014, momento important\u00edssimo,  pois se far\u00e1 a previs\u00e3o de verbas do or\u00e7amento de que cada distrito  dever\u00e1 dispor para bem atender  aos moradores locais.<\/p>\n<p>Que cada um se disponha a mobilizar a comunidade, vizinhos,  conhecidos e desconhecidos,  para participar  deste processo de constru\u00e7\u00e3o de uma cidade justa: s\u00e1bados, 24 ou 31 de agosto,  vamos \u00e0s subprefeituras.  Assim,  estaremos respondendo ao apelo que fez  o Papa Francisco  em sua visita \u00e0 comunidade de Varginha, no Rio de janeiro, durante a JMJ:<\/p>\n<p style=\"padding-left: 30px;\"><em>&#8220;Queria lan\u00e7ar um apelo a todos os que possuem mais recursos, \u00e0s autoridades p\u00fablicas e a todas as pessoas de boa vontade comprometidas com a justi\u00e7a social: N\u00e3o se cansem de trabalhar por um mundo mais justo e mais solid\u00e1rio! Ningu\u00e9m pode permanecer insens\u00edvel \u00e0s desigualdades que ainda existem no mundo! Cada um, na medida das pr\u00f3prias possibilidades e responsabilidades, saiba dar a sua contribui\u00e7\u00e3o para acabar com tantas injusti\u00e7as sociais!&#8221;<\/em><\/p>\n<p style=\"padding-left: 30px;\"><em>(Papa Francisco, na Comunidade de Varginha &#8211; 25\/07\/2013)<\/em><\/p>\n<p><strong>Consulte <a title=\"Anexo Conselho Participativo Municipal\" href=\"http:\/\/www.regiaobelem.org.br\/wp-content\/uploads\/2013\/08\/Anexo-Conselho-Participativo-Ago-2013.doc\">aqui<\/a> mais informa\u00e7\u00f5es e os <a title=\"Anexo Conselho Participativo Municipal\" href=\"http:\/\/www.regiaobelem.org.br\/wp-content\/uploads\/2013\/08\/Anexo-Conselho-Participativo-Ago-2013.doc\">endere\u00e7os das subprefeituras<\/a>.<\/strong><\/p>\n<p><em>Fonte:\u00a0Conselho de Leigos da Arquidiocese de S\u00e3o Paulo<\/em><\/p>\n<div id=\"themify_builder_content-22740\" data-postid=\"22740\" class=\"themify_builder_content themify_builder_content-22740 themify_builder themify_builder_front\">\n\t<\/div>\n<!-- \/themify_builder_content -->","protected":false},"excerpt":{"rendered":"<p>Em carta enviada \u00e0s Par\u00f3quias, Dom Milton Kenan Junior, bispo auxiliar na Arquidiocese de S\u00e3o Paulo, respons\u00e1vel pela Regi\u00e3o Episcopal Brasil\u00e2ndia, diz que &#8220;A presen\u00e7a dos fi\u00e9is, leigos e leigas, nos Conselhos Participativos representar\u00e1 o exerc\u00edcio do servi\u00e7o solid\u00e1rio para a constru\u00e7\u00e3o de uma cidade justa e digna, capaz de gerar bem estar e felicidade [&hellip;]<\/p>\n","protected":false},"author":5,"featured_media":0,"comment_status":"open","ping_status":"open","sticky":false,"template":"","format":"standard","meta":{"ngg_post_thumbnail":0,"footnotes":""},"categories":[8],"tags":[170,2586,2587,1022,2588,11,2589],"yoast_head":"<!-- This site is optimized with the Yoast SEO plugin v23.5 - https:\/\/yoast.com\/wordpress\/plugins\/seo\/ -->\n<title>Dom Milton Kenan convoca leigos e leigas a participarem efetivamente do Conselho Participativo Municipal - O Arcanjo no ar<\/title>\n<meta name=\"robots\" content=\"index, follow, max-snippet:-1, max-image-preview:large, max-video-preview:-1\" \/>\n<link rel=\"canonical\" href=\"https:\/\/www.oarcanjo.net\/site\/dom-milton-kenan-convoca-leigos-e-leigas-a-participarem-efetivamente-do-conselho-participativo-municipal\/\" \/>\n<meta property=\"og:locale\" content=\"pt_BR\" \/>\n<meta property=\"og:type\" content=\"article\" \/>\n<meta property=\"og:title\" content=\"Dom Milton Kenan convoca leigos e leigas a participarem efetivamente do Conselho Participativo Municipal - O Arcanjo no ar\" \/>\n<meta property=\"og:description\" content=\"Em carta enviada \u00e0s Par\u00f3quias, Dom Milton Kenan Junior, bispo auxiliar na Arquidiocese de S\u00e3o Paulo, respons\u00e1vel pela Regi\u00e3o Episcopal Brasil\u00e2ndia, diz que &#8220;A presen\u00e7a dos fi\u00e9is, leigos e leigas, nos Conselhos Participativos representar\u00e1 o exerc\u00edcio do servi\u00e7o solid\u00e1rio para a constru\u00e7\u00e3o de uma cidade justa e digna, capaz de gerar bem estar e felicidade [&hellip;]\" \/>\n<meta property=\"og:url\" content=\"https:\/\/www.oarcanjo.net\/site\/dom-milton-kenan-convoca-leigos-e-leigas-a-participarem-efetivamente-do-conselho-participativo-municipal\/\" \/>\n<meta property=\"og:site_name\" content=\"O Arcanjo no ar\" \/>\n<meta property=\"article:publisher\" content=\"https:\/\/www.facebook.com\/OArcanjoNoAr\/\" \/>\n<meta property=\"article:published_time\" content=\"2013-08-22T14:30:54+00:00\" \/>\n<meta property=\"article:modified_time\" content=\"2013-09-20T15:04:35+00:00\" \/>\n<meta property=\"og:image\" content=\"https:\/\/www.oarcanjo.net\/site\/wp-content\/uploads\/logo-o-arcanjo-no-ar-facebook.png\" \/>\n\t<meta property=\"og:image:width\" content=\"300\" \/>\n\t<meta property=\"og:image:height\" content=\"300\" \/>\n\t<meta property=\"og:image:type\" content=\"image\/png\" \/>\n<meta name=\"author\" content=\"editor\" \/>\n<meta name=\"twitter:card\" content=\"summary_large_image\" \/>\n<meta name=\"twitter:label1\" content=\"Escrito por\" \/>\n\t<meta name=\"twitter:data1\" content=\"editor\" \/>\n\t<meta name=\"twitter:label2\" content=\"Est. tempo de leitura\" \/>\n\t<meta name=\"twitter:data2\" content=\"5 minutos\" \/>\n<script type=\"application\/ld+json\" class=\"yoast-schema-graph\">{\"@context\":\"https:\/\/schema.org\",\"@graph\":[{\"@type\":\"Article\",\"@id\":\"https:\/\/www.oarcanjo.net\/site\/dom-milton-kenan-convoca-leigos-e-leigas-a-participarem-efetivamente-do-conselho-participativo-municipal\/#article\",\"isPartOf\":{\"@id\":\"https:\/\/www.oarcanjo.net\/site\/dom-milton-kenan-convoca-leigos-e-leigas-a-participarem-efetivamente-do-conselho-participativo-municipal\/\"},\"author\":{\"name\":\"editor\",\"@id\":\"https:\/\/www.oarcanjo.net\/site\/#\/schema\/person\/f7024d007863202483a31326673a0838\"},\"headline\":\"Dom Milton Kenan convoca leigos e leigas a participarem efetivamente do Conselho Participativo Municipal\",\"datePublished\":\"2013-08-22T14:30:54+00:00\",\"dateModified\":\"2013-09-20T15:04:35+00:00\",\"mainEntityOfPage\":{\"@id\":\"https:\/\/www.oarcanjo.net\/site\/dom-milton-kenan-convoca-leigos-e-leigas-a-participarem-efetivamente-do-conselho-participativo-municipal\/\"},\"wordCount\":1051,\"commentCount\":0,\"publisher\":{\"@id\":\"https:\/\/www.oarcanjo.net\/site\/#organization\"},\"keywords\":[\"cidade\",\"Conselho Participativo Municipal\",\"Gest\u00e3o\",\"participa\u00e7\u00e3o\",\"Prefeitura\",\"S\u00e3o Paulo\",\"Subprefeituras\"],\"articleSection\":[\"Not\u00edcias\"],\"inLanguage\":\"pt-BR\",\"potentialAction\":[{\"@type\":\"CommentAction\",\"name\":\"Comment\",\"target\":[\"https:\/\/www.oarcanjo.net\/site\/dom-milton-kenan-convoca-leigos-e-leigas-a-participarem-efetivamente-do-conselho-participativo-municipal\/#respond\"]}]},{\"@type\":\"WebPage\",\"@id\":\"https:\/\/www.oarcanjo.net\/site\/dom-milton-kenan-convoca-leigos-e-leigas-a-participarem-efetivamente-do-conselho-participativo-municipal\/\",\"url\":\"https:\/\/www.oarcanjo.net\/site\/dom-milton-kenan-convoca-leigos-e-leigas-a-participarem-efetivamente-do-conselho-participativo-municipal\/\",\"name\":\"Dom Milton Kenan convoca leigos e leigas a participarem efetivamente do Conselho Participativo Municipal - O Arcanjo no ar\",\"isPartOf\":{\"@id\":\"https:\/\/www.oarcanjo.net\/site\/#website\"},\"datePublished\":\"2013-08-22T14:30:54+00:00\",\"dateModified\":\"2013-09-20T15:04:35+00:00\",\"breadcrumb\":{\"@id\":\"https:\/\/www.oarcanjo.net\/site\/dom-milton-kenan-convoca-leigos-e-leigas-a-participarem-efetivamente-do-conselho-participativo-municipal\/#breadcrumb\"},\"inLanguage\":\"pt-BR\",\"potentialAction\":[{\"@type\":\"ReadAction\",\"target\":[\"https:\/\/www.oarcanjo.net\/site\/dom-milton-kenan-convoca-leigos-e-leigas-a-participarem-efetivamente-do-conselho-participativo-municipal\/\"]}]},{\"@type\":\"BreadcrumbList\",\"@id\":\"https:\/\/www.oarcanjo.net\/site\/dom-milton-kenan-convoca-leigos-e-leigas-a-participarem-efetivamente-do-conselho-participativo-municipal\/#breadcrumb\",\"itemListElement\":[{\"@type\":\"ListItem\",\"position\":1,\"name\":\"In\u00edcio\",\"item\":\"https:\/\/www.oarcanjo.net\/site\/\"},{\"@type\":\"ListItem\",\"position\":2,\"name\":\"Dom Milton Kenan convoca leigos e leigas a participarem efetivamente do Conselho Participativo Municipal\"}]},{\"@type\":\"WebSite\",\"@id\":\"https:\/\/www.oarcanjo.net\/site\/#website\",\"url\":\"https:\/\/www.oarcanjo.net\/site\/\",\"name\":\"O Arcanjo no ar\",\"description\":\"Site da Par\u00f3quia S\u00e3o Miguel Arcanjo (Arquidiocese de SP)\",\"publisher\":{\"@id\":\"https:\/\/www.oarcanjo.net\/site\/#organization\"},\"potentialAction\":[{\"@type\":\"SearchAction\",\"target\":{\"@type\":\"EntryPoint\",\"urlTemplate\":\"https:\/\/www.oarcanjo.net\/site\/?s={search_term_string}\"},\"query-input\":{\"@type\":\"PropertyValueSpecification\",\"valueRequired\":true,\"valueName\":\"search_term_string\"}}],\"inLanguage\":\"pt-BR\"},{\"@type\":\"Organization\",\"@id\":\"https:\/\/www.oarcanjo.net\/site\/#organization\",\"name\":\"Par\u00f3quia S\u00e3o Miguel Arcanjo\",\"url\":\"https:\/\/www.oarcanjo.net\/site\/\",\"logo\":{\"@type\":\"ImageObject\",\"inLanguage\":\"pt-BR\",\"@id\":\"https:\/\/www.oarcanjo.net\/site\/#\/schema\/logo\/image\/\",\"url\":\"https:\/\/www.oarcanjo.net\/site\/wp-content\/uploads\/LogoOArcanjo.png\",\"contentUrl\":\"https:\/\/www.oarcanjo.net\/site\/wp-content\/uploads\/LogoOArcanjo.png\",\"width\":319,\"height\":99,\"caption\":\"Par\u00f3quia S\u00e3o Miguel Arcanjo\"},\"image\":{\"@id\":\"https:\/\/www.oarcanjo.net\/site\/#\/schema\/logo\/image\/\"},\"sameAs\":[\"https:\/\/www.facebook.com\/OArcanjoNoAr\/\"]},{\"@type\":\"Person\",\"@id\":\"https:\/\/www.oarcanjo.net\/site\/#\/schema\/person\/f7024d007863202483a31326673a0838\",\"name\":\"editor\",\"sameAs\":[\"http:\/\/www.oarcanjo.net\"]}]}<\/script>\n<!-- \/ Yoast SEO plugin. -->","yoast_head_json":{"title":"Dom Milton Kenan convoca leigos e leigas a participarem efetivamente do Conselho Participativo Municipal - O Arcanjo no ar","robots":{"index":"index","follow":"follow","max-snippet":"max-snippet:-1","max-image-preview":"max-image-preview:large","max-video-preview":"max-video-preview:-1"},"canonical":"https:\/\/www.oarcanjo.net\/site\/dom-milton-kenan-convoca-leigos-e-leigas-a-participarem-efetivamente-do-conselho-participativo-municipal\/","og_locale":"pt_BR","og_type":"article","og_title":"Dom Milton Kenan convoca leigos e leigas a participarem efetivamente do Conselho Participativo Municipal - O Arcanjo no ar","og_description":"Em carta enviada \u00e0s Par\u00f3quias, Dom Milton Kenan Junior, bispo auxiliar na Arquidiocese de S\u00e3o Paulo, respons\u00e1vel pela Regi\u00e3o Episcopal Brasil\u00e2ndia, diz que &#8220;A presen\u00e7a dos fi\u00e9is, leigos e leigas, nos Conselhos Participativos representar\u00e1 o exerc\u00edcio do servi\u00e7o solid\u00e1rio para a constru\u00e7\u00e3o de uma cidade justa e digna, capaz de gerar bem estar e felicidade [&hellip;]","og_url":"https:\/\/www.oarcanjo.net\/site\/dom-milton-kenan-convoca-leigos-e-leigas-a-participarem-efetivamente-do-conselho-participativo-municipal\/","og_site_name":"O Arcanjo no ar","article_publisher":"https:\/\/www.facebook.com\/OArcanjoNoAr\/","article_published_time":"2013-08-22T14:30:54+00:00","article_modified_time":"2013-09-20T15:04:35+00:00","og_image":[{"width":300,"height":300,"url":"https:\/\/www.oarcanjo.net\/site\/wp-content\/uploads\/logo-o-arcanjo-no-ar-facebook.png","type":"image\/png"}],"author":"editor","twitter_card":"summary_large_image","twitter_misc":{"Escrito por":"editor","Est. tempo de leitura":"5 minutos"},"schema":{"@context":"https:\/\/schema.org","@graph":[{"@type":"Article","@id":"https:\/\/www.oarcanjo.net\/site\/dom-milton-kenan-convoca-leigos-e-leigas-a-participarem-efetivamente-do-conselho-participativo-municipal\/#article","isPartOf":{"@id":"https:\/\/www.oarcanjo.net\/site\/dom-milton-kenan-convoca-leigos-e-leigas-a-participarem-efetivamente-do-conselho-participativo-municipal\/"},"author":{"name":"editor","@id":"https:\/\/www.oarcanjo.net\/site\/#\/schema\/person\/f7024d007863202483a31326673a0838"},"headline":"Dom Milton Kenan convoca leigos e leigas a participarem efetivamente do Conselho Participativo Municipal","datePublished":"2013-08-22T14:30:54+00:00","dateModified":"2013-09-20T15:04:35+00:00","mainEntityOfPage":{"@id":"https:\/\/www.oarcanjo.net\/site\/dom-milton-kenan-convoca-leigos-e-leigas-a-participarem-efetivamente-do-conselho-participativo-municipal\/"},"wordCount":1051,"commentCount":0,"publisher":{"@id":"https:\/\/www.oarcanjo.net\/site\/#organization"},"keywords":["cidade","Conselho Participativo Municipal","Gest\u00e3o","participa\u00e7\u00e3o","Prefeitura","S\u00e3o Paulo","Subprefeituras"],"articleSection":["Not\u00edcias"],"inLanguage":"pt-BR","potentialAction":[{"@type":"CommentAction","name":"Comment","target":["https:\/\/www.oarcanjo.net\/site\/dom-milton-kenan-convoca-leigos-e-leigas-a-participarem-efetivamente-do-conselho-participativo-municipal\/#respond"]}]},{"@type":"WebPage","@id":"https:\/\/www.oarcanjo.net\/site\/dom-milton-kenan-convoca-leigos-e-leigas-a-participarem-efetivamente-do-conselho-participativo-municipal\/","url":"https:\/\/www.oarcanjo.net\/site\/dom-milton-kenan-convoca-leigos-e-leigas-a-participarem-efetivamente-do-conselho-participativo-municipal\/","name":"Dom Milton Kenan convoca leigos e leigas a participarem efetivamente do Conselho Participativo Municipal - O Arcanjo no ar","isPartOf":{"@id":"https:\/\/www.oarcanjo.net\/site\/#website"},"datePublished":"2013-08-22T14:30:54+00:00","dateModified":"2013-09-20T15:04:35+00:00","breadcrumb":{"@id":"https:\/\/www.oarcanjo.net\/site\/dom-milton-kenan-convoca-leigos-e-leigas-a-participarem-efetivamente-do-conselho-participativo-municipal\/#breadcrumb"},"inLanguage":"pt-BR","potentialAction":[{"@type":"ReadAction","target":["https:\/\/www.oarcanjo.net\/site\/dom-milton-kenan-convoca-leigos-e-leigas-a-participarem-efetivamente-do-conselho-participativo-municipal\/"]}]},{"@type":"BreadcrumbList","@id":"https:\/\/www.oarcanjo.net\/site\/dom-milton-kenan-convoca-leigos-e-leigas-a-participarem-efetivamente-do-conselho-participativo-municipal\/#breadcrumb","itemListElement":[{"@type":"ListItem","position":1,"name":"In\u00edcio","item":"https:\/\/www.oarcanjo.net\/site\/"},{"@type":"ListItem","position":2,"name":"Dom Milton Kenan convoca leigos e leigas a participarem efetivamente do Conselho Participativo Municipal"}]},{"@type":"WebSite","@id":"https:\/\/www.oarcanjo.net\/site\/#website","url":"https:\/\/www.oarcanjo.net\/site\/","name":"O Arcanjo no ar","description":"Site da Par\u00f3quia S\u00e3o Miguel Arcanjo (Arquidiocese de SP)","publisher":{"@id":"https:\/\/www.oarcanjo.net\/site\/#organization"},"potentialAction":[{"@type":"SearchAction","target":{"@type":"EntryPoint","urlTemplate":"https:\/\/www.oarcanjo.net\/site\/?s={search_term_string}"},"query-input":{"@type":"PropertyValueSpecification","valueRequired":true,"valueName":"search_term_string"}}],"inLanguage":"pt-BR"},{"@type":"Organization","@id":"https:\/\/www.oarcanjo.net\/site\/#organization","name":"Par\u00f3quia S\u00e3o Miguel Arcanjo","url":"https:\/\/www.oarcanjo.net\/site\/","logo":{"@type":"ImageObject","inLanguage":"pt-BR","@id":"https:\/\/www.oarcanjo.net\/site\/#\/schema\/logo\/image\/","url":"https:\/\/www.oarcanjo.net\/site\/wp-content\/uploads\/LogoOArcanjo.png","contentUrl":"https:\/\/www.oarcanjo.net\/site\/wp-content\/uploads\/LogoOArcanjo.png","width":319,"height":99,"caption":"Par\u00f3quia S\u00e3o Miguel Arcanjo"},"image":{"@id":"https:\/\/www.oarcanjo.net\/site\/#\/schema\/logo\/image\/"},"sameAs":["https:\/\/www.facebook.com\/OArcanjoNoAr\/"]},{"@type":"Person","@id":"https:\/\/www.oarcanjo.net\/site\/#\/schema\/person\/f7024d007863202483a31326673a0838","name":"editor","sameAs":["http:\/\/www.oarcanjo.net"]}]}},"publishpress_future_action":{"enabled":false,"date":"2026-05-08 22:29:22","action":"category","newStatus":"draft","terms":[],"taxonomy":"category"},"publishpress_future_workflow_manual_trigger":{"enabledWorkflows":[]},"_links":{"self":[{"href":"https:\/\/www.oarcanjo.net\/site\/wp-json\/wp\/v2\/posts\/22740"}],"collection":[{"href":"https:\/\/www.oarcanjo.net\/site\/wp-json\/wp\/v2\/posts"}],"about":[{"href":"https:\/\/www.oarcanjo.net\/site\/wp-json\/wp\/v2\/types\/post"}],"author":[{"embeddable":true,"href":"https:\/\/www.oarcanjo.net\/site\/wp-json\/wp\/v2\/users\/5"}],"replies":[{"embeddable":true,"href":"https:\/\/www.oarcanjo.net\/site\/wp-json\/wp\/v2\/comments?post=22740"}],"version-history":[{"count":0,"href":"https:\/\/www.oarcanjo.net\/site\/wp-json\/wp\/v2\/posts\/22740\/revisions"}],"wp:attachment":[{"href":"https:\/\/www.oarcanjo.net\/site\/wp-json\/wp\/v2\/media?parent=22740"}],"wp:term":[{"taxonomy":"category","embeddable":true,"href":"https:\/\/www.oarcanjo.net\/site\/wp-json\/wp\/v2\/categories?post=22740"},{"taxonomy":"post_tag","embeddable":true,"href":"https:\/\/www.oarcanjo.net\/site\/wp-json\/wp\/v2\/tags?post=22740"}],"curies":[{"name":"wp","href":"https:\/\/api.w.org\/{rel}","templated":true}]}}