
{"id":22752,"date":"2013-08-25T22:20:16","date_gmt":"2013-08-26T01:20:16","guid":{"rendered":"http:\/\/www.oarcanjo.net\/site\/?p=22752"},"modified":"2013-08-25T22:49:42","modified_gmt":"2013-08-26T01:49:42","slug":"sofredores-de-rua-no-bresser-mooca","status":"publish","type":"post","link":"https:\/\/www.oarcanjo.net\/site\/sofredores-de-rua-no-bresser-mooca\/","title":{"rendered":"Sofredores de Rua no Bresser-Mooca"},"content":{"rendered":"<p style=\"text-align: justify;\">Falta de emprego, moradia, aten\u00e7\u00e3o aos desajustes sociais, pol\u00edticas efetivas para pessoas com vulnerabilidade. Alternativas, a Rua e os desafios  que ela propicia, inclusive a busca por uma pequena prote\u00e7\u00e3o para as intemp\u00e9ries. Durante a semana o conflito com os agentes municipais aqui no Bresser.<\/p>\n<p style=\"text-align: justify;\">Vamos aqui postar o depoimento do Pe Julio Lancellotti e imagens e Luiz Carlos Petro Alexandre<\/p>\n<p style=\"text-align: justify;\">23\/08\/13 \u2013  https:\/\/www.facebook.com\/PeJulioLancellotti?fref=ts<\/p>\n<p style=\"text-align: justify;\">\u201cConviver com os irm\u00e3os de rua em momentos t\u00e3o dificeis e desafiadores s\u00f3 confiando no amor de Deus . O g\u00e1z de pimenta ainda est\u00e1 impregnado em mim , os irm\u00e3os de rua ficaram indignados ao serem atingidos desta maneira . A agita\u00e7\u00e3o forte , conflito e defesa da vida tratada de maneira t\u00e3o cruel .\u201d<\/p>\n<p style=\"text-align: justify;\">\u201cVivi hoje a terr\u00edvel experi\u00eancia , mais uma vez , de testemunhar a tentativa de opera\u00e7\u00e3o de remo\u00e7\u00e3o de moradores de rua na Bresser , fomos atingidos por g\u00e1z de pimenta , mediamos para que o conflito n\u00e3o fosse maior , fomos chamados de agitadores e mentirosos . O g\u00e1z de pimenta nos cegou por um tempo , ficou impregnado em n\u00f3s mas n\u00e3o deixaremos de buscar uma cidade mais humana .\u201d<\/p>\n<p style=\"text-align: justify;\"><a href=\"http:\/\/www.oarcanjo.net\/site\/wp-content\/uploads\/Bresser1.jpg\"><img loading=\"lazy\" decoding=\"async\" class=\"alignleft size-medium wp-image-22753\" title=\"Bresser1\" src=\"http:\/\/www.oarcanjo.net\/site\/wp-content\/uploads\/Bresser1-300x224.jpg\" alt=\"\" width=\"300\" height=\"224\" srcset=\"https:\/\/www.oarcanjo.net\/site\/wp-content\/uploads\/Bresser1-300x224.jpg 300w, https:\/\/www.oarcanjo.net\/site\/wp-content\/uploads\/Bresser1.jpg 575w\" sizes=\"(max-width: 300px) 100vw, 300px\" \/><\/a><a href=\"http:\/\/www.oarcanjo.net\/site\/wp-content\/uploads\/Bresser2.jpg\"><img loading=\"lazy\" decoding=\"async\" class=\"alignright size-medium wp-image-22754\" title=\"Bresser2\" src=\"http:\/\/www.oarcanjo.net\/site\/wp-content\/uploads\/Bresser2-300x168.jpg\" alt=\"\" width=\"300\" height=\"168\" srcset=\"https:\/\/www.oarcanjo.net\/site\/wp-content\/uploads\/Bresser2-300x168.jpg 300w, https:\/\/www.oarcanjo.net\/site\/wp-content\/uploads\/Bresser2.jpg 645w\" sizes=\"(max-width: 300px) 100vw, 300px\" \/><\/a><\/p>\n<p style=\"text-align: justify;\">&nbsp;<\/p>\n<p style=\"text-align: justify;\">&nbsp;<\/p>\n<p style=\"text-align: justify;\">&nbsp;<\/p>\n<p style=\"text-align: justify;\">&nbsp;<\/p>\n<p style=\"text-align: justify;\">&nbsp;<\/p>\n<p style=\"text-align: justify;\">&nbsp;<\/p>\n<p style=\"text-align: justify;\">&nbsp;<\/p>\n<p style=\"text-align: justify;\"><a href=\"http:\/\/www.oarcanjo.net\/site\/wp-content\/uploads\/Bresser31.jpg\"><img loading=\"lazy\" decoding=\"async\" class=\"alignleft size-medium wp-image-22756\" title=\"Bresser3\" src=\"http:\/\/www.oarcanjo.net\/site\/wp-content\/uploads\/Bresser31-300x224.jpg\" alt=\"\" width=\"300\" height=\"224\" srcset=\"https:\/\/www.oarcanjo.net\/site\/wp-content\/uploads\/Bresser31-300x224.jpg 300w, https:\/\/www.oarcanjo.net\/site\/wp-content\/uploads\/Bresser31.jpg 575w\" sizes=\"(max-width: 300px) 100vw, 300px\" \/><\/a><a href=\"http:\/\/www.oarcanjo.net\/site\/wp-content\/uploads\/Bresser4.jpg\"><img loading=\"lazy\" decoding=\"async\" class=\"alignright size-medium wp-image-22757\" title=\"Bresser4\" src=\"http:\/\/www.oarcanjo.net\/site\/wp-content\/uploads\/Bresser4-300x168.jpg\" alt=\"\" width=\"300\" height=\"168\" srcset=\"https:\/\/www.oarcanjo.net\/site\/wp-content\/uploads\/Bresser4-300x168.jpg 300w, https:\/\/www.oarcanjo.net\/site\/wp-content\/uploads\/Bresser4.jpg 645w\" sizes=\"(max-width: 300px) 100vw, 300px\" \/><\/a><\/p>\n<p>&nbsp;<\/p>\n<p>&nbsp;<\/p>\n<p>&nbsp;<\/p>\n<p>&nbsp;<\/p>\n<p>&nbsp;<\/p>\n<p>&nbsp;<\/p>\n<p>&nbsp;<\/p>\n<p><a href=\"http:\/\/www.oarcanjo.net\/site\/wp-content\/uploads\/Bresser6.jpg\"><img loading=\"lazy\" decoding=\"async\" class=\"alignright size-medium wp-image-22759\" title=\"Bresser6\" src=\"http:\/\/www.oarcanjo.net\/site\/wp-content\/uploads\/Bresser6-300x224.jpg\" alt=\"\" width=\"300\" height=\"224\" srcset=\"https:\/\/www.oarcanjo.net\/site\/wp-content\/uploads\/Bresser6-300x224.jpg 300w, https:\/\/www.oarcanjo.net\/site\/wp-content\/uploads\/Bresser6.jpg 575w\" sizes=\"(max-width: 300px) 100vw, 300px\" \/><\/a><\/p>\n<p><a href=\"http:\/\/www.oarcanjo.net\/site\/wp-content\/uploads\/Bresser5.jpg\"><img loading=\"lazy\" decoding=\"async\" class=\"alignleft size-medium wp-image-22758\" title=\"Bresser5\" src=\"http:\/\/www.oarcanjo.net\/site\/wp-content\/uploads\/Bresser5-300x168.jpg\" alt=\"\" width=\"300\" height=\"168\" srcset=\"https:\/\/www.oarcanjo.net\/site\/wp-content\/uploads\/Bresser5-300x168.jpg 300w, https:\/\/www.oarcanjo.net\/site\/wp-content\/uploads\/Bresser5.jpg 645w\" sizes=\"(max-width: 300px) 100vw, 300px\" \/><\/a><\/p>\n<div id=\"themify_builder_content-22752\" data-postid=\"22752\" class=\"themify_builder_content themify_builder_content-22752 themify_builder themify_builder_front\">\n\t<\/div>\n<!-- \/themify_builder_content -->","protected":false},"excerpt":{"rendered":"<p>Falta de emprego, moradia, aten\u00e7\u00e3o aos desajustes sociais, pol\u00edticas efetivas para pessoas com vulnerabilidade. Alternativas, a Rua e os desafios que ela propicia, inclusive a busca por uma pequena prote\u00e7\u00e3o para as intemp\u00e9ries. Durante a semana o conflito com os agentes municipais aqui no Bresser. Vamos aqui postar o depoimento do Pe Julio Lancellotti e [&hellip;]<\/p>\n","protected":false},"author":10,"featured_media":0,"comment_status":"open","ping_status":"open","sticky":false,"template":"","format":"standard","meta":{"ngg_post_thumbnail":0,"footnotes":""},"categories":[8],"tags":[],"yoast_head":"<!-- This site is optimized with the Yoast SEO plugin v23.5 - https:\/\/yoast.com\/wordpress\/plugins\/seo\/ -->\n<title>Sofredores de Rua no Bresser-Mooca - O Arcanjo no ar<\/title>\n<meta name=\"robots\" content=\"index, follow, max-snippet:-1, max-image-preview:large, max-video-preview:-1\" \/>\n<link rel=\"canonical\" href=\"https:\/\/www.oarcanjo.net\/site\/sofredores-de-rua-no-bresser-mooca\/\" \/>\n<meta property=\"og:locale\" content=\"pt_BR\" \/>\n<meta property=\"og:type\" content=\"article\" \/>\n<meta property=\"og:title\" content=\"Sofredores de Rua no Bresser-Mooca - O Arcanjo no ar\" \/>\n<meta property=\"og:description\" content=\"Falta de emprego, moradia, aten\u00e7\u00e3o aos desajustes sociais, pol\u00edticas efetivas para pessoas com vulnerabilidade. Alternativas, a Rua e os desafios que ela propicia, inclusive a busca por uma pequena prote\u00e7\u00e3o para as intemp\u00e9ries. Durante a semana o conflito com os agentes municipais aqui no Bresser. Vamos aqui postar o depoimento do Pe Julio Lancellotti e [&hellip;]\" \/>\n<meta property=\"og:url\" content=\"https:\/\/www.oarcanjo.net\/site\/sofredores-de-rua-no-bresser-mooca\/\" \/>\n<meta property=\"og:site_name\" content=\"O Arcanjo no ar\" \/>\n<meta property=\"article:publisher\" content=\"https:\/\/www.facebook.com\/OArcanjoNoAr\/\" \/>\n<meta property=\"article:published_time\" content=\"2013-08-26T01:20:16+00:00\" \/>\n<meta property=\"article:modified_time\" content=\"2013-08-26T01:49:42+00:00\" \/>\n<meta property=\"og:image\" content=\"http:\/\/www.oarcanjo.net\/site\/wp-content\/uploads\/Bresser1-300x224.jpg\" \/>\n<meta name=\"author\" content=\"carlos\" \/>\n<meta name=\"twitter:card\" content=\"summary_large_image\" \/>\n<meta name=\"twitter:label1\" content=\"Escrito por\" \/>\n\t<meta name=\"twitter:data1\" content=\"carlos\" \/>\n\t<meta name=\"twitter:label2\" content=\"Est. tempo de leitura\" \/>\n\t<meta name=\"twitter:data2\" content=\"1 minuto\" \/>\n<script type=\"application\/ld+json\" class=\"yoast-schema-graph\">{\"@context\":\"https:\/\/schema.org\",\"@graph\":[{\"@type\":\"Article\",\"@id\":\"https:\/\/www.oarcanjo.net\/site\/sofredores-de-rua-no-bresser-mooca\/#article\",\"isPartOf\":{\"@id\":\"https:\/\/www.oarcanjo.net\/site\/sofredores-de-rua-no-bresser-mooca\/\"},\"author\":{\"name\":\"carlos\",\"@id\":\"https:\/\/www.oarcanjo.net\/site\/#\/schema\/person\/f7870e710d8c8c30673de3a0ac2e451d\"},\"headline\":\"Sofredores de Rua no Bresser-Mooca\",\"datePublished\":\"2013-08-26T01:20:16+00:00\",\"dateModified\":\"2013-08-26T01:49:42+00:00\",\"mainEntityOfPage\":{\"@id\":\"https:\/\/www.oarcanjo.net\/site\/sofredores-de-rua-no-bresser-mooca\/\"},\"wordCount\":221,\"commentCount\":0,\"publisher\":{\"@id\":\"https:\/\/www.oarcanjo.net\/site\/#organization\"},\"image\":{\"@id\":\"https:\/\/www.oarcanjo.net\/site\/sofredores-de-rua-no-bresser-mooca\/#primaryimage\"},\"thumbnailUrl\":\"http:\/\/www.oarcanjo.net\/site\/wp-content\/uploads\/Bresser1-300x224.jpg\",\"articleSection\":[\"Not\u00edcias\"],\"inLanguage\":\"pt-BR\",\"potentialAction\":[{\"@type\":\"CommentAction\",\"name\":\"Comment\",\"target\":[\"https:\/\/www.oarcanjo.net\/site\/sofredores-de-rua-no-bresser-mooca\/#respond\"]}]},{\"@type\":\"WebPage\",\"@id\":\"https:\/\/www.oarcanjo.net\/site\/sofredores-de-rua-no-bresser-mooca\/\",\"url\":\"https:\/\/www.oarcanjo.net\/site\/sofredores-de-rua-no-bresser-mooca\/\",\"name\":\"Sofredores de Rua no Bresser-Mooca - O Arcanjo no ar\",\"isPartOf\":{\"@id\":\"https:\/\/www.oarcanjo.net\/site\/#website\"},\"primaryImageOfPage\":{\"@id\":\"https:\/\/www.oarcanjo.net\/site\/sofredores-de-rua-no-bresser-mooca\/#primaryimage\"},\"image\":{\"@id\":\"https:\/\/www.oarcanjo.net\/site\/sofredores-de-rua-no-bresser-mooca\/#primaryimage\"},\"thumbnailUrl\":\"http:\/\/www.oarcanjo.net\/site\/wp-content\/uploads\/Bresser1-300x224.jpg\",\"datePublished\":\"2013-08-26T01:20:16+00:00\",\"dateModified\":\"2013-08-26T01:49:42+00:00\",\"breadcrumb\":{\"@id\":\"https:\/\/www.oarcanjo.net\/site\/sofredores-de-rua-no-bresser-mooca\/#breadcrumb\"},\"inLanguage\":\"pt-BR\",\"potentialAction\":[{\"@type\":\"ReadAction\",\"target\":[\"https:\/\/www.oarcanjo.net\/site\/sofredores-de-rua-no-bresser-mooca\/\"]}]},{\"@type\":\"ImageObject\",\"inLanguage\":\"pt-BR\",\"@id\":\"https:\/\/www.oarcanjo.net\/site\/sofredores-de-rua-no-bresser-mooca\/#primaryimage\",\"url\":\"https:\/\/www.oarcanjo.net\/site\/wp-content\/uploads\/Bresser1.jpg\",\"contentUrl\":\"https:\/\/www.oarcanjo.net\/site\/wp-content\/uploads\/Bresser1.jpg\",\"width\":\"575\",\"height\":\"431\"},{\"@type\":\"BreadcrumbList\",\"@id\":\"https:\/\/www.oarcanjo.net\/site\/sofredores-de-rua-no-bresser-mooca\/#breadcrumb\",\"itemListElement\":[{\"@type\":\"ListItem\",\"position\":1,\"name\":\"In\u00edcio\",\"item\":\"https:\/\/www.oarcanjo.net\/site\/\"},{\"@type\":\"ListItem\",\"position\":2,\"name\":\"Sofredores de Rua no Bresser-Mooca\"}]},{\"@type\":\"WebSite\",\"@id\":\"https:\/\/www.oarcanjo.net\/site\/#website\",\"url\":\"https:\/\/www.oarcanjo.net\/site\/\",\"name\":\"O Arcanjo no ar\",\"description\":\"Site da Par\u00f3quia S\u00e3o Miguel Arcanjo (Arquidiocese de SP)\",\"publisher\":{\"@id\":\"https:\/\/www.oarcanjo.net\/site\/#organization\"},\"potentialAction\":[{\"@type\":\"SearchAction\",\"target\":{\"@type\":\"EntryPoint\",\"urlTemplate\":\"https:\/\/www.oarcanjo.net\/site\/?s={search_term_string}\"},\"query-input\":{\"@type\":\"PropertyValueSpecification\",\"valueRequired\":true,\"valueName\":\"search_term_string\"}}],\"inLanguage\":\"pt-BR\"},{\"@type\":\"Organization\",\"@id\":\"https:\/\/www.oarcanjo.net\/site\/#organization\",\"name\":\"Par\u00f3quia S\u00e3o Miguel Arcanjo\",\"url\":\"https:\/\/www.oarcanjo.net\/site\/\",\"logo\":{\"@type\":\"ImageObject\",\"inLanguage\":\"pt-BR\",\"@id\":\"https:\/\/www.oarcanjo.net\/site\/#\/schema\/logo\/image\/\",\"url\":\"https:\/\/www.oarcanjo.net\/site\/wp-content\/uploads\/LogoOArcanjo.png\",\"contentUrl\":\"https:\/\/www.oarcanjo.net\/site\/wp-content\/uploads\/LogoOArcanjo.png\",\"width\":319,\"height\":99,\"caption\":\"Par\u00f3quia S\u00e3o Miguel Arcanjo\"},\"image\":{\"@id\":\"https:\/\/www.oarcanjo.net\/site\/#\/schema\/logo\/image\/\"},\"sameAs\":[\"https:\/\/www.facebook.com\/OArcanjoNoAr\/\"]},{\"@type\":\"Person\",\"@id\":\"https:\/\/www.oarcanjo.net\/site\/#\/schema\/person\/f7870e710d8c8c30673de3a0ac2e451d\",\"name\":\"carlos\"}]}<\/script>\n<!-- \/ Yoast SEO plugin. -->","yoast_head_json":{"title":"Sofredores de Rua no Bresser-Mooca - O Arcanjo no ar","robots":{"index":"index","follow":"follow","max-snippet":"max-snippet:-1","max-image-preview":"max-image-preview:large","max-video-preview":"max-video-preview:-1"},"canonical":"https:\/\/www.oarcanjo.net\/site\/sofredores-de-rua-no-bresser-mooca\/","og_locale":"pt_BR","og_type":"article","og_title":"Sofredores de Rua no Bresser-Mooca - O Arcanjo no ar","og_description":"Falta de emprego, moradia, aten\u00e7\u00e3o aos desajustes sociais, pol\u00edticas efetivas para pessoas com vulnerabilidade. Alternativas, a Rua e os desafios que ela propicia, inclusive a busca por uma pequena prote\u00e7\u00e3o para as intemp\u00e9ries. Durante a semana o conflito com os agentes municipais aqui no Bresser. Vamos aqui postar o depoimento do Pe Julio Lancellotti e [&hellip;]","og_url":"https:\/\/www.oarcanjo.net\/site\/sofredores-de-rua-no-bresser-mooca\/","og_site_name":"O Arcanjo no ar","article_publisher":"https:\/\/www.facebook.com\/OArcanjoNoAr\/","article_published_time":"2013-08-26T01:20:16+00:00","article_modified_time":"2013-08-26T01:49:42+00:00","og_image":[{"url":"http:\/\/www.oarcanjo.net\/site\/wp-content\/uploads\/Bresser1-300x224.jpg"}],"author":"carlos","twitter_card":"summary_large_image","twitter_misc":{"Escrito por":"carlos","Est. tempo de leitura":"1 minuto"},"schema":{"@context":"https:\/\/schema.org","@graph":[{"@type":"Article","@id":"https:\/\/www.oarcanjo.net\/site\/sofredores-de-rua-no-bresser-mooca\/#article","isPartOf":{"@id":"https:\/\/www.oarcanjo.net\/site\/sofredores-de-rua-no-bresser-mooca\/"},"author":{"name":"carlos","@id":"https:\/\/www.oarcanjo.net\/site\/#\/schema\/person\/f7870e710d8c8c30673de3a0ac2e451d"},"headline":"Sofredores de Rua no Bresser-Mooca","datePublished":"2013-08-26T01:20:16+00:00","dateModified":"2013-08-26T01:49:42+00:00","mainEntityOfPage":{"@id":"https:\/\/www.oarcanjo.net\/site\/sofredores-de-rua-no-bresser-mooca\/"},"wordCount":221,"commentCount":0,"publisher":{"@id":"https:\/\/www.oarcanjo.net\/site\/#organization"},"image":{"@id":"https:\/\/www.oarcanjo.net\/site\/sofredores-de-rua-no-bresser-mooca\/#primaryimage"},"thumbnailUrl":"http:\/\/www.oarcanjo.net\/site\/wp-content\/uploads\/Bresser1-300x224.jpg","articleSection":["Not\u00edcias"],"inLanguage":"pt-BR","potentialAction":[{"@type":"CommentAction","name":"Comment","target":["https:\/\/www.oarcanjo.net\/site\/sofredores-de-rua-no-bresser-mooca\/#respond"]}]},{"@type":"WebPage","@id":"https:\/\/www.oarcanjo.net\/site\/sofredores-de-rua-no-bresser-mooca\/","url":"https:\/\/www.oarcanjo.net\/site\/sofredores-de-rua-no-bresser-mooca\/","name":"Sofredores de Rua no Bresser-Mooca - O Arcanjo no ar","isPartOf":{"@id":"https:\/\/www.oarcanjo.net\/site\/#website"},"primaryImageOfPage":{"@id":"https:\/\/www.oarcanjo.net\/site\/sofredores-de-rua-no-bresser-mooca\/#primaryimage"},"image":{"@id":"https:\/\/www.oarcanjo.net\/site\/sofredores-de-rua-no-bresser-mooca\/#primaryimage"},"thumbnailUrl":"http:\/\/www.oarcanjo.net\/site\/wp-content\/uploads\/Bresser1-300x224.jpg","datePublished":"2013-08-26T01:20:16+00:00","dateModified":"2013-08-26T01:49:42+00:00","breadcrumb":{"@id":"https:\/\/www.oarcanjo.net\/site\/sofredores-de-rua-no-bresser-mooca\/#breadcrumb"},"inLanguage":"pt-BR","potentialAction":[{"@type":"ReadAction","target":["https:\/\/www.oarcanjo.net\/site\/sofredores-de-rua-no-bresser-mooca\/"]}]},{"@type":"ImageObject","inLanguage":"pt-BR","@id":"https:\/\/www.oarcanjo.net\/site\/sofredores-de-rua-no-bresser-mooca\/#primaryimage","url":"https:\/\/www.oarcanjo.net\/site\/wp-content\/uploads\/Bresser1.jpg","contentUrl":"https:\/\/www.oarcanjo.net\/site\/wp-content\/uploads\/Bresser1.jpg","width":"575","height":"431"},{"@type":"BreadcrumbList","@id":"https:\/\/www.oarcanjo.net\/site\/sofredores-de-rua-no-bresser-mooca\/#breadcrumb","itemListElement":[{"@type":"ListItem","position":1,"name":"In\u00edcio","item":"https:\/\/www.oarcanjo.net\/site\/"},{"@type":"ListItem","position":2,"name":"Sofredores de Rua no Bresser-Mooca"}]},{"@type":"WebSite","@id":"https:\/\/www.oarcanjo.net\/site\/#website","url":"https:\/\/www.oarcanjo.net\/site\/","name":"O Arcanjo no ar","description":"Site da Par\u00f3quia S\u00e3o Miguel Arcanjo (Arquidiocese de SP)","publisher":{"@id":"https:\/\/www.oarcanjo.net\/site\/#organization"},"potentialAction":[{"@type":"SearchAction","target":{"@type":"EntryPoint","urlTemplate":"https:\/\/www.oarcanjo.net\/site\/?s={search_term_string}"},"query-input":{"@type":"PropertyValueSpecification","valueRequired":true,"valueName":"search_term_string"}}],"inLanguage":"pt-BR"},{"@type":"Organization","@id":"https:\/\/www.oarcanjo.net\/site\/#organization","name":"Par\u00f3quia S\u00e3o Miguel Arcanjo","url":"https:\/\/www.oarcanjo.net\/site\/","logo":{"@type":"ImageObject","inLanguage":"pt-BR","@id":"https:\/\/www.oarcanjo.net\/site\/#\/schema\/logo\/image\/","url":"https:\/\/www.oarcanjo.net\/site\/wp-content\/uploads\/LogoOArcanjo.png","contentUrl":"https:\/\/www.oarcanjo.net\/site\/wp-content\/uploads\/LogoOArcanjo.png","width":319,"height":99,"caption":"Par\u00f3quia S\u00e3o Miguel Arcanjo"},"image":{"@id":"https:\/\/www.oarcanjo.net\/site\/#\/schema\/logo\/image\/"},"sameAs":["https:\/\/www.facebook.com\/OArcanjoNoAr\/"]},{"@type":"Person","@id":"https:\/\/www.oarcanjo.net\/site\/#\/schema\/person\/f7870e710d8c8c30673de3a0ac2e451d","name":"carlos"}]}},"publishpress_future_action":{"enabled":false,"date":"2026-05-08 21:00:29","action":"category","newStatus":"draft","terms":[],"taxonomy":"category"},"publishpress_future_workflow_manual_trigger":{"enabledWorkflows":[]},"_links":{"self":[{"href":"https:\/\/www.oarcanjo.net\/site\/wp-json\/wp\/v2\/posts\/22752"}],"collection":[{"href":"https:\/\/www.oarcanjo.net\/site\/wp-json\/wp\/v2\/posts"}],"about":[{"href":"https:\/\/www.oarcanjo.net\/site\/wp-json\/wp\/v2\/types\/post"}],"author":[{"embeddable":true,"href":"https:\/\/www.oarcanjo.net\/site\/wp-json\/wp\/v2\/users\/10"}],"replies":[{"embeddable":true,"href":"https:\/\/www.oarcanjo.net\/site\/wp-json\/wp\/v2\/comments?post=22752"}],"version-history":[{"count":0,"href":"https:\/\/www.oarcanjo.net\/site\/wp-json\/wp\/v2\/posts\/22752\/revisions"}],"wp:attachment":[{"href":"https:\/\/www.oarcanjo.net\/site\/wp-json\/wp\/v2\/media?parent=22752"}],"wp:term":[{"taxonomy":"category","embeddable":true,"href":"https:\/\/www.oarcanjo.net\/site\/wp-json\/wp\/v2\/categories?post=22752"},{"taxonomy":"post_tag","embeddable":true,"href":"https:\/\/www.oarcanjo.net\/site\/wp-json\/wp\/v2\/tags?post=22752"}],"curies":[{"name":"wp","href":"https:\/\/api.w.org\/{rel}","templated":true}]}}