
{"id":22766,"date":"2013-08-26T16:23:16","date_gmt":"2013-08-26T19:23:16","guid":{"rendered":"http:\/\/www.oarcanjo.net\/site\/?p=22766"},"modified":"2013-08-26T16:24:02","modified_gmt":"2013-08-26T19:24:02","slug":"juventude-que-ousa-lutar-constroi-o-projeto-popular-e-o-lema-do-19-grito-dos-excluidos","status":"publish","type":"post","link":"https:\/\/www.oarcanjo.net\/site\/juventude-que-ousa-lutar-constroi-o-projeto-popular-e-o-lema-do-19-grito-dos-excluidos\/","title":{"rendered":"&#8220;Juventude que ousa lutar, constr\u00f3i o projeto popular&#8221; \u00e9 o lema do 19\u00ba Grito dos Exclu\u00eddos"},"content":{"rendered":"<p>O tema do Grito dos exclu\u00eddos de 2013 foi definido na \u00faltima semana, e esse ano a Juventude est\u00e1 no centro dessa manifesta\u00e7\u00e3o que ser\u00e1 realizado em todo o pa\u00eds no feriado de 7 de setembro. \u201cJuventude que ousa lutar, constr\u00f3i o projeto popular\u201d \u00e9 o lema do 19\u00ba Grito dos Exclu\u00eddos, escolhido ap\u00f3s avalia\u00e7\u00e3o das sugest\u00f5es enviadas a coordena\u00e7\u00e3o por v\u00e1rios grupos, comunidades, dioceses, movimentos, sindicatos.<br \/>\n<img loading=\"lazy\" decoding=\"async\" title=\"Grito dos Exclu\u00eddos\" src=\"http:\/\/www.paroquiabomparto.org.br\/wp-content\/uploads\/2013\/08\/19-grito-dos-excluidos-ago-2013.jpg\" alt=\"Grito dos Exclu\u00eddos\" width=\"361\" height=\"500\" \/><\/p>\n<p>O Grito dos Exclu\u00eddos \u00e9 uma manifesta\u00e7\u00e3o popular carregada de simbolismo, sendo um espa\u00e7o de anima\u00e7\u00e3o e profecia aberto e plural de pessoas, grupos, entidades, igrejas e movimentos sociais comprometidos com as causas dos exclu\u00eddos. \u00c9 realizado num conjunto de manifesta\u00e7\u00f5es no Dia da P\u00e1tria, 7 de setembro, tentando chamar \u00e0 aten\u00e7\u00e3o da sociedade para as condi\u00e7\u00f5es de crescente exclus\u00e3o social na sociedade brasileira.<\/p>\n<p>O Grito \u00e9 parte das atividades da 5\u00aa Semana Social Brasileira que tem o apoio da Comiss\u00e3o Episcopal Pastoral para o Servi\u00e7o da Caridade, da Justi\u00e7a e da Paz da CNBB e constitui-se em uma mobiliza\u00e7\u00e3o sustentada em tr\u00eas objetivos:<\/p>\n<p>&#8211; Denunciar o modelo pol\u00edtico e econ\u00f4mico que, ao mesmo tempo, concentra riqueza e renda e condena milh\u00f5es de pessoas \u00e0 exclus\u00e3o social;- Tornar p\u00fablico, nas ruas e pra\u00e7as, o rosto desfigurado dos grupos exclu\u00eddos, v\u00edtimas do desemprego, da mis\u00e9ria e da fome;- Propor caminhos alternativos ao modelo econ\u00f4mico neoliberal, de forma a desenvolver uma pol\u00edtica de inclus\u00e3o social, com a participa\u00e7\u00e3o ampla de todos os cidad\u00e3os.<\/p>\n<p><em>Fonte: CNBB<\/em><\/p>\n<div id=\"themify_builder_content-22766\" data-postid=\"22766\" class=\"themify_builder_content themify_builder_content-22766 themify_builder themify_builder_front\">\n\t<\/div>\n<!-- \/themify_builder_content -->","protected":false},"excerpt":{"rendered":"<p>O tema do Grito dos exclu\u00eddos de 2013 foi definido na \u00faltima semana, e esse ano a Juventude est\u00e1 no centro dessa manifesta\u00e7\u00e3o que ser\u00e1 realizado em todo o pa\u00eds no feriado de 7 de setembro. \u201cJuventude que ousa lutar, constr\u00f3i o projeto popular\u201d \u00e9 o lema do 19\u00ba Grito dos Exclu\u00eddos, escolhido ap\u00f3s avalia\u00e7\u00e3o [&hellip;]<\/p>\n","protected":false},"author":5,"featured_media":0,"comment_status":"open","ping_status":"open","sticky":false,"template":"","format":"standard","meta":{"ngg_post_thumbnail":0,"footnotes":""},"categories":[8],"tags":[2591,2592,44],"yoast_head":"<!-- This site is optimized with the Yoast SEO plugin v23.5 - https:\/\/yoast.com\/wordpress\/plugins\/seo\/ -->\n<title>&quot;Juventude que ousa lutar, constr\u00f3i o projeto popular&quot; \u00e9 o lema do 19\u00ba Grito dos Exclu\u00eddos - O Arcanjo no ar<\/title>\n<meta name=\"robots\" content=\"index, follow, max-snippet:-1, max-image-preview:large, max-video-preview:-1\" \/>\n<link rel=\"canonical\" href=\"https:\/\/www.oarcanjo.net\/site\/juventude-que-ousa-lutar-constroi-o-projeto-popular-e-o-lema-do-19-grito-dos-excluidos\/\" \/>\n<meta property=\"og:locale\" content=\"pt_BR\" \/>\n<meta property=\"og:type\" content=\"article\" \/>\n<meta property=\"og:title\" content=\"&quot;Juventude que ousa lutar, constr\u00f3i o projeto popular&quot; \u00e9 o lema do 19\u00ba Grito dos Exclu\u00eddos - O Arcanjo no ar\" \/>\n<meta property=\"og:description\" content=\"O tema do Grito dos exclu\u00eddos de 2013 foi definido na \u00faltima semana, e esse ano a Juventude est\u00e1 no centro dessa manifesta\u00e7\u00e3o que ser\u00e1 realizado em todo o pa\u00eds no feriado de 7 de setembro. \u201cJuventude que ousa lutar, constr\u00f3i o projeto popular\u201d \u00e9 o lema do 19\u00ba Grito dos Exclu\u00eddos, escolhido ap\u00f3s avalia\u00e7\u00e3o [&hellip;]\" \/>\n<meta property=\"og:url\" content=\"https:\/\/www.oarcanjo.net\/site\/juventude-que-ousa-lutar-constroi-o-projeto-popular-e-o-lema-do-19-grito-dos-excluidos\/\" \/>\n<meta property=\"og:site_name\" content=\"O Arcanjo no ar\" \/>\n<meta property=\"article:publisher\" content=\"https:\/\/www.facebook.com\/OArcanjoNoAr\/\" \/>\n<meta property=\"article:published_time\" content=\"2013-08-26T19:23:16+00:00\" \/>\n<meta property=\"article:modified_time\" content=\"2013-08-26T19:24:02+00:00\" \/>\n<meta property=\"og:image\" content=\"http:\/\/www.paroquiabomparto.org.br\/wp-content\/uploads\/2013\/08\/19-grito-dos-excluidos-ago-2013.jpg\" \/>\n<meta name=\"author\" content=\"editor\" \/>\n<meta name=\"twitter:card\" content=\"summary_large_image\" \/>\n<meta name=\"twitter:label1\" content=\"Escrito por\" \/>\n\t<meta name=\"twitter:data1\" content=\"editor\" \/>\n\t<meta name=\"twitter:label2\" content=\"Est. tempo de leitura\" \/>\n\t<meta name=\"twitter:data2\" content=\"1 minuto\" \/>\n<script type=\"application\/ld+json\" class=\"yoast-schema-graph\">{\"@context\":\"https:\/\/schema.org\",\"@graph\":[{\"@type\":\"Article\",\"@id\":\"https:\/\/www.oarcanjo.net\/site\/juventude-que-ousa-lutar-constroi-o-projeto-popular-e-o-lema-do-19-grito-dos-excluidos\/#article\",\"isPartOf\":{\"@id\":\"https:\/\/www.oarcanjo.net\/site\/juventude-que-ousa-lutar-constroi-o-projeto-popular-e-o-lema-do-19-grito-dos-excluidos\/\"},\"author\":{\"name\":\"editor\",\"@id\":\"https:\/\/www.oarcanjo.net\/site\/#\/schema\/person\/f7024d007863202483a31326673a0838\"},\"headline\":\"&#8220;Juventude que ousa lutar, constr\u00f3i o projeto popular&#8221; \u00e9 o lema do 19\u00ba Grito dos Exclu\u00eddos\",\"datePublished\":\"2013-08-26T19:23:16+00:00\",\"dateModified\":\"2013-08-26T19:24:02+00:00\",\"mainEntityOfPage\":{\"@id\":\"https:\/\/www.oarcanjo.net\/site\/juventude-que-ousa-lutar-constroi-o-projeto-popular-e-o-lema-do-19-grito-dos-excluidos\/\"},\"wordCount\":286,\"commentCount\":1,\"publisher\":{\"@id\":\"https:\/\/www.oarcanjo.net\/site\/#organization\"},\"image\":{\"@id\":\"https:\/\/www.oarcanjo.net\/site\/juventude-que-ousa-lutar-constroi-o-projeto-popular-e-o-lema-do-19-grito-dos-excluidos\/#primaryimage\"},\"thumbnailUrl\":\"http:\/\/www.paroquiabomparto.org.br\/wp-content\/uploads\/2013\/08\/19-grito-dos-excluidos-ago-2013.jpg\",\"keywords\":[\"5\u00aa Semana Social Brasileira que tem o apoio da Comiss\u00e3o Episcopal Pastoral para o Servi\u00e7o da Caridade\",\"da Justi\u00e7a e da Paz da CNBB e constitui-se em uma mobiliza\u00e7\u00e3o sustentada em tr\u00eas objetivos:\",\"grito dos exclu\u00eddos\"],\"articleSection\":[\"Not\u00edcias\"],\"inLanguage\":\"pt-BR\",\"potentialAction\":[{\"@type\":\"CommentAction\",\"name\":\"Comment\",\"target\":[\"https:\/\/www.oarcanjo.net\/site\/juventude-que-ousa-lutar-constroi-o-projeto-popular-e-o-lema-do-19-grito-dos-excluidos\/#respond\"]}]},{\"@type\":\"WebPage\",\"@id\":\"https:\/\/www.oarcanjo.net\/site\/juventude-que-ousa-lutar-constroi-o-projeto-popular-e-o-lema-do-19-grito-dos-excluidos\/\",\"url\":\"https:\/\/www.oarcanjo.net\/site\/juventude-que-ousa-lutar-constroi-o-projeto-popular-e-o-lema-do-19-grito-dos-excluidos\/\",\"name\":\"\\\"Juventude que ousa lutar, constr\u00f3i o projeto popular\\\" \u00e9 o lema do 19\u00ba Grito dos Exclu\u00eddos - O Arcanjo no ar\",\"isPartOf\":{\"@id\":\"https:\/\/www.oarcanjo.net\/site\/#website\"},\"primaryImageOfPage\":{\"@id\":\"https:\/\/www.oarcanjo.net\/site\/juventude-que-ousa-lutar-constroi-o-projeto-popular-e-o-lema-do-19-grito-dos-excluidos\/#primaryimage\"},\"image\":{\"@id\":\"https:\/\/www.oarcanjo.net\/site\/juventude-que-ousa-lutar-constroi-o-projeto-popular-e-o-lema-do-19-grito-dos-excluidos\/#primaryimage\"},\"thumbnailUrl\":\"http:\/\/www.paroquiabomparto.org.br\/wp-content\/uploads\/2013\/08\/19-grito-dos-excluidos-ago-2013.jpg\",\"datePublished\":\"2013-08-26T19:23:16+00:00\",\"dateModified\":\"2013-08-26T19:24:02+00:00\",\"breadcrumb\":{\"@id\":\"https:\/\/www.oarcanjo.net\/site\/juventude-que-ousa-lutar-constroi-o-projeto-popular-e-o-lema-do-19-grito-dos-excluidos\/#breadcrumb\"},\"inLanguage\":\"pt-BR\",\"potentialAction\":[{\"@type\":\"ReadAction\",\"target\":[\"https:\/\/www.oarcanjo.net\/site\/juventude-que-ousa-lutar-constroi-o-projeto-popular-e-o-lema-do-19-grito-dos-excluidos\/\"]}]},{\"@type\":\"ImageObject\",\"inLanguage\":\"pt-BR\",\"@id\":\"https:\/\/www.oarcanjo.net\/site\/juventude-que-ousa-lutar-constroi-o-projeto-popular-e-o-lema-do-19-grito-dos-excluidos\/#primaryimage\",\"url\":\"http:\/\/www.paroquiabomparto.org.br\/wp-content\/uploads\/2013\/08\/19-grito-dos-excluidos-ago-2013.jpg\",\"contentUrl\":\"http:\/\/www.paroquiabomparto.org.br\/wp-content\/uploads\/2013\/08\/19-grito-dos-excluidos-ago-2013.jpg\"},{\"@type\":\"BreadcrumbList\",\"@id\":\"https:\/\/www.oarcanjo.net\/site\/juventude-que-ousa-lutar-constroi-o-projeto-popular-e-o-lema-do-19-grito-dos-excluidos\/#breadcrumb\",\"itemListElement\":[{\"@type\":\"ListItem\",\"position\":1,\"name\":\"In\u00edcio\",\"item\":\"https:\/\/www.oarcanjo.net\/site\/\"},{\"@type\":\"ListItem\",\"position\":2,\"name\":\"&#8220;Juventude que ousa lutar, constr\u00f3i o projeto popular&#8221; \u00e9 o lema do 19\u00ba Grito dos Exclu\u00eddos\"}]},{\"@type\":\"WebSite\",\"@id\":\"https:\/\/www.oarcanjo.net\/site\/#website\",\"url\":\"https:\/\/www.oarcanjo.net\/site\/\",\"name\":\"O Arcanjo no ar\",\"description\":\"Site da Par\u00f3quia S\u00e3o Miguel Arcanjo (Arquidiocese de SP)\",\"publisher\":{\"@id\":\"https:\/\/www.oarcanjo.net\/site\/#organization\"},\"potentialAction\":[{\"@type\":\"SearchAction\",\"target\":{\"@type\":\"EntryPoint\",\"urlTemplate\":\"https:\/\/www.oarcanjo.net\/site\/?s={search_term_string}\"},\"query-input\":{\"@type\":\"PropertyValueSpecification\",\"valueRequired\":true,\"valueName\":\"search_term_string\"}}],\"inLanguage\":\"pt-BR\"},{\"@type\":\"Organization\",\"@id\":\"https:\/\/www.oarcanjo.net\/site\/#organization\",\"name\":\"Par\u00f3quia S\u00e3o Miguel Arcanjo\",\"url\":\"https:\/\/www.oarcanjo.net\/site\/\",\"logo\":{\"@type\":\"ImageObject\",\"inLanguage\":\"pt-BR\",\"@id\":\"https:\/\/www.oarcanjo.net\/site\/#\/schema\/logo\/image\/\",\"url\":\"https:\/\/www.oarcanjo.net\/site\/wp-content\/uploads\/LogoOArcanjo.png\",\"contentUrl\":\"https:\/\/www.oarcanjo.net\/site\/wp-content\/uploads\/LogoOArcanjo.png\",\"width\":319,\"height\":99,\"caption\":\"Par\u00f3quia S\u00e3o Miguel Arcanjo\"},\"image\":{\"@id\":\"https:\/\/www.oarcanjo.net\/site\/#\/schema\/logo\/image\/\"},\"sameAs\":[\"https:\/\/www.facebook.com\/OArcanjoNoAr\/\"]},{\"@type\":\"Person\",\"@id\":\"https:\/\/www.oarcanjo.net\/site\/#\/schema\/person\/f7024d007863202483a31326673a0838\",\"name\":\"editor\",\"sameAs\":[\"http:\/\/www.oarcanjo.net\"]}]}<\/script>\n<!-- \/ Yoast SEO plugin. -->","yoast_head_json":{"title":"\"Juventude que ousa lutar, constr\u00f3i o projeto popular\" \u00e9 o lema do 19\u00ba Grito dos Exclu\u00eddos - O Arcanjo no ar","robots":{"index":"index","follow":"follow","max-snippet":"max-snippet:-1","max-image-preview":"max-image-preview:large","max-video-preview":"max-video-preview:-1"},"canonical":"https:\/\/www.oarcanjo.net\/site\/juventude-que-ousa-lutar-constroi-o-projeto-popular-e-o-lema-do-19-grito-dos-excluidos\/","og_locale":"pt_BR","og_type":"article","og_title":"\"Juventude que ousa lutar, constr\u00f3i o projeto popular\" \u00e9 o lema do 19\u00ba Grito dos Exclu\u00eddos - O Arcanjo no ar","og_description":"O tema do Grito dos exclu\u00eddos de 2013 foi definido na \u00faltima semana, e esse ano a Juventude est\u00e1 no centro dessa manifesta\u00e7\u00e3o que ser\u00e1 realizado em todo o pa\u00eds no feriado de 7 de setembro. \u201cJuventude que ousa lutar, constr\u00f3i o projeto popular\u201d \u00e9 o lema do 19\u00ba Grito dos Exclu\u00eddos, escolhido ap\u00f3s avalia\u00e7\u00e3o [&hellip;]","og_url":"https:\/\/www.oarcanjo.net\/site\/juventude-que-ousa-lutar-constroi-o-projeto-popular-e-o-lema-do-19-grito-dos-excluidos\/","og_site_name":"O Arcanjo no ar","article_publisher":"https:\/\/www.facebook.com\/OArcanjoNoAr\/","article_published_time":"2013-08-26T19:23:16+00:00","article_modified_time":"2013-08-26T19:24:02+00:00","og_image":[{"url":"http:\/\/www.paroquiabomparto.org.br\/wp-content\/uploads\/2013\/08\/19-grito-dos-excluidos-ago-2013.jpg"}],"author":"editor","twitter_card":"summary_large_image","twitter_misc":{"Escrito por":"editor","Est. tempo de leitura":"1 minuto"},"schema":{"@context":"https:\/\/schema.org","@graph":[{"@type":"Article","@id":"https:\/\/www.oarcanjo.net\/site\/juventude-que-ousa-lutar-constroi-o-projeto-popular-e-o-lema-do-19-grito-dos-excluidos\/#article","isPartOf":{"@id":"https:\/\/www.oarcanjo.net\/site\/juventude-que-ousa-lutar-constroi-o-projeto-popular-e-o-lema-do-19-grito-dos-excluidos\/"},"author":{"name":"editor","@id":"https:\/\/www.oarcanjo.net\/site\/#\/schema\/person\/f7024d007863202483a31326673a0838"},"headline":"&#8220;Juventude que ousa lutar, constr\u00f3i o projeto popular&#8221; \u00e9 o lema do 19\u00ba Grito dos Exclu\u00eddos","datePublished":"2013-08-26T19:23:16+00:00","dateModified":"2013-08-26T19:24:02+00:00","mainEntityOfPage":{"@id":"https:\/\/www.oarcanjo.net\/site\/juventude-que-ousa-lutar-constroi-o-projeto-popular-e-o-lema-do-19-grito-dos-excluidos\/"},"wordCount":286,"commentCount":1,"publisher":{"@id":"https:\/\/www.oarcanjo.net\/site\/#organization"},"image":{"@id":"https:\/\/www.oarcanjo.net\/site\/juventude-que-ousa-lutar-constroi-o-projeto-popular-e-o-lema-do-19-grito-dos-excluidos\/#primaryimage"},"thumbnailUrl":"http:\/\/www.paroquiabomparto.org.br\/wp-content\/uploads\/2013\/08\/19-grito-dos-excluidos-ago-2013.jpg","keywords":["5\u00aa Semana Social Brasileira que tem o apoio da Comiss\u00e3o Episcopal Pastoral para o Servi\u00e7o da Caridade","da Justi\u00e7a e da Paz da CNBB e constitui-se em uma mobiliza\u00e7\u00e3o sustentada em tr\u00eas objetivos:","grito dos exclu\u00eddos"],"articleSection":["Not\u00edcias"],"inLanguage":"pt-BR","potentialAction":[{"@type":"CommentAction","name":"Comment","target":["https:\/\/www.oarcanjo.net\/site\/juventude-que-ousa-lutar-constroi-o-projeto-popular-e-o-lema-do-19-grito-dos-excluidos\/#respond"]}]},{"@type":"WebPage","@id":"https:\/\/www.oarcanjo.net\/site\/juventude-que-ousa-lutar-constroi-o-projeto-popular-e-o-lema-do-19-grito-dos-excluidos\/","url":"https:\/\/www.oarcanjo.net\/site\/juventude-que-ousa-lutar-constroi-o-projeto-popular-e-o-lema-do-19-grito-dos-excluidos\/","name":"\"Juventude que ousa lutar, constr\u00f3i o projeto popular\" \u00e9 o lema do 19\u00ba Grito dos Exclu\u00eddos - O Arcanjo no ar","isPartOf":{"@id":"https:\/\/www.oarcanjo.net\/site\/#website"},"primaryImageOfPage":{"@id":"https:\/\/www.oarcanjo.net\/site\/juventude-que-ousa-lutar-constroi-o-projeto-popular-e-o-lema-do-19-grito-dos-excluidos\/#primaryimage"},"image":{"@id":"https:\/\/www.oarcanjo.net\/site\/juventude-que-ousa-lutar-constroi-o-projeto-popular-e-o-lema-do-19-grito-dos-excluidos\/#primaryimage"},"thumbnailUrl":"http:\/\/www.paroquiabomparto.org.br\/wp-content\/uploads\/2013\/08\/19-grito-dos-excluidos-ago-2013.jpg","datePublished":"2013-08-26T19:23:16+00:00","dateModified":"2013-08-26T19:24:02+00:00","breadcrumb":{"@id":"https:\/\/www.oarcanjo.net\/site\/juventude-que-ousa-lutar-constroi-o-projeto-popular-e-o-lema-do-19-grito-dos-excluidos\/#breadcrumb"},"inLanguage":"pt-BR","potentialAction":[{"@type":"ReadAction","target":["https:\/\/www.oarcanjo.net\/site\/juventude-que-ousa-lutar-constroi-o-projeto-popular-e-o-lema-do-19-grito-dos-excluidos\/"]}]},{"@type":"ImageObject","inLanguage":"pt-BR","@id":"https:\/\/www.oarcanjo.net\/site\/juventude-que-ousa-lutar-constroi-o-projeto-popular-e-o-lema-do-19-grito-dos-excluidos\/#primaryimage","url":"http:\/\/www.paroquiabomparto.org.br\/wp-content\/uploads\/2013\/08\/19-grito-dos-excluidos-ago-2013.jpg","contentUrl":"http:\/\/www.paroquiabomparto.org.br\/wp-content\/uploads\/2013\/08\/19-grito-dos-excluidos-ago-2013.jpg"},{"@type":"BreadcrumbList","@id":"https:\/\/www.oarcanjo.net\/site\/juventude-que-ousa-lutar-constroi-o-projeto-popular-e-o-lema-do-19-grito-dos-excluidos\/#breadcrumb","itemListElement":[{"@type":"ListItem","position":1,"name":"In\u00edcio","item":"https:\/\/www.oarcanjo.net\/site\/"},{"@type":"ListItem","position":2,"name":"&#8220;Juventude que ousa lutar, constr\u00f3i o projeto popular&#8221; \u00e9 o lema do 19\u00ba Grito dos Exclu\u00eddos"}]},{"@type":"WebSite","@id":"https:\/\/www.oarcanjo.net\/site\/#website","url":"https:\/\/www.oarcanjo.net\/site\/","name":"O Arcanjo no ar","description":"Site da Par\u00f3quia S\u00e3o Miguel Arcanjo (Arquidiocese de SP)","publisher":{"@id":"https:\/\/www.oarcanjo.net\/site\/#organization"},"potentialAction":[{"@type":"SearchAction","target":{"@type":"EntryPoint","urlTemplate":"https:\/\/www.oarcanjo.net\/site\/?s={search_term_string}"},"query-input":{"@type":"PropertyValueSpecification","valueRequired":true,"valueName":"search_term_string"}}],"inLanguage":"pt-BR"},{"@type":"Organization","@id":"https:\/\/www.oarcanjo.net\/site\/#organization","name":"Par\u00f3quia S\u00e3o Miguel Arcanjo","url":"https:\/\/www.oarcanjo.net\/site\/","logo":{"@type":"ImageObject","inLanguage":"pt-BR","@id":"https:\/\/www.oarcanjo.net\/site\/#\/schema\/logo\/image\/","url":"https:\/\/www.oarcanjo.net\/site\/wp-content\/uploads\/LogoOArcanjo.png","contentUrl":"https:\/\/www.oarcanjo.net\/site\/wp-content\/uploads\/LogoOArcanjo.png","width":319,"height":99,"caption":"Par\u00f3quia S\u00e3o Miguel Arcanjo"},"image":{"@id":"https:\/\/www.oarcanjo.net\/site\/#\/schema\/logo\/image\/"},"sameAs":["https:\/\/www.facebook.com\/OArcanjoNoAr\/"]},{"@type":"Person","@id":"https:\/\/www.oarcanjo.net\/site\/#\/schema\/person\/f7024d007863202483a31326673a0838","name":"editor","sameAs":["http:\/\/www.oarcanjo.net"]}]}},"publishpress_future_action":{"enabled":false,"date":"2026-05-08 18:01:23","action":"category","newStatus":"draft","terms":[],"taxonomy":"category"},"publishpress_future_workflow_manual_trigger":{"enabledWorkflows":[]},"_links":{"self":[{"href":"https:\/\/www.oarcanjo.net\/site\/wp-json\/wp\/v2\/posts\/22766"}],"collection":[{"href":"https:\/\/www.oarcanjo.net\/site\/wp-json\/wp\/v2\/posts"}],"about":[{"href":"https:\/\/www.oarcanjo.net\/site\/wp-json\/wp\/v2\/types\/post"}],"author":[{"embeddable":true,"href":"https:\/\/www.oarcanjo.net\/site\/wp-json\/wp\/v2\/users\/5"}],"replies":[{"embeddable":true,"href":"https:\/\/www.oarcanjo.net\/site\/wp-json\/wp\/v2\/comments?post=22766"}],"version-history":[{"count":0,"href":"https:\/\/www.oarcanjo.net\/site\/wp-json\/wp\/v2\/posts\/22766\/revisions"}],"wp:attachment":[{"href":"https:\/\/www.oarcanjo.net\/site\/wp-json\/wp\/v2\/media?parent=22766"}],"wp:term":[{"taxonomy":"category","embeddable":true,"href":"https:\/\/www.oarcanjo.net\/site\/wp-json\/wp\/v2\/categories?post=22766"},{"taxonomy":"post_tag","embeddable":true,"href":"https:\/\/www.oarcanjo.net\/site\/wp-json\/wp\/v2\/tags?post=22766"}],"curies":[{"name":"wp","href":"https:\/\/api.w.org\/{rel}","templated":true}]}}