
{"id":22786,"date":"2013-08-27T18:26:34","date_gmt":"2013-08-27T21:26:34","guid":{"rendered":"http:\/\/www.oarcanjo.net\/site\/?p=22786"},"modified":"2013-08-27T18:26:34","modified_gmt":"2013-08-27T21:26:34","slug":"pastoral-da-crianca-orienta-familias-sobre-como-cuidar-melhor-de-um-bebe","status":"publish","type":"post","link":"https:\/\/www.oarcanjo.net\/site\/pastoral-da-crianca-orienta-familias-sobre-como-cuidar-melhor-de-um-bebe\/","title":{"rendered":"Pastoral da Crian\u00e7a orienta fam\u00edlias sobre como cuidar melhor de um beb\u00ea"},"content":{"rendered":"<p>A Pastoral da Crian\u00e7a, em seu novo site, apresenta semanalmente esclarecimentos sobre a vida da gestante, do beb\u00ea e da crian\u00e7a. Quest\u00f5es como vacina\u00e7\u00e3o, leite materno e a primeira dose de antibi\u00f3tico s\u00e3o exemplos de assuntos disponibilizados no portal da Pastoral, por meio de sugest\u00f5es, entrevistas feitas com a finalidade de orientar e garantir mais sa\u00fade e qualidade de vida para a m\u00e3e e a crian\u00e7a. Trata-se tamb\u00e9m de um espa\u00e7o de intera\u00e7\u00e3o e troca de experi\u00eancias.<\/p>\n<p>Nesta semana, o tema em foco \u00e9 o primeiro m\u00eas de vida de um beb\u00ea. Sobre este assunto, a enfermeira da Pastoral da Crian\u00e7a, Regina Reinaldin, explica a respeito do desenvolvimento e dos cuidados que se deve ter nos primeiros dias de vida de uma crian\u00e7a, d\u00e1 dicas de como deve ser a alimenta\u00e7\u00e3o, higiene, vacina\u00e7\u00e3o, por exemplo. \u201cOs cuidados com o beb\u00ea no primeiro m\u00eas de vida s\u00e3o muito importantes. Infelizmente, metade das mortes de beb\u00eas, que ocorre no primeiro ano de vida, acontece no primeiro m\u00eas. Por isso, garantir os cuidados com a sa\u00fade, a alimenta\u00e7\u00e3o, a higiene e a preven\u00e7\u00e3o de doen\u00e7as, ao lado do conforto e do carinho, com certeza ajuda muito a evitar tantas perdas\u201d, afirma Regina.<\/p>\n<p>Para ajudar nesta orienta\u00e7\u00e3o, a Pastoral da Crian\u00e7a tamb\u00e9m produziu o programa Viva a Vida. Os \u00e1udios est\u00e3o dispon\u00edveis no site para download. Informa\u00e7\u00f5es: <a title=\"www.pastoraldacrianca.org.br\" href=\"http:\/\/www.pastoraldacrianca.org.br\" target=\"_blank\">www.pastoraldacrianca.org.br<\/a>.<\/p>\n<p><em>Fonte: CNBB<\/em><\/p>\n<div id=\"themify_builder_content-22786\" data-postid=\"22786\" class=\"themify_builder_content themify_builder_content-22786 themify_builder themify_builder_front\">\n\t<\/div>\n<!-- \/themify_builder_content -->","protected":false},"excerpt":{"rendered":"<p>A Pastoral da Crian\u00e7a, em seu novo site, apresenta semanalmente esclarecimentos sobre a vida da gestante, do beb\u00ea e da crian\u00e7a. Quest\u00f5es como vacina\u00e7\u00e3o, leite materno e a primeira dose de antibi\u00f3tico s\u00e3o exemplos de assuntos disponibilizados no portal da Pastoral, por meio de sugest\u00f5es, entrevistas feitas com a finalidade de orientar e garantir mais [&hellip;]<\/p>\n","protected":false},"author":5,"featured_media":0,"comment_status":"open","ping_status":"open","sticky":false,"template":"","format":"standard","meta":{"ngg_post_thumbnail":0,"footnotes":""},"categories":[8],"tags":[2595,260,1496,295,2596],"yoast_head":"<!-- This site is optimized with the Yoast SEO plugin v23.5 - https:\/\/yoast.com\/wordpress\/plugins\/seo\/ -->\n<title>Pastoral da Crian\u00e7a orienta fam\u00edlias sobre como cuidar melhor de um beb\u00ea - O Arcanjo no ar<\/title>\n<meta name=\"robots\" content=\"index, follow, max-snippet:-1, max-image-preview:large, max-video-preview:-1\" \/>\n<link rel=\"canonical\" href=\"https:\/\/www.oarcanjo.net\/site\/pastoral-da-crianca-orienta-familias-sobre-como-cuidar-melhor-de-um-bebe\/\" \/>\n<meta property=\"og:locale\" content=\"pt_BR\" \/>\n<meta property=\"og:type\" content=\"article\" \/>\n<meta property=\"og:title\" content=\"Pastoral da Crian\u00e7a orienta fam\u00edlias sobre como cuidar melhor de um beb\u00ea - O Arcanjo no ar\" \/>\n<meta property=\"og:description\" content=\"A Pastoral da Crian\u00e7a, em seu novo site, apresenta semanalmente esclarecimentos sobre a vida da gestante, do beb\u00ea e da crian\u00e7a. Quest\u00f5es como vacina\u00e7\u00e3o, leite materno e a primeira dose de antibi\u00f3tico s\u00e3o exemplos de assuntos disponibilizados no portal da Pastoral, por meio de sugest\u00f5es, entrevistas feitas com a finalidade de orientar e garantir mais [&hellip;]\" \/>\n<meta property=\"og:url\" content=\"https:\/\/www.oarcanjo.net\/site\/pastoral-da-crianca-orienta-familias-sobre-como-cuidar-melhor-de-um-bebe\/\" \/>\n<meta property=\"og:site_name\" content=\"O Arcanjo no ar\" \/>\n<meta property=\"article:publisher\" content=\"https:\/\/www.facebook.com\/OArcanjoNoAr\/\" \/>\n<meta property=\"article:published_time\" content=\"2013-08-27T21:26:34+00:00\" \/>\n<meta property=\"og:image\" content=\"https:\/\/www.oarcanjo.net\/site\/wp-content\/uploads\/logo-o-arcanjo-no-ar-facebook.png\" \/>\n\t<meta property=\"og:image:width\" content=\"300\" \/>\n\t<meta property=\"og:image:height\" content=\"300\" \/>\n\t<meta property=\"og:image:type\" content=\"image\/png\" \/>\n<meta name=\"author\" content=\"editor\" \/>\n<meta name=\"twitter:card\" content=\"summary_large_image\" \/>\n<meta name=\"twitter:label1\" content=\"Escrito por\" \/>\n\t<meta name=\"twitter:data1\" content=\"editor\" \/>\n\t<meta name=\"twitter:label2\" content=\"Est. tempo de leitura\" \/>\n\t<meta name=\"twitter:data2\" content=\"1 minuto\" \/>\n<script type=\"application\/ld+json\" class=\"yoast-schema-graph\">{\"@context\":\"https:\/\/schema.org\",\"@graph\":[{\"@type\":\"Article\",\"@id\":\"https:\/\/www.oarcanjo.net\/site\/pastoral-da-crianca-orienta-familias-sobre-como-cuidar-melhor-de-um-bebe\/#article\",\"isPartOf\":{\"@id\":\"https:\/\/www.oarcanjo.net\/site\/pastoral-da-crianca-orienta-familias-sobre-como-cuidar-melhor-de-um-bebe\/\"},\"author\":{\"name\":\"editor\",\"@id\":\"https:\/\/www.oarcanjo.net\/site\/#\/schema\/person\/f7024d007863202483a31326673a0838\"},\"headline\":\"Pastoral da Crian\u00e7a orienta fam\u00edlias sobre como cuidar melhor de um beb\u00ea\",\"datePublished\":\"2013-08-27T21:26:34+00:00\",\"dateModified\":\"2013-08-27T21:26:34+00:00\",\"mainEntityOfPage\":{\"@id\":\"https:\/\/www.oarcanjo.net\/site\/pastoral-da-crianca-orienta-familias-sobre-como-cuidar-melhor-de-um-bebe\/\"},\"wordCount\":275,\"commentCount\":0,\"publisher\":{\"@id\":\"https:\/\/www.oarcanjo.net\/site\/#organization\"},\"keywords\":[\"beb\u00ea\",\"crian\u00e7a\",\"gestante\",\"Pastoral da Crian\u00e7a\",\"Viva a Vida\"],\"articleSection\":[\"Not\u00edcias\"],\"inLanguage\":\"pt-BR\",\"potentialAction\":[{\"@type\":\"CommentAction\",\"name\":\"Comment\",\"target\":[\"https:\/\/www.oarcanjo.net\/site\/pastoral-da-crianca-orienta-familias-sobre-como-cuidar-melhor-de-um-bebe\/#respond\"]}]},{\"@type\":\"WebPage\",\"@id\":\"https:\/\/www.oarcanjo.net\/site\/pastoral-da-crianca-orienta-familias-sobre-como-cuidar-melhor-de-um-bebe\/\",\"url\":\"https:\/\/www.oarcanjo.net\/site\/pastoral-da-crianca-orienta-familias-sobre-como-cuidar-melhor-de-um-bebe\/\",\"name\":\"Pastoral da Crian\u00e7a orienta fam\u00edlias sobre como cuidar melhor de um beb\u00ea - O Arcanjo no ar\",\"isPartOf\":{\"@id\":\"https:\/\/www.oarcanjo.net\/site\/#website\"},\"datePublished\":\"2013-08-27T21:26:34+00:00\",\"dateModified\":\"2013-08-27T21:26:34+00:00\",\"breadcrumb\":{\"@id\":\"https:\/\/www.oarcanjo.net\/site\/pastoral-da-crianca-orienta-familias-sobre-como-cuidar-melhor-de-um-bebe\/#breadcrumb\"},\"inLanguage\":\"pt-BR\",\"potentialAction\":[{\"@type\":\"ReadAction\",\"target\":[\"https:\/\/www.oarcanjo.net\/site\/pastoral-da-crianca-orienta-familias-sobre-como-cuidar-melhor-de-um-bebe\/\"]}]},{\"@type\":\"BreadcrumbList\",\"@id\":\"https:\/\/www.oarcanjo.net\/site\/pastoral-da-crianca-orienta-familias-sobre-como-cuidar-melhor-de-um-bebe\/#breadcrumb\",\"itemListElement\":[{\"@type\":\"ListItem\",\"position\":1,\"name\":\"In\u00edcio\",\"item\":\"https:\/\/www.oarcanjo.net\/site\/\"},{\"@type\":\"ListItem\",\"position\":2,\"name\":\"Pastoral da Crian\u00e7a orienta fam\u00edlias sobre como cuidar melhor de um beb\u00ea\"}]},{\"@type\":\"WebSite\",\"@id\":\"https:\/\/www.oarcanjo.net\/site\/#website\",\"url\":\"https:\/\/www.oarcanjo.net\/site\/\",\"name\":\"O Arcanjo no ar\",\"description\":\"Site da Par\u00f3quia S\u00e3o Miguel Arcanjo (Arquidiocese de SP)\",\"publisher\":{\"@id\":\"https:\/\/www.oarcanjo.net\/site\/#organization\"},\"potentialAction\":[{\"@type\":\"SearchAction\",\"target\":{\"@type\":\"EntryPoint\",\"urlTemplate\":\"https:\/\/www.oarcanjo.net\/site\/?s={search_term_string}\"},\"query-input\":{\"@type\":\"PropertyValueSpecification\",\"valueRequired\":true,\"valueName\":\"search_term_string\"}}],\"inLanguage\":\"pt-BR\"},{\"@type\":\"Organization\",\"@id\":\"https:\/\/www.oarcanjo.net\/site\/#organization\",\"name\":\"Par\u00f3quia S\u00e3o Miguel Arcanjo\",\"url\":\"https:\/\/www.oarcanjo.net\/site\/\",\"logo\":{\"@type\":\"ImageObject\",\"inLanguage\":\"pt-BR\",\"@id\":\"https:\/\/www.oarcanjo.net\/site\/#\/schema\/logo\/image\/\",\"url\":\"https:\/\/www.oarcanjo.net\/site\/wp-content\/uploads\/LogoOArcanjo.png\",\"contentUrl\":\"https:\/\/www.oarcanjo.net\/site\/wp-content\/uploads\/LogoOArcanjo.png\",\"width\":319,\"height\":99,\"caption\":\"Par\u00f3quia S\u00e3o Miguel Arcanjo\"},\"image\":{\"@id\":\"https:\/\/www.oarcanjo.net\/site\/#\/schema\/logo\/image\/\"},\"sameAs\":[\"https:\/\/www.facebook.com\/OArcanjoNoAr\/\"]},{\"@type\":\"Person\",\"@id\":\"https:\/\/www.oarcanjo.net\/site\/#\/schema\/person\/f7024d007863202483a31326673a0838\",\"name\":\"editor\",\"sameAs\":[\"http:\/\/www.oarcanjo.net\"]}]}<\/script>\n<!-- \/ Yoast SEO plugin. -->","yoast_head_json":{"title":"Pastoral da Crian\u00e7a orienta fam\u00edlias sobre como cuidar melhor de um beb\u00ea - O Arcanjo no ar","robots":{"index":"index","follow":"follow","max-snippet":"max-snippet:-1","max-image-preview":"max-image-preview:large","max-video-preview":"max-video-preview:-1"},"canonical":"https:\/\/www.oarcanjo.net\/site\/pastoral-da-crianca-orienta-familias-sobre-como-cuidar-melhor-de-um-bebe\/","og_locale":"pt_BR","og_type":"article","og_title":"Pastoral da Crian\u00e7a orienta fam\u00edlias sobre como cuidar melhor de um beb\u00ea - O Arcanjo no ar","og_description":"A Pastoral da Crian\u00e7a, em seu novo site, apresenta semanalmente esclarecimentos sobre a vida da gestante, do beb\u00ea e da crian\u00e7a. Quest\u00f5es como vacina\u00e7\u00e3o, leite materno e a primeira dose de antibi\u00f3tico s\u00e3o exemplos de assuntos disponibilizados no portal da Pastoral, por meio de sugest\u00f5es, entrevistas feitas com a finalidade de orientar e garantir mais [&hellip;]","og_url":"https:\/\/www.oarcanjo.net\/site\/pastoral-da-crianca-orienta-familias-sobre-como-cuidar-melhor-de-um-bebe\/","og_site_name":"O Arcanjo no ar","article_publisher":"https:\/\/www.facebook.com\/OArcanjoNoAr\/","article_published_time":"2013-08-27T21:26:34+00:00","og_image":[{"width":300,"height":300,"url":"https:\/\/www.oarcanjo.net\/site\/wp-content\/uploads\/logo-o-arcanjo-no-ar-facebook.png","type":"image\/png"}],"author":"editor","twitter_card":"summary_large_image","twitter_misc":{"Escrito por":"editor","Est. tempo de leitura":"1 minuto"},"schema":{"@context":"https:\/\/schema.org","@graph":[{"@type":"Article","@id":"https:\/\/www.oarcanjo.net\/site\/pastoral-da-crianca-orienta-familias-sobre-como-cuidar-melhor-de-um-bebe\/#article","isPartOf":{"@id":"https:\/\/www.oarcanjo.net\/site\/pastoral-da-crianca-orienta-familias-sobre-como-cuidar-melhor-de-um-bebe\/"},"author":{"name":"editor","@id":"https:\/\/www.oarcanjo.net\/site\/#\/schema\/person\/f7024d007863202483a31326673a0838"},"headline":"Pastoral da Crian\u00e7a orienta fam\u00edlias sobre como cuidar melhor de um beb\u00ea","datePublished":"2013-08-27T21:26:34+00:00","dateModified":"2013-08-27T21:26:34+00:00","mainEntityOfPage":{"@id":"https:\/\/www.oarcanjo.net\/site\/pastoral-da-crianca-orienta-familias-sobre-como-cuidar-melhor-de-um-bebe\/"},"wordCount":275,"commentCount":0,"publisher":{"@id":"https:\/\/www.oarcanjo.net\/site\/#organization"},"keywords":["beb\u00ea","crian\u00e7a","gestante","Pastoral da Crian\u00e7a","Viva a Vida"],"articleSection":["Not\u00edcias"],"inLanguage":"pt-BR","potentialAction":[{"@type":"CommentAction","name":"Comment","target":["https:\/\/www.oarcanjo.net\/site\/pastoral-da-crianca-orienta-familias-sobre-como-cuidar-melhor-de-um-bebe\/#respond"]}]},{"@type":"WebPage","@id":"https:\/\/www.oarcanjo.net\/site\/pastoral-da-crianca-orienta-familias-sobre-como-cuidar-melhor-de-um-bebe\/","url":"https:\/\/www.oarcanjo.net\/site\/pastoral-da-crianca-orienta-familias-sobre-como-cuidar-melhor-de-um-bebe\/","name":"Pastoral da Crian\u00e7a orienta fam\u00edlias sobre como cuidar melhor de um beb\u00ea - O Arcanjo no ar","isPartOf":{"@id":"https:\/\/www.oarcanjo.net\/site\/#website"},"datePublished":"2013-08-27T21:26:34+00:00","dateModified":"2013-08-27T21:26:34+00:00","breadcrumb":{"@id":"https:\/\/www.oarcanjo.net\/site\/pastoral-da-crianca-orienta-familias-sobre-como-cuidar-melhor-de-um-bebe\/#breadcrumb"},"inLanguage":"pt-BR","potentialAction":[{"@type":"ReadAction","target":["https:\/\/www.oarcanjo.net\/site\/pastoral-da-crianca-orienta-familias-sobre-como-cuidar-melhor-de-um-bebe\/"]}]},{"@type":"BreadcrumbList","@id":"https:\/\/www.oarcanjo.net\/site\/pastoral-da-crianca-orienta-familias-sobre-como-cuidar-melhor-de-um-bebe\/#breadcrumb","itemListElement":[{"@type":"ListItem","position":1,"name":"In\u00edcio","item":"https:\/\/www.oarcanjo.net\/site\/"},{"@type":"ListItem","position":2,"name":"Pastoral da Crian\u00e7a orienta fam\u00edlias sobre como cuidar melhor de um beb\u00ea"}]},{"@type":"WebSite","@id":"https:\/\/www.oarcanjo.net\/site\/#website","url":"https:\/\/www.oarcanjo.net\/site\/","name":"O Arcanjo no ar","description":"Site da Par\u00f3quia S\u00e3o Miguel Arcanjo (Arquidiocese de SP)","publisher":{"@id":"https:\/\/www.oarcanjo.net\/site\/#organization"},"potentialAction":[{"@type":"SearchAction","target":{"@type":"EntryPoint","urlTemplate":"https:\/\/www.oarcanjo.net\/site\/?s={search_term_string}"},"query-input":{"@type":"PropertyValueSpecification","valueRequired":true,"valueName":"search_term_string"}}],"inLanguage":"pt-BR"},{"@type":"Organization","@id":"https:\/\/www.oarcanjo.net\/site\/#organization","name":"Par\u00f3quia S\u00e3o Miguel Arcanjo","url":"https:\/\/www.oarcanjo.net\/site\/","logo":{"@type":"ImageObject","inLanguage":"pt-BR","@id":"https:\/\/www.oarcanjo.net\/site\/#\/schema\/logo\/image\/","url":"https:\/\/www.oarcanjo.net\/site\/wp-content\/uploads\/LogoOArcanjo.png","contentUrl":"https:\/\/www.oarcanjo.net\/site\/wp-content\/uploads\/LogoOArcanjo.png","width":319,"height":99,"caption":"Par\u00f3quia S\u00e3o Miguel Arcanjo"},"image":{"@id":"https:\/\/www.oarcanjo.net\/site\/#\/schema\/logo\/image\/"},"sameAs":["https:\/\/www.facebook.com\/OArcanjoNoAr\/"]},{"@type":"Person","@id":"https:\/\/www.oarcanjo.net\/site\/#\/schema\/person\/f7024d007863202483a31326673a0838","name":"editor","sameAs":["http:\/\/www.oarcanjo.net"]}]}},"publishpress_future_action":{"enabled":false,"date":"2026-05-08 13:53:50","action":"category","newStatus":"draft","terms":[],"taxonomy":"category"},"publishpress_future_workflow_manual_trigger":{"enabledWorkflows":[]},"_links":{"self":[{"href":"https:\/\/www.oarcanjo.net\/site\/wp-json\/wp\/v2\/posts\/22786"}],"collection":[{"href":"https:\/\/www.oarcanjo.net\/site\/wp-json\/wp\/v2\/posts"}],"about":[{"href":"https:\/\/www.oarcanjo.net\/site\/wp-json\/wp\/v2\/types\/post"}],"author":[{"embeddable":true,"href":"https:\/\/www.oarcanjo.net\/site\/wp-json\/wp\/v2\/users\/5"}],"replies":[{"embeddable":true,"href":"https:\/\/www.oarcanjo.net\/site\/wp-json\/wp\/v2\/comments?post=22786"}],"version-history":[{"count":0,"href":"https:\/\/www.oarcanjo.net\/site\/wp-json\/wp\/v2\/posts\/22786\/revisions"}],"wp:attachment":[{"href":"https:\/\/www.oarcanjo.net\/site\/wp-json\/wp\/v2\/media?parent=22786"}],"wp:term":[{"taxonomy":"category","embeddable":true,"href":"https:\/\/www.oarcanjo.net\/site\/wp-json\/wp\/v2\/categories?post=22786"},{"taxonomy":"post_tag","embeddable":true,"href":"https:\/\/www.oarcanjo.net\/site\/wp-json\/wp\/v2\/tags?post=22786"}],"curies":[{"name":"wp","href":"https:\/\/api.w.org\/{rel}","templated":true}]}}