
{"id":22793,"date":"2013-08-28T15:29:50","date_gmt":"2013-08-28T18:29:50","guid":{"rendered":"http:\/\/www.oarcanjo.net\/site\/?p=22793"},"modified":"2013-09-18T09:01:24","modified_gmt":"2013-09-18T12:01:24","slug":"regiao-belem-celebra-a-memoria-de-dom-luciano","status":"publish","type":"post","link":"https:\/\/www.oarcanjo.net\/site\/regiao-belem-celebra-a-memoria-de-dom-luciano\/","title":{"rendered":"Regi\u00e3o Bel\u00e9m celebra a mem\u00f3ria de Dom Luciano"},"content":{"rendered":"<p>A \u00a0Regi\u00e3o Bel\u00e9m celebrou a mem\u00f3ria de Dom Luciano Mendes de Almeida neste 7\u00ba anivers\u00e1rio de falecimento, dia 27\/8. De manh\u00e3, a cerim\u00f4nia foi com as crian\u00e7as, adolescentes e educadores das diversas obras sociais,\u00a0no Centro Pastoral S\u00e3o Jos\u00e9. \u00c0 noite, houve missa na Igreja S\u00e3o Jos\u00e9 do Bel\u00e9m, presidida pelo Pe. Julio Lancellotti e concelebrada pelos padres Miguel de Oliveira, Claudio de Oliveira, Tarcisio Marques Mesquita, Marcio Leit\u00e3o, Atanasio Enchioglo e Mauro Domezzi.<\/p>\n<p>No in\u00edcio, Iracema Silva, do Secretariado de Pastoral da Regi\u00e3o, homenageou Dom Luciano:<\/p>\n<p><iframe loading=\"lazy\" width=\"560\" height=\"315\" src=\"\/\/www.youtube.com\/embed\/gJaOnK40pHU?rel=0\" frameborder=\"0\" allowfullscreen><\/iframe><\/p>\n<p>Na homilia, Pe. Julio lembrou com emo\u00e7\u00e3o dos sinais da presen\u00e7a de Dom Luciano e lan\u00e7ou o desafio para que a Regi\u00e3o Bel\u00e9m seja memorial vivo da sua caminhada:<\/p>\n<p><iframe loading=\"lazy\" width=\"560\" height=\"315\" src=\"\/\/www.youtube.com\/embed\/_wmoTAC6ki0?rel=0\" frameborder=\"0\" allowfullscreen><\/iframe><\/p>\n<p>No final, alguns dos participantes da missa deram seu testemunho:<\/p>\n<p><iframe loading=\"lazy\" width=\"560\" height=\"315\" src=\"\/\/www.youtube.com\/embed\/ac3YBpUoWxw?rel=0\" frameborder=\"0\" allowfullscreen><\/iframe><\/p>\n<div id=\"themify_builder_content-22793\" data-postid=\"22793\" class=\"themify_builder_content themify_builder_content-22793 themify_builder themify_builder_front\">\n\t<\/div>\n<!-- \/themify_builder_content -->","protected":false},"excerpt":{"rendered":"<p>A \u00a0Regi\u00e3o Bel\u00e9m celebrou a mem\u00f3ria de Dom Luciano Mendes de Almeida neste 7\u00ba anivers\u00e1rio de falecimento, dia 27\/8. De manh\u00e3, a cerim\u00f4nia foi com as crian\u00e7as, adolescentes e educadores das diversas obras sociais,\u00a0no Centro Pastoral S\u00e3o Jos\u00e9. \u00c0 noite, houve missa na Igreja S\u00e3o Jos\u00e9 do Bel\u00e9m, presidida pelo Pe. Julio Lancellotti.<\/p>\n","protected":false},"author":5,"featured_media":0,"comment_status":"open","ping_status":"open","sticky":false,"template":"","format":"standard","meta":{"ngg_post_thumbnail":0,"footnotes":""},"categories":[1027,8,280],"tags":[63,1028,290,187],"yoast_head":"<!-- This site is optimized with the Yoast SEO plugin v23.5 - https:\/\/yoast.com\/wordpress\/plugins\/seo\/ -->\n<title>Regi\u00e3o Bel\u00e9m celebra a mem\u00f3ria de Dom Luciano - O Arcanjo no ar<\/title>\n<meta name=\"robots\" content=\"index, follow, max-snippet:-1, max-image-preview:large, max-video-preview:-1\" \/>\n<link rel=\"canonical\" href=\"https:\/\/www.oarcanjo.net\/site\/regiao-belem-celebra-a-memoria-de-dom-luciano\/\" \/>\n<meta property=\"og:locale\" content=\"pt_BR\" \/>\n<meta property=\"og:type\" content=\"article\" \/>\n<meta property=\"og:title\" content=\"Regi\u00e3o Bel\u00e9m celebra a mem\u00f3ria de Dom Luciano - O Arcanjo no ar\" \/>\n<meta property=\"og:description\" content=\"A \u00a0Regi\u00e3o Bel\u00e9m celebrou a mem\u00f3ria de Dom Luciano Mendes de Almeida neste 7\u00ba anivers\u00e1rio de falecimento, dia 27\/8. De manh\u00e3, a cerim\u00f4nia foi com as crian\u00e7as, adolescentes e educadores das diversas obras sociais,\u00a0no Centro Pastoral S\u00e3o Jos\u00e9. \u00c0 noite, houve missa na Igreja S\u00e3o Jos\u00e9 do Bel\u00e9m, presidida pelo Pe. Julio Lancellotti.\" \/>\n<meta property=\"og:url\" content=\"https:\/\/www.oarcanjo.net\/site\/regiao-belem-celebra-a-memoria-de-dom-luciano\/\" \/>\n<meta property=\"og:site_name\" content=\"O Arcanjo no ar\" \/>\n<meta property=\"article:publisher\" content=\"https:\/\/www.facebook.com\/OArcanjoNoAr\/\" \/>\n<meta property=\"article:published_time\" content=\"2013-08-28T18:29:50+00:00\" \/>\n<meta property=\"article:modified_time\" content=\"2013-09-18T12:01:24+00:00\" \/>\n<meta property=\"og:image\" content=\"https:\/\/www.oarcanjo.net\/site\/wp-content\/uploads\/logo-o-arcanjo-no-ar-facebook.png\" \/>\n\t<meta property=\"og:image:width\" content=\"300\" \/>\n\t<meta property=\"og:image:height\" content=\"300\" \/>\n\t<meta property=\"og:image:type\" content=\"image\/png\" \/>\n<meta name=\"author\" content=\"editor\" \/>\n<meta name=\"twitter:card\" content=\"summary_large_image\" \/>\n<meta name=\"twitter:label1\" content=\"Escrito por\" \/>\n\t<meta name=\"twitter:data1\" content=\"editor\" \/>\n\t<meta name=\"twitter:label2\" content=\"Est. tempo de leitura\" \/>\n\t<meta name=\"twitter:data2\" content=\"1 minuto\" \/>\n<script type=\"application\/ld+json\" class=\"yoast-schema-graph\">{\"@context\":\"https:\/\/schema.org\",\"@graph\":[{\"@type\":\"Article\",\"@id\":\"https:\/\/www.oarcanjo.net\/site\/regiao-belem-celebra-a-memoria-de-dom-luciano\/#article\",\"isPartOf\":{\"@id\":\"https:\/\/www.oarcanjo.net\/site\/regiao-belem-celebra-a-memoria-de-dom-luciano\/\"},\"author\":{\"name\":\"editor\",\"@id\":\"https:\/\/www.oarcanjo.net\/site\/#\/schema\/person\/f7024d007863202483a31326673a0838\"},\"headline\":\"Regi\u00e3o Bel\u00e9m celebra a mem\u00f3ria de Dom Luciano\",\"datePublished\":\"2013-08-28T18:29:50+00:00\",\"dateModified\":\"2013-09-18T12:01:24+00:00\",\"mainEntityOfPage\":{\"@id\":\"https:\/\/www.oarcanjo.net\/site\/regiao-belem-celebra-a-memoria-de-dom-luciano\/\"},\"wordCount\":151,\"commentCount\":1,\"publisher\":{\"@id\":\"https:\/\/www.oarcanjo.net\/site\/#organization\"},\"keywords\":[\"CNBB\",\"Dom Luciano\",\"pastor\",\"profeta\"],\"articleSection\":[\"D. Luciano Mendes de Almeida\",\"Not\u00edcias\",\"V\u00eddeos\"],\"inLanguage\":\"pt-BR\",\"potentialAction\":[{\"@type\":\"CommentAction\",\"name\":\"Comment\",\"target\":[\"https:\/\/www.oarcanjo.net\/site\/regiao-belem-celebra-a-memoria-de-dom-luciano\/#respond\"]}]},{\"@type\":\"WebPage\",\"@id\":\"https:\/\/www.oarcanjo.net\/site\/regiao-belem-celebra-a-memoria-de-dom-luciano\/\",\"url\":\"https:\/\/www.oarcanjo.net\/site\/regiao-belem-celebra-a-memoria-de-dom-luciano\/\",\"name\":\"Regi\u00e3o Bel\u00e9m celebra a mem\u00f3ria de Dom Luciano - O Arcanjo no ar\",\"isPartOf\":{\"@id\":\"https:\/\/www.oarcanjo.net\/site\/#website\"},\"datePublished\":\"2013-08-28T18:29:50+00:00\",\"dateModified\":\"2013-09-18T12:01:24+00:00\",\"breadcrumb\":{\"@id\":\"https:\/\/www.oarcanjo.net\/site\/regiao-belem-celebra-a-memoria-de-dom-luciano\/#breadcrumb\"},\"inLanguage\":\"pt-BR\",\"potentialAction\":[{\"@type\":\"ReadAction\",\"target\":[\"https:\/\/www.oarcanjo.net\/site\/regiao-belem-celebra-a-memoria-de-dom-luciano\/\"]}]},{\"@type\":\"BreadcrumbList\",\"@id\":\"https:\/\/www.oarcanjo.net\/site\/regiao-belem-celebra-a-memoria-de-dom-luciano\/#breadcrumb\",\"itemListElement\":[{\"@type\":\"ListItem\",\"position\":1,\"name\":\"In\u00edcio\",\"item\":\"https:\/\/www.oarcanjo.net\/site\/\"},{\"@type\":\"ListItem\",\"position\":2,\"name\":\"Regi\u00e3o Bel\u00e9m celebra a mem\u00f3ria de Dom Luciano\"}]},{\"@type\":\"WebSite\",\"@id\":\"https:\/\/www.oarcanjo.net\/site\/#website\",\"url\":\"https:\/\/www.oarcanjo.net\/site\/\",\"name\":\"O Arcanjo no ar\",\"description\":\"Site da Par\u00f3quia S\u00e3o Miguel Arcanjo (Arquidiocese de SP)\",\"publisher\":{\"@id\":\"https:\/\/www.oarcanjo.net\/site\/#organization\"},\"potentialAction\":[{\"@type\":\"SearchAction\",\"target\":{\"@type\":\"EntryPoint\",\"urlTemplate\":\"https:\/\/www.oarcanjo.net\/site\/?s={search_term_string}\"},\"query-input\":{\"@type\":\"PropertyValueSpecification\",\"valueRequired\":true,\"valueName\":\"search_term_string\"}}],\"inLanguage\":\"pt-BR\"},{\"@type\":\"Organization\",\"@id\":\"https:\/\/www.oarcanjo.net\/site\/#organization\",\"name\":\"Par\u00f3quia S\u00e3o Miguel Arcanjo\",\"url\":\"https:\/\/www.oarcanjo.net\/site\/\",\"logo\":{\"@type\":\"ImageObject\",\"inLanguage\":\"pt-BR\",\"@id\":\"https:\/\/www.oarcanjo.net\/site\/#\/schema\/logo\/image\/\",\"url\":\"https:\/\/www.oarcanjo.net\/site\/wp-content\/uploads\/LogoOArcanjo.png\",\"contentUrl\":\"https:\/\/www.oarcanjo.net\/site\/wp-content\/uploads\/LogoOArcanjo.png\",\"width\":319,\"height\":99,\"caption\":\"Par\u00f3quia S\u00e3o Miguel Arcanjo\"},\"image\":{\"@id\":\"https:\/\/www.oarcanjo.net\/site\/#\/schema\/logo\/image\/\"},\"sameAs\":[\"https:\/\/www.facebook.com\/OArcanjoNoAr\/\"]},{\"@type\":\"Person\",\"@id\":\"https:\/\/www.oarcanjo.net\/site\/#\/schema\/person\/f7024d007863202483a31326673a0838\",\"name\":\"editor\",\"sameAs\":[\"http:\/\/www.oarcanjo.net\"]}]}<\/script>\n<!-- \/ Yoast SEO plugin. -->","yoast_head_json":{"title":"Regi\u00e3o Bel\u00e9m celebra a mem\u00f3ria de Dom Luciano - O Arcanjo no ar","robots":{"index":"index","follow":"follow","max-snippet":"max-snippet:-1","max-image-preview":"max-image-preview:large","max-video-preview":"max-video-preview:-1"},"canonical":"https:\/\/www.oarcanjo.net\/site\/regiao-belem-celebra-a-memoria-de-dom-luciano\/","og_locale":"pt_BR","og_type":"article","og_title":"Regi\u00e3o Bel\u00e9m celebra a mem\u00f3ria de Dom Luciano - O Arcanjo no ar","og_description":"A \u00a0Regi\u00e3o Bel\u00e9m celebrou a mem\u00f3ria de Dom Luciano Mendes de Almeida neste 7\u00ba anivers\u00e1rio de falecimento, dia 27\/8. De manh\u00e3, a cerim\u00f4nia foi com as crian\u00e7as, adolescentes e educadores das diversas obras sociais,\u00a0no Centro Pastoral S\u00e3o Jos\u00e9. \u00c0 noite, houve missa na Igreja S\u00e3o Jos\u00e9 do Bel\u00e9m, presidida pelo Pe. Julio Lancellotti.","og_url":"https:\/\/www.oarcanjo.net\/site\/regiao-belem-celebra-a-memoria-de-dom-luciano\/","og_site_name":"O Arcanjo no ar","article_publisher":"https:\/\/www.facebook.com\/OArcanjoNoAr\/","article_published_time":"2013-08-28T18:29:50+00:00","article_modified_time":"2013-09-18T12:01:24+00:00","og_image":[{"width":300,"height":300,"url":"https:\/\/www.oarcanjo.net\/site\/wp-content\/uploads\/logo-o-arcanjo-no-ar-facebook.png","type":"image\/png"}],"author":"editor","twitter_card":"summary_large_image","twitter_misc":{"Escrito por":"editor","Est. tempo de leitura":"1 minuto"},"schema":{"@context":"https:\/\/schema.org","@graph":[{"@type":"Article","@id":"https:\/\/www.oarcanjo.net\/site\/regiao-belem-celebra-a-memoria-de-dom-luciano\/#article","isPartOf":{"@id":"https:\/\/www.oarcanjo.net\/site\/regiao-belem-celebra-a-memoria-de-dom-luciano\/"},"author":{"name":"editor","@id":"https:\/\/www.oarcanjo.net\/site\/#\/schema\/person\/f7024d007863202483a31326673a0838"},"headline":"Regi\u00e3o Bel\u00e9m celebra a mem\u00f3ria de Dom Luciano","datePublished":"2013-08-28T18:29:50+00:00","dateModified":"2013-09-18T12:01:24+00:00","mainEntityOfPage":{"@id":"https:\/\/www.oarcanjo.net\/site\/regiao-belem-celebra-a-memoria-de-dom-luciano\/"},"wordCount":151,"commentCount":1,"publisher":{"@id":"https:\/\/www.oarcanjo.net\/site\/#organization"},"keywords":["CNBB","Dom Luciano","pastor","profeta"],"articleSection":["D. Luciano Mendes de Almeida","Not\u00edcias","V\u00eddeos"],"inLanguage":"pt-BR","potentialAction":[{"@type":"CommentAction","name":"Comment","target":["https:\/\/www.oarcanjo.net\/site\/regiao-belem-celebra-a-memoria-de-dom-luciano\/#respond"]}]},{"@type":"WebPage","@id":"https:\/\/www.oarcanjo.net\/site\/regiao-belem-celebra-a-memoria-de-dom-luciano\/","url":"https:\/\/www.oarcanjo.net\/site\/regiao-belem-celebra-a-memoria-de-dom-luciano\/","name":"Regi\u00e3o Bel\u00e9m celebra a mem\u00f3ria de Dom Luciano - O Arcanjo no ar","isPartOf":{"@id":"https:\/\/www.oarcanjo.net\/site\/#website"},"datePublished":"2013-08-28T18:29:50+00:00","dateModified":"2013-09-18T12:01:24+00:00","breadcrumb":{"@id":"https:\/\/www.oarcanjo.net\/site\/regiao-belem-celebra-a-memoria-de-dom-luciano\/#breadcrumb"},"inLanguage":"pt-BR","potentialAction":[{"@type":"ReadAction","target":["https:\/\/www.oarcanjo.net\/site\/regiao-belem-celebra-a-memoria-de-dom-luciano\/"]}]},{"@type":"BreadcrumbList","@id":"https:\/\/www.oarcanjo.net\/site\/regiao-belem-celebra-a-memoria-de-dom-luciano\/#breadcrumb","itemListElement":[{"@type":"ListItem","position":1,"name":"In\u00edcio","item":"https:\/\/www.oarcanjo.net\/site\/"},{"@type":"ListItem","position":2,"name":"Regi\u00e3o Bel\u00e9m celebra a mem\u00f3ria de Dom Luciano"}]},{"@type":"WebSite","@id":"https:\/\/www.oarcanjo.net\/site\/#website","url":"https:\/\/www.oarcanjo.net\/site\/","name":"O Arcanjo no ar","description":"Site da Par\u00f3quia S\u00e3o Miguel Arcanjo (Arquidiocese de SP)","publisher":{"@id":"https:\/\/www.oarcanjo.net\/site\/#organization"},"potentialAction":[{"@type":"SearchAction","target":{"@type":"EntryPoint","urlTemplate":"https:\/\/www.oarcanjo.net\/site\/?s={search_term_string}"},"query-input":{"@type":"PropertyValueSpecification","valueRequired":true,"valueName":"search_term_string"}}],"inLanguage":"pt-BR"},{"@type":"Organization","@id":"https:\/\/www.oarcanjo.net\/site\/#organization","name":"Par\u00f3quia S\u00e3o Miguel Arcanjo","url":"https:\/\/www.oarcanjo.net\/site\/","logo":{"@type":"ImageObject","inLanguage":"pt-BR","@id":"https:\/\/www.oarcanjo.net\/site\/#\/schema\/logo\/image\/","url":"https:\/\/www.oarcanjo.net\/site\/wp-content\/uploads\/LogoOArcanjo.png","contentUrl":"https:\/\/www.oarcanjo.net\/site\/wp-content\/uploads\/LogoOArcanjo.png","width":319,"height":99,"caption":"Par\u00f3quia S\u00e3o Miguel Arcanjo"},"image":{"@id":"https:\/\/www.oarcanjo.net\/site\/#\/schema\/logo\/image\/"},"sameAs":["https:\/\/www.facebook.com\/OArcanjoNoAr\/"]},{"@type":"Person","@id":"https:\/\/www.oarcanjo.net\/site\/#\/schema\/person\/f7024d007863202483a31326673a0838","name":"editor","sameAs":["http:\/\/www.oarcanjo.net"]}]}},"publishpress_future_action":{"enabled":false,"date":"2026-05-08 13:44:46","action":"category","newStatus":"draft","terms":[],"taxonomy":"category"},"publishpress_future_workflow_manual_trigger":{"enabledWorkflows":[]},"_links":{"self":[{"href":"https:\/\/www.oarcanjo.net\/site\/wp-json\/wp\/v2\/posts\/22793"}],"collection":[{"href":"https:\/\/www.oarcanjo.net\/site\/wp-json\/wp\/v2\/posts"}],"about":[{"href":"https:\/\/www.oarcanjo.net\/site\/wp-json\/wp\/v2\/types\/post"}],"author":[{"embeddable":true,"href":"https:\/\/www.oarcanjo.net\/site\/wp-json\/wp\/v2\/users\/5"}],"replies":[{"embeddable":true,"href":"https:\/\/www.oarcanjo.net\/site\/wp-json\/wp\/v2\/comments?post=22793"}],"version-history":[{"count":0,"href":"https:\/\/www.oarcanjo.net\/site\/wp-json\/wp\/v2\/posts\/22793\/revisions"}],"wp:attachment":[{"href":"https:\/\/www.oarcanjo.net\/site\/wp-json\/wp\/v2\/media?parent=22793"}],"wp:term":[{"taxonomy":"category","embeddable":true,"href":"https:\/\/www.oarcanjo.net\/site\/wp-json\/wp\/v2\/categories?post=22793"},{"taxonomy":"post_tag","embeddable":true,"href":"https:\/\/www.oarcanjo.net\/site\/wp-json\/wp\/v2\/tags?post=22793"}],"curies":[{"name":"wp","href":"https:\/\/api.w.org\/{rel}","templated":true}]}}