
{"id":22800,"date":"2013-08-29T20:17:01","date_gmt":"2013-08-29T23:17:01","guid":{"rendered":"http:\/\/www.oarcanjo.net\/site\/?p=22800"},"modified":"2013-08-29T20:18:51","modified_gmt":"2013-08-29T23:18:51","slug":"solidariedade-as-vitimas-do-desabamento-em-sao-mateus","status":"publish","type":"post","link":"https:\/\/www.oarcanjo.net\/site\/solidariedade-as-vitimas-do-desabamento-em-sao-mateus\/","title":{"rendered":"Solidariedade \u00e0s v\u00edtimas do desabamento em S\u00e3o Mateus"},"content":{"rendered":"<p>O arcebispo de S\u00e3o Paulo, cardeal dom Odilo Scherer, se solidariza com as v\u00edtimas do desabamento que provocou a morte de pelo menos oito pessoas no bairro de S\u00e3o Mateus, na zona leste de S\u00e3o Paulo.<\/p>\n<p>Leia a nota do arcebispo:<\/p>\n<h2>Solidariedade \u00e0s v\u00edtimas da queda do Edif\u00edcio no Bairro de S\u00e3o Mateus<\/h2>\n<p>Com sincero pesar, manifesto a solidariedade de toda a Arquidiocese de S\u00e3o Paulo para com as v\u00edtimas do colapso do edif\u00edcio comercial, em obras, no Bairro de S\u00e3o Mateus, na Zona Leste de S\u00e3o Paulo, ocorrido neste dia 27 de agosto.<\/p>\n<p>Lamento profundamente a perda de vidas humanas nesse acidente e apresento aos seus familiares meu pesar e minha solidariedade nesta hora de dor. Meu pensamento tamb\u00e9m se volta para todos os feridos da trag\u00e9dia e lhes desejo pronta recupera\u00e7\u00e3o.<\/p>\n<p>Neste momento, \u00e9 importante tomar consci\u00eancia das graves implica\u00e7\u00f5es de sinistros graves, que poderiam ser evitados, se tivessem sido devidamente observadas as indispens\u00e1veis precau\u00e7\u00f5es de seguran\u00e7a. Esse lament\u00e1vel epis\u00f3dio deve levar a uma profunda reflex\u00e3o sobre a preciosidade de cada pessoa humana, cuja vida n\u00e3o deve ser exposta a graves riscos, mas protegida e valorizada.<\/p>\n<p>Acompanho com aten\u00e7\u00e3o e interesse as tarefas do Corpo de Bombeiros, da Defesa Civil e dos demais \u00f3rg\u00e3os p\u00fablicos, encarregados de vigiar sobre a seguran\u00e7a e de promover o socorro \u00e0s v\u00edtimas de acidentes. A estes homens e mulheres, manifesto meu respeito e apre\u00e7o.<\/p>\n<p>Da mesma forma, manifesto meu sincero apre\u00e7o pelo trabalho generoso de tantas pessoas volunt\u00e1rias, cuja coragem e abnega\u00e7\u00e3o no socorro \u00e0s v\u00edtimas \u00e9 testemunho de que o amor ao pr\u00f3ximo n\u00e3o \u00e9 apenas feito de palavras, mas de atitudes maravilhosamente fraternas.<\/p>\n<address>S\u00e3o Paulo, 28.08.2013<\/address>\n<address>Cardeal Odilo Pedro Scherer<br \/>\nArcebispo de S\u00e3o Paulo<\/address>\n<address> <\/address>\n<address>Fonte: Arquidiocese de S\u00e3o Paulo<\/address>\n<div id=\"themify_builder_content-22800\" data-postid=\"22800\" class=\"themify_builder_content themify_builder_content-22800 themify_builder themify_builder_front\">\n\t<\/div>\n<!-- \/themify_builder_content -->","protected":false},"excerpt":{"rendered":"<p>O arcebispo de S\u00e3o Paulo, cardeal dom Odilo Scherer, se solidariza com as v\u00edtimas do desabamento que provocou a morte de pelo menos oito pessoas no bairro de S\u00e3o Mateus, na zona leste de S\u00e3o Paulo. Leia a nota do arcebispo: Solidariedade \u00e0s v\u00edtimas da queda do Edif\u00edcio no Bairro de S\u00e3o Mateus Com sincero [&hellip;]<\/p>\n","protected":false},"author":5,"featured_media":0,"comment_status":"open","ping_status":"open","sticky":false,"template":"","format":"standard","meta":{"ngg_post_thumbnail":0,"footnotes":""},"categories":[8],"tags":[2599,1551,1077],"yoast_head":"<!-- This site is optimized with the Yoast SEO plugin v23.5 - https:\/\/yoast.com\/wordpress\/plugins\/seo\/ -->\n<title>Solidariedade \u00e0s v\u00edtimas do desabamento em S\u00e3o Mateus - O Arcanjo no ar<\/title>\n<meta name=\"robots\" content=\"index, follow, max-snippet:-1, max-image-preview:large, max-video-preview:-1\" \/>\n<link rel=\"canonical\" href=\"https:\/\/www.oarcanjo.net\/site\/solidariedade-as-vitimas-do-desabamento-em-sao-mateus\/\" \/>\n<meta property=\"og:locale\" content=\"pt_BR\" \/>\n<meta property=\"og:type\" content=\"article\" \/>\n<meta property=\"og:title\" content=\"Solidariedade \u00e0s v\u00edtimas do desabamento em S\u00e3o Mateus - O Arcanjo no ar\" \/>\n<meta property=\"og:description\" content=\"O arcebispo de S\u00e3o Paulo, cardeal dom Odilo Scherer, se solidariza com as v\u00edtimas do desabamento que provocou a morte de pelo menos oito pessoas no bairro de S\u00e3o Mateus, na zona leste de S\u00e3o Paulo. Leia a nota do arcebispo: Solidariedade \u00e0s v\u00edtimas da queda do Edif\u00edcio no Bairro de S\u00e3o Mateus Com sincero [&hellip;]\" \/>\n<meta property=\"og:url\" content=\"https:\/\/www.oarcanjo.net\/site\/solidariedade-as-vitimas-do-desabamento-em-sao-mateus\/\" \/>\n<meta property=\"og:site_name\" content=\"O Arcanjo no ar\" \/>\n<meta property=\"article:publisher\" content=\"https:\/\/www.facebook.com\/OArcanjoNoAr\/\" \/>\n<meta property=\"article:published_time\" content=\"2013-08-29T23:17:01+00:00\" \/>\n<meta property=\"article:modified_time\" content=\"2013-08-29T23:18:51+00:00\" \/>\n<meta property=\"og:image\" content=\"https:\/\/www.oarcanjo.net\/site\/wp-content\/uploads\/logo-o-arcanjo-no-ar-facebook.png\" \/>\n\t<meta property=\"og:image:width\" content=\"300\" \/>\n\t<meta property=\"og:image:height\" content=\"300\" \/>\n\t<meta property=\"og:image:type\" content=\"image\/png\" \/>\n<meta name=\"author\" content=\"editor\" \/>\n<meta name=\"twitter:card\" content=\"summary_large_image\" \/>\n<meta name=\"twitter:label1\" content=\"Escrito por\" \/>\n\t<meta name=\"twitter:data1\" content=\"editor\" \/>\n\t<meta name=\"twitter:label2\" content=\"Est. tempo de leitura\" \/>\n\t<meta name=\"twitter:data2\" content=\"2 minutos\" \/>\n<script type=\"application\/ld+json\" class=\"yoast-schema-graph\">{\"@context\":\"https:\/\/schema.org\",\"@graph\":[{\"@type\":\"Article\",\"@id\":\"https:\/\/www.oarcanjo.net\/site\/solidariedade-as-vitimas-do-desabamento-em-sao-mateus\/#article\",\"isPartOf\":{\"@id\":\"https:\/\/www.oarcanjo.net\/site\/solidariedade-as-vitimas-do-desabamento-em-sao-mateus\/\"},\"author\":{\"name\":\"editor\",\"@id\":\"https:\/\/www.oarcanjo.net\/site\/#\/schema\/person\/f7024d007863202483a31326673a0838\"},\"headline\":\"Solidariedade \u00e0s v\u00edtimas do desabamento em S\u00e3o Mateus\",\"datePublished\":\"2013-08-29T23:17:01+00:00\",\"dateModified\":\"2013-08-29T23:18:51+00:00\",\"mainEntityOfPage\":{\"@id\":\"https:\/\/www.oarcanjo.net\/site\/solidariedade-as-vitimas-do-desabamento-em-sao-mateus\/\"},\"wordCount\":333,\"commentCount\":0,\"publisher\":{\"@id\":\"https:\/\/www.oarcanjo.net\/site\/#organization\"},\"keywords\":[\"Cardeal Dom Odilo Scherer\",\"desabamento\",\"S\u00e3o Mateus\"],\"articleSection\":[\"Not\u00edcias\"],\"inLanguage\":\"pt-BR\",\"potentialAction\":[{\"@type\":\"CommentAction\",\"name\":\"Comment\",\"target\":[\"https:\/\/www.oarcanjo.net\/site\/solidariedade-as-vitimas-do-desabamento-em-sao-mateus\/#respond\"]}]},{\"@type\":\"WebPage\",\"@id\":\"https:\/\/www.oarcanjo.net\/site\/solidariedade-as-vitimas-do-desabamento-em-sao-mateus\/\",\"url\":\"https:\/\/www.oarcanjo.net\/site\/solidariedade-as-vitimas-do-desabamento-em-sao-mateus\/\",\"name\":\"Solidariedade \u00e0s v\u00edtimas do desabamento em S\u00e3o Mateus - O Arcanjo no ar\",\"isPartOf\":{\"@id\":\"https:\/\/www.oarcanjo.net\/site\/#website\"},\"datePublished\":\"2013-08-29T23:17:01+00:00\",\"dateModified\":\"2013-08-29T23:18:51+00:00\",\"breadcrumb\":{\"@id\":\"https:\/\/www.oarcanjo.net\/site\/solidariedade-as-vitimas-do-desabamento-em-sao-mateus\/#breadcrumb\"},\"inLanguage\":\"pt-BR\",\"potentialAction\":[{\"@type\":\"ReadAction\",\"target\":[\"https:\/\/www.oarcanjo.net\/site\/solidariedade-as-vitimas-do-desabamento-em-sao-mateus\/\"]}]},{\"@type\":\"BreadcrumbList\",\"@id\":\"https:\/\/www.oarcanjo.net\/site\/solidariedade-as-vitimas-do-desabamento-em-sao-mateus\/#breadcrumb\",\"itemListElement\":[{\"@type\":\"ListItem\",\"position\":1,\"name\":\"In\u00edcio\",\"item\":\"https:\/\/www.oarcanjo.net\/site\/\"},{\"@type\":\"ListItem\",\"position\":2,\"name\":\"Solidariedade \u00e0s v\u00edtimas do desabamento em S\u00e3o Mateus\"}]},{\"@type\":\"WebSite\",\"@id\":\"https:\/\/www.oarcanjo.net\/site\/#website\",\"url\":\"https:\/\/www.oarcanjo.net\/site\/\",\"name\":\"O Arcanjo no ar\",\"description\":\"Site da Par\u00f3quia S\u00e3o Miguel Arcanjo (Arquidiocese de SP)\",\"publisher\":{\"@id\":\"https:\/\/www.oarcanjo.net\/site\/#organization\"},\"potentialAction\":[{\"@type\":\"SearchAction\",\"target\":{\"@type\":\"EntryPoint\",\"urlTemplate\":\"https:\/\/www.oarcanjo.net\/site\/?s={search_term_string}\"},\"query-input\":{\"@type\":\"PropertyValueSpecification\",\"valueRequired\":true,\"valueName\":\"search_term_string\"}}],\"inLanguage\":\"pt-BR\"},{\"@type\":\"Organization\",\"@id\":\"https:\/\/www.oarcanjo.net\/site\/#organization\",\"name\":\"Par\u00f3quia S\u00e3o Miguel Arcanjo\",\"url\":\"https:\/\/www.oarcanjo.net\/site\/\",\"logo\":{\"@type\":\"ImageObject\",\"inLanguage\":\"pt-BR\",\"@id\":\"https:\/\/www.oarcanjo.net\/site\/#\/schema\/logo\/image\/\",\"url\":\"https:\/\/www.oarcanjo.net\/site\/wp-content\/uploads\/LogoOArcanjo.png\",\"contentUrl\":\"https:\/\/www.oarcanjo.net\/site\/wp-content\/uploads\/LogoOArcanjo.png\",\"width\":319,\"height\":99,\"caption\":\"Par\u00f3quia S\u00e3o Miguel Arcanjo\"},\"image\":{\"@id\":\"https:\/\/www.oarcanjo.net\/site\/#\/schema\/logo\/image\/\"},\"sameAs\":[\"https:\/\/www.facebook.com\/OArcanjoNoAr\/\"]},{\"@type\":\"Person\",\"@id\":\"https:\/\/www.oarcanjo.net\/site\/#\/schema\/person\/f7024d007863202483a31326673a0838\",\"name\":\"editor\",\"sameAs\":[\"http:\/\/www.oarcanjo.net\"]}]}<\/script>\n<!-- \/ Yoast SEO plugin. -->","yoast_head_json":{"title":"Solidariedade \u00e0s v\u00edtimas do desabamento em S\u00e3o Mateus - O Arcanjo no ar","robots":{"index":"index","follow":"follow","max-snippet":"max-snippet:-1","max-image-preview":"max-image-preview:large","max-video-preview":"max-video-preview:-1"},"canonical":"https:\/\/www.oarcanjo.net\/site\/solidariedade-as-vitimas-do-desabamento-em-sao-mateus\/","og_locale":"pt_BR","og_type":"article","og_title":"Solidariedade \u00e0s v\u00edtimas do desabamento em S\u00e3o Mateus - O Arcanjo no ar","og_description":"O arcebispo de S\u00e3o Paulo, cardeal dom Odilo Scherer, se solidariza com as v\u00edtimas do desabamento que provocou a morte de pelo menos oito pessoas no bairro de S\u00e3o Mateus, na zona leste de S\u00e3o Paulo. Leia a nota do arcebispo: Solidariedade \u00e0s v\u00edtimas da queda do Edif\u00edcio no Bairro de S\u00e3o Mateus Com sincero [&hellip;]","og_url":"https:\/\/www.oarcanjo.net\/site\/solidariedade-as-vitimas-do-desabamento-em-sao-mateus\/","og_site_name":"O Arcanjo no ar","article_publisher":"https:\/\/www.facebook.com\/OArcanjoNoAr\/","article_published_time":"2013-08-29T23:17:01+00:00","article_modified_time":"2013-08-29T23:18:51+00:00","og_image":[{"width":300,"height":300,"url":"https:\/\/www.oarcanjo.net\/site\/wp-content\/uploads\/logo-o-arcanjo-no-ar-facebook.png","type":"image\/png"}],"author":"editor","twitter_card":"summary_large_image","twitter_misc":{"Escrito por":"editor","Est. tempo de leitura":"2 minutos"},"schema":{"@context":"https:\/\/schema.org","@graph":[{"@type":"Article","@id":"https:\/\/www.oarcanjo.net\/site\/solidariedade-as-vitimas-do-desabamento-em-sao-mateus\/#article","isPartOf":{"@id":"https:\/\/www.oarcanjo.net\/site\/solidariedade-as-vitimas-do-desabamento-em-sao-mateus\/"},"author":{"name":"editor","@id":"https:\/\/www.oarcanjo.net\/site\/#\/schema\/person\/f7024d007863202483a31326673a0838"},"headline":"Solidariedade \u00e0s v\u00edtimas do desabamento em S\u00e3o Mateus","datePublished":"2013-08-29T23:17:01+00:00","dateModified":"2013-08-29T23:18:51+00:00","mainEntityOfPage":{"@id":"https:\/\/www.oarcanjo.net\/site\/solidariedade-as-vitimas-do-desabamento-em-sao-mateus\/"},"wordCount":333,"commentCount":0,"publisher":{"@id":"https:\/\/www.oarcanjo.net\/site\/#organization"},"keywords":["Cardeal Dom Odilo Scherer","desabamento","S\u00e3o Mateus"],"articleSection":["Not\u00edcias"],"inLanguage":"pt-BR","potentialAction":[{"@type":"CommentAction","name":"Comment","target":["https:\/\/www.oarcanjo.net\/site\/solidariedade-as-vitimas-do-desabamento-em-sao-mateus\/#respond"]}]},{"@type":"WebPage","@id":"https:\/\/www.oarcanjo.net\/site\/solidariedade-as-vitimas-do-desabamento-em-sao-mateus\/","url":"https:\/\/www.oarcanjo.net\/site\/solidariedade-as-vitimas-do-desabamento-em-sao-mateus\/","name":"Solidariedade \u00e0s v\u00edtimas do desabamento em S\u00e3o Mateus - O Arcanjo no ar","isPartOf":{"@id":"https:\/\/www.oarcanjo.net\/site\/#website"},"datePublished":"2013-08-29T23:17:01+00:00","dateModified":"2013-08-29T23:18:51+00:00","breadcrumb":{"@id":"https:\/\/www.oarcanjo.net\/site\/solidariedade-as-vitimas-do-desabamento-em-sao-mateus\/#breadcrumb"},"inLanguage":"pt-BR","potentialAction":[{"@type":"ReadAction","target":["https:\/\/www.oarcanjo.net\/site\/solidariedade-as-vitimas-do-desabamento-em-sao-mateus\/"]}]},{"@type":"BreadcrumbList","@id":"https:\/\/www.oarcanjo.net\/site\/solidariedade-as-vitimas-do-desabamento-em-sao-mateus\/#breadcrumb","itemListElement":[{"@type":"ListItem","position":1,"name":"In\u00edcio","item":"https:\/\/www.oarcanjo.net\/site\/"},{"@type":"ListItem","position":2,"name":"Solidariedade \u00e0s v\u00edtimas do desabamento em S\u00e3o Mateus"}]},{"@type":"WebSite","@id":"https:\/\/www.oarcanjo.net\/site\/#website","url":"https:\/\/www.oarcanjo.net\/site\/","name":"O Arcanjo no ar","description":"Site da Par\u00f3quia S\u00e3o Miguel Arcanjo (Arquidiocese de SP)","publisher":{"@id":"https:\/\/www.oarcanjo.net\/site\/#organization"},"potentialAction":[{"@type":"SearchAction","target":{"@type":"EntryPoint","urlTemplate":"https:\/\/www.oarcanjo.net\/site\/?s={search_term_string}"},"query-input":{"@type":"PropertyValueSpecification","valueRequired":true,"valueName":"search_term_string"}}],"inLanguage":"pt-BR"},{"@type":"Organization","@id":"https:\/\/www.oarcanjo.net\/site\/#organization","name":"Par\u00f3quia S\u00e3o Miguel Arcanjo","url":"https:\/\/www.oarcanjo.net\/site\/","logo":{"@type":"ImageObject","inLanguage":"pt-BR","@id":"https:\/\/www.oarcanjo.net\/site\/#\/schema\/logo\/image\/","url":"https:\/\/www.oarcanjo.net\/site\/wp-content\/uploads\/LogoOArcanjo.png","contentUrl":"https:\/\/www.oarcanjo.net\/site\/wp-content\/uploads\/LogoOArcanjo.png","width":319,"height":99,"caption":"Par\u00f3quia S\u00e3o Miguel Arcanjo"},"image":{"@id":"https:\/\/www.oarcanjo.net\/site\/#\/schema\/logo\/image\/"},"sameAs":["https:\/\/www.facebook.com\/OArcanjoNoAr\/"]},{"@type":"Person","@id":"https:\/\/www.oarcanjo.net\/site\/#\/schema\/person\/f7024d007863202483a31326673a0838","name":"editor","sameAs":["http:\/\/www.oarcanjo.net"]}]}},"publishpress_future_action":{"enabled":false,"date":"2026-05-08 13:45:51","action":"category","newStatus":"draft","terms":[],"taxonomy":"category"},"publishpress_future_workflow_manual_trigger":{"enabledWorkflows":[]},"_links":{"self":[{"href":"https:\/\/www.oarcanjo.net\/site\/wp-json\/wp\/v2\/posts\/22800"}],"collection":[{"href":"https:\/\/www.oarcanjo.net\/site\/wp-json\/wp\/v2\/posts"}],"about":[{"href":"https:\/\/www.oarcanjo.net\/site\/wp-json\/wp\/v2\/types\/post"}],"author":[{"embeddable":true,"href":"https:\/\/www.oarcanjo.net\/site\/wp-json\/wp\/v2\/users\/5"}],"replies":[{"embeddable":true,"href":"https:\/\/www.oarcanjo.net\/site\/wp-json\/wp\/v2\/comments?post=22800"}],"version-history":[{"count":0,"href":"https:\/\/www.oarcanjo.net\/site\/wp-json\/wp\/v2\/posts\/22800\/revisions"}],"wp:attachment":[{"href":"https:\/\/www.oarcanjo.net\/site\/wp-json\/wp\/v2\/media?parent=22800"}],"wp:term":[{"taxonomy":"category","embeddable":true,"href":"https:\/\/www.oarcanjo.net\/site\/wp-json\/wp\/v2\/categories?post=22800"},{"taxonomy":"post_tag","embeddable":true,"href":"https:\/\/www.oarcanjo.net\/site\/wp-json\/wp\/v2\/tags?post=22800"}],"curies":[{"name":"wp","href":"https:\/\/api.w.org\/{rel}","templated":true}]}}