
{"id":22805,"date":"2013-08-29T20:35:01","date_gmt":"2013-08-29T23:35:01","guid":{"rendered":"http:\/\/www.oarcanjo.net\/site\/?p=22805"},"modified":"2013-08-29T20:35:30","modified_gmt":"2013-08-29T23:35:30","slug":"pj-realiza-missao-jovem","status":"publish","type":"post","link":"https:\/\/www.oarcanjo.net\/site\/pj-realiza-missao-jovem\/","title":{"rendered":"PJ realiza \u201cMiss\u00e3o Jovem\u201d"},"content":{"rendered":"<p>A Pastoral da Juventude (PJ) da Arquidiocese de S\u00e3o Paulo vai promover em outubro, de 4 a 6, a \u201cMiss\u00e3o Jovem\u201d. Este ano a atividade tem como tema <em>\u201cJuventude e a f\u00e9 que liberta da Opress\u00e3o\u201d <\/em>e pretende aprofundar a reflex\u00e3o sobre como os jovens, baseados em sua f\u00e9, podem se libertar da opress\u00e3o que os invade nos diversos cen\u00e1rios do cotidiano.<\/p>\n<p>A \u201cMiss\u00e3o Jovem\u201d ser\u00e1 realizada na Par\u00f3quia Natividade do Senhor, Regi\u00e3o Episcopal Santana.  A idade m\u00ednima \u00e9 de 14 anos e todos que quiserem podem se inscrever at\u00e9 o dia 21 de setembro. A inscri\u00e7\u00e3o pode ser feita no site da Pastoral da Juventude.<\/p>\n<p>De acordo com a coordena\u00e7\u00e3o, a Miss\u00e3o ter\u00e1 a mesma proposta das anteriores, ou seja, os participantes ir\u00e3o dormir na casa das fam\u00edlias da comunidade que acolhe a miss\u00e3o este ano. Esta pr\u00e1tica se assemelha \u00e0 realizada na Semana Mission\u00e1ria e na JMJ, em que os peregrinos foram acolhidos pelas fam\u00edlias locais.<\/p>\n<p><em>\u201cA miss\u00e3o, atrav\u00e9s do protagonismo juvenil, traz a experi\u00eancia da Igreja Povo de Deus, traz entendimento do ardor mission\u00e1rio para as pr\u00e1ticas das pr\u00f3prias comunidades em que os e as jovens participam, promovendo a transforma\u00e7\u00e3o da sociedade a partir da viv\u00eancia com o novo\u201d<\/em> destaca a coordena\u00e7\u00e3o da PJ.<\/p>\n<p><strong>Servi\u00e7o:<\/strong><\/p>\n<p><strong>O que: <\/strong>Miss\u00e3o Jovem<br \/>\n<strong>Quando:<\/strong> de 4 a 6 de outubro<br \/>\n<strong>Onde: <\/strong>Par\u00f3quia Natividade do Senhor  &#8211; Jardim Font\u00e1lis<br \/>\n<strong>Quanto:<\/strong> Gr\u00e1tis<\/p>\n<p><em>Fonte: Arquidiocese de S\u00e3o Paulo<\/em><\/p>\n<div id=\"themify_builder_content-22805\" data-postid=\"22805\" class=\"themify_builder_content themify_builder_content-22805 themify_builder themify_builder_front\">\n\t<\/div>\n<!-- \/themify_builder_content -->","protected":false},"excerpt":{"rendered":"<p>A Pastoral da Juventude (PJ) da Arquidiocese de S\u00e3o Paulo vai promover em outubro, de 4 a 6, a \u201cMiss\u00e3o Jovem\u201d. Este ano a atividade tem como tema \u201cJuventude e a f\u00e9 que liberta da Opress\u00e3o\u201d e pretende aprofundar a reflex\u00e3o sobre como os jovens, baseados em sua f\u00e9, podem se libertar da opress\u00e3o que [&hellip;]<\/p>\n","protected":false},"author":5,"featured_media":0,"comment_status":"open","ping_status":"open","sticky":false,"template":"","format":"standard","meta":{"ngg_post_thumbnail":0,"footnotes":""},"categories":[8],"tags":[239,2600,835,777],"yoast_head":"<!-- This site is optimized with the Yoast SEO plugin v23.5 - https:\/\/yoast.com\/wordpress\/plugins\/seo\/ -->\n<title>PJ realiza \u201cMiss\u00e3o Jovem\u201d - O Arcanjo no ar<\/title>\n<meta name=\"robots\" content=\"index, follow, max-snippet:-1, max-image-preview:large, max-video-preview:-1\" \/>\n<link rel=\"canonical\" href=\"https:\/\/www.oarcanjo.net\/site\/pj-realiza-missao-jovem\/\" \/>\n<meta property=\"og:locale\" content=\"pt_BR\" \/>\n<meta property=\"og:type\" content=\"article\" \/>\n<meta property=\"og:title\" content=\"PJ realiza \u201cMiss\u00e3o Jovem\u201d - O Arcanjo no ar\" \/>\n<meta property=\"og:description\" content=\"A Pastoral da Juventude (PJ) da Arquidiocese de S\u00e3o Paulo vai promover em outubro, de 4 a 6, a \u201cMiss\u00e3o Jovem\u201d. Este ano a atividade tem como tema \u201cJuventude e a f\u00e9 que liberta da Opress\u00e3o\u201d e pretende aprofundar a reflex\u00e3o sobre como os jovens, baseados em sua f\u00e9, podem se libertar da opress\u00e3o que [&hellip;]\" \/>\n<meta property=\"og:url\" content=\"https:\/\/www.oarcanjo.net\/site\/pj-realiza-missao-jovem\/\" \/>\n<meta property=\"og:site_name\" content=\"O Arcanjo no ar\" \/>\n<meta property=\"article:publisher\" content=\"https:\/\/www.facebook.com\/OArcanjoNoAr\/\" \/>\n<meta property=\"article:published_time\" content=\"2013-08-29T23:35:01+00:00\" \/>\n<meta property=\"article:modified_time\" content=\"2013-08-29T23:35:30+00:00\" \/>\n<meta property=\"og:image\" content=\"https:\/\/www.oarcanjo.net\/site\/wp-content\/uploads\/logo-o-arcanjo-no-ar-facebook.png\" \/>\n\t<meta property=\"og:image:width\" content=\"300\" \/>\n\t<meta property=\"og:image:height\" content=\"300\" \/>\n\t<meta property=\"og:image:type\" content=\"image\/png\" \/>\n<meta name=\"author\" content=\"editor\" \/>\n<meta name=\"twitter:card\" content=\"summary_large_image\" \/>\n<meta name=\"twitter:label1\" content=\"Escrito por\" \/>\n\t<meta name=\"twitter:data1\" content=\"editor\" \/>\n\t<meta name=\"twitter:label2\" content=\"Est. tempo de leitura\" \/>\n\t<meta name=\"twitter:data2\" content=\"1 minuto\" \/>\n<script type=\"application\/ld+json\" class=\"yoast-schema-graph\">{\"@context\":\"https:\/\/schema.org\",\"@graph\":[{\"@type\":\"Article\",\"@id\":\"https:\/\/www.oarcanjo.net\/site\/pj-realiza-missao-jovem\/#article\",\"isPartOf\":{\"@id\":\"https:\/\/www.oarcanjo.net\/site\/pj-realiza-missao-jovem\/\"},\"author\":{\"name\":\"editor\",\"@id\":\"https:\/\/www.oarcanjo.net\/site\/#\/schema\/person\/f7024d007863202483a31326673a0838\"},\"headline\":\"PJ realiza \u201cMiss\u00e3o Jovem\u201d\",\"datePublished\":\"2013-08-29T23:35:01+00:00\",\"dateModified\":\"2013-08-29T23:35:30+00:00\",\"mainEntityOfPage\":{\"@id\":\"https:\/\/www.oarcanjo.net\/site\/pj-realiza-missao-jovem\/\"},\"wordCount\":265,\"commentCount\":0,\"publisher\":{\"@id\":\"https:\/\/www.oarcanjo.net\/site\/#organization\"},\"keywords\":[\"Arquidiocese de S\u00e3o Paulo\",\"Miss\u00e3o Jovem\",\"Pastoral da Juventude\",\"PJ\"],\"articleSection\":[\"Not\u00edcias\"],\"inLanguage\":\"pt-BR\",\"potentialAction\":[{\"@type\":\"CommentAction\",\"name\":\"Comment\",\"target\":[\"https:\/\/www.oarcanjo.net\/site\/pj-realiza-missao-jovem\/#respond\"]}]},{\"@type\":\"WebPage\",\"@id\":\"https:\/\/www.oarcanjo.net\/site\/pj-realiza-missao-jovem\/\",\"url\":\"https:\/\/www.oarcanjo.net\/site\/pj-realiza-missao-jovem\/\",\"name\":\"PJ realiza \u201cMiss\u00e3o Jovem\u201d - O Arcanjo no ar\",\"isPartOf\":{\"@id\":\"https:\/\/www.oarcanjo.net\/site\/#website\"},\"datePublished\":\"2013-08-29T23:35:01+00:00\",\"dateModified\":\"2013-08-29T23:35:30+00:00\",\"breadcrumb\":{\"@id\":\"https:\/\/www.oarcanjo.net\/site\/pj-realiza-missao-jovem\/#breadcrumb\"},\"inLanguage\":\"pt-BR\",\"potentialAction\":[{\"@type\":\"ReadAction\",\"target\":[\"https:\/\/www.oarcanjo.net\/site\/pj-realiza-missao-jovem\/\"]}]},{\"@type\":\"BreadcrumbList\",\"@id\":\"https:\/\/www.oarcanjo.net\/site\/pj-realiza-missao-jovem\/#breadcrumb\",\"itemListElement\":[{\"@type\":\"ListItem\",\"position\":1,\"name\":\"In\u00edcio\",\"item\":\"https:\/\/www.oarcanjo.net\/site\/\"},{\"@type\":\"ListItem\",\"position\":2,\"name\":\"PJ realiza \u201cMiss\u00e3o Jovem\u201d\"}]},{\"@type\":\"WebSite\",\"@id\":\"https:\/\/www.oarcanjo.net\/site\/#website\",\"url\":\"https:\/\/www.oarcanjo.net\/site\/\",\"name\":\"O Arcanjo no ar\",\"description\":\"Site da Par\u00f3quia S\u00e3o Miguel Arcanjo (Arquidiocese de SP)\",\"publisher\":{\"@id\":\"https:\/\/www.oarcanjo.net\/site\/#organization\"},\"potentialAction\":[{\"@type\":\"SearchAction\",\"target\":{\"@type\":\"EntryPoint\",\"urlTemplate\":\"https:\/\/www.oarcanjo.net\/site\/?s={search_term_string}\"},\"query-input\":{\"@type\":\"PropertyValueSpecification\",\"valueRequired\":true,\"valueName\":\"search_term_string\"}}],\"inLanguage\":\"pt-BR\"},{\"@type\":\"Organization\",\"@id\":\"https:\/\/www.oarcanjo.net\/site\/#organization\",\"name\":\"Par\u00f3quia S\u00e3o Miguel Arcanjo\",\"url\":\"https:\/\/www.oarcanjo.net\/site\/\",\"logo\":{\"@type\":\"ImageObject\",\"inLanguage\":\"pt-BR\",\"@id\":\"https:\/\/www.oarcanjo.net\/site\/#\/schema\/logo\/image\/\",\"url\":\"https:\/\/www.oarcanjo.net\/site\/wp-content\/uploads\/LogoOArcanjo.png\",\"contentUrl\":\"https:\/\/www.oarcanjo.net\/site\/wp-content\/uploads\/LogoOArcanjo.png\",\"width\":319,\"height\":99,\"caption\":\"Par\u00f3quia S\u00e3o Miguel Arcanjo\"},\"image\":{\"@id\":\"https:\/\/www.oarcanjo.net\/site\/#\/schema\/logo\/image\/\"},\"sameAs\":[\"https:\/\/www.facebook.com\/OArcanjoNoAr\/\"]},{\"@type\":\"Person\",\"@id\":\"https:\/\/www.oarcanjo.net\/site\/#\/schema\/person\/f7024d007863202483a31326673a0838\",\"name\":\"editor\",\"sameAs\":[\"http:\/\/www.oarcanjo.net\"]}]}<\/script>\n<!-- \/ Yoast SEO plugin. -->","yoast_head_json":{"title":"PJ realiza \u201cMiss\u00e3o Jovem\u201d - O Arcanjo no ar","robots":{"index":"index","follow":"follow","max-snippet":"max-snippet:-1","max-image-preview":"max-image-preview:large","max-video-preview":"max-video-preview:-1"},"canonical":"https:\/\/www.oarcanjo.net\/site\/pj-realiza-missao-jovem\/","og_locale":"pt_BR","og_type":"article","og_title":"PJ realiza \u201cMiss\u00e3o Jovem\u201d - O Arcanjo no ar","og_description":"A Pastoral da Juventude (PJ) da Arquidiocese de S\u00e3o Paulo vai promover em outubro, de 4 a 6, a \u201cMiss\u00e3o Jovem\u201d. Este ano a atividade tem como tema \u201cJuventude e a f\u00e9 que liberta da Opress\u00e3o\u201d e pretende aprofundar a reflex\u00e3o sobre como os jovens, baseados em sua f\u00e9, podem se libertar da opress\u00e3o que [&hellip;]","og_url":"https:\/\/www.oarcanjo.net\/site\/pj-realiza-missao-jovem\/","og_site_name":"O Arcanjo no ar","article_publisher":"https:\/\/www.facebook.com\/OArcanjoNoAr\/","article_published_time":"2013-08-29T23:35:01+00:00","article_modified_time":"2013-08-29T23:35:30+00:00","og_image":[{"width":300,"height":300,"url":"https:\/\/www.oarcanjo.net\/site\/wp-content\/uploads\/logo-o-arcanjo-no-ar-facebook.png","type":"image\/png"}],"author":"editor","twitter_card":"summary_large_image","twitter_misc":{"Escrito por":"editor","Est. tempo de leitura":"1 minuto"},"schema":{"@context":"https:\/\/schema.org","@graph":[{"@type":"Article","@id":"https:\/\/www.oarcanjo.net\/site\/pj-realiza-missao-jovem\/#article","isPartOf":{"@id":"https:\/\/www.oarcanjo.net\/site\/pj-realiza-missao-jovem\/"},"author":{"name":"editor","@id":"https:\/\/www.oarcanjo.net\/site\/#\/schema\/person\/f7024d007863202483a31326673a0838"},"headline":"PJ realiza \u201cMiss\u00e3o Jovem\u201d","datePublished":"2013-08-29T23:35:01+00:00","dateModified":"2013-08-29T23:35:30+00:00","mainEntityOfPage":{"@id":"https:\/\/www.oarcanjo.net\/site\/pj-realiza-missao-jovem\/"},"wordCount":265,"commentCount":0,"publisher":{"@id":"https:\/\/www.oarcanjo.net\/site\/#organization"},"keywords":["Arquidiocese de S\u00e3o Paulo","Miss\u00e3o Jovem","Pastoral da Juventude","PJ"],"articleSection":["Not\u00edcias"],"inLanguage":"pt-BR","potentialAction":[{"@type":"CommentAction","name":"Comment","target":["https:\/\/www.oarcanjo.net\/site\/pj-realiza-missao-jovem\/#respond"]}]},{"@type":"WebPage","@id":"https:\/\/www.oarcanjo.net\/site\/pj-realiza-missao-jovem\/","url":"https:\/\/www.oarcanjo.net\/site\/pj-realiza-missao-jovem\/","name":"PJ realiza \u201cMiss\u00e3o Jovem\u201d - O Arcanjo no ar","isPartOf":{"@id":"https:\/\/www.oarcanjo.net\/site\/#website"},"datePublished":"2013-08-29T23:35:01+00:00","dateModified":"2013-08-29T23:35:30+00:00","breadcrumb":{"@id":"https:\/\/www.oarcanjo.net\/site\/pj-realiza-missao-jovem\/#breadcrumb"},"inLanguage":"pt-BR","potentialAction":[{"@type":"ReadAction","target":["https:\/\/www.oarcanjo.net\/site\/pj-realiza-missao-jovem\/"]}]},{"@type":"BreadcrumbList","@id":"https:\/\/www.oarcanjo.net\/site\/pj-realiza-missao-jovem\/#breadcrumb","itemListElement":[{"@type":"ListItem","position":1,"name":"In\u00edcio","item":"https:\/\/www.oarcanjo.net\/site\/"},{"@type":"ListItem","position":2,"name":"PJ realiza \u201cMiss\u00e3o Jovem\u201d"}]},{"@type":"WebSite","@id":"https:\/\/www.oarcanjo.net\/site\/#website","url":"https:\/\/www.oarcanjo.net\/site\/","name":"O Arcanjo no ar","description":"Site da Par\u00f3quia S\u00e3o Miguel Arcanjo (Arquidiocese de SP)","publisher":{"@id":"https:\/\/www.oarcanjo.net\/site\/#organization"},"potentialAction":[{"@type":"SearchAction","target":{"@type":"EntryPoint","urlTemplate":"https:\/\/www.oarcanjo.net\/site\/?s={search_term_string}"},"query-input":{"@type":"PropertyValueSpecification","valueRequired":true,"valueName":"search_term_string"}}],"inLanguage":"pt-BR"},{"@type":"Organization","@id":"https:\/\/www.oarcanjo.net\/site\/#organization","name":"Par\u00f3quia S\u00e3o Miguel Arcanjo","url":"https:\/\/www.oarcanjo.net\/site\/","logo":{"@type":"ImageObject","inLanguage":"pt-BR","@id":"https:\/\/www.oarcanjo.net\/site\/#\/schema\/logo\/image\/","url":"https:\/\/www.oarcanjo.net\/site\/wp-content\/uploads\/LogoOArcanjo.png","contentUrl":"https:\/\/www.oarcanjo.net\/site\/wp-content\/uploads\/LogoOArcanjo.png","width":319,"height":99,"caption":"Par\u00f3quia S\u00e3o Miguel Arcanjo"},"image":{"@id":"https:\/\/www.oarcanjo.net\/site\/#\/schema\/logo\/image\/"},"sameAs":["https:\/\/www.facebook.com\/OArcanjoNoAr\/"]},{"@type":"Person","@id":"https:\/\/www.oarcanjo.net\/site\/#\/schema\/person\/f7024d007863202483a31326673a0838","name":"editor","sameAs":["http:\/\/www.oarcanjo.net"]}]}},"publishpress_future_action":{"enabled":false,"date":"2026-05-08 16:39:07","action":"category","newStatus":"draft","terms":[],"taxonomy":"category"},"publishpress_future_workflow_manual_trigger":{"enabledWorkflows":[]},"_links":{"self":[{"href":"https:\/\/www.oarcanjo.net\/site\/wp-json\/wp\/v2\/posts\/22805"}],"collection":[{"href":"https:\/\/www.oarcanjo.net\/site\/wp-json\/wp\/v2\/posts"}],"about":[{"href":"https:\/\/www.oarcanjo.net\/site\/wp-json\/wp\/v2\/types\/post"}],"author":[{"embeddable":true,"href":"https:\/\/www.oarcanjo.net\/site\/wp-json\/wp\/v2\/users\/5"}],"replies":[{"embeddable":true,"href":"https:\/\/www.oarcanjo.net\/site\/wp-json\/wp\/v2\/comments?post=22805"}],"version-history":[{"count":0,"href":"https:\/\/www.oarcanjo.net\/site\/wp-json\/wp\/v2\/posts\/22805\/revisions"}],"wp:attachment":[{"href":"https:\/\/www.oarcanjo.net\/site\/wp-json\/wp\/v2\/media?parent=22805"}],"wp:term":[{"taxonomy":"category","embeddable":true,"href":"https:\/\/www.oarcanjo.net\/site\/wp-json\/wp\/v2\/categories?post=22805"},{"taxonomy":"post_tag","embeddable":true,"href":"https:\/\/www.oarcanjo.net\/site\/wp-json\/wp\/v2\/tags?post=22805"}],"curies":[{"name":"wp","href":"https:\/\/api.w.org\/{rel}","templated":true}]}}