
{"id":22810,"date":"2013-08-29T20:45:08","date_gmt":"2013-08-29T23:45:08","guid":{"rendered":"http:\/\/www.oarcanjo.net\/site\/?p=22810"},"modified":"2013-08-29T20:45:08","modified_gmt":"2013-08-29T23:45:08","slug":"papa-francisco-aos-jovens-construam-com-coragem-um-mundo-de-beleza-bondade-e-verdade","status":"publish","type":"post","link":"https:\/\/www.oarcanjo.net\/site\/papa-francisco-aos-jovens-construam-com-coragem-um-mundo-de-beleza-bondade-e-verdade\/","title":{"rendered":"Papa Francisco aos jovens: construam com coragem um mundo de beleza, bondade e verdade"},"content":{"rendered":"<p>O papa Francisco encontrou-se na tarde de quarta-feira, 28, na Bas\u00edlica de S\u00e3o Pedro, com um grupo de cerca de 500 jovens da Diocese de Piacenza-Bobbio, norte da It\u00e1lia, em peregrina\u00e7\u00e3o a Roma, no \u00e2mbito do Ano da F\u00e9.<\/p>\n<p>Os jovens estavam acompanhados pelo bispo de Piacenza, dom Gianni Ambrosio, que saudou o Santo Padre em nome de todos os presentes.<\/p>\n<p>Depois da sauda\u00e7\u00e3o do prelado, o Papa tomou a palavra e disse:<\/p>\n<p>&#8220;<em>Eu gosto de estar com voc\u00eas. Por que eu gosto de estar com os jovens? Porque voc\u00eas t\u00eam em seus cora\u00e7\u00f5es a promessa de esperan\u00e7a. Voc\u00eas s\u00e3o portadores de esperan\u00e7a e vivem no presente, mas olhando para o futuro. Voc\u00eas s\u00e3o os protagonistas e artes\u00e3os do futuro. \u00c9 bonito caminhar em dire\u00e7\u00e3o ao futuro, com ilus\u00f5es e tantas coisas belas, mas \u00e9 tamb\u00e9m uma responsabilidade.&#8221;<\/em><\/p>\n<p>O pont\u00edfice frisou que os jovens s\u00e3o artes\u00e3os do futuro porque dentro deles existem tr\u00eas desejos: o desejo da beleza, da bondade e da verdade.<\/p>\n<p>&#8220;<em>Voc\u00eas gostam da beleza e quando fazem m\u00fasica, teatro, pintura, enfim, coisas belas, est\u00e3o procurando a beleza. Depois voc\u00eas s\u00e3o profetas da bondade e essa bondade \u00e9 contagiosa, ajuda a todos. Voc\u00eas t\u00eam sede da verdade e buscam a verdade. Essa verdade \u00e9 um encontro com a Verdade que \u00e9 Deus, mas \u00e9 preciso procur\u00e1-la. Esses tr\u00eas desejos que voc\u00eas t\u00eam no cora\u00e7\u00e3o devem ser levados para o futuro a fim de constru\u00ed-lo com beleza, bondade e Verdade. Este \u00e9 um desafio para voc\u00eas<\/em>&#8220;, sublinhou o Papa.<\/p>\n<p>O Santo Padre convidou os jovens a apostarem no grande ideal de construir um mundo de bondade, beleza e verdade. &#8220;Voc\u00eas t\u00eam o poder de fazer isso. Se n\u00e3o o fizerem \u00e9 por causa da pregui\u00e7a&#8221;, frisou Francisco.<\/p>\n<p>&#8220;<em>Coragem, avante! Fa\u00e7am barulho, hein? Onde est\u00e3o os jovens deve haver barulho. Na vida existem pessoas que lhes far\u00e3o propostas para coibir, para bloquear seu caminho. Por favor, caminhem contracorrente. Sejam corajosos, destemidos. Quando lhes disserem, tome um pouco de \u00e1lcool, um pouco de droga, digam n\u00e3o. Caminhem contra essa civiliza\u00e7\u00e3o que est\u00e1 fazendo tanto mal. Isso significa fazer barulho. V\u00e3o em frente com os valores da beleza, bondade e verdade&#8221;<\/em>, disse Francisco.<\/p>\n<p>O Papa desejou aos jovens &#8220;todo bem, um bom trabalho e a alegria no cora\u00e7\u00e3o&#8221; e junto com eles pediu a Maria, m\u00e3e da beleza, bondade e Verdade para que nos d\u00ea a gra\u00e7a da coragem a fim de que possamos caminhar contracorrente.<\/p>\n<p><em>Fonte: R\u00e1dio Vaticano<\/em><\/p>\n<div id=\"themify_builder_content-22810\" data-postid=\"22810\" class=\"themify_builder_content themify_builder_content-22810 themify_builder themify_builder_front\">\n\t<\/div>\n<!-- \/themify_builder_content -->","protected":false},"excerpt":{"rendered":"<p>O papa Francisco encontrou-se na tarde de quarta-feira, 28, na Bas\u00edlica de S\u00e3o Pedro, com um grupo de cerca de 500 jovens da Diocese de Piacenza-Bobbio, norte da It\u00e1lia, em peregrina\u00e7\u00e3o a Roma, no \u00e2mbito do Ano da F\u00e9. Os jovens estavam acompanhados pelo bispo de Piacenza, dom Gianni Ambrosio, que saudou o Santo Padre [&hellip;]<\/p>\n","protected":false},"author":5,"featured_media":0,"comment_status":"open","ping_status":"open","sticky":false,"template":"","format":"standard","meta":{"ngg_post_thumbnail":0,"footnotes":""},"categories":[8],"tags":[2073,3207,2433],"yoast_head":"<!-- This site is optimized with the Yoast SEO plugin v23.5 - https:\/\/yoast.com\/wordpress\/plugins\/seo\/ -->\n<title>Papa Francisco aos jovens: construam com coragem um mundo de beleza, bondade e verdade - O Arcanjo no ar<\/title>\n<meta name=\"robots\" content=\"index, follow, max-snippet:-1, max-image-preview:large, max-video-preview:-1\" \/>\n<link rel=\"canonical\" href=\"https:\/\/www.oarcanjo.net\/site\/papa-francisco-aos-jovens-construam-com-coragem-um-mundo-de-beleza-bondade-e-verdade\/\" \/>\n<meta property=\"og:locale\" content=\"pt_BR\" \/>\n<meta property=\"og:type\" content=\"article\" \/>\n<meta property=\"og:title\" content=\"Papa Francisco aos jovens: construam com coragem um mundo de beleza, bondade e verdade - O Arcanjo no ar\" \/>\n<meta property=\"og:description\" content=\"O papa Francisco encontrou-se na tarde de quarta-feira, 28, na Bas\u00edlica de S\u00e3o Pedro, com um grupo de cerca de 500 jovens da Diocese de Piacenza-Bobbio, norte da It\u00e1lia, em peregrina\u00e7\u00e3o a Roma, no \u00e2mbito do Ano da F\u00e9. Os jovens estavam acompanhados pelo bispo de Piacenza, dom Gianni Ambrosio, que saudou o Santo Padre [&hellip;]\" \/>\n<meta property=\"og:url\" content=\"https:\/\/www.oarcanjo.net\/site\/papa-francisco-aos-jovens-construam-com-coragem-um-mundo-de-beleza-bondade-e-verdade\/\" \/>\n<meta property=\"og:site_name\" content=\"O Arcanjo no ar\" \/>\n<meta property=\"article:publisher\" content=\"https:\/\/www.facebook.com\/OArcanjoNoAr\/\" \/>\n<meta property=\"article:published_time\" content=\"2013-08-29T23:45:08+00:00\" \/>\n<meta property=\"og:image\" content=\"https:\/\/www.oarcanjo.net\/site\/wp-content\/uploads\/logo-o-arcanjo-no-ar-facebook.png\" \/>\n\t<meta property=\"og:image:width\" content=\"300\" \/>\n\t<meta property=\"og:image:height\" content=\"300\" \/>\n\t<meta property=\"og:image:type\" content=\"image\/png\" \/>\n<meta name=\"author\" content=\"editor\" \/>\n<meta name=\"twitter:card\" content=\"summary_large_image\" \/>\n<meta name=\"twitter:label1\" content=\"Escrito por\" \/>\n\t<meta name=\"twitter:data1\" content=\"editor\" \/>\n\t<meta name=\"twitter:label2\" content=\"Est. tempo de leitura\" \/>\n\t<meta name=\"twitter:data2\" content=\"2 minutos\" \/>\n<script type=\"application\/ld+json\" class=\"yoast-schema-graph\">{\"@context\":\"https:\/\/schema.org\",\"@graph\":[{\"@type\":\"Article\",\"@id\":\"https:\/\/www.oarcanjo.net\/site\/papa-francisco-aos-jovens-construam-com-coragem-um-mundo-de-beleza-bondade-e-verdade\/#article\",\"isPartOf\":{\"@id\":\"https:\/\/www.oarcanjo.net\/site\/papa-francisco-aos-jovens-construam-com-coragem-um-mundo-de-beleza-bondade-e-verdade\/\"},\"author\":{\"name\":\"editor\",\"@id\":\"https:\/\/www.oarcanjo.net\/site\/#\/schema\/person\/f7024d007863202483a31326673a0838\"},\"headline\":\"Papa Francisco aos jovens: construam com coragem um mundo de beleza, bondade e verdade\",\"datePublished\":\"2013-08-29T23:45:08+00:00\",\"dateModified\":\"2013-08-29T23:45:08+00:00\",\"mainEntityOfPage\":{\"@id\":\"https:\/\/www.oarcanjo.net\/site\/papa-francisco-aos-jovens-construam-com-coragem-um-mundo-de-beleza-bondade-e-verdade\/\"},\"wordCount\":462,\"commentCount\":0,\"publisher\":{\"@id\":\"https:\/\/www.oarcanjo.net\/site\/#organization\"},\"keywords\":[\"coragem\",\"Jovens\",\"Papa Francisco\"],\"articleSection\":[\"Not\u00edcias\"],\"inLanguage\":\"pt-BR\",\"potentialAction\":[{\"@type\":\"CommentAction\",\"name\":\"Comment\",\"target\":[\"https:\/\/www.oarcanjo.net\/site\/papa-francisco-aos-jovens-construam-com-coragem-um-mundo-de-beleza-bondade-e-verdade\/#respond\"]}]},{\"@type\":\"WebPage\",\"@id\":\"https:\/\/www.oarcanjo.net\/site\/papa-francisco-aos-jovens-construam-com-coragem-um-mundo-de-beleza-bondade-e-verdade\/\",\"url\":\"https:\/\/www.oarcanjo.net\/site\/papa-francisco-aos-jovens-construam-com-coragem-um-mundo-de-beleza-bondade-e-verdade\/\",\"name\":\"Papa Francisco aos jovens: construam com coragem um mundo de beleza, bondade e verdade - O Arcanjo no ar\",\"isPartOf\":{\"@id\":\"https:\/\/www.oarcanjo.net\/site\/#website\"},\"datePublished\":\"2013-08-29T23:45:08+00:00\",\"dateModified\":\"2013-08-29T23:45:08+00:00\",\"breadcrumb\":{\"@id\":\"https:\/\/www.oarcanjo.net\/site\/papa-francisco-aos-jovens-construam-com-coragem-um-mundo-de-beleza-bondade-e-verdade\/#breadcrumb\"},\"inLanguage\":\"pt-BR\",\"potentialAction\":[{\"@type\":\"ReadAction\",\"target\":[\"https:\/\/www.oarcanjo.net\/site\/papa-francisco-aos-jovens-construam-com-coragem-um-mundo-de-beleza-bondade-e-verdade\/\"]}]},{\"@type\":\"BreadcrumbList\",\"@id\":\"https:\/\/www.oarcanjo.net\/site\/papa-francisco-aos-jovens-construam-com-coragem-um-mundo-de-beleza-bondade-e-verdade\/#breadcrumb\",\"itemListElement\":[{\"@type\":\"ListItem\",\"position\":1,\"name\":\"In\u00edcio\",\"item\":\"https:\/\/www.oarcanjo.net\/site\/\"},{\"@type\":\"ListItem\",\"position\":2,\"name\":\"Papa Francisco aos jovens: construam com coragem um mundo de beleza, bondade e verdade\"}]},{\"@type\":\"WebSite\",\"@id\":\"https:\/\/www.oarcanjo.net\/site\/#website\",\"url\":\"https:\/\/www.oarcanjo.net\/site\/\",\"name\":\"O Arcanjo no ar\",\"description\":\"Site da Par\u00f3quia S\u00e3o Miguel Arcanjo (Arquidiocese de SP)\",\"publisher\":{\"@id\":\"https:\/\/www.oarcanjo.net\/site\/#organization\"},\"potentialAction\":[{\"@type\":\"SearchAction\",\"target\":{\"@type\":\"EntryPoint\",\"urlTemplate\":\"https:\/\/www.oarcanjo.net\/site\/?s={search_term_string}\"},\"query-input\":{\"@type\":\"PropertyValueSpecification\",\"valueRequired\":true,\"valueName\":\"search_term_string\"}}],\"inLanguage\":\"pt-BR\"},{\"@type\":\"Organization\",\"@id\":\"https:\/\/www.oarcanjo.net\/site\/#organization\",\"name\":\"Par\u00f3quia S\u00e3o Miguel Arcanjo\",\"url\":\"https:\/\/www.oarcanjo.net\/site\/\",\"logo\":{\"@type\":\"ImageObject\",\"inLanguage\":\"pt-BR\",\"@id\":\"https:\/\/www.oarcanjo.net\/site\/#\/schema\/logo\/image\/\",\"url\":\"https:\/\/www.oarcanjo.net\/site\/wp-content\/uploads\/LogoOArcanjo.png\",\"contentUrl\":\"https:\/\/www.oarcanjo.net\/site\/wp-content\/uploads\/LogoOArcanjo.png\",\"width\":319,\"height\":99,\"caption\":\"Par\u00f3quia S\u00e3o Miguel Arcanjo\"},\"image\":{\"@id\":\"https:\/\/www.oarcanjo.net\/site\/#\/schema\/logo\/image\/\"},\"sameAs\":[\"https:\/\/www.facebook.com\/OArcanjoNoAr\/\"]},{\"@type\":\"Person\",\"@id\":\"https:\/\/www.oarcanjo.net\/site\/#\/schema\/person\/f7024d007863202483a31326673a0838\",\"name\":\"editor\",\"sameAs\":[\"http:\/\/www.oarcanjo.net\"]}]}<\/script>\n<!-- \/ Yoast SEO plugin. -->","yoast_head_json":{"title":"Papa Francisco aos jovens: construam com coragem um mundo de beleza, bondade e verdade - O Arcanjo no ar","robots":{"index":"index","follow":"follow","max-snippet":"max-snippet:-1","max-image-preview":"max-image-preview:large","max-video-preview":"max-video-preview:-1"},"canonical":"https:\/\/www.oarcanjo.net\/site\/papa-francisco-aos-jovens-construam-com-coragem-um-mundo-de-beleza-bondade-e-verdade\/","og_locale":"pt_BR","og_type":"article","og_title":"Papa Francisco aos jovens: construam com coragem um mundo de beleza, bondade e verdade - O Arcanjo no ar","og_description":"O papa Francisco encontrou-se na tarde de quarta-feira, 28, na Bas\u00edlica de S\u00e3o Pedro, com um grupo de cerca de 500 jovens da Diocese de Piacenza-Bobbio, norte da It\u00e1lia, em peregrina\u00e7\u00e3o a Roma, no \u00e2mbito do Ano da F\u00e9. Os jovens estavam acompanhados pelo bispo de Piacenza, dom Gianni Ambrosio, que saudou o Santo Padre [&hellip;]","og_url":"https:\/\/www.oarcanjo.net\/site\/papa-francisco-aos-jovens-construam-com-coragem-um-mundo-de-beleza-bondade-e-verdade\/","og_site_name":"O Arcanjo no ar","article_publisher":"https:\/\/www.facebook.com\/OArcanjoNoAr\/","article_published_time":"2013-08-29T23:45:08+00:00","og_image":[{"width":300,"height":300,"url":"https:\/\/www.oarcanjo.net\/site\/wp-content\/uploads\/logo-o-arcanjo-no-ar-facebook.png","type":"image\/png"}],"author":"editor","twitter_card":"summary_large_image","twitter_misc":{"Escrito por":"editor","Est. tempo de leitura":"2 minutos"},"schema":{"@context":"https:\/\/schema.org","@graph":[{"@type":"Article","@id":"https:\/\/www.oarcanjo.net\/site\/papa-francisco-aos-jovens-construam-com-coragem-um-mundo-de-beleza-bondade-e-verdade\/#article","isPartOf":{"@id":"https:\/\/www.oarcanjo.net\/site\/papa-francisco-aos-jovens-construam-com-coragem-um-mundo-de-beleza-bondade-e-verdade\/"},"author":{"name":"editor","@id":"https:\/\/www.oarcanjo.net\/site\/#\/schema\/person\/f7024d007863202483a31326673a0838"},"headline":"Papa Francisco aos jovens: construam com coragem um mundo de beleza, bondade e verdade","datePublished":"2013-08-29T23:45:08+00:00","dateModified":"2013-08-29T23:45:08+00:00","mainEntityOfPage":{"@id":"https:\/\/www.oarcanjo.net\/site\/papa-francisco-aos-jovens-construam-com-coragem-um-mundo-de-beleza-bondade-e-verdade\/"},"wordCount":462,"commentCount":0,"publisher":{"@id":"https:\/\/www.oarcanjo.net\/site\/#organization"},"keywords":["coragem","Jovens","Papa Francisco"],"articleSection":["Not\u00edcias"],"inLanguage":"pt-BR","potentialAction":[{"@type":"CommentAction","name":"Comment","target":["https:\/\/www.oarcanjo.net\/site\/papa-francisco-aos-jovens-construam-com-coragem-um-mundo-de-beleza-bondade-e-verdade\/#respond"]}]},{"@type":"WebPage","@id":"https:\/\/www.oarcanjo.net\/site\/papa-francisco-aos-jovens-construam-com-coragem-um-mundo-de-beleza-bondade-e-verdade\/","url":"https:\/\/www.oarcanjo.net\/site\/papa-francisco-aos-jovens-construam-com-coragem-um-mundo-de-beleza-bondade-e-verdade\/","name":"Papa Francisco aos jovens: construam com coragem um mundo de beleza, bondade e verdade - O Arcanjo no ar","isPartOf":{"@id":"https:\/\/www.oarcanjo.net\/site\/#website"},"datePublished":"2013-08-29T23:45:08+00:00","dateModified":"2013-08-29T23:45:08+00:00","breadcrumb":{"@id":"https:\/\/www.oarcanjo.net\/site\/papa-francisco-aos-jovens-construam-com-coragem-um-mundo-de-beleza-bondade-e-verdade\/#breadcrumb"},"inLanguage":"pt-BR","potentialAction":[{"@type":"ReadAction","target":["https:\/\/www.oarcanjo.net\/site\/papa-francisco-aos-jovens-construam-com-coragem-um-mundo-de-beleza-bondade-e-verdade\/"]}]},{"@type":"BreadcrumbList","@id":"https:\/\/www.oarcanjo.net\/site\/papa-francisco-aos-jovens-construam-com-coragem-um-mundo-de-beleza-bondade-e-verdade\/#breadcrumb","itemListElement":[{"@type":"ListItem","position":1,"name":"In\u00edcio","item":"https:\/\/www.oarcanjo.net\/site\/"},{"@type":"ListItem","position":2,"name":"Papa Francisco aos jovens: construam com coragem um mundo de beleza, bondade e verdade"}]},{"@type":"WebSite","@id":"https:\/\/www.oarcanjo.net\/site\/#website","url":"https:\/\/www.oarcanjo.net\/site\/","name":"O Arcanjo no ar","description":"Site da Par\u00f3quia S\u00e3o Miguel Arcanjo (Arquidiocese de SP)","publisher":{"@id":"https:\/\/www.oarcanjo.net\/site\/#organization"},"potentialAction":[{"@type":"SearchAction","target":{"@type":"EntryPoint","urlTemplate":"https:\/\/www.oarcanjo.net\/site\/?s={search_term_string}"},"query-input":{"@type":"PropertyValueSpecification","valueRequired":true,"valueName":"search_term_string"}}],"inLanguage":"pt-BR"},{"@type":"Organization","@id":"https:\/\/www.oarcanjo.net\/site\/#organization","name":"Par\u00f3quia S\u00e3o Miguel Arcanjo","url":"https:\/\/www.oarcanjo.net\/site\/","logo":{"@type":"ImageObject","inLanguage":"pt-BR","@id":"https:\/\/www.oarcanjo.net\/site\/#\/schema\/logo\/image\/","url":"https:\/\/www.oarcanjo.net\/site\/wp-content\/uploads\/LogoOArcanjo.png","contentUrl":"https:\/\/www.oarcanjo.net\/site\/wp-content\/uploads\/LogoOArcanjo.png","width":319,"height":99,"caption":"Par\u00f3quia S\u00e3o Miguel Arcanjo"},"image":{"@id":"https:\/\/www.oarcanjo.net\/site\/#\/schema\/logo\/image\/"},"sameAs":["https:\/\/www.facebook.com\/OArcanjoNoAr\/"]},{"@type":"Person","@id":"https:\/\/www.oarcanjo.net\/site\/#\/schema\/person\/f7024d007863202483a31326673a0838","name":"editor","sameAs":["http:\/\/www.oarcanjo.net"]}]}},"publishpress_future_action":{"enabled":false,"date":"2026-05-08 18:01:24","action":"category","newStatus":"draft","terms":[],"taxonomy":"category"},"publishpress_future_workflow_manual_trigger":{"enabledWorkflows":[]},"_links":{"self":[{"href":"https:\/\/www.oarcanjo.net\/site\/wp-json\/wp\/v2\/posts\/22810"}],"collection":[{"href":"https:\/\/www.oarcanjo.net\/site\/wp-json\/wp\/v2\/posts"}],"about":[{"href":"https:\/\/www.oarcanjo.net\/site\/wp-json\/wp\/v2\/types\/post"}],"author":[{"embeddable":true,"href":"https:\/\/www.oarcanjo.net\/site\/wp-json\/wp\/v2\/users\/5"}],"replies":[{"embeddable":true,"href":"https:\/\/www.oarcanjo.net\/site\/wp-json\/wp\/v2\/comments?post=22810"}],"version-history":[{"count":0,"href":"https:\/\/www.oarcanjo.net\/site\/wp-json\/wp\/v2\/posts\/22810\/revisions"}],"wp:attachment":[{"href":"https:\/\/www.oarcanjo.net\/site\/wp-json\/wp\/v2\/media?parent=22810"}],"wp:term":[{"taxonomy":"category","embeddable":true,"href":"https:\/\/www.oarcanjo.net\/site\/wp-json\/wp\/v2\/categories?post=22810"},{"taxonomy":"post_tag","embeddable":true,"href":"https:\/\/www.oarcanjo.net\/site\/wp-json\/wp\/v2\/tags?post=22810"}],"curies":[{"name":"wp","href":"https:\/\/api.w.org\/{rel}","templated":true}]}}