
{"id":2282,"date":"2009-03-08T11:22:31","date_gmt":"2009-03-08T14:22:31","guid":{"rendered":"http:\/\/www.oarcanjo.net\/site\/?p=2282"},"modified":"2009-03-16T09:49:37","modified_gmt":"2009-03-16T12:49:37","slug":"grupo-de-catequese-2009","status":"publish","type":"post","link":"https:\/\/www.oarcanjo.net\/site\/grupo-de-catequese-2009\/","title":{"rendered":"Grupo de Catequese 2009"},"content":{"rendered":"<p>\u00c9 com alegria que apresentamos o grupo de Catequese deste ano:<\/p>\n<p><img loading=\"lazy\" decoding=\"async\" src=\"http:\/\/www.oarcanjo.net\/site\/wp-content\/uploads\/grupocatequese2009_01_tb.jpg\" alt=\"\" title=\"Grupo de Catequese 2009\" width=\"300\" height=\"200\" class=\"alignleft size-full wp-image-2285\" \/><\/p>\n<p>ALINE<br \/>\nBEATRIZ<br \/>\nBRUNA<br \/>\nGABRIEL<br \/>\nGEOVANA<br \/>\nGIOVANNI<br \/>\nGRETA<br \/>\nJULIA<br \/>\nLARISSA<br \/>\nLARISSA BARBOSA<br \/>\nLAYS<br \/>\nLEONARDO<br \/>\nLORENA<br \/>\nLUCAS<br \/>\nLUCAS BARBOSA<br \/>\nLUCAS FANTINI<br \/>\nMARIA BEATRIZ<br \/>\nMICHEL<br \/>\nRENATA<br \/>\nROBERTA<br \/>\nTAILANE<br \/>\nTHIAGO<\/p>\n<p>Que a equipe seja unida na f\u00e9 e tenha preseveran\u00e7a pra viver os ensinamentos de Jesus. Que Deus aben\u00e7oe a estes jovens corajosos e \u00e0 catequista Rosely.<\/p>\n<p>Veja abaixo as fotos em tamanho maior:<\/p>ngg_shortcode_0_placeholder<div id=\"themify_builder_content-2282\" data-postid=\"2282\" class=\"themify_builder_content themify_builder_content-2282 themify_builder themify_builder_front\">\n\t<\/div>\n<!-- \/themify_builder_content -->","protected":false},"excerpt":{"rendered":"<p>\u00c9 com alegria que apresentamos o grupo de Catequese deste ano: ALINE BEATRIZ BRUNA GABRIEL GEOVANA GIOVANNI GRETA JULIA LARISSA LARISSA BARBOSA LAYS LEONARDO LORENA LUCAS LUCAS BARBOSA LUCAS FANTINI MARIA BEATRIZ MICHEL RENATA ROBERTA TAILANE THIAGO Que a equipe seja unida na f\u00e9 e tenha preseveran\u00e7a pra viver os ensinamentos de Jesus. Que Deus [&hellip;]<\/p>\n","protected":false},"author":5,"featured_media":0,"comment_status":"open","ping_status":"open","sticky":false,"template":"","format":"standard","meta":{"ngg_post_thumbnail":0,"footnotes":""},"categories":[8,7],"tags":[323],"yoast_head":"<!-- This site is optimized with the Yoast SEO plugin v23.5 - https:\/\/yoast.com\/wordpress\/plugins\/seo\/ -->\n<title>Grupo de Catequese 2009 - O Arcanjo no ar<\/title>\n<meta name=\"robots\" content=\"index, follow, max-snippet:-1, max-image-preview:large, max-video-preview:-1\" \/>\n<link rel=\"canonical\" href=\"https:\/\/www.oarcanjo.net\/site\/grupo-de-catequese-2009\/\" \/>\n<meta property=\"og:locale\" content=\"pt_BR\" \/>\n<meta property=\"og:type\" content=\"article\" \/>\n<meta property=\"og:title\" content=\"Grupo de Catequese 2009 - O Arcanjo no ar\" \/>\n<meta property=\"og:description\" content=\"\u00c9 com alegria que apresentamos o grupo de Catequese deste ano: ALINE BEATRIZ BRUNA GABRIEL GEOVANA GIOVANNI GRETA JULIA LARISSA LARISSA BARBOSA LAYS LEONARDO LORENA LUCAS LUCAS BARBOSA LUCAS FANTINI MARIA BEATRIZ MICHEL RENATA ROBERTA TAILANE THIAGO Que a equipe seja unida na f\u00e9 e tenha preseveran\u00e7a pra viver os ensinamentos de Jesus. Que Deus [&hellip;]\" \/>\n<meta property=\"og:url\" content=\"https:\/\/www.oarcanjo.net\/site\/grupo-de-catequese-2009\/\" \/>\n<meta property=\"og:site_name\" content=\"O Arcanjo no ar\" \/>\n<meta property=\"article:publisher\" content=\"https:\/\/www.facebook.com\/OArcanjoNoAr\/\" \/>\n<meta property=\"article:published_time\" content=\"2009-03-08T14:22:31+00:00\" \/>\n<meta property=\"article:modified_time\" content=\"2009-03-16T12:49:37+00:00\" \/>\n<meta property=\"og:image\" content=\"http:\/\/www.oarcanjo.net\/site\/wp-content\/uploads\/grupocatequese2009_01_tb.jpg\" \/>\n<meta name=\"author\" content=\"editor\" \/>\n<meta name=\"twitter:card\" content=\"summary_large_image\" \/>\n<meta name=\"twitter:label1\" content=\"Escrito por\" \/>\n\t<meta name=\"twitter:data1\" content=\"editor\" \/>\n<script type=\"application\/ld+json\" class=\"yoast-schema-graph\">{\"@context\":\"https:\/\/schema.org\",\"@graph\":[{\"@type\":\"Article\",\"@id\":\"https:\/\/www.oarcanjo.net\/site\/grupo-de-catequese-2009\/#article\",\"isPartOf\":{\"@id\":\"https:\/\/www.oarcanjo.net\/site\/grupo-de-catequese-2009\/\"},\"author\":{\"name\":\"editor\",\"@id\":\"https:\/\/www.oarcanjo.net\/site\/#\/schema\/person\/f7024d007863202483a31326673a0838\"},\"headline\":\"Grupo de Catequese 2009\",\"datePublished\":\"2009-03-08T14:22:31+00:00\",\"dateModified\":\"2009-03-16T12:49:37+00:00\",\"mainEntityOfPage\":{\"@id\":\"https:\/\/www.oarcanjo.net\/site\/grupo-de-catequese-2009\/\"},\"wordCount\":75,\"commentCount\":19,\"publisher\":{\"@id\":\"https:\/\/www.oarcanjo.net\/site\/#organization\"},\"image\":{\"@id\":\"https:\/\/www.oarcanjo.net\/site\/grupo-de-catequese-2009\/#primaryimage\"},\"thumbnailUrl\":\"http:\/\/www.oarcanjo.net\/site\/wp-content\/uploads\/grupocatequese2009_01_tb.jpg\",\"keywords\":[\"Catequese\"],\"articleSection\":[\"Not\u00edcias\",\"Rosto da comunidade\"],\"inLanguage\":\"pt-BR\",\"potentialAction\":[{\"@type\":\"CommentAction\",\"name\":\"Comment\",\"target\":[\"https:\/\/www.oarcanjo.net\/site\/grupo-de-catequese-2009\/#respond\"]}]},{\"@type\":\"WebPage\",\"@id\":\"https:\/\/www.oarcanjo.net\/site\/grupo-de-catequese-2009\/\",\"url\":\"https:\/\/www.oarcanjo.net\/site\/grupo-de-catequese-2009\/\",\"name\":\"Grupo de Catequese 2009 - O Arcanjo no ar\",\"isPartOf\":{\"@id\":\"https:\/\/www.oarcanjo.net\/site\/#website\"},\"primaryImageOfPage\":{\"@id\":\"https:\/\/www.oarcanjo.net\/site\/grupo-de-catequese-2009\/#primaryimage\"},\"image\":{\"@id\":\"https:\/\/www.oarcanjo.net\/site\/grupo-de-catequese-2009\/#primaryimage\"},\"thumbnailUrl\":\"http:\/\/www.oarcanjo.net\/site\/wp-content\/uploads\/grupocatequese2009_01_tb.jpg\",\"datePublished\":\"2009-03-08T14:22:31+00:00\",\"dateModified\":\"2009-03-16T12:49:37+00:00\",\"breadcrumb\":{\"@id\":\"https:\/\/www.oarcanjo.net\/site\/grupo-de-catequese-2009\/#breadcrumb\"},\"inLanguage\":\"pt-BR\",\"potentialAction\":[{\"@type\":\"ReadAction\",\"target\":[\"https:\/\/www.oarcanjo.net\/site\/grupo-de-catequese-2009\/\"]}]},{\"@type\":\"ImageObject\",\"inLanguage\":\"pt-BR\",\"@id\":\"https:\/\/www.oarcanjo.net\/site\/grupo-de-catequese-2009\/#primaryimage\",\"url\":\"https:\/\/www.oarcanjo.net\/site\/wp-content\/uploads\/grupocatequese2009_01_tb.jpg\",\"contentUrl\":\"https:\/\/www.oarcanjo.net\/site\/wp-content\/uploads\/grupocatequese2009_01_tb.jpg\",\"width\":300,\"height\":200},{\"@type\":\"BreadcrumbList\",\"@id\":\"https:\/\/www.oarcanjo.net\/site\/grupo-de-catequese-2009\/#breadcrumb\",\"itemListElement\":[{\"@type\":\"ListItem\",\"position\":1,\"name\":\"In\u00edcio\",\"item\":\"https:\/\/www.oarcanjo.net\/site\/\"},{\"@type\":\"ListItem\",\"position\":2,\"name\":\"Grupo de Catequese 2009\"}]},{\"@type\":\"WebSite\",\"@id\":\"https:\/\/www.oarcanjo.net\/site\/#website\",\"url\":\"https:\/\/www.oarcanjo.net\/site\/\",\"name\":\"O Arcanjo no ar\",\"description\":\"Site da Par\u00f3quia S\u00e3o Miguel Arcanjo (Arquidiocese de SP)\",\"publisher\":{\"@id\":\"https:\/\/www.oarcanjo.net\/site\/#organization\"},\"potentialAction\":[{\"@type\":\"SearchAction\",\"target\":{\"@type\":\"EntryPoint\",\"urlTemplate\":\"https:\/\/www.oarcanjo.net\/site\/?s={search_term_string}\"},\"query-input\":{\"@type\":\"PropertyValueSpecification\",\"valueRequired\":true,\"valueName\":\"search_term_string\"}}],\"inLanguage\":\"pt-BR\"},{\"@type\":\"Organization\",\"@id\":\"https:\/\/www.oarcanjo.net\/site\/#organization\",\"name\":\"Par\u00f3quia S\u00e3o Miguel Arcanjo\",\"url\":\"https:\/\/www.oarcanjo.net\/site\/\",\"logo\":{\"@type\":\"ImageObject\",\"inLanguage\":\"pt-BR\",\"@id\":\"https:\/\/www.oarcanjo.net\/site\/#\/schema\/logo\/image\/\",\"url\":\"https:\/\/www.oarcanjo.net\/site\/wp-content\/uploads\/LogoOArcanjo.png\",\"contentUrl\":\"https:\/\/www.oarcanjo.net\/site\/wp-content\/uploads\/LogoOArcanjo.png\",\"width\":319,\"height\":99,\"caption\":\"Par\u00f3quia S\u00e3o Miguel Arcanjo\"},\"image\":{\"@id\":\"https:\/\/www.oarcanjo.net\/site\/#\/schema\/logo\/image\/\"},\"sameAs\":[\"https:\/\/www.facebook.com\/OArcanjoNoAr\/\"]},{\"@type\":\"Person\",\"@id\":\"https:\/\/www.oarcanjo.net\/site\/#\/schema\/person\/f7024d007863202483a31326673a0838\",\"name\":\"editor\",\"sameAs\":[\"http:\/\/www.oarcanjo.net\"]}]}<\/script>\n<!-- \/ Yoast SEO plugin. -->","yoast_head_json":{"title":"Grupo de Catequese 2009 - O Arcanjo no ar","robots":{"index":"index","follow":"follow","max-snippet":"max-snippet:-1","max-image-preview":"max-image-preview:large","max-video-preview":"max-video-preview:-1"},"canonical":"https:\/\/www.oarcanjo.net\/site\/grupo-de-catequese-2009\/","og_locale":"pt_BR","og_type":"article","og_title":"Grupo de Catequese 2009 - O Arcanjo no ar","og_description":"\u00c9 com alegria que apresentamos o grupo de Catequese deste ano: ALINE BEATRIZ BRUNA GABRIEL GEOVANA GIOVANNI GRETA JULIA LARISSA LARISSA BARBOSA LAYS LEONARDO LORENA LUCAS LUCAS BARBOSA LUCAS FANTINI MARIA BEATRIZ MICHEL RENATA ROBERTA TAILANE THIAGO Que a equipe seja unida na f\u00e9 e tenha preseveran\u00e7a pra viver os ensinamentos de Jesus. Que Deus [&hellip;]","og_url":"https:\/\/www.oarcanjo.net\/site\/grupo-de-catequese-2009\/","og_site_name":"O Arcanjo no ar","article_publisher":"https:\/\/www.facebook.com\/OArcanjoNoAr\/","article_published_time":"2009-03-08T14:22:31+00:00","article_modified_time":"2009-03-16T12:49:37+00:00","og_image":[{"url":"http:\/\/www.oarcanjo.net\/site\/wp-content\/uploads\/grupocatequese2009_01_tb.jpg"}],"author":"editor","twitter_card":"summary_large_image","twitter_misc":{"Escrito por":"editor"},"schema":{"@context":"https:\/\/schema.org","@graph":[{"@type":"Article","@id":"https:\/\/www.oarcanjo.net\/site\/grupo-de-catequese-2009\/#article","isPartOf":{"@id":"https:\/\/www.oarcanjo.net\/site\/grupo-de-catequese-2009\/"},"author":{"name":"editor","@id":"https:\/\/www.oarcanjo.net\/site\/#\/schema\/person\/f7024d007863202483a31326673a0838"},"headline":"Grupo de Catequese 2009","datePublished":"2009-03-08T14:22:31+00:00","dateModified":"2009-03-16T12:49:37+00:00","mainEntityOfPage":{"@id":"https:\/\/www.oarcanjo.net\/site\/grupo-de-catequese-2009\/"},"wordCount":75,"commentCount":19,"publisher":{"@id":"https:\/\/www.oarcanjo.net\/site\/#organization"},"image":{"@id":"https:\/\/www.oarcanjo.net\/site\/grupo-de-catequese-2009\/#primaryimage"},"thumbnailUrl":"http:\/\/www.oarcanjo.net\/site\/wp-content\/uploads\/grupocatequese2009_01_tb.jpg","keywords":["Catequese"],"articleSection":["Not\u00edcias","Rosto da comunidade"],"inLanguage":"pt-BR","potentialAction":[{"@type":"CommentAction","name":"Comment","target":["https:\/\/www.oarcanjo.net\/site\/grupo-de-catequese-2009\/#respond"]}]},{"@type":"WebPage","@id":"https:\/\/www.oarcanjo.net\/site\/grupo-de-catequese-2009\/","url":"https:\/\/www.oarcanjo.net\/site\/grupo-de-catequese-2009\/","name":"Grupo de Catequese 2009 - O Arcanjo no ar","isPartOf":{"@id":"https:\/\/www.oarcanjo.net\/site\/#website"},"primaryImageOfPage":{"@id":"https:\/\/www.oarcanjo.net\/site\/grupo-de-catequese-2009\/#primaryimage"},"image":{"@id":"https:\/\/www.oarcanjo.net\/site\/grupo-de-catequese-2009\/#primaryimage"},"thumbnailUrl":"http:\/\/www.oarcanjo.net\/site\/wp-content\/uploads\/grupocatequese2009_01_tb.jpg","datePublished":"2009-03-08T14:22:31+00:00","dateModified":"2009-03-16T12:49:37+00:00","breadcrumb":{"@id":"https:\/\/www.oarcanjo.net\/site\/grupo-de-catequese-2009\/#breadcrumb"},"inLanguage":"pt-BR","potentialAction":[{"@type":"ReadAction","target":["https:\/\/www.oarcanjo.net\/site\/grupo-de-catequese-2009\/"]}]},{"@type":"ImageObject","inLanguage":"pt-BR","@id":"https:\/\/www.oarcanjo.net\/site\/grupo-de-catequese-2009\/#primaryimage","url":"https:\/\/www.oarcanjo.net\/site\/wp-content\/uploads\/grupocatequese2009_01_tb.jpg","contentUrl":"https:\/\/www.oarcanjo.net\/site\/wp-content\/uploads\/grupocatequese2009_01_tb.jpg","width":300,"height":200},{"@type":"BreadcrumbList","@id":"https:\/\/www.oarcanjo.net\/site\/grupo-de-catequese-2009\/#breadcrumb","itemListElement":[{"@type":"ListItem","position":1,"name":"In\u00edcio","item":"https:\/\/www.oarcanjo.net\/site\/"},{"@type":"ListItem","position":2,"name":"Grupo de Catequese 2009"}]},{"@type":"WebSite","@id":"https:\/\/www.oarcanjo.net\/site\/#website","url":"https:\/\/www.oarcanjo.net\/site\/","name":"O Arcanjo no ar","description":"Site da Par\u00f3quia S\u00e3o Miguel Arcanjo (Arquidiocese de SP)","publisher":{"@id":"https:\/\/www.oarcanjo.net\/site\/#organization"},"potentialAction":[{"@type":"SearchAction","target":{"@type":"EntryPoint","urlTemplate":"https:\/\/www.oarcanjo.net\/site\/?s={search_term_string}"},"query-input":{"@type":"PropertyValueSpecification","valueRequired":true,"valueName":"search_term_string"}}],"inLanguage":"pt-BR"},{"@type":"Organization","@id":"https:\/\/www.oarcanjo.net\/site\/#organization","name":"Par\u00f3quia S\u00e3o Miguel Arcanjo","url":"https:\/\/www.oarcanjo.net\/site\/","logo":{"@type":"ImageObject","inLanguage":"pt-BR","@id":"https:\/\/www.oarcanjo.net\/site\/#\/schema\/logo\/image\/","url":"https:\/\/www.oarcanjo.net\/site\/wp-content\/uploads\/LogoOArcanjo.png","contentUrl":"https:\/\/www.oarcanjo.net\/site\/wp-content\/uploads\/LogoOArcanjo.png","width":319,"height":99,"caption":"Par\u00f3quia S\u00e3o Miguel Arcanjo"},"image":{"@id":"https:\/\/www.oarcanjo.net\/site\/#\/schema\/logo\/image\/"},"sameAs":["https:\/\/www.facebook.com\/OArcanjoNoAr\/"]},{"@type":"Person","@id":"https:\/\/www.oarcanjo.net\/site\/#\/schema\/person\/f7024d007863202483a31326673a0838","name":"editor","sameAs":["http:\/\/www.oarcanjo.net"]}]}},"publishpress_future_action":{"enabled":false,"date":"2026-05-06 05:47:55","action":"category","newStatus":"draft","terms":[],"taxonomy":"category"},"publishpress_future_workflow_manual_trigger":{"enabledWorkflows":[]},"_links":{"self":[{"href":"https:\/\/www.oarcanjo.net\/site\/wp-json\/wp\/v2\/posts\/2282"}],"collection":[{"href":"https:\/\/www.oarcanjo.net\/site\/wp-json\/wp\/v2\/posts"}],"about":[{"href":"https:\/\/www.oarcanjo.net\/site\/wp-json\/wp\/v2\/types\/post"}],"author":[{"embeddable":true,"href":"https:\/\/www.oarcanjo.net\/site\/wp-json\/wp\/v2\/users\/5"}],"replies":[{"embeddable":true,"href":"https:\/\/www.oarcanjo.net\/site\/wp-json\/wp\/v2\/comments?post=2282"}],"version-history":[{"count":0,"href":"https:\/\/www.oarcanjo.net\/site\/wp-json\/wp\/v2\/posts\/2282\/revisions"}],"wp:attachment":[{"href":"https:\/\/www.oarcanjo.net\/site\/wp-json\/wp\/v2\/media?parent=2282"}],"wp:term":[{"taxonomy":"category","embeddable":true,"href":"https:\/\/www.oarcanjo.net\/site\/wp-json\/wp\/v2\/categories?post=2282"},{"taxonomy":"post_tag","embeddable":true,"href":"https:\/\/www.oarcanjo.net\/site\/wp-json\/wp\/v2\/tags?post=2282"}],"curies":[{"name":"wp","href":"https:\/\/api.w.org\/{rel}","templated":true}]}}