
{"id":22823,"date":"2013-09-02T11:23:28","date_gmt":"2013-09-02T14:23:28","guid":{"rendered":"http:\/\/www.oarcanjo.net\/site\/?p=22823"},"modified":"2013-09-02T13:41:18","modified_gmt":"2013-09-02T16:41:18","slug":"dom-odilo-manifesta-solidariedade-e-pesar-a-guarulhos","status":"publish","type":"post","link":"https:\/\/www.oarcanjo.net\/site\/dom-odilo-manifesta-solidariedade-e-pesar-a-guarulhos\/","title":{"rendered":"Dom Odilo manifesta solidariedade e pesar a Guarulhos"},"content":{"rendered":"<p>O arcebispo de S\u00e3o Paulo, cardeal dom Odilo Scherer, divulgou na manh\u00e3 desta segunda-feira (2), nota de Pesar e Solidariedade pela morte de dom Joaquim Justino Carreira, bispo diocesano de Guarulhos e ex-auxiliar da Arquidiocese de S\u00e3o Paulo.<\/p>\n<p>No texto, o cardeal registra seus &#8220;sentimentos de pesar pelo falecimento do estimado bispo&#8221; e manifesta sua &#8220;proximidade e solidariedade ao clero e a todo o povo da diocese de Guarulhos, que ficou sem seu amado Pastor&#8221;. Dom Odilo, manifesta, ainda, &#8220;solidariedade aos familiares de dom Joaquim, que o acompanharam com tanto carinho na vida e, especialmente, nesses \u00faltimos dias&#8221;.<\/p>\n<p>O cardeal faz men\u00e7\u00e3o especial \u00e0 &#8220;generosa dedica\u00e7\u00e3o de Dom Joaquim \u00e0 Arquidiocese de S\u00e3o Paulo, como Bispo Auxiliar&#8221;. &#8220;Deus, que o chamou do nosso meio, conceda-lhe agora um lugar no c\u00e9u entre os bons e fi\u00e9is oper\u00e1rios de sua messe e entre os santos Pastores, que entregaram a vida pelo seu povo&#8221;.<\/p>\n<p><a title=\"Nota de Dom Odilo\" href=\"http:\/\/www.arquidiocesedesaopaulo.org.br\/sites\/arquidiocesedesaopaulo.pucsp.br\/files\/downloads\/2013%2009%2002%20Pesar%20e%20solidariedade_final.pdf\" target=\"_blank\">Leia \u00edntegra da nota de dom Odilo<\/a><\/p>\n<p><em>Fonte: Arquidiocese de S\u00e3o Paulo<\/em><\/p>\n<div id=\"themify_builder_content-22823\" data-postid=\"22823\" class=\"themify_builder_content themify_builder_content-22823 themify_builder themify_builder_front\">\n\t<\/div>\n<!-- \/themify_builder_content -->","protected":false},"excerpt":{"rendered":"<p>O arcebispo de S\u00e3o Paulo, cardeal dom Odilo Scherer, divulgou na manh\u00e3 desta segunda-feira (2), nota de Pesar e Solidariedade pela morte de dom Joaquim Justino Carreira, bispo diocesano de Guarulhos e ex-auxiliar da Arquidiocese de S\u00e3o Paulo. No texto, o cardeal registra seus &#8220;sentimentos de pesar pelo falecimento do estimado bispo&#8221; e manifesta sua [&hellip;]<\/p>\n","protected":false},"author":5,"featured_media":0,"comment_status":"open","ping_status":"open","sticky":false,"template":"","format":"standard","meta":{"ngg_post_thumbnail":0,"footnotes":""},"categories":[8],"tags":[239,2601,2599,2602,2603],"yoast_head":"<!-- This site is optimized with the Yoast SEO plugin v23.5 - https:\/\/yoast.com\/wordpress\/plugins\/seo\/ -->\n<title>Dom Odilo manifesta solidariedade e pesar a Guarulhos - O Arcanjo no ar<\/title>\n<meta name=\"robots\" content=\"index, follow, max-snippet:-1, max-image-preview:large, max-video-preview:-1\" \/>\n<link rel=\"canonical\" href=\"https:\/\/www.oarcanjo.net\/site\/dom-odilo-manifesta-solidariedade-e-pesar-a-guarulhos\/\" \/>\n<meta property=\"og:locale\" content=\"pt_BR\" \/>\n<meta property=\"og:type\" content=\"article\" \/>\n<meta property=\"og:title\" content=\"Dom Odilo manifesta solidariedade e pesar a Guarulhos - O Arcanjo no ar\" \/>\n<meta property=\"og:description\" content=\"O arcebispo de S\u00e3o Paulo, cardeal dom Odilo Scherer, divulgou na manh\u00e3 desta segunda-feira (2), nota de Pesar e Solidariedade pela morte de dom Joaquim Justino Carreira, bispo diocesano de Guarulhos e ex-auxiliar da Arquidiocese de S\u00e3o Paulo. No texto, o cardeal registra seus &#8220;sentimentos de pesar pelo falecimento do estimado bispo&#8221; e manifesta sua [&hellip;]\" \/>\n<meta property=\"og:url\" content=\"https:\/\/www.oarcanjo.net\/site\/dom-odilo-manifesta-solidariedade-e-pesar-a-guarulhos\/\" \/>\n<meta property=\"og:site_name\" content=\"O Arcanjo no ar\" \/>\n<meta property=\"article:publisher\" content=\"https:\/\/www.facebook.com\/OArcanjoNoAr\/\" \/>\n<meta property=\"article:published_time\" content=\"2013-09-02T14:23:28+00:00\" \/>\n<meta property=\"article:modified_time\" content=\"2013-09-02T16:41:18+00:00\" \/>\n<meta property=\"og:image\" content=\"https:\/\/www.oarcanjo.net\/site\/wp-content\/uploads\/logo-o-arcanjo-no-ar-facebook.png\" \/>\n\t<meta property=\"og:image:width\" content=\"300\" \/>\n\t<meta property=\"og:image:height\" content=\"300\" \/>\n\t<meta property=\"og:image:type\" content=\"image\/png\" \/>\n<meta name=\"author\" content=\"editor\" \/>\n<meta name=\"twitter:card\" content=\"summary_large_image\" \/>\n<meta name=\"twitter:label1\" content=\"Escrito por\" \/>\n\t<meta name=\"twitter:data1\" content=\"editor\" \/>\n\t<meta name=\"twitter:label2\" content=\"Est. tempo de leitura\" \/>\n\t<meta name=\"twitter:data2\" content=\"1 minuto\" \/>\n<script type=\"application\/ld+json\" class=\"yoast-schema-graph\">{\"@context\":\"https:\/\/schema.org\",\"@graph\":[{\"@type\":\"Article\",\"@id\":\"https:\/\/www.oarcanjo.net\/site\/dom-odilo-manifesta-solidariedade-e-pesar-a-guarulhos\/#article\",\"isPartOf\":{\"@id\":\"https:\/\/www.oarcanjo.net\/site\/dom-odilo-manifesta-solidariedade-e-pesar-a-guarulhos\/\"},\"author\":{\"name\":\"editor\",\"@id\":\"https:\/\/www.oarcanjo.net\/site\/#\/schema\/person\/f7024d007863202483a31326673a0838\"},\"headline\":\"Dom Odilo manifesta solidariedade e pesar a Guarulhos\",\"datePublished\":\"2013-09-02T14:23:28+00:00\",\"dateModified\":\"2013-09-02T16:41:18+00:00\",\"mainEntityOfPage\":{\"@id\":\"https:\/\/www.oarcanjo.net\/site\/dom-odilo-manifesta-solidariedade-e-pesar-a-guarulhos\/\"},\"wordCount\":177,\"commentCount\":0,\"publisher\":{\"@id\":\"https:\/\/www.oarcanjo.net\/site\/#organization\"},\"keywords\":[\"Arquidiocese de S\u00e3o Paulo\",\"Bispo Auxiliar\",\"Cardeal Dom Odilo Scherer\",\"Dom Joaquim Justino Carreira\",\"Guarulhos\"],\"articleSection\":[\"Not\u00edcias\"],\"inLanguage\":\"pt-BR\",\"potentialAction\":[{\"@type\":\"CommentAction\",\"name\":\"Comment\",\"target\":[\"https:\/\/www.oarcanjo.net\/site\/dom-odilo-manifesta-solidariedade-e-pesar-a-guarulhos\/#respond\"]}]},{\"@type\":\"WebPage\",\"@id\":\"https:\/\/www.oarcanjo.net\/site\/dom-odilo-manifesta-solidariedade-e-pesar-a-guarulhos\/\",\"url\":\"https:\/\/www.oarcanjo.net\/site\/dom-odilo-manifesta-solidariedade-e-pesar-a-guarulhos\/\",\"name\":\"Dom Odilo manifesta solidariedade e pesar a Guarulhos - O Arcanjo no ar\",\"isPartOf\":{\"@id\":\"https:\/\/www.oarcanjo.net\/site\/#website\"},\"datePublished\":\"2013-09-02T14:23:28+00:00\",\"dateModified\":\"2013-09-02T16:41:18+00:00\",\"breadcrumb\":{\"@id\":\"https:\/\/www.oarcanjo.net\/site\/dom-odilo-manifesta-solidariedade-e-pesar-a-guarulhos\/#breadcrumb\"},\"inLanguage\":\"pt-BR\",\"potentialAction\":[{\"@type\":\"ReadAction\",\"target\":[\"https:\/\/www.oarcanjo.net\/site\/dom-odilo-manifesta-solidariedade-e-pesar-a-guarulhos\/\"]}]},{\"@type\":\"BreadcrumbList\",\"@id\":\"https:\/\/www.oarcanjo.net\/site\/dom-odilo-manifesta-solidariedade-e-pesar-a-guarulhos\/#breadcrumb\",\"itemListElement\":[{\"@type\":\"ListItem\",\"position\":1,\"name\":\"In\u00edcio\",\"item\":\"https:\/\/www.oarcanjo.net\/site\/\"},{\"@type\":\"ListItem\",\"position\":2,\"name\":\"Dom Odilo manifesta solidariedade e pesar a Guarulhos\"}]},{\"@type\":\"WebSite\",\"@id\":\"https:\/\/www.oarcanjo.net\/site\/#website\",\"url\":\"https:\/\/www.oarcanjo.net\/site\/\",\"name\":\"O Arcanjo no ar\",\"description\":\"Site da Par\u00f3quia S\u00e3o Miguel Arcanjo (Arquidiocese de SP)\",\"publisher\":{\"@id\":\"https:\/\/www.oarcanjo.net\/site\/#organization\"},\"potentialAction\":[{\"@type\":\"SearchAction\",\"target\":{\"@type\":\"EntryPoint\",\"urlTemplate\":\"https:\/\/www.oarcanjo.net\/site\/?s={search_term_string}\"},\"query-input\":{\"@type\":\"PropertyValueSpecification\",\"valueRequired\":true,\"valueName\":\"search_term_string\"}}],\"inLanguage\":\"pt-BR\"},{\"@type\":\"Organization\",\"@id\":\"https:\/\/www.oarcanjo.net\/site\/#organization\",\"name\":\"Par\u00f3quia S\u00e3o Miguel Arcanjo\",\"url\":\"https:\/\/www.oarcanjo.net\/site\/\",\"logo\":{\"@type\":\"ImageObject\",\"inLanguage\":\"pt-BR\",\"@id\":\"https:\/\/www.oarcanjo.net\/site\/#\/schema\/logo\/image\/\",\"url\":\"https:\/\/www.oarcanjo.net\/site\/wp-content\/uploads\/LogoOArcanjo.png\",\"contentUrl\":\"https:\/\/www.oarcanjo.net\/site\/wp-content\/uploads\/LogoOArcanjo.png\",\"width\":319,\"height\":99,\"caption\":\"Par\u00f3quia S\u00e3o Miguel Arcanjo\"},\"image\":{\"@id\":\"https:\/\/www.oarcanjo.net\/site\/#\/schema\/logo\/image\/\"},\"sameAs\":[\"https:\/\/www.facebook.com\/OArcanjoNoAr\/\"]},{\"@type\":\"Person\",\"@id\":\"https:\/\/www.oarcanjo.net\/site\/#\/schema\/person\/f7024d007863202483a31326673a0838\",\"name\":\"editor\",\"sameAs\":[\"http:\/\/www.oarcanjo.net\"]}]}<\/script>\n<!-- \/ Yoast SEO plugin. -->","yoast_head_json":{"title":"Dom Odilo manifesta solidariedade e pesar a Guarulhos - O Arcanjo no ar","robots":{"index":"index","follow":"follow","max-snippet":"max-snippet:-1","max-image-preview":"max-image-preview:large","max-video-preview":"max-video-preview:-1"},"canonical":"https:\/\/www.oarcanjo.net\/site\/dom-odilo-manifesta-solidariedade-e-pesar-a-guarulhos\/","og_locale":"pt_BR","og_type":"article","og_title":"Dom Odilo manifesta solidariedade e pesar a Guarulhos - O Arcanjo no ar","og_description":"O arcebispo de S\u00e3o Paulo, cardeal dom Odilo Scherer, divulgou na manh\u00e3 desta segunda-feira (2), nota de Pesar e Solidariedade pela morte de dom Joaquim Justino Carreira, bispo diocesano de Guarulhos e ex-auxiliar da Arquidiocese de S\u00e3o Paulo. No texto, o cardeal registra seus &#8220;sentimentos de pesar pelo falecimento do estimado bispo&#8221; e manifesta sua [&hellip;]","og_url":"https:\/\/www.oarcanjo.net\/site\/dom-odilo-manifesta-solidariedade-e-pesar-a-guarulhos\/","og_site_name":"O Arcanjo no ar","article_publisher":"https:\/\/www.facebook.com\/OArcanjoNoAr\/","article_published_time":"2013-09-02T14:23:28+00:00","article_modified_time":"2013-09-02T16:41:18+00:00","og_image":[{"width":300,"height":300,"url":"https:\/\/www.oarcanjo.net\/site\/wp-content\/uploads\/logo-o-arcanjo-no-ar-facebook.png","type":"image\/png"}],"author":"editor","twitter_card":"summary_large_image","twitter_misc":{"Escrito por":"editor","Est. tempo de leitura":"1 minuto"},"schema":{"@context":"https:\/\/schema.org","@graph":[{"@type":"Article","@id":"https:\/\/www.oarcanjo.net\/site\/dom-odilo-manifesta-solidariedade-e-pesar-a-guarulhos\/#article","isPartOf":{"@id":"https:\/\/www.oarcanjo.net\/site\/dom-odilo-manifesta-solidariedade-e-pesar-a-guarulhos\/"},"author":{"name":"editor","@id":"https:\/\/www.oarcanjo.net\/site\/#\/schema\/person\/f7024d007863202483a31326673a0838"},"headline":"Dom Odilo manifesta solidariedade e pesar a Guarulhos","datePublished":"2013-09-02T14:23:28+00:00","dateModified":"2013-09-02T16:41:18+00:00","mainEntityOfPage":{"@id":"https:\/\/www.oarcanjo.net\/site\/dom-odilo-manifesta-solidariedade-e-pesar-a-guarulhos\/"},"wordCount":177,"commentCount":0,"publisher":{"@id":"https:\/\/www.oarcanjo.net\/site\/#organization"},"keywords":["Arquidiocese de S\u00e3o Paulo","Bispo Auxiliar","Cardeal Dom Odilo Scherer","Dom Joaquim Justino Carreira","Guarulhos"],"articleSection":["Not\u00edcias"],"inLanguage":"pt-BR","potentialAction":[{"@type":"CommentAction","name":"Comment","target":["https:\/\/www.oarcanjo.net\/site\/dom-odilo-manifesta-solidariedade-e-pesar-a-guarulhos\/#respond"]}]},{"@type":"WebPage","@id":"https:\/\/www.oarcanjo.net\/site\/dom-odilo-manifesta-solidariedade-e-pesar-a-guarulhos\/","url":"https:\/\/www.oarcanjo.net\/site\/dom-odilo-manifesta-solidariedade-e-pesar-a-guarulhos\/","name":"Dom Odilo manifesta solidariedade e pesar a Guarulhos - O Arcanjo no ar","isPartOf":{"@id":"https:\/\/www.oarcanjo.net\/site\/#website"},"datePublished":"2013-09-02T14:23:28+00:00","dateModified":"2013-09-02T16:41:18+00:00","breadcrumb":{"@id":"https:\/\/www.oarcanjo.net\/site\/dom-odilo-manifesta-solidariedade-e-pesar-a-guarulhos\/#breadcrumb"},"inLanguage":"pt-BR","potentialAction":[{"@type":"ReadAction","target":["https:\/\/www.oarcanjo.net\/site\/dom-odilo-manifesta-solidariedade-e-pesar-a-guarulhos\/"]}]},{"@type":"BreadcrumbList","@id":"https:\/\/www.oarcanjo.net\/site\/dom-odilo-manifesta-solidariedade-e-pesar-a-guarulhos\/#breadcrumb","itemListElement":[{"@type":"ListItem","position":1,"name":"In\u00edcio","item":"https:\/\/www.oarcanjo.net\/site\/"},{"@type":"ListItem","position":2,"name":"Dom Odilo manifesta solidariedade e pesar a Guarulhos"}]},{"@type":"WebSite","@id":"https:\/\/www.oarcanjo.net\/site\/#website","url":"https:\/\/www.oarcanjo.net\/site\/","name":"O Arcanjo no ar","description":"Site da Par\u00f3quia S\u00e3o Miguel Arcanjo (Arquidiocese de SP)","publisher":{"@id":"https:\/\/www.oarcanjo.net\/site\/#organization"},"potentialAction":[{"@type":"SearchAction","target":{"@type":"EntryPoint","urlTemplate":"https:\/\/www.oarcanjo.net\/site\/?s={search_term_string}"},"query-input":{"@type":"PropertyValueSpecification","valueRequired":true,"valueName":"search_term_string"}}],"inLanguage":"pt-BR"},{"@type":"Organization","@id":"https:\/\/www.oarcanjo.net\/site\/#organization","name":"Par\u00f3quia S\u00e3o Miguel Arcanjo","url":"https:\/\/www.oarcanjo.net\/site\/","logo":{"@type":"ImageObject","inLanguage":"pt-BR","@id":"https:\/\/www.oarcanjo.net\/site\/#\/schema\/logo\/image\/","url":"https:\/\/www.oarcanjo.net\/site\/wp-content\/uploads\/LogoOArcanjo.png","contentUrl":"https:\/\/www.oarcanjo.net\/site\/wp-content\/uploads\/LogoOArcanjo.png","width":319,"height":99,"caption":"Par\u00f3quia S\u00e3o Miguel Arcanjo"},"image":{"@id":"https:\/\/www.oarcanjo.net\/site\/#\/schema\/logo\/image\/"},"sameAs":["https:\/\/www.facebook.com\/OArcanjoNoAr\/"]},{"@type":"Person","@id":"https:\/\/www.oarcanjo.net\/site\/#\/schema\/person\/f7024d007863202483a31326673a0838","name":"editor","sameAs":["http:\/\/www.oarcanjo.net"]}]}},"publishpress_future_action":{"enabled":false,"date":"2026-05-08 21:09:39","action":"category","newStatus":"draft","terms":[],"taxonomy":"category"},"publishpress_future_workflow_manual_trigger":{"enabledWorkflows":[]},"_links":{"self":[{"href":"https:\/\/www.oarcanjo.net\/site\/wp-json\/wp\/v2\/posts\/22823"}],"collection":[{"href":"https:\/\/www.oarcanjo.net\/site\/wp-json\/wp\/v2\/posts"}],"about":[{"href":"https:\/\/www.oarcanjo.net\/site\/wp-json\/wp\/v2\/types\/post"}],"author":[{"embeddable":true,"href":"https:\/\/www.oarcanjo.net\/site\/wp-json\/wp\/v2\/users\/5"}],"replies":[{"embeddable":true,"href":"https:\/\/www.oarcanjo.net\/site\/wp-json\/wp\/v2\/comments?post=22823"}],"version-history":[{"count":0,"href":"https:\/\/www.oarcanjo.net\/site\/wp-json\/wp\/v2\/posts\/22823\/revisions"}],"wp:attachment":[{"href":"https:\/\/www.oarcanjo.net\/site\/wp-json\/wp\/v2\/media?parent=22823"}],"wp:term":[{"taxonomy":"category","embeddable":true,"href":"https:\/\/www.oarcanjo.net\/site\/wp-json\/wp\/v2\/categories?post=22823"},{"taxonomy":"post_tag","embeddable":true,"href":"https:\/\/www.oarcanjo.net\/site\/wp-json\/wp\/v2\/tags?post=22823"}],"curies":[{"name":"wp","href":"https:\/\/api.w.org\/{rel}","templated":true}]}}