
{"id":22825,"date":"2013-09-02T10:40:05","date_gmt":"2013-09-02T13:40:05","guid":{"rendered":"http:\/\/www.oarcanjo.net\/site\/?p=22825"},"modified":"2013-09-02T13:40:35","modified_gmt":"2013-09-02T16:40:35","slug":"papa-convoca-oracao-e-jejum-pela-paz-na-siria","status":"publish","type":"post","link":"https:\/\/www.oarcanjo.net\/site\/papa-convoca-oracao-e-jejum-pela-paz-na-siria\/","title":{"rendered":"Papa convoca ora\u00e7\u00e3o e jejum pela paz na S\u00edria"},"content":{"rendered":"<p>No \u00c2ngelus deste domingo, 1, o papa Francisco convocou toda a Igreja Cat\u00f3lica, e estendeu o convite aos fi\u00e9is de todas as Igrejas e religi\u00f5es, as pessoas que n\u00e3o cr\u00eaem e a todos os homens e mulheres de boa vontade a praticarem o jejum e a ora\u00e7\u00e3o no dia 7 de setembro, em favor da S\u00edria. Visivelmente preocupado, Francisco dedicou inteiramente seu encontro de domingo \u00e0 situa\u00e7\u00e3o no pa\u00eds m\u00e9dio-oriental, onde a guerra civil j\u00e1 matou mais de 100 mil pessoas em tr\u00eas anos. Foi a primeira vez que o papa n\u00e3o fez alguma men\u00e7\u00e3o \u00e0 liturgia do dia antes de rezar a ora\u00e7\u00e3o mariana do \u00c2ngelus no Vaticano.<\/p>\n<p>A multid\u00e3o que lotava a pra\u00e7a S\u00e3o Pedro ouviu as palavras do Pont\u00edfice com aten\u00e7\u00e3o e aplaudiu a decis\u00e3o de Francisco de promover o \u201cDia de ora\u00e7\u00e3o e jejum pela S\u00edria\u201d:<\/p>\n<p>\u201cDecidi convocar toda a Igreja, no dia 7 de setembro, vig\u00edlia da Natividade de Maria, Rainha da Paz, para um dia de ora\u00e7\u00e3o e jejum pela paz na S\u00edria, no Oriente M\u00e9dio e no mundo inteiro. Convido a unir-se a esta iniciativa, do modo que considerarem mais oportuno, os irm\u00e3os crist\u00e3os n\u00e3o-cat\u00f3licos, os fi\u00e9is de outras religi\u00f5es e todos os homens de boa vontade\u201d.<\/p>\n<p><strong>Leia a \u00edntegra da palavra do papa Francisco no \u00c2genlus deste domingo<\/strong><\/p>\n<p style=\"padding-left: 30px;\">Logo ao chegar ao balc\u00e3o, depois do tradicional \u201cBom dia\u201d dirigido ao p\u00fablico, Francisco disse que queria interpretar o grito que \u201cse eleva de todos os cantos e povos da terra, do cora\u00e7\u00e3o de cada um e da \u00fanica fam\u00edlia, que \u00e9 a humanidade: o grito da paz\u201d.<\/p>\n<p style=\"padding-left: 30px;\">\u201cNunca mais a guerra! A paz \u00e9 um dom precioso demais; deve ser promovido e tutelado\u201d.<\/p>\n<p style=\"padding-left: 30px;\">Evocando as \u201cterr\u00edveis imagens\u201d vistas nos \u00faltimos dias na S\u00edria, o papa disse estar angustiado pelos \u201cdram\u00e1ticos eventos que ainda podem acontecer\u201d e fez um apelo por negocia\u00e7\u00f5es e contra o uso de armas, condenando a utiliza\u00e7\u00e3o de gases qu\u00edmicos:<\/p>\n<p style=\"padding-left: 30px;\">\u201cPensemos em quantas crian\u00e7as n\u00e3o poder\u00e3o ver a luz do futuro! Com firmeza especial, condeno o uso de armas qu\u00edmicas. Existe o ju\u00edzo de Deus e tamb\u00e9m o ju\u00edzo da Hist\u00f3ria sobre as nossas a\u00e7\u00f5es, e a estes ningu\u00e9m pode se subtrair! O uso da viol\u00eancia nunca gera paz. Guerra chama guerra, viol\u00eancia chama viol\u00eancia! Com toda a minha for\u00e7a, pe\u00e7o aos envolvidos neste conflito que ou\u00e7am as suas consci\u00eancias, que n\u00e3o se fechem em seus interesses, mas que vejam o pr\u00f3ximo como seu irm\u00e3o, que empreendam com coragem e decis\u00e3o o caminho do encontro e das negocia\u00e7\u00f5es, superando cegas contraposi\u00e7\u00f5es. Exorto com igual firmeza a Comunidade Internacional a fazer todo esfor\u00e7o para promover e n\u00e3o protelar iniciativas claras pela paz, baseadas no di\u00e1logo, pelo bem de todo o povo s\u00edrio\u201d.<\/p>\n<p style=\"padding-left: 30px;\">Francisco pediu ainda que n\u00e3o se poupem esfor\u00e7os para garantir assist\u00eancia humanit\u00e1ria aos afetados por este terr\u00edvel conflito, especialmente aos desalojados no pa\u00eds e aos in\u00fameros refugiados nos pa\u00edses vizinhos. E que aos agentes humanit\u00e1rios seja assegurada a possibilidade de prestar a ajuda necess\u00e1ria.<\/p>\n<p style=\"padding-left: 30px;\">O compromisso pela paz proposto pelo papa se estende a todos, pois \u201ca paz \u00e9 um bem que supera qualquer barreira, porque \u00e9 um bem de toda a humanidade\u201d.<\/p>\n<p style=\"padding-left: 30px;\">\u201cRepito em alta voz: n\u00e3o \u00e9 a cultura do atrito, a cultura do conflito que constr\u00f3i a conviv\u00eancia nos povos e entre os povos, mas a cultura do encontro, a cultura do di\u00e1logo: esta \u00e9 a \u00fanica via para a paz. Que o grito de paz se eleve e chegue aos cora\u00e7\u00f5es de todos, para que deponham as armas e se deixem guiar pelo anseio de paz\u201d.<\/p>\n<p style=\"padding-left: 30px;\">\u201cAqui, de 19h at\u00e9 meia-noite, vamos nos reunir em ora\u00e7\u00e3o e em penit\u00eancia para invocar de Deus este grande dom para a amada na\u00e7\u00e3o s\u00edria e para todas as situa\u00e7\u00f5es de conflito e de viol\u00eancia no mundo. A humanidade precisa ver gestos de paz e ouvir palavras de esperan\u00e7a e de paz!\u201d.<\/p>\n<p><em>Fonte: Arquidiocese de S\u00e3o Paulo<\/em><\/p>\n<div id=\"themify_builder_content-22825\" data-postid=\"22825\" class=\"themify_builder_content themify_builder_content-22825 themify_builder themify_builder_front\">\n\t<\/div>\n<!-- \/themify_builder_content -->","protected":false},"excerpt":{"rendered":"<p>No \u00c2ngelus deste domingo, 1, o papa Francisco convocou toda a Igreja Cat\u00f3lica, e estendeu o convite aos fi\u00e9is de todas as Igrejas e religi\u00f5es, as pessoas que n\u00e3o cr\u00eaem e a todos os homens e mulheres de boa vontade a praticarem o jejum e a ora\u00e7\u00e3o no dia 7 de setembro, em favor da [&hellip;]<\/p>\n","protected":false},"author":5,"featured_media":0,"comment_status":"open","ping_status":"open","sticky":false,"template":"","format":"standard","meta":{"ngg_post_thumbnail":0,"footnotes":""},"categories":[8],"tags":[177,2433,2604],"yoast_head":"<!-- This site is optimized with the Yoast SEO plugin v23.5 - https:\/\/yoast.com\/wordpress\/plugins\/seo\/ -->\n<title>Papa convoca ora\u00e7\u00e3o e jejum pela paz na S\u00edria - O Arcanjo no ar<\/title>\n<meta name=\"robots\" content=\"index, follow, max-snippet:-1, max-image-preview:large, max-video-preview:-1\" \/>\n<link rel=\"canonical\" href=\"https:\/\/www.oarcanjo.net\/site\/papa-convoca-oracao-e-jejum-pela-paz-na-siria\/\" \/>\n<meta property=\"og:locale\" content=\"pt_BR\" \/>\n<meta property=\"og:type\" content=\"article\" \/>\n<meta property=\"og:title\" content=\"Papa convoca ora\u00e7\u00e3o e jejum pela paz na S\u00edria - O Arcanjo no ar\" \/>\n<meta property=\"og:description\" content=\"No \u00c2ngelus deste domingo, 1, o papa Francisco convocou toda a Igreja Cat\u00f3lica, e estendeu o convite aos fi\u00e9is de todas as Igrejas e religi\u00f5es, as pessoas que n\u00e3o cr\u00eaem e a todos os homens e mulheres de boa vontade a praticarem o jejum e a ora\u00e7\u00e3o no dia 7 de setembro, em favor da [&hellip;]\" \/>\n<meta property=\"og:url\" content=\"https:\/\/www.oarcanjo.net\/site\/papa-convoca-oracao-e-jejum-pela-paz-na-siria\/\" \/>\n<meta property=\"og:site_name\" content=\"O Arcanjo no ar\" \/>\n<meta property=\"article:publisher\" content=\"https:\/\/www.facebook.com\/OArcanjoNoAr\/\" \/>\n<meta property=\"article:published_time\" content=\"2013-09-02T13:40:05+00:00\" \/>\n<meta property=\"article:modified_time\" content=\"2013-09-02T16:40:35+00:00\" \/>\n<meta property=\"og:image\" content=\"https:\/\/www.oarcanjo.net\/site\/wp-content\/uploads\/logo-o-arcanjo-no-ar-facebook.png\" \/>\n\t<meta property=\"og:image:width\" content=\"300\" \/>\n\t<meta property=\"og:image:height\" content=\"300\" \/>\n\t<meta property=\"og:image:type\" content=\"image\/png\" \/>\n<meta name=\"author\" content=\"editor\" \/>\n<meta name=\"twitter:card\" content=\"summary_large_image\" \/>\n<meta name=\"twitter:label1\" content=\"Escrito por\" \/>\n\t<meta name=\"twitter:data1\" content=\"editor\" \/>\n\t<meta name=\"twitter:label2\" content=\"Est. tempo de leitura\" \/>\n\t<meta name=\"twitter:data2\" content=\"4 minutos\" \/>\n<script type=\"application\/ld+json\" class=\"yoast-schema-graph\">{\"@context\":\"https:\/\/schema.org\",\"@graph\":[{\"@type\":\"Article\",\"@id\":\"https:\/\/www.oarcanjo.net\/site\/papa-convoca-oracao-e-jejum-pela-paz-na-siria\/#article\",\"isPartOf\":{\"@id\":\"https:\/\/www.oarcanjo.net\/site\/papa-convoca-oracao-e-jejum-pela-paz-na-siria\/\"},\"author\":{\"name\":\"editor\",\"@id\":\"https:\/\/www.oarcanjo.net\/site\/#\/schema\/person\/f7024d007863202483a31326673a0838\"},\"headline\":\"Papa convoca ora\u00e7\u00e3o e jejum pela paz na S\u00edria\",\"datePublished\":\"2013-09-02T13:40:05+00:00\",\"dateModified\":\"2013-09-02T16:40:35+00:00\",\"mainEntityOfPage\":{\"@id\":\"https:\/\/www.oarcanjo.net\/site\/papa-convoca-oracao-e-jejum-pela-paz-na-siria\/\"},\"wordCount\":739,\"commentCount\":0,\"publisher\":{\"@id\":\"https:\/\/www.oarcanjo.net\/site\/#organization\"},\"keywords\":[\"guerra\",\"Papa Francisco\",\"S\u00edria\"],\"articleSection\":[\"Not\u00edcias\"],\"inLanguage\":\"pt-BR\",\"potentialAction\":[{\"@type\":\"CommentAction\",\"name\":\"Comment\",\"target\":[\"https:\/\/www.oarcanjo.net\/site\/papa-convoca-oracao-e-jejum-pela-paz-na-siria\/#respond\"]}]},{\"@type\":\"WebPage\",\"@id\":\"https:\/\/www.oarcanjo.net\/site\/papa-convoca-oracao-e-jejum-pela-paz-na-siria\/\",\"url\":\"https:\/\/www.oarcanjo.net\/site\/papa-convoca-oracao-e-jejum-pela-paz-na-siria\/\",\"name\":\"Papa convoca ora\u00e7\u00e3o e jejum pela paz na S\u00edria - O Arcanjo no ar\",\"isPartOf\":{\"@id\":\"https:\/\/www.oarcanjo.net\/site\/#website\"},\"datePublished\":\"2013-09-02T13:40:05+00:00\",\"dateModified\":\"2013-09-02T16:40:35+00:00\",\"breadcrumb\":{\"@id\":\"https:\/\/www.oarcanjo.net\/site\/papa-convoca-oracao-e-jejum-pela-paz-na-siria\/#breadcrumb\"},\"inLanguage\":\"pt-BR\",\"potentialAction\":[{\"@type\":\"ReadAction\",\"target\":[\"https:\/\/www.oarcanjo.net\/site\/papa-convoca-oracao-e-jejum-pela-paz-na-siria\/\"]}]},{\"@type\":\"BreadcrumbList\",\"@id\":\"https:\/\/www.oarcanjo.net\/site\/papa-convoca-oracao-e-jejum-pela-paz-na-siria\/#breadcrumb\",\"itemListElement\":[{\"@type\":\"ListItem\",\"position\":1,\"name\":\"In\u00edcio\",\"item\":\"https:\/\/www.oarcanjo.net\/site\/\"},{\"@type\":\"ListItem\",\"position\":2,\"name\":\"Papa convoca ora\u00e7\u00e3o e jejum pela paz na S\u00edria\"}]},{\"@type\":\"WebSite\",\"@id\":\"https:\/\/www.oarcanjo.net\/site\/#website\",\"url\":\"https:\/\/www.oarcanjo.net\/site\/\",\"name\":\"O Arcanjo no ar\",\"description\":\"Site da Par\u00f3quia S\u00e3o Miguel Arcanjo (Arquidiocese de SP)\",\"publisher\":{\"@id\":\"https:\/\/www.oarcanjo.net\/site\/#organization\"},\"potentialAction\":[{\"@type\":\"SearchAction\",\"target\":{\"@type\":\"EntryPoint\",\"urlTemplate\":\"https:\/\/www.oarcanjo.net\/site\/?s={search_term_string}\"},\"query-input\":{\"@type\":\"PropertyValueSpecification\",\"valueRequired\":true,\"valueName\":\"search_term_string\"}}],\"inLanguage\":\"pt-BR\"},{\"@type\":\"Organization\",\"@id\":\"https:\/\/www.oarcanjo.net\/site\/#organization\",\"name\":\"Par\u00f3quia S\u00e3o Miguel Arcanjo\",\"url\":\"https:\/\/www.oarcanjo.net\/site\/\",\"logo\":{\"@type\":\"ImageObject\",\"inLanguage\":\"pt-BR\",\"@id\":\"https:\/\/www.oarcanjo.net\/site\/#\/schema\/logo\/image\/\",\"url\":\"https:\/\/www.oarcanjo.net\/site\/wp-content\/uploads\/LogoOArcanjo.png\",\"contentUrl\":\"https:\/\/www.oarcanjo.net\/site\/wp-content\/uploads\/LogoOArcanjo.png\",\"width\":319,\"height\":99,\"caption\":\"Par\u00f3quia S\u00e3o Miguel Arcanjo\"},\"image\":{\"@id\":\"https:\/\/www.oarcanjo.net\/site\/#\/schema\/logo\/image\/\"},\"sameAs\":[\"https:\/\/www.facebook.com\/OArcanjoNoAr\/\"]},{\"@type\":\"Person\",\"@id\":\"https:\/\/www.oarcanjo.net\/site\/#\/schema\/person\/f7024d007863202483a31326673a0838\",\"name\":\"editor\",\"sameAs\":[\"http:\/\/www.oarcanjo.net\"]}]}<\/script>\n<!-- \/ Yoast SEO plugin. -->","yoast_head_json":{"title":"Papa convoca ora\u00e7\u00e3o e jejum pela paz na S\u00edria - O Arcanjo no ar","robots":{"index":"index","follow":"follow","max-snippet":"max-snippet:-1","max-image-preview":"max-image-preview:large","max-video-preview":"max-video-preview:-1"},"canonical":"https:\/\/www.oarcanjo.net\/site\/papa-convoca-oracao-e-jejum-pela-paz-na-siria\/","og_locale":"pt_BR","og_type":"article","og_title":"Papa convoca ora\u00e7\u00e3o e jejum pela paz na S\u00edria - O Arcanjo no ar","og_description":"No \u00c2ngelus deste domingo, 1, o papa Francisco convocou toda a Igreja Cat\u00f3lica, e estendeu o convite aos fi\u00e9is de todas as Igrejas e religi\u00f5es, as pessoas que n\u00e3o cr\u00eaem e a todos os homens e mulheres de boa vontade a praticarem o jejum e a ora\u00e7\u00e3o no dia 7 de setembro, em favor da [&hellip;]","og_url":"https:\/\/www.oarcanjo.net\/site\/papa-convoca-oracao-e-jejum-pela-paz-na-siria\/","og_site_name":"O Arcanjo no ar","article_publisher":"https:\/\/www.facebook.com\/OArcanjoNoAr\/","article_published_time":"2013-09-02T13:40:05+00:00","article_modified_time":"2013-09-02T16:40:35+00:00","og_image":[{"width":300,"height":300,"url":"https:\/\/www.oarcanjo.net\/site\/wp-content\/uploads\/logo-o-arcanjo-no-ar-facebook.png","type":"image\/png"}],"author":"editor","twitter_card":"summary_large_image","twitter_misc":{"Escrito por":"editor","Est. tempo de leitura":"4 minutos"},"schema":{"@context":"https:\/\/schema.org","@graph":[{"@type":"Article","@id":"https:\/\/www.oarcanjo.net\/site\/papa-convoca-oracao-e-jejum-pela-paz-na-siria\/#article","isPartOf":{"@id":"https:\/\/www.oarcanjo.net\/site\/papa-convoca-oracao-e-jejum-pela-paz-na-siria\/"},"author":{"name":"editor","@id":"https:\/\/www.oarcanjo.net\/site\/#\/schema\/person\/f7024d007863202483a31326673a0838"},"headline":"Papa convoca ora\u00e7\u00e3o e jejum pela paz na S\u00edria","datePublished":"2013-09-02T13:40:05+00:00","dateModified":"2013-09-02T16:40:35+00:00","mainEntityOfPage":{"@id":"https:\/\/www.oarcanjo.net\/site\/papa-convoca-oracao-e-jejum-pela-paz-na-siria\/"},"wordCount":739,"commentCount":0,"publisher":{"@id":"https:\/\/www.oarcanjo.net\/site\/#organization"},"keywords":["guerra","Papa Francisco","S\u00edria"],"articleSection":["Not\u00edcias"],"inLanguage":"pt-BR","potentialAction":[{"@type":"CommentAction","name":"Comment","target":["https:\/\/www.oarcanjo.net\/site\/papa-convoca-oracao-e-jejum-pela-paz-na-siria\/#respond"]}]},{"@type":"WebPage","@id":"https:\/\/www.oarcanjo.net\/site\/papa-convoca-oracao-e-jejum-pela-paz-na-siria\/","url":"https:\/\/www.oarcanjo.net\/site\/papa-convoca-oracao-e-jejum-pela-paz-na-siria\/","name":"Papa convoca ora\u00e7\u00e3o e jejum pela paz na S\u00edria - O Arcanjo no ar","isPartOf":{"@id":"https:\/\/www.oarcanjo.net\/site\/#website"},"datePublished":"2013-09-02T13:40:05+00:00","dateModified":"2013-09-02T16:40:35+00:00","breadcrumb":{"@id":"https:\/\/www.oarcanjo.net\/site\/papa-convoca-oracao-e-jejum-pela-paz-na-siria\/#breadcrumb"},"inLanguage":"pt-BR","potentialAction":[{"@type":"ReadAction","target":["https:\/\/www.oarcanjo.net\/site\/papa-convoca-oracao-e-jejum-pela-paz-na-siria\/"]}]},{"@type":"BreadcrumbList","@id":"https:\/\/www.oarcanjo.net\/site\/papa-convoca-oracao-e-jejum-pela-paz-na-siria\/#breadcrumb","itemListElement":[{"@type":"ListItem","position":1,"name":"In\u00edcio","item":"https:\/\/www.oarcanjo.net\/site\/"},{"@type":"ListItem","position":2,"name":"Papa convoca ora\u00e7\u00e3o e jejum pela paz na S\u00edria"}]},{"@type":"WebSite","@id":"https:\/\/www.oarcanjo.net\/site\/#website","url":"https:\/\/www.oarcanjo.net\/site\/","name":"O Arcanjo no ar","description":"Site da Par\u00f3quia S\u00e3o Miguel Arcanjo (Arquidiocese de SP)","publisher":{"@id":"https:\/\/www.oarcanjo.net\/site\/#organization"},"potentialAction":[{"@type":"SearchAction","target":{"@type":"EntryPoint","urlTemplate":"https:\/\/www.oarcanjo.net\/site\/?s={search_term_string}"},"query-input":{"@type":"PropertyValueSpecification","valueRequired":true,"valueName":"search_term_string"}}],"inLanguage":"pt-BR"},{"@type":"Organization","@id":"https:\/\/www.oarcanjo.net\/site\/#organization","name":"Par\u00f3quia S\u00e3o Miguel Arcanjo","url":"https:\/\/www.oarcanjo.net\/site\/","logo":{"@type":"ImageObject","inLanguage":"pt-BR","@id":"https:\/\/www.oarcanjo.net\/site\/#\/schema\/logo\/image\/","url":"https:\/\/www.oarcanjo.net\/site\/wp-content\/uploads\/LogoOArcanjo.png","contentUrl":"https:\/\/www.oarcanjo.net\/site\/wp-content\/uploads\/LogoOArcanjo.png","width":319,"height":99,"caption":"Par\u00f3quia S\u00e3o Miguel Arcanjo"},"image":{"@id":"https:\/\/www.oarcanjo.net\/site\/#\/schema\/logo\/image\/"},"sameAs":["https:\/\/www.facebook.com\/OArcanjoNoAr\/"]},{"@type":"Person","@id":"https:\/\/www.oarcanjo.net\/site\/#\/schema\/person\/f7024d007863202483a31326673a0838","name":"editor","sameAs":["http:\/\/www.oarcanjo.net"]}]}},"publishpress_future_action":{"enabled":false,"date":"2026-05-08 19:33:39","action":"category","newStatus":"draft","terms":[],"taxonomy":"category"},"publishpress_future_workflow_manual_trigger":{"enabledWorkflows":[]},"_links":{"self":[{"href":"https:\/\/www.oarcanjo.net\/site\/wp-json\/wp\/v2\/posts\/22825"}],"collection":[{"href":"https:\/\/www.oarcanjo.net\/site\/wp-json\/wp\/v2\/posts"}],"about":[{"href":"https:\/\/www.oarcanjo.net\/site\/wp-json\/wp\/v2\/types\/post"}],"author":[{"embeddable":true,"href":"https:\/\/www.oarcanjo.net\/site\/wp-json\/wp\/v2\/users\/5"}],"replies":[{"embeddable":true,"href":"https:\/\/www.oarcanjo.net\/site\/wp-json\/wp\/v2\/comments?post=22825"}],"version-history":[{"count":0,"href":"https:\/\/www.oarcanjo.net\/site\/wp-json\/wp\/v2\/posts\/22825\/revisions"}],"wp:attachment":[{"href":"https:\/\/www.oarcanjo.net\/site\/wp-json\/wp\/v2\/media?parent=22825"}],"wp:term":[{"taxonomy":"category","embeddable":true,"href":"https:\/\/www.oarcanjo.net\/site\/wp-json\/wp\/v2\/categories?post=22825"},{"taxonomy":"post_tag","embeddable":true,"href":"https:\/\/www.oarcanjo.net\/site\/wp-json\/wp\/v2\/tags?post=22825"}],"curies":[{"name":"wp","href":"https:\/\/api.w.org\/{rel}","templated":true}]}}