
{"id":22834,"date":"2013-08-27T17:50:58","date_gmt":"2013-08-27T20:50:58","guid":{"rendered":"http:\/\/www.oarcanjo.net\/site\/?p=22834"},"modified":"2013-09-02T14:00:03","modified_gmt":"2013-09-02T17:00:03","slug":"a-vocacao-de-todos","status":"publish","type":"post","link":"https:\/\/www.oarcanjo.net\/site\/a-vocacao-de-todos\/","title":{"rendered":"A voca\u00e7\u00e3o de todos"},"content":{"rendered":"<p>A primeira e essencial voca\u00e7\u00e3o de todas as pessoas \u00e9 o chamado \u00e0 vida e a alcan\u00e7ar a salva\u00e7\u00e3o. A compreens\u00e3o crist\u00e3 sobre a vida nos leva a afirmar que ningu\u00e9m nasceu, sem que isso fosse tamb\u00e9m do conhecimento de Deus. Deus j\u00e1 nos conhecia at\u00e9 mesmo antes que f\u00f4ssemos formados no seio da m\u00e3e (cf Sl 139,15-16). Se Deus chama \u00e0 exist\u00eancia uma pessoa, n\u00e3o \u00e9 para a frustra\u00e7\u00e3o dessa mesma pessoa e a perda de sua exist\u00eancia no nada; mas \u00e9 para que ela alcance a plenitude da vida, o que significa, na linguagem b\u00edblica e crist\u00e3, a \u201csalva\u00e7\u00e3o eterna\u201d. O homem n\u00e3o \u00e9 capaz de dar a si mesmo a salva\u00e7\u00e3o: em \u00faltima an\u00e1lise, recebe-a de Deus quando a busca e acolhe de cora\u00e7\u00e3o sedento e aberto. <\/p>\n<p>Santo Agostinho, recordado no dia 28 de agosto, resume esta busca, a incapacidade do homem de salvar a si mesmo e a sua realiza\u00e7\u00e3o plena em Deus no seu c\u00e9lebre pensamento: \u201cTu nos fizeste, Senhor, para ti e nosso cora\u00e7\u00e3o anda inquieto at\u00e9 que n\u00e3o repousa novamente em ti\u201d. O homem tenta dar a si mesmo a satisfa\u00e7\u00e3o plena de sua exist\u00eancia; \u00e9 compreens\u00edvel que o fa\u00e7a e n\u00e3o poderia deixar de faz\u00ea-lo, sem frustrar o sentido de sua exist\u00eancia.<\/p>\n<p>No entanto, cedo ou tarde, percebe que \u00e9 incapaz de resolver esta quest\u00e3o existencial. As atitudes, ent\u00e3o, podem ser v\u00e1rias: resignar-se a uma vida sem sentido; deixar-se levar pelas sensa\u00e7\u00f5es de cada momento, julgando ser essa a melhor forma de \u201caproveitar o aproveit\u00e1vel\u201d de uma exist\u00eancia sem sentido; abafar a voz interior e afogar o grito da alma numa desenfreada busca dos prazeres da vida; rebelar-se e esbravejar contra Deus e contra todos aqueles que poderiam ter culpa pelo seu estado de infelicidade&#8230;<\/p>\n<p>Santo Agostinho tamb\u00e9m passou por isso: \u201c\u00d3 eterna verdade e verdadeira caridade e cara eternidade! Tu, meu Deus, por ti suspiro dia e noite! Tarde te amei, \u00f3 beleza t\u00e3o antiga e t\u00e3o nova, tarde te amei! Eis que estavas dentro e eu, fora. Eu te procurava e lan\u00e7ava-me, nada belo, ante a beleza que tu criaste. Estavas comigo e eu, n\u00e3o contigo. Seguravam-me longe de ti as coisas que n\u00e3o existiriam, se n\u00e3o existissem em ti. Chamaste, clamaste, rompeste a minha surdez; brilhaste, resplandeceste e afugentaste a minha cegueira. Exalaste perfume e eu respirei. Provei-te e tenho mais fome e sede. Tocaste-me e ardi de tua paz.\u201d (Confiss\u00f5es de S.Agostinho).<\/p>\n<p>O chamado de Deus s\u00f3 pode ser percebido, quando se est\u00e1 atento. Muitas coisas nos distraem e desviam nossa aten\u00e7\u00e3o, n\u00e3o deixando perceber o chamado de Deus e a silenciosa e forte atra\u00e7\u00e3o que ele exerce sobre a exist\u00eancia humana. Desde Ad\u00e3o e Eva, a grande tenta\u00e7\u00e3o do homem foi sempre a de dar ouvidos e de seguir a voz de \u201calgu\u00e9m outro\u201d, que se prop\u00f5e no lugar de Deus em nossa vida. S\u00e3o as idolatrias, que existem hoje como no passado. J\u00e1 nos tempos b\u00edblicos soava a advert\u00eancia: \u201choje, n\u00e3o fecheis os vossos cora\u00e7\u00f5es, mas ouvi a voz do Senhor\u201d (cf Sl 95,7).<\/p>\n<p>O papa Bento XVI, na enc\u00edclica sobre a Esperan\u00e7a (Spe salvi), refere-se a um dos dramas mais s\u00e9rios do nosso tempo, que \u00e9 a falta de esperan\u00e7a: o homem ainda espera algo mais da exist\u00eancia, que v\u00e1 al\u00e9m do que ele se pode dar aqui na terra? Muitos n\u00e3o esperam nada de Deus, nem mesmo a \u201csalva\u00e7\u00e3o eterna\u201d. Por isso mesmo, uma exist\u00eancia sem esperan\u00e7a acaba n\u00e3o tendo um motivo alto para viver, lutar e aprimorar a vida e a conviv\u00eancia.<\/p>\n<p>O homem \u00e9 chamado a se lan\u00e7ar para al\u00e9m dos pr\u00f3prios limites. O papa Francisco exortou os jovens em v\u00e1rias ocasi\u00f5es, durante a Jornada Mundial da Juventude do Rio de Janeiro, a n\u00e3o perderem a esperan\u00e7a e a n\u00e3o deixarem que lhes fosse roubada a esperan\u00e7a. O homem s\u00f3 pode ter esperan\u00e7a verdadeira quando se abre para Deus. Ent\u00e3o, sim, ser\u00e1 capaz de olhar para al\u00e9m dos pr\u00f3prios limites.<\/p>\n<p><em>Publicado em O S\u00c3O PAULO, edi\u00e7\u00e3o de 20  de agosto de 2013<\/em><br \/>\n<em>Cardeal Odilo Pedro Scherer<\/em><br \/>\n<em>Arcebispo de S\u00e3o Paulo<\/em><br \/>\n<em><a title=\"@DomOdiloScherer\" href=\"http:\/\/twitter.com\/DomOdiloScherer\" target=\"_blank\">@DomOdiloScherer<\/a><\/em><\/p>\n<div id=\"themify_builder_content-22834\" data-postid=\"22834\" class=\"themify_builder_content themify_builder_content-22834 themify_builder themify_builder_front\">\n\t<\/div>\n<!-- \/themify_builder_content -->","protected":false},"excerpt":{"rendered":"<p>A primeira e essencial voca\u00e7\u00e3o de todas as pessoas \u00e9 o chamado \u00e0 vida e a alcan\u00e7ar a salva\u00e7\u00e3o. A compreens\u00e3o crist\u00e3 sobre a vida nos leva a afirmar que ningu\u00e9m nasceu, sem que isso fosse tamb\u00e9m do conhecimento de Deus. Deus j\u00e1 nos conhecia at\u00e9 mesmo antes que f\u00f4ssemos formados no seio da m\u00e3e [&hellip;]<\/p>\n","protected":false},"author":5,"featured_media":0,"comment_status":"open","ping_status":"open","sticky":false,"template":"","format":"standard","meta":{"ngg_post_thumbnail":0,"footnotes":""},"categories":[9],"tags":[629],"yoast_head":"<!-- This site is optimized with the Yoast SEO plugin v23.5 - https:\/\/yoast.com\/wordpress\/plugins\/seo\/ -->\n<title>A voca\u00e7\u00e3o de todos - O Arcanjo no ar<\/title>\n<meta name=\"robots\" content=\"index, follow, max-snippet:-1, max-image-preview:large, max-video-preview:-1\" \/>\n<link rel=\"canonical\" href=\"https:\/\/www.oarcanjo.net\/site\/a-vocacao-de-todos\/\" \/>\n<meta property=\"og:locale\" content=\"pt_BR\" \/>\n<meta property=\"og:type\" content=\"article\" \/>\n<meta property=\"og:title\" content=\"A voca\u00e7\u00e3o de todos - O Arcanjo no ar\" \/>\n<meta property=\"og:description\" content=\"A primeira e essencial voca\u00e7\u00e3o de todas as pessoas \u00e9 o chamado \u00e0 vida e a alcan\u00e7ar a salva\u00e7\u00e3o. A compreens\u00e3o crist\u00e3 sobre a vida nos leva a afirmar que ningu\u00e9m nasceu, sem que isso fosse tamb\u00e9m do conhecimento de Deus. Deus j\u00e1 nos conhecia at\u00e9 mesmo antes que f\u00f4ssemos formados no seio da m\u00e3e [&hellip;]\" \/>\n<meta property=\"og:url\" content=\"https:\/\/www.oarcanjo.net\/site\/a-vocacao-de-todos\/\" \/>\n<meta property=\"og:site_name\" content=\"O Arcanjo no ar\" \/>\n<meta property=\"article:publisher\" content=\"https:\/\/www.facebook.com\/OArcanjoNoAr\/\" \/>\n<meta property=\"article:published_time\" content=\"2013-08-27T20:50:58+00:00\" \/>\n<meta property=\"article:modified_time\" content=\"2013-09-02T17:00:03+00:00\" \/>\n<meta property=\"og:image\" content=\"https:\/\/www.oarcanjo.net\/site\/wp-content\/uploads\/logo-o-arcanjo-no-ar-facebook.png\" \/>\n\t<meta property=\"og:image:width\" content=\"300\" \/>\n\t<meta property=\"og:image:height\" content=\"300\" \/>\n\t<meta property=\"og:image:type\" content=\"image\/png\" \/>\n<meta name=\"author\" content=\"editor\" \/>\n<meta name=\"twitter:card\" content=\"summary_large_image\" \/>\n<meta name=\"twitter:label1\" content=\"Escrito por\" \/>\n\t<meta name=\"twitter:data1\" content=\"editor\" \/>\n\t<meta name=\"twitter:label2\" content=\"Est. tempo de leitura\" \/>\n\t<meta name=\"twitter:data2\" content=\"4 minutos\" \/>\n<script type=\"application\/ld+json\" class=\"yoast-schema-graph\">{\"@context\":\"https:\/\/schema.org\",\"@graph\":[{\"@type\":\"Article\",\"@id\":\"https:\/\/www.oarcanjo.net\/site\/a-vocacao-de-todos\/#article\",\"isPartOf\":{\"@id\":\"https:\/\/www.oarcanjo.net\/site\/a-vocacao-de-todos\/\"},\"author\":{\"name\":\"editor\",\"@id\":\"https:\/\/www.oarcanjo.net\/site\/#\/schema\/person\/f7024d007863202483a31326673a0838\"},\"headline\":\"A voca\u00e7\u00e3o de todos\",\"datePublished\":\"2013-08-27T20:50:58+00:00\",\"dateModified\":\"2013-09-02T17:00:03+00:00\",\"mainEntityOfPage\":{\"@id\":\"https:\/\/www.oarcanjo.net\/site\/a-vocacao-de-todos\/\"},\"wordCount\":753,\"commentCount\":0,\"publisher\":{\"@id\":\"https:\/\/www.oarcanjo.net\/site\/#organization\"},\"keywords\":[\"voca\u00e7\u00e3o\"],\"articleSection\":[\"Reflex\u00f5es\"],\"inLanguage\":\"pt-BR\",\"potentialAction\":[{\"@type\":\"CommentAction\",\"name\":\"Comment\",\"target\":[\"https:\/\/www.oarcanjo.net\/site\/a-vocacao-de-todos\/#respond\"]}]},{\"@type\":\"WebPage\",\"@id\":\"https:\/\/www.oarcanjo.net\/site\/a-vocacao-de-todos\/\",\"url\":\"https:\/\/www.oarcanjo.net\/site\/a-vocacao-de-todos\/\",\"name\":\"A voca\u00e7\u00e3o de todos - O Arcanjo no ar\",\"isPartOf\":{\"@id\":\"https:\/\/www.oarcanjo.net\/site\/#website\"},\"datePublished\":\"2013-08-27T20:50:58+00:00\",\"dateModified\":\"2013-09-02T17:00:03+00:00\",\"breadcrumb\":{\"@id\":\"https:\/\/www.oarcanjo.net\/site\/a-vocacao-de-todos\/#breadcrumb\"},\"inLanguage\":\"pt-BR\",\"potentialAction\":[{\"@type\":\"ReadAction\",\"target\":[\"https:\/\/www.oarcanjo.net\/site\/a-vocacao-de-todos\/\"]}]},{\"@type\":\"BreadcrumbList\",\"@id\":\"https:\/\/www.oarcanjo.net\/site\/a-vocacao-de-todos\/#breadcrumb\",\"itemListElement\":[{\"@type\":\"ListItem\",\"position\":1,\"name\":\"In\u00edcio\",\"item\":\"https:\/\/www.oarcanjo.net\/site\/\"},{\"@type\":\"ListItem\",\"position\":2,\"name\":\"A voca\u00e7\u00e3o de todos\"}]},{\"@type\":\"WebSite\",\"@id\":\"https:\/\/www.oarcanjo.net\/site\/#website\",\"url\":\"https:\/\/www.oarcanjo.net\/site\/\",\"name\":\"O Arcanjo no ar\",\"description\":\"Site da Par\u00f3quia S\u00e3o Miguel Arcanjo (Arquidiocese de SP)\",\"publisher\":{\"@id\":\"https:\/\/www.oarcanjo.net\/site\/#organization\"},\"potentialAction\":[{\"@type\":\"SearchAction\",\"target\":{\"@type\":\"EntryPoint\",\"urlTemplate\":\"https:\/\/www.oarcanjo.net\/site\/?s={search_term_string}\"},\"query-input\":{\"@type\":\"PropertyValueSpecification\",\"valueRequired\":true,\"valueName\":\"search_term_string\"}}],\"inLanguage\":\"pt-BR\"},{\"@type\":\"Organization\",\"@id\":\"https:\/\/www.oarcanjo.net\/site\/#organization\",\"name\":\"Par\u00f3quia S\u00e3o Miguel Arcanjo\",\"url\":\"https:\/\/www.oarcanjo.net\/site\/\",\"logo\":{\"@type\":\"ImageObject\",\"inLanguage\":\"pt-BR\",\"@id\":\"https:\/\/www.oarcanjo.net\/site\/#\/schema\/logo\/image\/\",\"url\":\"https:\/\/www.oarcanjo.net\/site\/wp-content\/uploads\/LogoOArcanjo.png\",\"contentUrl\":\"https:\/\/www.oarcanjo.net\/site\/wp-content\/uploads\/LogoOArcanjo.png\",\"width\":319,\"height\":99,\"caption\":\"Par\u00f3quia S\u00e3o Miguel Arcanjo\"},\"image\":{\"@id\":\"https:\/\/www.oarcanjo.net\/site\/#\/schema\/logo\/image\/\"},\"sameAs\":[\"https:\/\/www.facebook.com\/OArcanjoNoAr\/\"]},{\"@type\":\"Person\",\"@id\":\"https:\/\/www.oarcanjo.net\/site\/#\/schema\/person\/f7024d007863202483a31326673a0838\",\"name\":\"editor\",\"sameAs\":[\"http:\/\/www.oarcanjo.net\"]}]}<\/script>\n<!-- \/ Yoast SEO plugin. -->","yoast_head_json":{"title":"A voca\u00e7\u00e3o de todos - O Arcanjo no ar","robots":{"index":"index","follow":"follow","max-snippet":"max-snippet:-1","max-image-preview":"max-image-preview:large","max-video-preview":"max-video-preview:-1"},"canonical":"https:\/\/www.oarcanjo.net\/site\/a-vocacao-de-todos\/","og_locale":"pt_BR","og_type":"article","og_title":"A voca\u00e7\u00e3o de todos - O Arcanjo no ar","og_description":"A primeira e essencial voca\u00e7\u00e3o de todas as pessoas \u00e9 o chamado \u00e0 vida e a alcan\u00e7ar a salva\u00e7\u00e3o. A compreens\u00e3o crist\u00e3 sobre a vida nos leva a afirmar que ningu\u00e9m nasceu, sem que isso fosse tamb\u00e9m do conhecimento de Deus. Deus j\u00e1 nos conhecia at\u00e9 mesmo antes que f\u00f4ssemos formados no seio da m\u00e3e [&hellip;]","og_url":"https:\/\/www.oarcanjo.net\/site\/a-vocacao-de-todos\/","og_site_name":"O Arcanjo no ar","article_publisher":"https:\/\/www.facebook.com\/OArcanjoNoAr\/","article_published_time":"2013-08-27T20:50:58+00:00","article_modified_time":"2013-09-02T17:00:03+00:00","og_image":[{"width":300,"height":300,"url":"https:\/\/www.oarcanjo.net\/site\/wp-content\/uploads\/logo-o-arcanjo-no-ar-facebook.png","type":"image\/png"}],"author":"editor","twitter_card":"summary_large_image","twitter_misc":{"Escrito por":"editor","Est. tempo de leitura":"4 minutos"},"schema":{"@context":"https:\/\/schema.org","@graph":[{"@type":"Article","@id":"https:\/\/www.oarcanjo.net\/site\/a-vocacao-de-todos\/#article","isPartOf":{"@id":"https:\/\/www.oarcanjo.net\/site\/a-vocacao-de-todos\/"},"author":{"name":"editor","@id":"https:\/\/www.oarcanjo.net\/site\/#\/schema\/person\/f7024d007863202483a31326673a0838"},"headline":"A voca\u00e7\u00e3o de todos","datePublished":"2013-08-27T20:50:58+00:00","dateModified":"2013-09-02T17:00:03+00:00","mainEntityOfPage":{"@id":"https:\/\/www.oarcanjo.net\/site\/a-vocacao-de-todos\/"},"wordCount":753,"commentCount":0,"publisher":{"@id":"https:\/\/www.oarcanjo.net\/site\/#organization"},"keywords":["voca\u00e7\u00e3o"],"articleSection":["Reflex\u00f5es"],"inLanguage":"pt-BR","potentialAction":[{"@type":"CommentAction","name":"Comment","target":["https:\/\/www.oarcanjo.net\/site\/a-vocacao-de-todos\/#respond"]}]},{"@type":"WebPage","@id":"https:\/\/www.oarcanjo.net\/site\/a-vocacao-de-todos\/","url":"https:\/\/www.oarcanjo.net\/site\/a-vocacao-de-todos\/","name":"A voca\u00e7\u00e3o de todos - O Arcanjo no ar","isPartOf":{"@id":"https:\/\/www.oarcanjo.net\/site\/#website"},"datePublished":"2013-08-27T20:50:58+00:00","dateModified":"2013-09-02T17:00:03+00:00","breadcrumb":{"@id":"https:\/\/www.oarcanjo.net\/site\/a-vocacao-de-todos\/#breadcrumb"},"inLanguage":"pt-BR","potentialAction":[{"@type":"ReadAction","target":["https:\/\/www.oarcanjo.net\/site\/a-vocacao-de-todos\/"]}]},{"@type":"BreadcrumbList","@id":"https:\/\/www.oarcanjo.net\/site\/a-vocacao-de-todos\/#breadcrumb","itemListElement":[{"@type":"ListItem","position":1,"name":"In\u00edcio","item":"https:\/\/www.oarcanjo.net\/site\/"},{"@type":"ListItem","position":2,"name":"A voca\u00e7\u00e3o de todos"}]},{"@type":"WebSite","@id":"https:\/\/www.oarcanjo.net\/site\/#website","url":"https:\/\/www.oarcanjo.net\/site\/","name":"O Arcanjo no ar","description":"Site da Par\u00f3quia S\u00e3o Miguel Arcanjo (Arquidiocese de SP)","publisher":{"@id":"https:\/\/www.oarcanjo.net\/site\/#organization"},"potentialAction":[{"@type":"SearchAction","target":{"@type":"EntryPoint","urlTemplate":"https:\/\/www.oarcanjo.net\/site\/?s={search_term_string}"},"query-input":{"@type":"PropertyValueSpecification","valueRequired":true,"valueName":"search_term_string"}}],"inLanguage":"pt-BR"},{"@type":"Organization","@id":"https:\/\/www.oarcanjo.net\/site\/#organization","name":"Par\u00f3quia S\u00e3o Miguel Arcanjo","url":"https:\/\/www.oarcanjo.net\/site\/","logo":{"@type":"ImageObject","inLanguage":"pt-BR","@id":"https:\/\/www.oarcanjo.net\/site\/#\/schema\/logo\/image\/","url":"https:\/\/www.oarcanjo.net\/site\/wp-content\/uploads\/LogoOArcanjo.png","contentUrl":"https:\/\/www.oarcanjo.net\/site\/wp-content\/uploads\/LogoOArcanjo.png","width":319,"height":99,"caption":"Par\u00f3quia S\u00e3o Miguel Arcanjo"},"image":{"@id":"https:\/\/www.oarcanjo.net\/site\/#\/schema\/logo\/image\/"},"sameAs":["https:\/\/www.facebook.com\/OArcanjoNoAr\/"]},{"@type":"Person","@id":"https:\/\/www.oarcanjo.net\/site\/#\/schema\/person\/f7024d007863202483a31326673a0838","name":"editor","sameAs":["http:\/\/www.oarcanjo.net"]}]}},"publishpress_future_action":{"enabled":false,"date":"2026-05-09 03:09:57","action":"category","newStatus":"draft","terms":[],"taxonomy":"category"},"publishpress_future_workflow_manual_trigger":{"enabledWorkflows":[]},"_links":{"self":[{"href":"https:\/\/www.oarcanjo.net\/site\/wp-json\/wp\/v2\/posts\/22834"}],"collection":[{"href":"https:\/\/www.oarcanjo.net\/site\/wp-json\/wp\/v2\/posts"}],"about":[{"href":"https:\/\/www.oarcanjo.net\/site\/wp-json\/wp\/v2\/types\/post"}],"author":[{"embeddable":true,"href":"https:\/\/www.oarcanjo.net\/site\/wp-json\/wp\/v2\/users\/5"}],"replies":[{"embeddable":true,"href":"https:\/\/www.oarcanjo.net\/site\/wp-json\/wp\/v2\/comments?post=22834"}],"version-history":[{"count":0,"href":"https:\/\/www.oarcanjo.net\/site\/wp-json\/wp\/v2\/posts\/22834\/revisions"}],"wp:attachment":[{"href":"https:\/\/www.oarcanjo.net\/site\/wp-json\/wp\/v2\/media?parent=22834"}],"wp:term":[{"taxonomy":"category","embeddable":true,"href":"https:\/\/www.oarcanjo.net\/site\/wp-json\/wp\/v2\/categories?post=22834"},{"taxonomy":"post_tag","embeddable":true,"href":"https:\/\/www.oarcanjo.net\/site\/wp-json\/wp\/v2\/tags?post=22834"}],"curies":[{"name":"wp","href":"https:\/\/api.w.org\/{rel}","templated":true}]}}