
{"id":22841,"date":"2013-09-02T13:56:43","date_gmt":"2013-09-02T16:56:43","guid":{"rendered":"http:\/\/www.oarcanjo.net\/site\/?p=22841"},"modified":"2013-09-02T13:57:27","modified_gmt":"2013-09-02T16:57:27","slug":"siria-guerra-e-paz","status":"publish","type":"post","link":"https:\/\/www.oarcanjo.net\/site\/siria-guerra-e-paz\/","title":{"rendered":"S\u00edria: guerra e paz"},"content":{"rendered":"<p>O conflito na S\u00edria est\u00e1 cada vez pior. Mais de um ano de guerra civil j\u00e1 produziu um grande n\u00famero de v\u00edtimas entre civis, de destrui\u00e7\u00e3o e de feridas na complexa comunidade siriana. Enormes recursos econ\u00f4micos e energias humanas ali gastos poderiam ter sido bem melhor aplicadas em projetos de paz e de bem-estar social&#8230;<\/p>\n<p>Muitas an\u00e1lises sobre o conflito j\u00e1 foram feitas e n\u00e3o \u00e9 minha inten\u00e7\u00e3o fazer mais uma. Certamente n\u00e3o se pode desconhecer que h\u00e1 um conjunto de fatores locais e estrat\u00e9gicos em jogo na guerra civil da S\u00edria; h\u00e1 tamb\u00e9m fac\u00e7\u00f5es buscam afirmar-se pela for\u00e7a sobre o resto da sociedade; h\u00e1 popula\u00e7\u00f5es que desejam ver seus leg\u00edtimos direitos respeitados. A sistem\u00e1tica viola\u00e7\u00e3o da dignidade humana acaba se tornando insuport\u00e1vel. Uma guerra nunca \u00e9 consequ\u00eancia da paz, mas de conflitos latentes ou abertos, que j\u00e1 existiam antes.<\/p>\n<p>O que preocupa agora ainda mais \u00e9 a perspectiva muito concreta do alastramento do conflito, em vez da busca da sua cessa\u00e7\u00e3o. Fala-se de interven\u00e7\u00e3o externa na S\u00edria, para n\u00e3o deixar sem uma desaprova\u00e7\u00e3o contundente da Comunidade internacional o uso de armas qu\u00edmicas contra a popula\u00e7\u00e3o, pelo governo s\u00edrio, se assim ficar comprovado. De fato o uso de tais armas \u00e9 vetado pelas conven\u00e7\u00f5es da Organiza\u00e7\u00e3o das Na\u00e7\u00f5es Unidas (ONU).<\/p>\n<p>A quest\u00e3o \u00e9 saber se mais viol\u00eancia resolve o problema da viol\u00eancia? Uma guerra pode ser solucionada com outra guerra? O papa Francisco lan\u00e7ou um dram\u00e1tico apelo pela paz na S\u00edria na sua mensagem da hora do Angelus do domingo, dia 1\u00ba de setembro: \u201cvivo com particular sofrimento e com preocupa\u00e7\u00e3o as v\u00e1rias situa\u00e7\u00f5es de conflito que existem na nossa terra; mas nesses dias, meu cora\u00e7\u00e3o ficou profundamente ferido por aquilo que est\u00e1 acontecendo na S\u00edria e fica ainda mais angustiado pelos desdobramentos dram\u00e1ticos que se prenunciam\u201d.<\/p>\n<p>Qual poderia ser o caminho para evitar ainda mais sofrimento, destrui\u00e7\u00e3o, morte e feridas abertas por muito tempo? O Papa lamenta o uso das armas e condena com firmeza o uso de armas qu\u00edmicas; adverte que existe um julgamento de Deus e tamb\u00e9m da hist\u00f3ria sobre quem toma tais iniciativas.<\/p>\n<p>Se o uso da viol\u00eancia n\u00e3o conduz \u00e0 paz, se a guerra traz mais guerra e a viol\u00eancia chama ainda mais viol\u00eancia, n\u00e3o existe outro caminho do que o da negocia\u00e7\u00e3o, do di\u00e1logo e da busca de um entendimento razo\u00e1vel, onde todos perdem menos e pode ser encontrada uma solu\u00e7\u00e3o de paz. O Papa convida as partes envolvidas que escutem a voz da consci\u00eancia e n\u00e3o se fechem nos pr\u00f3prios interesses; que tenham a coragem de superar o conflito cego, desarmar os esp\u00edritos e de olhar um para o outro como irm\u00e3os.<\/p>\n<p>O apelo tamb\u00e9m vale para a Comunidade Internacional, que est\u00e1 se envolvendo naquele conflito: n\u00e3o se poupem esfor\u00e7os para promover, sem demora, iniciativas claras pela paz na S\u00edria, em vista do bem da popula\u00e7\u00e3o daquele pa\u00eds. As numerosas v\u00edtimas ido conflito e os refugiados em pa\u00edses vizinhos precisam da solidariedade concreta e de ajuda humanit\u00e1ria. A guerra civil na S\u00edria, como tantas outras guerras esquecidas, em v\u00e1rias partes do mundo, requerem um novo sistema de rela\u00e7\u00f5es de conviv\u00eancia entre os povos, baseado no respeito profundo \u00e0 dignidade humana, na justi\u00e7a e no amor.<\/p>\n<p>O papa Francisco tamb\u00e9m lembra \u201caos homens e mulheres de boa vontade\u201d, aos adeptos das religi\u00f5es, especialmente aos membros da Igreja Cat\u00f3lica, que a paz \u00e9 um compromisso de todos. E dirige seu convite a todos, para serem promotores da cultura do encontro e do di\u00e1logo: \u00e9 o \u00fanico caminho para a paz. Por fim, convocou toda a Igreja e convidou as  pessoas n\u00e3o-cat\u00f3licas a fazerem no dia 7 de setembro, um dia de ora\u00e7\u00e3o e de jejum pela S\u00edria.<\/p>\n<p><em>Cardeal Odilo Pedro Scherer<\/em><br \/>\n<em>Arcebispo de S\u00e3o Paulo<\/em><br \/>\n<em><a title=\"@DomOdiloScherer\" href=\"http:\/\/twitter.com\/DomOdiloScherer\" target=\"_blank\">@DomOdiloScherer<\/a><\/p>\n<div id=\"themify_builder_content-22841\" data-postid=\"22841\" class=\"themify_builder_content themify_builder_content-22841 themify_builder themify_builder_front\">\n\t<\/div>\n<!-- \/themify_builder_content -->","protected":false},"excerpt":{"rendered":"<p>O conflito na S\u00edria est\u00e1 cada vez pior. Mais de um ano de guerra civil j\u00e1 produziu um grande n\u00famero de v\u00edtimas entre civis, de destrui\u00e7\u00e3o e de feridas na complexa comunidade siriana. Enormes recursos econ\u00f4micos e energias humanas ali gastos poderiam ter sido bem melhor aplicadas em projetos de paz e de bem-estar social&#8230; [&hellip;]<\/p>\n","protected":false},"author":5,"featured_media":0,"comment_status":"open","ping_status":"open","sticky":false,"template":"","format":"standard","meta":{"ngg_post_thumbnail":0,"footnotes":""},"categories":[9],"tags":[1540,177,2433,167,2604,20],"yoast_head":"<!-- This site is optimized with the Yoast SEO plugin v23.5 - https:\/\/yoast.com\/wordpress\/plugins\/seo\/ -->\n<title>S\u00edria: guerra e paz - O Arcanjo no ar<\/title>\n<meta name=\"robots\" content=\"index, follow, max-snippet:-1, max-image-preview:large, max-video-preview:-1\" \/>\n<link rel=\"canonical\" href=\"https:\/\/www.oarcanjo.net\/site\/siria-guerra-e-paz\/\" \/>\n<meta property=\"og:locale\" content=\"pt_BR\" \/>\n<meta property=\"og:type\" content=\"article\" \/>\n<meta property=\"og:title\" content=\"S\u00edria: guerra e paz - O Arcanjo no ar\" \/>\n<meta property=\"og:description\" content=\"O conflito na S\u00edria est\u00e1 cada vez pior. Mais de um ano de guerra civil j\u00e1 produziu um grande n\u00famero de v\u00edtimas entre civis, de destrui\u00e7\u00e3o e de feridas na complexa comunidade siriana. Enormes recursos econ\u00f4micos e energias humanas ali gastos poderiam ter sido bem melhor aplicadas em projetos de paz e de bem-estar social&#8230; [&hellip;]\" \/>\n<meta property=\"og:url\" content=\"https:\/\/www.oarcanjo.net\/site\/siria-guerra-e-paz\/\" \/>\n<meta property=\"og:site_name\" content=\"O Arcanjo no ar\" \/>\n<meta property=\"article:publisher\" content=\"https:\/\/www.facebook.com\/OArcanjoNoAr\/\" \/>\n<meta property=\"article:published_time\" content=\"2013-09-02T16:56:43+00:00\" \/>\n<meta property=\"article:modified_time\" content=\"2013-09-02T16:57:27+00:00\" \/>\n<meta property=\"og:image\" content=\"https:\/\/www.oarcanjo.net\/site\/wp-content\/uploads\/logo-o-arcanjo-no-ar-facebook.png\" \/>\n\t<meta property=\"og:image:width\" content=\"300\" \/>\n\t<meta property=\"og:image:height\" content=\"300\" \/>\n\t<meta property=\"og:image:type\" content=\"image\/png\" \/>\n<meta name=\"author\" content=\"editor\" \/>\n<meta name=\"twitter:card\" content=\"summary_large_image\" \/>\n<meta name=\"twitter:label1\" content=\"Escrito por\" \/>\n\t<meta name=\"twitter:data1\" content=\"editor\" \/>\n\t<meta name=\"twitter:label2\" content=\"Est. tempo de leitura\" \/>\n\t<meta name=\"twitter:data2\" content=\"3 minutos\" \/>\n<script type=\"application\/ld+json\" class=\"yoast-schema-graph\">{\"@context\":\"https:\/\/schema.org\",\"@graph\":[{\"@type\":\"Article\",\"@id\":\"https:\/\/www.oarcanjo.net\/site\/siria-guerra-e-paz\/#article\",\"isPartOf\":{\"@id\":\"https:\/\/www.oarcanjo.net\/site\/siria-guerra-e-paz\/\"},\"author\":{\"name\":\"editor\",\"@id\":\"https:\/\/www.oarcanjo.net\/site\/#\/schema\/person\/f7024d007863202483a31326673a0838\"},\"headline\":\"S\u00edria: guerra e paz\",\"datePublished\":\"2013-09-02T16:56:43+00:00\",\"dateModified\":\"2013-09-02T16:57:27+00:00\",\"mainEntityOfPage\":{\"@id\":\"https:\/\/www.oarcanjo.net\/site\/siria-guerra-e-paz\/\"},\"wordCount\":699,\"commentCount\":0,\"publisher\":{\"@id\":\"https:\/\/www.oarcanjo.net\/site\/#organization\"},\"keywords\":[\"conflito\",\"guerra\",\"Papa Francisco\",\"paz\",\"S\u00edria\",\"viol\u00eancia\"],\"articleSection\":[\"Reflex\u00f5es\"],\"inLanguage\":\"pt-BR\",\"potentialAction\":[{\"@type\":\"CommentAction\",\"name\":\"Comment\",\"target\":[\"https:\/\/www.oarcanjo.net\/site\/siria-guerra-e-paz\/#respond\"]}]},{\"@type\":\"WebPage\",\"@id\":\"https:\/\/www.oarcanjo.net\/site\/siria-guerra-e-paz\/\",\"url\":\"https:\/\/www.oarcanjo.net\/site\/siria-guerra-e-paz\/\",\"name\":\"S\u00edria: guerra e paz - O Arcanjo no ar\",\"isPartOf\":{\"@id\":\"https:\/\/www.oarcanjo.net\/site\/#website\"},\"datePublished\":\"2013-09-02T16:56:43+00:00\",\"dateModified\":\"2013-09-02T16:57:27+00:00\",\"breadcrumb\":{\"@id\":\"https:\/\/www.oarcanjo.net\/site\/siria-guerra-e-paz\/#breadcrumb\"},\"inLanguage\":\"pt-BR\",\"potentialAction\":[{\"@type\":\"ReadAction\",\"target\":[\"https:\/\/www.oarcanjo.net\/site\/siria-guerra-e-paz\/\"]}]},{\"@type\":\"BreadcrumbList\",\"@id\":\"https:\/\/www.oarcanjo.net\/site\/siria-guerra-e-paz\/#breadcrumb\",\"itemListElement\":[{\"@type\":\"ListItem\",\"position\":1,\"name\":\"In\u00edcio\",\"item\":\"https:\/\/www.oarcanjo.net\/site\/\"},{\"@type\":\"ListItem\",\"position\":2,\"name\":\"S\u00edria: guerra e paz\"}]},{\"@type\":\"WebSite\",\"@id\":\"https:\/\/www.oarcanjo.net\/site\/#website\",\"url\":\"https:\/\/www.oarcanjo.net\/site\/\",\"name\":\"O Arcanjo no ar\",\"description\":\"Site da Par\u00f3quia S\u00e3o Miguel Arcanjo (Arquidiocese de SP)\",\"publisher\":{\"@id\":\"https:\/\/www.oarcanjo.net\/site\/#organization\"},\"potentialAction\":[{\"@type\":\"SearchAction\",\"target\":{\"@type\":\"EntryPoint\",\"urlTemplate\":\"https:\/\/www.oarcanjo.net\/site\/?s={search_term_string}\"},\"query-input\":{\"@type\":\"PropertyValueSpecification\",\"valueRequired\":true,\"valueName\":\"search_term_string\"}}],\"inLanguage\":\"pt-BR\"},{\"@type\":\"Organization\",\"@id\":\"https:\/\/www.oarcanjo.net\/site\/#organization\",\"name\":\"Par\u00f3quia S\u00e3o Miguel Arcanjo\",\"url\":\"https:\/\/www.oarcanjo.net\/site\/\",\"logo\":{\"@type\":\"ImageObject\",\"inLanguage\":\"pt-BR\",\"@id\":\"https:\/\/www.oarcanjo.net\/site\/#\/schema\/logo\/image\/\",\"url\":\"https:\/\/www.oarcanjo.net\/site\/wp-content\/uploads\/LogoOArcanjo.png\",\"contentUrl\":\"https:\/\/www.oarcanjo.net\/site\/wp-content\/uploads\/LogoOArcanjo.png\",\"width\":319,\"height\":99,\"caption\":\"Par\u00f3quia S\u00e3o Miguel Arcanjo\"},\"image\":{\"@id\":\"https:\/\/www.oarcanjo.net\/site\/#\/schema\/logo\/image\/\"},\"sameAs\":[\"https:\/\/www.facebook.com\/OArcanjoNoAr\/\"]},{\"@type\":\"Person\",\"@id\":\"https:\/\/www.oarcanjo.net\/site\/#\/schema\/person\/f7024d007863202483a31326673a0838\",\"name\":\"editor\",\"sameAs\":[\"http:\/\/www.oarcanjo.net\"]}]}<\/script>\n<!-- \/ Yoast SEO plugin. -->","yoast_head_json":{"title":"S\u00edria: guerra e paz - O Arcanjo no ar","robots":{"index":"index","follow":"follow","max-snippet":"max-snippet:-1","max-image-preview":"max-image-preview:large","max-video-preview":"max-video-preview:-1"},"canonical":"https:\/\/www.oarcanjo.net\/site\/siria-guerra-e-paz\/","og_locale":"pt_BR","og_type":"article","og_title":"S\u00edria: guerra e paz - O Arcanjo no ar","og_description":"O conflito na S\u00edria est\u00e1 cada vez pior. Mais de um ano de guerra civil j\u00e1 produziu um grande n\u00famero de v\u00edtimas entre civis, de destrui\u00e7\u00e3o e de feridas na complexa comunidade siriana. Enormes recursos econ\u00f4micos e energias humanas ali gastos poderiam ter sido bem melhor aplicadas em projetos de paz e de bem-estar social&#8230; [&hellip;]","og_url":"https:\/\/www.oarcanjo.net\/site\/siria-guerra-e-paz\/","og_site_name":"O Arcanjo no ar","article_publisher":"https:\/\/www.facebook.com\/OArcanjoNoAr\/","article_published_time":"2013-09-02T16:56:43+00:00","article_modified_time":"2013-09-02T16:57:27+00:00","og_image":[{"width":300,"height":300,"url":"https:\/\/www.oarcanjo.net\/site\/wp-content\/uploads\/logo-o-arcanjo-no-ar-facebook.png","type":"image\/png"}],"author":"editor","twitter_card":"summary_large_image","twitter_misc":{"Escrito por":"editor","Est. tempo de leitura":"3 minutos"},"schema":{"@context":"https:\/\/schema.org","@graph":[{"@type":"Article","@id":"https:\/\/www.oarcanjo.net\/site\/siria-guerra-e-paz\/#article","isPartOf":{"@id":"https:\/\/www.oarcanjo.net\/site\/siria-guerra-e-paz\/"},"author":{"name":"editor","@id":"https:\/\/www.oarcanjo.net\/site\/#\/schema\/person\/f7024d007863202483a31326673a0838"},"headline":"S\u00edria: guerra e paz","datePublished":"2013-09-02T16:56:43+00:00","dateModified":"2013-09-02T16:57:27+00:00","mainEntityOfPage":{"@id":"https:\/\/www.oarcanjo.net\/site\/siria-guerra-e-paz\/"},"wordCount":699,"commentCount":0,"publisher":{"@id":"https:\/\/www.oarcanjo.net\/site\/#organization"},"keywords":["conflito","guerra","Papa Francisco","paz","S\u00edria","viol\u00eancia"],"articleSection":["Reflex\u00f5es"],"inLanguage":"pt-BR","potentialAction":[{"@type":"CommentAction","name":"Comment","target":["https:\/\/www.oarcanjo.net\/site\/siria-guerra-e-paz\/#respond"]}]},{"@type":"WebPage","@id":"https:\/\/www.oarcanjo.net\/site\/siria-guerra-e-paz\/","url":"https:\/\/www.oarcanjo.net\/site\/siria-guerra-e-paz\/","name":"S\u00edria: guerra e paz - O Arcanjo no ar","isPartOf":{"@id":"https:\/\/www.oarcanjo.net\/site\/#website"},"datePublished":"2013-09-02T16:56:43+00:00","dateModified":"2013-09-02T16:57:27+00:00","breadcrumb":{"@id":"https:\/\/www.oarcanjo.net\/site\/siria-guerra-e-paz\/#breadcrumb"},"inLanguage":"pt-BR","potentialAction":[{"@type":"ReadAction","target":["https:\/\/www.oarcanjo.net\/site\/siria-guerra-e-paz\/"]}]},{"@type":"BreadcrumbList","@id":"https:\/\/www.oarcanjo.net\/site\/siria-guerra-e-paz\/#breadcrumb","itemListElement":[{"@type":"ListItem","position":1,"name":"In\u00edcio","item":"https:\/\/www.oarcanjo.net\/site\/"},{"@type":"ListItem","position":2,"name":"S\u00edria: guerra e paz"}]},{"@type":"WebSite","@id":"https:\/\/www.oarcanjo.net\/site\/#website","url":"https:\/\/www.oarcanjo.net\/site\/","name":"O Arcanjo no ar","description":"Site da Par\u00f3quia S\u00e3o Miguel Arcanjo (Arquidiocese de SP)","publisher":{"@id":"https:\/\/www.oarcanjo.net\/site\/#organization"},"potentialAction":[{"@type":"SearchAction","target":{"@type":"EntryPoint","urlTemplate":"https:\/\/www.oarcanjo.net\/site\/?s={search_term_string}"},"query-input":{"@type":"PropertyValueSpecification","valueRequired":true,"valueName":"search_term_string"}}],"inLanguage":"pt-BR"},{"@type":"Organization","@id":"https:\/\/www.oarcanjo.net\/site\/#organization","name":"Par\u00f3quia S\u00e3o Miguel Arcanjo","url":"https:\/\/www.oarcanjo.net\/site\/","logo":{"@type":"ImageObject","inLanguage":"pt-BR","@id":"https:\/\/www.oarcanjo.net\/site\/#\/schema\/logo\/image\/","url":"https:\/\/www.oarcanjo.net\/site\/wp-content\/uploads\/LogoOArcanjo.png","contentUrl":"https:\/\/www.oarcanjo.net\/site\/wp-content\/uploads\/LogoOArcanjo.png","width":319,"height":99,"caption":"Par\u00f3quia S\u00e3o Miguel Arcanjo"},"image":{"@id":"https:\/\/www.oarcanjo.net\/site\/#\/schema\/logo\/image\/"},"sameAs":["https:\/\/www.facebook.com\/OArcanjoNoAr\/"]},{"@type":"Person","@id":"https:\/\/www.oarcanjo.net\/site\/#\/schema\/person\/f7024d007863202483a31326673a0838","name":"editor","sameAs":["http:\/\/www.oarcanjo.net"]}]}},"publishpress_future_action":{"enabled":false,"date":"2026-05-09 03:09:58","action":"category","newStatus":"draft","terms":[],"taxonomy":"category"},"publishpress_future_workflow_manual_trigger":{"enabledWorkflows":[]},"_links":{"self":[{"href":"https:\/\/www.oarcanjo.net\/site\/wp-json\/wp\/v2\/posts\/22841"}],"collection":[{"href":"https:\/\/www.oarcanjo.net\/site\/wp-json\/wp\/v2\/posts"}],"about":[{"href":"https:\/\/www.oarcanjo.net\/site\/wp-json\/wp\/v2\/types\/post"}],"author":[{"embeddable":true,"href":"https:\/\/www.oarcanjo.net\/site\/wp-json\/wp\/v2\/users\/5"}],"replies":[{"embeddable":true,"href":"https:\/\/www.oarcanjo.net\/site\/wp-json\/wp\/v2\/comments?post=22841"}],"version-history":[{"count":0,"href":"https:\/\/www.oarcanjo.net\/site\/wp-json\/wp\/v2\/posts\/22841\/revisions"}],"wp:attachment":[{"href":"https:\/\/www.oarcanjo.net\/site\/wp-json\/wp\/v2\/media?parent=22841"}],"wp:term":[{"taxonomy":"category","embeddable":true,"href":"https:\/\/www.oarcanjo.net\/site\/wp-json\/wp\/v2\/categories?post=22841"},{"taxonomy":"post_tag","embeddable":true,"href":"https:\/\/www.oarcanjo.net\/site\/wp-json\/wp\/v2\/tags?post=22841"}],"curies":[{"name":"wp","href":"https:\/\/api.w.org\/{rel}","templated":true}]}}