
{"id":22850,"date":"2013-09-02T11:57:25","date_gmt":"2013-09-02T14:57:25","guid":{"rendered":"http:\/\/www.oarcanjo.net\/site\/?p=22850"},"modified":"2013-09-02T14:12:07","modified_gmt":"2013-09-02T17:12:07","slug":"cnbb-promove-em-brasilia-a-5-semana-social-brasileira-e-debate-o-estado-que-temos-e-o-estado-que-queremos","status":"publish","type":"post","link":"https:\/\/www.oarcanjo.net\/site\/cnbb-promove-em-brasilia-a-5-semana-social-brasileira-e-debate-o-estado-que-temos-e-o-estado-que-queremos\/","title":{"rendered":"CNBB promove em Bras\u00edlia a 5\u00aa Semana Social Brasileira e debate &#8220;O Estado que temos e o Estado que queremos&#8221;"},"content":{"rendered":"<p>A Comiss\u00e3o Episcopal Pastoral para o Servi\u00e7o da Caridade, da Justi\u00e7a e Paz da CNBB, em parceria com movimentos sociais, promove em Bras\u00edlia (DF), de 2 e 5 de setembro de 2013, o semin\u00e1rio que marca o encerramento da 5\u00aa Semana Social Brasileira (SSB). O evento ser\u00e1 realizado no Centro Cultural de Bras\u00edlia e debater\u00e1 \u201cO Estado que temos e o Estado que queremos\u201d. A abertura, na tarde desta segunda-feira, 2 de setembro, \u00e0s 15 horas, contar\u00e1 com a presen\u00e7a do presidente da Confer\u00eancia, cardeal Raymundo Damasceno Assis.<\/p>\n<p>A SSB \u00e9 uma mobiliza\u00e7\u00e3o da sociedade a partir das comunidades eclesiais, dos movimentos sociais, das pastorais e dos organismos para uma reflex\u00e3o cr\u00edtica das estruturas do Estado. Nesta edi\u00e7\u00e3o, a Semana prop\u00f5e um refor\u00e7o aos mecanismos de controle do Estado, mediante a amplia\u00e7\u00e3o e universaliza\u00e7\u00e3o da democracia participativa e direta, para al\u00e9m da democracia representativa.<\/p>\n<p>A mobiliza\u00e7\u00e3o \u00e9 realizada no Brasil desde o final da d\u00e9cada de 1990. A tem\u00e1tica desta edi\u00e7\u00e3o foi motivada pelas constantes den\u00fancias de corrup\u00e7\u00e3o de agentes do Estado brasileiro. Em mar\u00e7o de 2010, a CNBB, como uma forma de contribuir com o debate cr\u00edtico sobre a situa\u00e7\u00e3o, publicou o documento \u201cPor uma reforma do Estado com participa\u00e7\u00e3o\u201d. Desde ent\u00e3o, as pastorais sociais decidiram promover a 5\u00aa SSB para aprofundar o debate sobre o Estado. Em abril de 2011, a Assembleia Geral dos Bispos do Brasil aprovou, por unanimidade, a realiza\u00e7\u00e3o da 5\u00aa SSB. No semin\u00e1rio, que tem in\u00edcio hoje em Bras\u00edlia, ser\u00e3o expostos os resultados da reflex\u00f5es feitas nos Regionais desde 2011.<\/p>\n<p>A seguir, a \u00edntegra da programa\u00e7\u00e3o do evento.<\/p>\n<p><strong>02\/09 &#8211; segunda<br \/>\n<\/strong><br \/>\n15h \u2013 Mesa de abertura. Presen\u00e7as:<br \/>\nCardeal Raymundo Damasceno Assis &#8211; Arcebispo de Aparecida (SP) e presidente da CNBB<br \/>\nDom Guilherme Werlang &#8211; Bispo de Ipameri (GO) e presidente da Comiss\u00e3o Episcopal Pastoral para o Servi\u00e7o da Caridade, da Justi\u00e7a e da Paz da CNBB<br \/>\nRepresentantes dos Regionais<br \/>\n16h \u2013 Reuni\u00e3o dos Regionais.<br \/>\n17h \u2013 Celebra\u00e7\u00e3o de abertura.<br \/>\n19h \u2013 Jantar.<br \/>\n19h45 \u2013 Filme sobre as manifesta\u00e7\u00f5es de junho.<br \/>\n21h \u2013 Lan\u00e7amento dos livros: Hait\u00ed, Quilombolas, Presen\u00e7a p\u00fablica da igreja; Livro do CEBI.<br \/>\n21h45 \u2013 Caminhada celebrativa com as lamparinas.<\/p>\n<p><strong>03\/09 \u2013 ter\u00e7a<\/strong><\/p>\n<p>9h \u2013 In\u00edcio dos trabalhos: Primeira rodada de socializa\u00e7\u00e3o, em forma de testemunhos, a partir dos impactados pelo Estado que temos e fila do povo.<br \/>\nPrimeira mesa \u2013 Impactados pelo Estado que temos<br \/>\n1- Comit\u00ea popular da copa<br \/>\n2- Representantes dos povos tradicionais (quilombolas, ind\u00edgenas  e pescadores)<br \/>\n3- MONADES (atingidos pelas mudan\u00e7as s\u00f3cio ambientais)<br \/>\n4- Movimento dos Atingidos pelas Atividades Mineradoras <\/p>\n<p>11h \u2013 Segunda mesa de debates &#8211; Impactados pelo Estado que temos<br \/>\n1 \u2013 Educa\u00e7\u00e3o (F\u00f3rum nacional da educa\u00e7\u00e3o ou UNE ou CNTE)<br \/>\n2 \u2013 Sa\u00fade (Pastoral da Sa\u00fade)<br \/>\n3 \u2013 Transporte (Movimento passe livre)<br \/>\n4 \u2013 Trabalho (Pastoral Oper\u00e1ria)<br \/>\n5 \u2013 Juventude (Levante Popular da Juventude)<br \/>\n6 \u2013 D\u00edvida P\u00fablica (Jubileu)<br \/>\n7 \u2013 Quest\u00e3o Agr\u00e1ria <\/p>\n<p><strong>12h30 \u2013 Almo\u00e7o.<\/strong><\/p>\n<p>14h \u2013 Debate sobre a Reforma Pol\u00edtica (na sede da CNBB)<br \/>\n&#8211; Lan\u00e7amento da Coaliz\u00e3o democr\u00e1tica pela Reforma Pol\u00edtica e Elei\u00e7\u00f5es Limpas.<\/p>\n<p>17h \u2013 Composi\u00e7\u00e3o da mesa e continuidade do debate sobre a Reforma Pol\u00edtica (no CCB)<br \/>\n18h \u2013 Momento celebrativo<br \/>\n19h \u2013 Jantar<br \/>\n19h30 \u2013 Cine-f\u00f3rum \u201cO ano em que meus pais sa\u00edram de f\u00e9rias\u201d. Lan\u00e7ar a campanha pela Reforma Pol\u00edtica reunindo as entidades da sociedade civil para pressionar o Congresso Nacional.<\/p>\n<p><strong>04\/09 \u2013 quarta-feira<\/strong><\/p>\n<p>9h15 \u2013 Oficinas.<br \/>\n1\u00aa oficina \u2013 Estado e Direitos sociais (educa\u00e7\u00e3o, sa\u00fade)<br \/>\n2\u00aa oficina \u2013 Estado e Meio ambiente<br \/>\n3\u00aa oficina \u2013 Estado e Reforma urbana<br \/>\n4\u00aa oficina \u2013 Estado e Trabalho<br \/>\n5\u00aa oficina \u2013 Estado e Meios de comunica\u00e7\u00e3o<br \/>\n6\u00aa oficina \u2013 Estado, D\u00edvida P\u00fablica e Reforma tributaria<br \/>\n7\u00aa oficina \u2013 Estado e Juventudes<br \/>\n8\u00aa oficina \u2013 Estado e Sociedade Civil (Marco regulat\u00f3rio)<br \/>\n9\u00aa oficina \u2013 Estado e Territ\u00f3rios (comunidades tradicionais)<br \/>\n10\u00aa oficina \u2013 Estado e Viol\u00eancia<br \/>\n11\u00aa oficina \u2013 Estado e Direitos Humanos<\/p>\n<p><strong>11h \u2013 Oficinas<\/strong><br \/>\nPlen\u00e1ria das oficinas (cada oficina apresentar\u00e1 a proposta de tr\u00eas compromissos que, oportunamente, ser\u00e3o votados e assumidos com compromisso da 5\u00aa SSB).<\/p>\n<p><strong>12h30 \u2013 Almo\u00e7o<\/strong><\/p>\n<p><strong>14h15 \u2013 Plen\u00e1ria das oficinas<\/strong><\/p>\n<p>18h \u2013 Celebra\u00e7\u00e3o eucar\u00edstica<\/p>\n<p>19h \u2013 Jantar e Noite cultural<\/p>\n<p>05\/09 &#8211; Quinta-feira<\/p>\n<p>9h \u2013 Orienta\u00e7\u00e3o da coordena\u00e7\u00e3o.<br \/>\nTrabalhos em grupos por Regional.<\/p>\n<p>12h30 \u2013 Almo\u00e7o<\/p>\n<p>14h15 \u2013 Leitura e aprova\u00e7\u00e3o da carta compromisso da 5\u00aa SSB e avalia\u00e7\u00e3o<\/p>\n<p>15h \u2013 Celebra\u00e7\u00e3o de envio.<\/p>\n<p><em>Fonte: CNBB<\/em><\/p>\n<div id=\"themify_builder_content-22850\" data-postid=\"22850\" class=\"themify_builder_content themify_builder_content-22850 themify_builder themify_builder_front\">\n\t<\/div>\n<!-- \/themify_builder_content -->","protected":false},"excerpt":{"rendered":"<p>A Comiss\u00e3o Episcopal Pastoral para o Servi\u00e7o da Caridade, da Justi\u00e7a e Paz da CNBB, em parceria com movimentos sociais, promove em Bras\u00edlia (DF), de 2 e 5 de setembro de 2013, o semin\u00e1rio que marca o encerramento da 5\u00aa Semana Social Brasileira (SSB). O evento ser\u00e1 realizado no Centro Cultural de Bras\u00edlia e debater\u00e1 [&hellip;]<\/p>\n","protected":false},"author":5,"featured_media":0,"comment_status":"open","ping_status":"open","sticky":false,"template":"","format":"standard","meta":{"ngg_post_thumbnail":0,"footnotes":""},"categories":[8],"tags":[2483,63,2484,2607,2606],"yoast_head":"<!-- This site is optimized with the Yoast SEO plugin v23.5 - https:\/\/yoast.com\/wordpress\/plugins\/seo\/ -->\n<title>CNBB promove em Bras\u00edlia a 5\u00aa Semana Social Brasileira e debate &quot;O Estado que temos e o Estado que queremos&quot; - O Arcanjo no ar<\/title>\n<meta name=\"robots\" content=\"index, follow, max-snippet:-1, max-image-preview:large, max-video-preview:-1\" \/>\n<link rel=\"canonical\" href=\"https:\/\/www.oarcanjo.net\/site\/cnbb-promove-em-brasilia-a-5-semana-social-brasileira-e-debate-o-estado-que-temos-e-o-estado-que-queremos\/\" \/>\n<meta property=\"og:locale\" content=\"pt_BR\" \/>\n<meta property=\"og:type\" content=\"article\" \/>\n<meta property=\"og:title\" content=\"CNBB promove em Bras\u00edlia a 5\u00aa Semana Social Brasileira e debate &quot;O Estado que temos e o Estado que queremos&quot; - O Arcanjo no ar\" \/>\n<meta property=\"og:description\" content=\"A Comiss\u00e3o Episcopal Pastoral para o Servi\u00e7o da Caridade, da Justi\u00e7a e Paz da CNBB, em parceria com movimentos sociais, promove em Bras\u00edlia (DF), de 2 e 5 de setembro de 2013, o semin\u00e1rio que marca o encerramento da 5\u00aa Semana Social Brasileira (SSB). O evento ser\u00e1 realizado no Centro Cultural de Bras\u00edlia e debater\u00e1 [&hellip;]\" \/>\n<meta property=\"og:url\" content=\"https:\/\/www.oarcanjo.net\/site\/cnbb-promove-em-brasilia-a-5-semana-social-brasileira-e-debate-o-estado-que-temos-e-o-estado-que-queremos\/\" \/>\n<meta property=\"og:site_name\" content=\"O Arcanjo no ar\" \/>\n<meta property=\"article:publisher\" content=\"https:\/\/www.facebook.com\/OArcanjoNoAr\/\" \/>\n<meta property=\"article:published_time\" content=\"2013-09-02T14:57:25+00:00\" \/>\n<meta property=\"article:modified_time\" content=\"2013-09-02T17:12:07+00:00\" \/>\n<meta property=\"og:image\" content=\"https:\/\/www.oarcanjo.net\/site\/wp-content\/uploads\/logo-o-arcanjo-no-ar-facebook.png\" \/>\n\t<meta property=\"og:image:width\" content=\"300\" \/>\n\t<meta property=\"og:image:height\" content=\"300\" \/>\n\t<meta property=\"og:image:type\" content=\"image\/png\" \/>\n<meta name=\"author\" content=\"editor\" \/>\n<meta name=\"twitter:card\" content=\"summary_large_image\" \/>\n<meta name=\"twitter:label1\" content=\"Escrito por\" \/>\n\t<meta name=\"twitter:data1\" content=\"editor\" \/>\n\t<meta name=\"twitter:label2\" content=\"Est. tempo de leitura\" \/>\n\t<meta name=\"twitter:data2\" content=\"4 minutos\" \/>\n<script type=\"application\/ld+json\" class=\"yoast-schema-graph\">{\"@context\":\"https:\/\/schema.org\",\"@graph\":[{\"@type\":\"Article\",\"@id\":\"https:\/\/www.oarcanjo.net\/site\/cnbb-promove-em-brasilia-a-5-semana-social-brasileira-e-debate-o-estado-que-temos-e-o-estado-que-queremos\/#article\",\"isPartOf\":{\"@id\":\"https:\/\/www.oarcanjo.net\/site\/cnbb-promove-em-brasilia-a-5-semana-social-brasileira-e-debate-o-estado-que-temos-e-o-estado-que-queremos\/\"},\"author\":{\"name\":\"editor\",\"@id\":\"https:\/\/www.oarcanjo.net\/site\/#\/schema\/person\/f7024d007863202483a31326673a0838\"},\"headline\":\"CNBB promove em Bras\u00edlia a 5\u00aa Semana Social Brasileira e debate &#8220;O Estado que temos e o Estado que queremos&#8221;\",\"datePublished\":\"2013-09-02T14:57:25+00:00\",\"dateModified\":\"2013-09-02T17:12:07+00:00\",\"mainEntityOfPage\":{\"@id\":\"https:\/\/www.oarcanjo.net\/site\/cnbb-promove-em-brasilia-a-5-semana-social-brasileira-e-debate-o-estado-que-temos-e-o-estado-que-queremos\/\"},\"wordCount\":752,\"commentCount\":0,\"publisher\":{\"@id\":\"https:\/\/www.oarcanjo.net\/site\/#organization\"},\"keywords\":[\"5\u00aa Semana Social Brasileira\",\"CNBB\",\"Comiss\u00e3o Episcopal Pastoral para o Servi\u00e7o da Caridade\",\"da Justi\u00e7a e Paz\",\"O Estado que temos e o Estado que queremos\"],\"articleSection\":[\"Not\u00edcias\"],\"inLanguage\":\"pt-BR\",\"potentialAction\":[{\"@type\":\"CommentAction\",\"name\":\"Comment\",\"target\":[\"https:\/\/www.oarcanjo.net\/site\/cnbb-promove-em-brasilia-a-5-semana-social-brasileira-e-debate-o-estado-que-temos-e-o-estado-que-queremos\/#respond\"]}]},{\"@type\":\"WebPage\",\"@id\":\"https:\/\/www.oarcanjo.net\/site\/cnbb-promove-em-brasilia-a-5-semana-social-brasileira-e-debate-o-estado-que-temos-e-o-estado-que-queremos\/\",\"url\":\"https:\/\/www.oarcanjo.net\/site\/cnbb-promove-em-brasilia-a-5-semana-social-brasileira-e-debate-o-estado-que-temos-e-o-estado-que-queremos\/\",\"name\":\"CNBB promove em Bras\u00edlia a 5\u00aa Semana Social Brasileira e debate \\\"O Estado que temos e o Estado que queremos\\\" - O Arcanjo no ar\",\"isPartOf\":{\"@id\":\"https:\/\/www.oarcanjo.net\/site\/#website\"},\"datePublished\":\"2013-09-02T14:57:25+00:00\",\"dateModified\":\"2013-09-02T17:12:07+00:00\",\"breadcrumb\":{\"@id\":\"https:\/\/www.oarcanjo.net\/site\/cnbb-promove-em-brasilia-a-5-semana-social-brasileira-e-debate-o-estado-que-temos-e-o-estado-que-queremos\/#breadcrumb\"},\"inLanguage\":\"pt-BR\",\"potentialAction\":[{\"@type\":\"ReadAction\",\"target\":[\"https:\/\/www.oarcanjo.net\/site\/cnbb-promove-em-brasilia-a-5-semana-social-brasileira-e-debate-o-estado-que-temos-e-o-estado-que-queremos\/\"]}]},{\"@type\":\"BreadcrumbList\",\"@id\":\"https:\/\/www.oarcanjo.net\/site\/cnbb-promove-em-brasilia-a-5-semana-social-brasileira-e-debate-o-estado-que-temos-e-o-estado-que-queremos\/#breadcrumb\",\"itemListElement\":[{\"@type\":\"ListItem\",\"position\":1,\"name\":\"In\u00edcio\",\"item\":\"https:\/\/www.oarcanjo.net\/site\/\"},{\"@type\":\"ListItem\",\"position\":2,\"name\":\"CNBB promove em Bras\u00edlia a 5\u00aa Semana Social Brasileira e debate &#8220;O Estado que temos e o Estado que queremos&#8221;\"}]},{\"@type\":\"WebSite\",\"@id\":\"https:\/\/www.oarcanjo.net\/site\/#website\",\"url\":\"https:\/\/www.oarcanjo.net\/site\/\",\"name\":\"O Arcanjo no ar\",\"description\":\"Site da Par\u00f3quia S\u00e3o Miguel Arcanjo (Arquidiocese de SP)\",\"publisher\":{\"@id\":\"https:\/\/www.oarcanjo.net\/site\/#organization\"},\"potentialAction\":[{\"@type\":\"SearchAction\",\"target\":{\"@type\":\"EntryPoint\",\"urlTemplate\":\"https:\/\/www.oarcanjo.net\/site\/?s={search_term_string}\"},\"query-input\":{\"@type\":\"PropertyValueSpecification\",\"valueRequired\":true,\"valueName\":\"search_term_string\"}}],\"inLanguage\":\"pt-BR\"},{\"@type\":\"Organization\",\"@id\":\"https:\/\/www.oarcanjo.net\/site\/#organization\",\"name\":\"Par\u00f3quia S\u00e3o Miguel Arcanjo\",\"url\":\"https:\/\/www.oarcanjo.net\/site\/\",\"logo\":{\"@type\":\"ImageObject\",\"inLanguage\":\"pt-BR\",\"@id\":\"https:\/\/www.oarcanjo.net\/site\/#\/schema\/logo\/image\/\",\"url\":\"https:\/\/www.oarcanjo.net\/site\/wp-content\/uploads\/LogoOArcanjo.png\",\"contentUrl\":\"https:\/\/www.oarcanjo.net\/site\/wp-content\/uploads\/LogoOArcanjo.png\",\"width\":319,\"height\":99,\"caption\":\"Par\u00f3quia S\u00e3o Miguel Arcanjo\"},\"image\":{\"@id\":\"https:\/\/www.oarcanjo.net\/site\/#\/schema\/logo\/image\/\"},\"sameAs\":[\"https:\/\/www.facebook.com\/OArcanjoNoAr\/\"]},{\"@type\":\"Person\",\"@id\":\"https:\/\/www.oarcanjo.net\/site\/#\/schema\/person\/f7024d007863202483a31326673a0838\",\"name\":\"editor\",\"sameAs\":[\"http:\/\/www.oarcanjo.net\"]}]}<\/script>\n<!-- \/ Yoast SEO plugin. -->","yoast_head_json":{"title":"CNBB promove em Bras\u00edlia a 5\u00aa Semana Social Brasileira e debate \"O Estado que temos e o Estado que queremos\" - O Arcanjo no ar","robots":{"index":"index","follow":"follow","max-snippet":"max-snippet:-1","max-image-preview":"max-image-preview:large","max-video-preview":"max-video-preview:-1"},"canonical":"https:\/\/www.oarcanjo.net\/site\/cnbb-promove-em-brasilia-a-5-semana-social-brasileira-e-debate-o-estado-que-temos-e-o-estado-que-queremos\/","og_locale":"pt_BR","og_type":"article","og_title":"CNBB promove em Bras\u00edlia a 5\u00aa Semana Social Brasileira e debate \"O Estado que temos e o Estado que queremos\" - O Arcanjo no ar","og_description":"A Comiss\u00e3o Episcopal Pastoral para o Servi\u00e7o da Caridade, da Justi\u00e7a e Paz da CNBB, em parceria com movimentos sociais, promove em Bras\u00edlia (DF), de 2 e 5 de setembro de 2013, o semin\u00e1rio que marca o encerramento da 5\u00aa Semana Social Brasileira (SSB). O evento ser\u00e1 realizado no Centro Cultural de Bras\u00edlia e debater\u00e1 [&hellip;]","og_url":"https:\/\/www.oarcanjo.net\/site\/cnbb-promove-em-brasilia-a-5-semana-social-brasileira-e-debate-o-estado-que-temos-e-o-estado-que-queremos\/","og_site_name":"O Arcanjo no ar","article_publisher":"https:\/\/www.facebook.com\/OArcanjoNoAr\/","article_published_time":"2013-09-02T14:57:25+00:00","article_modified_time":"2013-09-02T17:12:07+00:00","og_image":[{"width":300,"height":300,"url":"https:\/\/www.oarcanjo.net\/site\/wp-content\/uploads\/logo-o-arcanjo-no-ar-facebook.png","type":"image\/png"}],"author":"editor","twitter_card":"summary_large_image","twitter_misc":{"Escrito por":"editor","Est. tempo de leitura":"4 minutos"},"schema":{"@context":"https:\/\/schema.org","@graph":[{"@type":"Article","@id":"https:\/\/www.oarcanjo.net\/site\/cnbb-promove-em-brasilia-a-5-semana-social-brasileira-e-debate-o-estado-que-temos-e-o-estado-que-queremos\/#article","isPartOf":{"@id":"https:\/\/www.oarcanjo.net\/site\/cnbb-promove-em-brasilia-a-5-semana-social-brasileira-e-debate-o-estado-que-temos-e-o-estado-que-queremos\/"},"author":{"name":"editor","@id":"https:\/\/www.oarcanjo.net\/site\/#\/schema\/person\/f7024d007863202483a31326673a0838"},"headline":"CNBB promove em Bras\u00edlia a 5\u00aa Semana Social Brasileira e debate &#8220;O Estado que temos e o Estado que queremos&#8221;","datePublished":"2013-09-02T14:57:25+00:00","dateModified":"2013-09-02T17:12:07+00:00","mainEntityOfPage":{"@id":"https:\/\/www.oarcanjo.net\/site\/cnbb-promove-em-brasilia-a-5-semana-social-brasileira-e-debate-o-estado-que-temos-e-o-estado-que-queremos\/"},"wordCount":752,"commentCount":0,"publisher":{"@id":"https:\/\/www.oarcanjo.net\/site\/#organization"},"keywords":["5\u00aa Semana Social Brasileira","CNBB","Comiss\u00e3o Episcopal Pastoral para o Servi\u00e7o da Caridade","da Justi\u00e7a e Paz","O Estado que temos e o Estado que queremos"],"articleSection":["Not\u00edcias"],"inLanguage":"pt-BR","potentialAction":[{"@type":"CommentAction","name":"Comment","target":["https:\/\/www.oarcanjo.net\/site\/cnbb-promove-em-brasilia-a-5-semana-social-brasileira-e-debate-o-estado-que-temos-e-o-estado-que-queremos\/#respond"]}]},{"@type":"WebPage","@id":"https:\/\/www.oarcanjo.net\/site\/cnbb-promove-em-brasilia-a-5-semana-social-brasileira-e-debate-o-estado-que-temos-e-o-estado-que-queremos\/","url":"https:\/\/www.oarcanjo.net\/site\/cnbb-promove-em-brasilia-a-5-semana-social-brasileira-e-debate-o-estado-que-temos-e-o-estado-que-queremos\/","name":"CNBB promove em Bras\u00edlia a 5\u00aa Semana Social Brasileira e debate \"O Estado que temos e o Estado que queremos\" - O Arcanjo no ar","isPartOf":{"@id":"https:\/\/www.oarcanjo.net\/site\/#website"},"datePublished":"2013-09-02T14:57:25+00:00","dateModified":"2013-09-02T17:12:07+00:00","breadcrumb":{"@id":"https:\/\/www.oarcanjo.net\/site\/cnbb-promove-em-brasilia-a-5-semana-social-brasileira-e-debate-o-estado-que-temos-e-o-estado-que-queremos\/#breadcrumb"},"inLanguage":"pt-BR","potentialAction":[{"@type":"ReadAction","target":["https:\/\/www.oarcanjo.net\/site\/cnbb-promove-em-brasilia-a-5-semana-social-brasileira-e-debate-o-estado-que-temos-e-o-estado-que-queremos\/"]}]},{"@type":"BreadcrumbList","@id":"https:\/\/www.oarcanjo.net\/site\/cnbb-promove-em-brasilia-a-5-semana-social-brasileira-e-debate-o-estado-que-temos-e-o-estado-que-queremos\/#breadcrumb","itemListElement":[{"@type":"ListItem","position":1,"name":"In\u00edcio","item":"https:\/\/www.oarcanjo.net\/site\/"},{"@type":"ListItem","position":2,"name":"CNBB promove em Bras\u00edlia a 5\u00aa Semana Social Brasileira e debate &#8220;O Estado que temos e o Estado que queremos&#8221;"}]},{"@type":"WebSite","@id":"https:\/\/www.oarcanjo.net\/site\/#website","url":"https:\/\/www.oarcanjo.net\/site\/","name":"O Arcanjo no ar","description":"Site da Par\u00f3quia S\u00e3o Miguel Arcanjo (Arquidiocese de SP)","publisher":{"@id":"https:\/\/www.oarcanjo.net\/site\/#organization"},"potentialAction":[{"@type":"SearchAction","target":{"@type":"EntryPoint","urlTemplate":"https:\/\/www.oarcanjo.net\/site\/?s={search_term_string}"},"query-input":{"@type":"PropertyValueSpecification","valueRequired":true,"valueName":"search_term_string"}}],"inLanguage":"pt-BR"},{"@type":"Organization","@id":"https:\/\/www.oarcanjo.net\/site\/#organization","name":"Par\u00f3quia S\u00e3o Miguel Arcanjo","url":"https:\/\/www.oarcanjo.net\/site\/","logo":{"@type":"ImageObject","inLanguage":"pt-BR","@id":"https:\/\/www.oarcanjo.net\/site\/#\/schema\/logo\/image\/","url":"https:\/\/www.oarcanjo.net\/site\/wp-content\/uploads\/LogoOArcanjo.png","contentUrl":"https:\/\/www.oarcanjo.net\/site\/wp-content\/uploads\/LogoOArcanjo.png","width":319,"height":99,"caption":"Par\u00f3quia S\u00e3o Miguel Arcanjo"},"image":{"@id":"https:\/\/www.oarcanjo.net\/site\/#\/schema\/logo\/image\/"},"sameAs":["https:\/\/www.facebook.com\/OArcanjoNoAr\/"]},{"@type":"Person","@id":"https:\/\/www.oarcanjo.net\/site\/#\/schema\/person\/f7024d007863202483a31326673a0838","name":"editor","sameAs":["http:\/\/www.oarcanjo.net"]}]}},"publishpress_future_action":{"enabled":false,"date":"2026-05-08 22:46:49","action":"category","newStatus":"draft","terms":[],"taxonomy":"category"},"publishpress_future_workflow_manual_trigger":{"enabledWorkflows":[]},"_links":{"self":[{"href":"https:\/\/www.oarcanjo.net\/site\/wp-json\/wp\/v2\/posts\/22850"}],"collection":[{"href":"https:\/\/www.oarcanjo.net\/site\/wp-json\/wp\/v2\/posts"}],"about":[{"href":"https:\/\/www.oarcanjo.net\/site\/wp-json\/wp\/v2\/types\/post"}],"author":[{"embeddable":true,"href":"https:\/\/www.oarcanjo.net\/site\/wp-json\/wp\/v2\/users\/5"}],"replies":[{"embeddable":true,"href":"https:\/\/www.oarcanjo.net\/site\/wp-json\/wp\/v2\/comments?post=22850"}],"version-history":[{"count":0,"href":"https:\/\/www.oarcanjo.net\/site\/wp-json\/wp\/v2\/posts\/22850\/revisions"}],"wp:attachment":[{"href":"https:\/\/www.oarcanjo.net\/site\/wp-json\/wp\/v2\/media?parent=22850"}],"wp:term":[{"taxonomy":"category","embeddable":true,"href":"https:\/\/www.oarcanjo.net\/site\/wp-json\/wp\/v2\/categories?post=22850"},{"taxonomy":"post_tag","embeddable":true,"href":"https:\/\/www.oarcanjo.net\/site\/wp-json\/wp\/v2\/tags?post=22850"}],"curies":[{"name":"wp","href":"https:\/\/api.w.org\/{rel}","templated":true}]}}